{"id":58662,"date":"2026-03-12T22:39:02","date_gmt":"2026-03-12T22:39:02","guid":{"rendered":"http:\/\/d78ce476-1dbc-11f1-9432-211099c93249"},"modified":"2026-03-12T22:39:02","modified_gmt":"2026-03-12T22:39:02","slug":"afganistan-talibanes-legalizan-la-violencia-contra-la-mujer","status":"publish","type":"post","link":"https:\/\/sarmiento24h.com\/?p=58662","title":{"rendered":"Afganist\u00e1n: talibanes legalizan la violencia contra la mujer"},"content":{"rendered":"<div class=\"m-master-tag\">\n<p> <span class=\"a-section-color\"><\/span> Asia-Pac\u00edfico <\/p>\n<\/p><\/div>\n<div class=\"t-content__main-media\" data-media-video-7f7086df-a00c-4d31-997c-0076c751d361 data-wrapper-video-player data-show-hidden-video-player=\"7F7086DF-A00C-4D31-997C-0076C751D361\" data-autoplay-video-link data-youtube-script>\n<div class=\"o-em-consent \" readability=\"7\">\n<div class=\"o-em-consent__content\" readability=\"9\">\n<p class=\"o-em-consent__content__text\">Para mostrar este contenido de YouTube, debe autorizar las cookies de medici\u00f3n de audiencia y publicidad.<\/p>\n<p> <button class=\"a-master-button a-master-button--dark\" data-action=\"accept\"> Aceptar <svg class=\"a-svg a-svg--icon-check\"> <use xlink:href=\"\/build\/images\/svg\/sprite.b40b36296c69043225a16a3a5b1a0ad9.svg#icon-check\" href=\"\/build\/images\/svg\/sprite.b40b36296c69043225a16a3a5b1a0ad9.svg#icon-check\" \/> <\/svg> <\/button> <button class=\"a-link\" data-action=\"manage\">Gestionar mis opciones<i class=\"a-svg a-svg--icon-edit\"><\/i><\/button> <\/div>\n<\/div>\n<div class=\"o-em-adblock\" data-adblock-content readability=\"7\">\n<div class=\"o-em-adblock__content\" readability=\"9\">\n<p class=\"o-em-adblock__content__text\">Una extensi\u00f3n de tu navegador parece estar bloqueando la carga del reproductor de video. Para poder ver este contenido, debes desactivarla en este sitio.<\/p>\n<p> <button class=\"a-master-button a-master-button--dark\" data-action=\"reload\">Reintentar<\/button> <\/div>\n<\/div>\n<figure class=\"m-item-image m-item-image--16x9 m-item-image--has-caption\"> <picture class=\"a-picture a-picture--16x9\"><source type=\"image\/webp\" srcset=\"https:\/\/s.france24.com\/media\/display\/cf308e5c-d764-11f0-9185-005056bfb2b6\/w:388\/p:16x9\/AP32499277442.webp 388w, https:\/\/s.france24.com\/media\/display\/cf308e5c-d764-11f0-9185-005056bfb2b6\/w:720\/p:16x9\/AP32499277442.webp 720w, https:\/\/s.france24.com\/media\/display\/cf308e5c-d764-11f0-9185-005056bfb2b6\/w:1024\/p:16x9\/AP32499277442.webp 1024w\" sizes=\"(max-width: 1076px) 100vw, 1012px\"><img fetchpriority=\"high\" decoding=\"auto\" src=\"https:\/\/sarmiento24h.com\/wp-content\/uploads\/2026\/03\/afganistan-talibanes-legalizan-la-violencia-contra-la-mujer.jpg\" srcset=\"https:\/\/sarmiento24h.com\/wp-content\/uploads\/2026\/03\/afganistan-talibanes-legalizan-la-violencia-contra-la-mujer-1.jpg 388w, https:\/\/sarmiento24h.com\/wp-content\/uploads\/2026\/03\/afganistan-talibanes-legalizan-la-violencia-contra-la-mujer-2.jpg 720w, https:\/\/sarmiento24h.com\/wp-content\/uploads\/2026\/03\/afganistan-talibanes-legalizan-la-violencia-contra-la-mujer.jpg 1024w\" sizes=\"(max-width: 1076px) 100vw, 1012px\" width=\"1024\" height=\"576\" alt=\"Sur cette photo dat\u00e9e du 11 avril 2023, une Afghane regarde \u00e0 travers la fente de sa burqa alors qu'elle attend pour essayer une nouvelle burqa dans un magasin de la vieille ville de Kaboul.\" loading=\"eager\" class=\"a-img \">\n<\/picture><figcaption class=\"a-figcaption\"> <span>Sur cette photo dat\u00e9e du 11 avril 2023, une Afghane regarde \u00e0 travers la fente de sa burqa alors qu&#8217;elle attend pour essayer une nouvelle burqa dans un magasin de la vieille ville de Kaboul, en Afghanistan.<\/span> <span>\u00a9 Anja Niedringhaus, AP<\/span> <\/figcaption><\/figure>\n<\/p><\/div>\n<div class=\"t-content__metadata\" readability=\"6\">\n<div class=\"t-content__dates\" readability=\"7\">\n<p class=\"m-pub-dates\"><span class=\"m-pub-dates__date\">Primera modificaci\u00f3n: <time datetime=\"2026-03-12T22:29:21+00:00\" pubdate=\"pubdate\">12\/03\/2026 &#8211; 23:29<\/time><\/span><\/p>\n<\/p><\/div>\n<p> <svg class=\"a-svg a-svg--icon-replay\"> <use xlink:href=\"\/build\/images\/svg\/sprite.b40b36296c69043225a16a3a5b1a0ad9.svg#icon-replay\" href=\"\/build\/images\/svg\/sprite.b40b36296c69043225a16a3a5b1a0ad9.svg#icon-replay\" \/> <\/svg> 13:48 min <\/p>\n<\/p><\/div>\n<div class=\"t-content__page-cta\">\n<div class=\"a-audio-player-btn a-audio-player-btn--skeleton a-audio-player-btn--cta\" data-root-audio-player-button data-short-lived-vue-app data-site-nav-close> <play-media v-bind:current-media=\"mediaId\" v-bind:is-player-playing=\"isPlayerPlaying\" media-id=\"7F7086DF-A00C-4D31-997C-0076C751D361\" v-on:emitted-click=\"playOrPause\" class=\"a-picto-play-pause a-master-button a-master-button--dark\" play-class=\"a-picto-play-pause--play\" pause-class=\"a-picto-play-pause--pause\" play-title pause-title page-url :smaller-icons=\"false\" :add-editions-automatically=\"false\" :is-live=\"false\" data-label> <template> <span class=\"a-audio-player-btn__label\">Escuchar (13:48 min) <\/span> <\/template> <span class=\"a-svg a-svg--icon-audio\"> <\/span> <template> <span class=\"a-svg a-svg--icon-pause\"> <\/span> <\/template> <\/play-media> <\/div>\n<\/p><\/div>\n<p> <a href=\"https:\/\/www.france24.com\/es\/programas\/as%C3%AD-es-asia\/\" class=\"t-content__program m-program\"> <\/p>\n<p>Viene del show<\/p>\n<p> <svg class=\"a-svg a-svg--icon-caret-right a-svg--rotate-minus-90\"> <use xlink:href=\"\/build\/images\/svg\/sprite.b40b36296c69043225a16a3a5b1a0ad9.svg#icon-caret-down\" href=\"\/build\/images\/svg\/sprite.b40b36296c69043225a16a3a5b1a0ad9.svg#icon-caret-down\" \/> <\/svg> <picture class=\"a-picture a-picture--original\"> <img fetchpriority=\"low\" decoding=\"async\" src=\"https:\/\/s.france24.com\/media\/display\/bef28d4a-1008-11ee-a731-005056a90321\/ES-asi-es-asia.svg\" srcset=\"https:\/\/s.france24.com\/media\/display\/bef28d4a-1008-11ee-a731-005056a90321\/ES-asi-es-asia.svg\" alt=\"As\u00ed es Asia\" loading=\"lazy\" class=\"a-img a-img--svg\">\n<\/picture> <\/a> <\/p>\n<p> <svg class=\"a-svg a-svg--icon-clock\"> <use xlink:href=\"\/build\/images\/svg\/sprite.b40b36296c69043225a16a3a5b1a0ad9.svg#icon-clock\" href=\"\/build\/images\/svg\/sprite.b40b36296c69043225a16a3a5b1a0ad9.svg#icon-clock\" \/> <\/svg> <span class=\"t-content__reading-time__label\">Tiempo de lectura<\/span> 1 min<\/p>\n<p class=\"t-content__chapo\"> Indignaci\u00f3n en Afganist\u00e1n por el c\u00f3digo penal aprobado por el Gobierno talib\u00e1n que legaliza la violencia contra la mujer. El proyecto aprobado sin ning\u00fan tipo de discusi\u00f3n considera el maltrato como disciplina social y prevenci\u00f3n del \u201cvicio\u201d. Las mujeres pasan a ser propiedad de un amo, al punto que, si una mujer golpeada resulta gravemente herida, el hombre solo pagar\u00e1 15 d\u00edas de c\u00e1rcel, pero si maltrata a un camello pasar\u00e1 cinco meses tras las rejas. Nadia Ghulam analiza el tema. <\/p>\n<div class=\"t-content__authors t-content__authors--multiple\">\n<div class=\"m-from-author\"> <span class=\"m-from-author__by-label\"> Por: <\/span> <\/p>\n<div class=\"m-author m-author--small m-author--has-image\">\n<div class=\"m-author__image\"> <picture class=\"a-picture a-picture--1x1\"><source type=\"image\/webp\" srcset=\"https:\/\/s.france24.com\/media\/display\/88de3c52-e78b-11ef-a2e9-005056bf30b7\/w:177\/p:1x1\/logo_france24_RVB-circlesafe.webp 177w, https:\/\/s.france24.com\/media\/display\/88de3c52-e78b-11ef-a2e9-005056bf30b7\/w:388\/p:1x1\/logo_france24_RVB-circlesafe.webp 388w\" sizes=\"(max-width: 639px) 100px, 170px\"><img fetchpriority=\"low\" decoding=\"async\" src=\"https:\/\/sarmiento24h.com\/wp-content\/uploads\/2026\/03\/afganistan-talibanes-legalizan-la-violencia-contra-la-mujer.png\" srcset=\"https:\/\/sarmiento24h.com\/wp-content\/uploads\/2026\/03\/afganistan-talibanes-legalizan-la-violencia-contra-la-mujer-2.png 177w, https:\/\/sarmiento24h.com\/wp-content\/uploads\/2026\/03\/afganistan-talibanes-legalizan-la-violencia-contra-la-mujer.png 388w\" sizes=\"auto, (max-width: 639px) 100px, 170px\" width=\"388\" height=\"388\" alt=\"Logo de France 24\" loading=\"lazy\" class=\"a-img \">\n<\/picture> <\/div>\n<\/p><\/div>\n<\/p><\/div>\n<div class=\"m-from-author\"> <span class=\"m-from-author__by-label\"> V\u00eddeo por: <\/span> <\/p>\n<div class=\"m-author m-author--small m-author--has-image\">\n<div class=\"m-author__image\"> <picture class=\"a-picture a-picture--1x1\"><source type=\"image\/webp\" srcset=\"https:\/\/s.france24.com\/media\/display\/87d0e624-fd2a-11f0-a43f-005056a90284\/w:177\/p:1x1\/Captura-de-pantalla-2026-01-29-a-la-s-10-51-59.webp 177w, https:\/\/s.france24.com\/media\/display\/87d0e624-fd2a-11f0-a43f-005056a90284\/w:388\/p:1x1\/Captura-de-pantalla-2026-01-29-a-la-s-10-51-59.webp 388w\" sizes=\"(max-width: 639px) 100px, 170px\"><img fetchpriority=\"low\" decoding=\"async\" src=\"https:\/\/sarmiento24h.com\/wp-content\/uploads\/2026\/03\/afganistan-talibanes-legalizan-la-violencia-contra-la-mujer-1.png\" srcset=\"https:\/\/sarmiento24h.com\/wp-content\/uploads\/2026\/03\/afganistan-talibanes-legalizan-la-violencia-contra-la-mujer-3.png 177w, https:\/\/sarmiento24h.com\/wp-content\/uploads\/2026\/03\/afganistan-talibanes-legalizan-la-violencia-contra-la-mujer-1.png 388w\" sizes=\"auto, (max-width: 639px) 100px, 170px\" width=\"388\" height=\"388\" alt=\"Paula Jim\u00e9nez Correa.\" loading=\"lazy\" class=\"a-img \">\n<\/picture> <\/div>\n<\/p><\/div>\n<\/p><\/div>\n<\/p><\/div>\n","protected":false},"excerpt":{"rendered":"<p>Asia-Pac\u00edfico Para mostrar este contenido de YouTube,&#46;&#46;&#46;<\/p>\n","protected":false},"author":1,"featured_media":58663,"comment_status":"closed","ping_status":"closed","sticky":false,"template":"","format":"standard","meta":{"_jetpack_memberships_contains_paid_content":false,"footnotes":"","jetpack_publicize_message":"","jetpack_publicize_feature_enabled":true,"jetpack_social_post_already_shared":true,"jetpack_social_options":{"image_generator_settings":{"template":"highway","default_image_id":0,"font":"","enabled":false},"version":2}},"categories":[43],"tags":[],"class_list":["post-58662","post","type-post","status-publish","format-standard","has-post-thumbnail","hentry","category-internacionales"],"yoast_head":"<!-- This site is optimized with the Yoast SEO plugin v27.3 - https:\/\/yoast.com\/product\/yoast-seo-wordpress\/ -->\n<title>Afganist\u00e1n: talibanes legalizan la violencia contra la mujer - Sarmiento24h<\/title>\n<meta name=\"robots\" content=\"index, follow, max-snippet:-1, max-image-preview:large, max-video-preview:-1\" \/>\n<link rel=\"canonical\" href=\"https:\/\/sarmiento24h.com\/?p=58662\" \/>\n<meta property=\"og:locale\" content=\"es_ES\" \/>\n<meta property=\"og:type\" content=\"article\" \/>\n<meta property=\"og:title\" content=\"Afganist\u00e1n: talibanes legalizan la violencia contra la mujer - Sarmiento24h\" \/>\n<meta property=\"og:description\" content=\"Asia-Pac\u00edfico Para mostrar este contenido de YouTube,&#046;&#046;&#046;\" \/>\n<meta property=\"og:url\" content=\"https:\/\/sarmiento24h.com\/?p=58662\" \/>\n<meta property=\"og:site_name\" content=\"Sarmiento24h\" \/>\n<meta property=\"article:publisher\" content=\"https:\/\/facebook.com\/s24hnoticias\" \/>\n<meta property=\"article:published_time\" content=\"2026-03-12T22:39:02+00:00\" \/>\n<meta property=\"og:image\" content=\"https:\/\/sarmiento24h.com\/wp-content\/uploads\/2026\/03\/afganistan-talibanes-legalizan-la-violencia-contra-la-mujer.jpg\" \/>\n\t<meta property=\"og:image:width\" content=\"1024\" \/>\n\t<meta property=\"og:image:height\" content=\"576\" \/>\n\t<meta property=\"og:image:type\" content=\"image\/jpeg\" \/>\n<meta name=\"author\" content=\"sarmiento24h@gmail.com\" \/>\n<meta name=\"twitter:card\" content=\"summary_large_image\" \/>\n<meta name=\"twitter:creator\" content=\"@sarmiento24h\" \/>\n<meta name=\"twitter:site\" content=\"@sarmiento24h\" \/>\n<meta name=\"twitter:label1\" content=\"Escrito por\" \/>\n\t<meta name=\"twitter:data1\" content=\"sarmiento24h@gmail.com\" \/>\n\t<meta name=\"twitter:label2\" content=\"Tiempo de lectura\" \/>\n\t<meta name=\"twitter:data2\" content=\"1 minuto\" \/>\n<script type=\"application\/ld+json\" class=\"yoast-schema-graph\">{\"@context\":\"https:\\\/\\\/schema.org\",\"@graph\":[{\"@type\":\"Article\",\"@id\":\"https:\\\/\\\/sarmiento24h.com\\\/?p=58662#article\",\"isPartOf\":{\"@id\":\"https:\\\/\\\/sarmiento24h.com\\\/?p=58662\"},\"author\":{\"name\":\"sarmiento24h@gmail.com\",\"@id\":\"https:\\\/\\\/sarmiento24h.com\\\/#\\\/schema\\\/person\\\/d653a59725ad629a7e0429af7b939d4d\"},\"headline\":\"Afganist\u00e1n: talibanes legalizan la violencia contra la mujer\",\"datePublished\":\"2026-03-12T22:39:02+00:00\",\"mainEntityOfPage\":{\"@id\":\"https:\\\/\\\/sarmiento24h.com\\\/?p=58662\"},\"wordCount\":204,\"publisher\":{\"@id\":\"https:\\\/\\\/sarmiento24h.com\\\/#organization\"},\"image\":{\"@id\":\"https:\\\/\\\/sarmiento24h.com\\\/?p=58662#primaryimage\"},\"thumbnailUrl\":\"https:\\\/\\\/sarmiento24h.com\\\/wp-content\\\/uploads\\\/2026\\\/03\\\/afganistan-talibanes-legalizan-la-violencia-contra-la-mujer.jpg\",\"articleSection\":[\"Internacionales\"],\"inLanguage\":\"es\"},{\"@type\":\"WebPage\",\"@id\":\"https:\\\/\\\/sarmiento24h.com\\\/?p=58662\",\"url\":\"https:\\\/\\\/sarmiento24h.com\\\/?p=58662\",\"name\":\"Afganist\u00e1n: talibanes legalizan la violencia contra la mujer - Sarmiento24h\",\"isPartOf\":{\"@id\":\"https:\\\/\\\/sarmiento24h.com\\\/#website\"},\"primaryImageOfPage\":{\"@id\":\"https:\\\/\\\/sarmiento24h.com\\\/?p=58662#primaryimage\"},\"image\":{\"@id\":\"https:\\\/\\\/sarmiento24h.com\\\/?p=58662#primaryimage\"},\"thumbnailUrl\":\"https:\\\/\\\/sarmiento24h.com\\\/wp-content\\\/uploads\\\/2026\\\/03\\\/afganistan-talibanes-legalizan-la-violencia-contra-la-mujer.jpg\",\"datePublished\":\"2026-03-12T22:39:02+00:00\",\"breadcrumb\":{\"@id\":\"https:\\\/\\\/sarmiento24h.com\\\/?p=58662#breadcrumb\"},\"inLanguage\":\"es\",\"potentialAction\":[{\"@type\":\"ReadAction\",\"target\":[\"https:\\\/\\\/sarmiento24h.com\\\/?p=58662\"]}]},{\"@type\":\"ImageObject\",\"inLanguage\":\"es\",\"@id\":\"https:\\\/\\\/sarmiento24h.com\\\/?p=58662#primaryimage\",\"url\":\"https:\\\/\\\/sarmiento24h.com\\\/wp-content\\\/uploads\\\/2026\\\/03\\\/afganistan-talibanes-legalizan-la-violencia-contra-la-mujer.jpg\",\"contentUrl\":\"https:\\\/\\\/sarmiento24h.com\\\/wp-content\\\/uploads\\\/2026\\\/03\\\/afganistan-talibanes-legalizan-la-violencia-contra-la-mujer.jpg\",\"width\":1024,\"height\":576},{\"@type\":\"BreadcrumbList\",\"@id\":\"https:\\\/\\\/sarmiento24h.com\\\/?p=58662#breadcrumb\",\"itemListElement\":[{\"@type\":\"ListItem\",\"position\":1,\"name\":\"Home\",\"item\":\"https:\\\/\\\/sarmiento24h.com\\\/\"},{\"@type\":\"ListItem\",\"position\":2,\"name\":\"Afganist\u00e1n: talibanes legalizan la violencia contra la mujer\"}]},{\"@type\":\"WebSite\",\"@id\":\"https:\\\/\\\/sarmiento24h.com\\\/#website\",\"url\":\"https:\\\/\\\/sarmiento24h.com\\\/\",\"name\":\"Sarmiento24h\",\"description\":\"\",\"publisher\":{\"@id\":\"https:\\\/\\\/sarmiento24h.com\\\/#organization\"},\"potentialAction\":[{\"@type\":\"SearchAction\",\"target\":{\"@type\":\"EntryPoint\",\"urlTemplate\":\"https:\\\/\\\/sarmiento24h.com\\\/?s={search_term_string}\"},\"query-input\":{\"@type\":\"PropertyValueSpecification\",\"valueRequired\":true,\"valueName\":\"search_term_string\"}}],\"inLanguage\":\"es\"},{\"@type\":\"Organization\",\"@id\":\"https:\\\/\\\/sarmiento24h.com\\\/#organization\",\"name\":\"Sarmiento24h\",\"url\":\"https:\\\/\\\/sarmiento24h.com\\\/\",\"logo\":{\"@type\":\"ImageObject\",\"inLanguage\":\"es\",\"@id\":\"https:\\\/\\\/sarmiento24h.com\\\/#\\\/schema\\\/logo\\\/image\\\/\",\"url\":\"https:\\\/\\\/sarmiento24h.com\\\/wp-content\\\/uploads\\\/2025\\\/12\\\/AddText_12-16-10.30.52.jpg\",\"contentUrl\":\"https:\\\/\\\/sarmiento24h.com\\\/wp-content\\\/uploads\\\/2025\\\/12\\\/AddText_12-16-10.30.52.jpg\",\"width\":1220,\"height\":324,\"caption\":\"Sarmiento24h\"},\"image\":{\"@id\":\"https:\\\/\\\/sarmiento24h.com\\\/#\\\/schema\\\/logo\\\/image\\\/\"},\"sameAs\":[\"https:\\\/\\\/facebook.com\\\/s24hnoticias\",\"https:\\\/\\\/x.com\\\/sarmiento24h\"]},{\"@type\":\"Person\",\"@id\":\"https:\\\/\\\/sarmiento24h.com\\\/#\\\/schema\\\/person\\\/d653a59725ad629a7e0429af7b939d4d\",\"name\":\"sarmiento24h@gmail.com\",\"image\":{\"@type\":\"ImageObject\",\"inLanguage\":\"es\",\"@id\":\"https:\\\/\\\/sarmiento24h.com\\\/wp-content\\\/litespeed\\\/avatar\\\/d02cbc4e23c747e6659cd45907173c8f.jpg?ver=1777157796\",\"url\":\"https:\\\/\\\/sarmiento24h.com\\\/wp-content\\\/litespeed\\\/avatar\\\/d02cbc4e23c747e6659cd45907173c8f.jpg?ver=1777157796\",\"contentUrl\":\"https:\\\/\\\/sarmiento24h.com\\\/wp-content\\\/litespeed\\\/avatar\\\/d02cbc4e23c747e6659cd45907173c8f.jpg?ver=1777157796\",\"caption\":\"sarmiento24h@gmail.com\"},\"sameAs\":[\"https:\\\/\\\/sarmiento24h.com\"],\"url\":\"https:\\\/\\\/sarmiento24h.com\\\/?author=1\"}]}<\/script>\n<!-- \/ Yoast SEO plugin. -->","yoast_head_json":{"title":"Afganist\u00e1n: talibanes legalizan la violencia contra la mujer - Sarmiento24h","robots":{"index":"index","follow":"follow","max-snippet":"max-snippet:-1","max-image-preview":"max-image-preview:large","max-video-preview":"max-video-preview:-1"},"canonical":"https:\/\/sarmiento24h.com\/?p=58662","og_locale":"es_ES","og_type":"article","og_title":"Afganist\u00e1n: talibanes legalizan la violencia contra la mujer - Sarmiento24h","og_description":"Asia-Pac\u00edfico Para mostrar este contenido de YouTube,&#46;&#46;&#46;","og_url":"https:\/\/sarmiento24h.com\/?p=58662","og_site_name":"Sarmiento24h","article_publisher":"https:\/\/facebook.com\/s24hnoticias","article_published_time":"2026-03-12T22:39:02+00:00","og_image":[{"width":1024,"height":576,"url":"https:\/\/sarmiento24h.com\/wp-content\/uploads\/2026\/03\/afganistan-talibanes-legalizan-la-violencia-contra-la-mujer.jpg","type":"image\/jpeg"}],"author":"sarmiento24h@gmail.com","twitter_card":"summary_large_image","twitter_creator":"@sarmiento24h","twitter_site":"@sarmiento24h","twitter_misc":{"Escrito por":"sarmiento24h@gmail.com","Tiempo de lectura":"1 minuto"},"schema":{"@context":"https:\/\/schema.org","@graph":[{"@type":"Article","@id":"https:\/\/sarmiento24h.com\/?p=58662#article","isPartOf":{"@id":"https:\/\/sarmiento24h.com\/?p=58662"},"author":{"name":"sarmiento24h@gmail.com","@id":"https:\/\/sarmiento24h.com\/#\/schema\/person\/d653a59725ad629a7e0429af7b939d4d"},"headline":"Afganist\u00e1n: talibanes legalizan la violencia contra la mujer","datePublished":"2026-03-12T22:39:02+00:00","mainEntityOfPage":{"@id":"https:\/\/sarmiento24h.com\/?p=58662"},"wordCount":204,"publisher":{"@id":"https:\/\/sarmiento24h.com\/#organization"},"image":{"@id":"https:\/\/sarmiento24h.com\/?p=58662#primaryimage"},"thumbnailUrl":"https:\/\/sarmiento24h.com\/wp-content\/uploads\/2026\/03\/afganistan-talibanes-legalizan-la-violencia-contra-la-mujer.jpg","articleSection":["Internacionales"],"inLanguage":"es"},{"@type":"WebPage","@id":"https:\/\/sarmiento24h.com\/?p=58662","url":"https:\/\/sarmiento24h.com\/?p=58662","name":"Afganist\u00e1n: talibanes legalizan la violencia contra la mujer - Sarmiento24h","isPartOf":{"@id":"https:\/\/sarmiento24h.com\/#website"},"primaryImageOfPage":{"@id":"https:\/\/sarmiento24h.com\/?p=58662#primaryimage"},"image":{"@id":"https:\/\/sarmiento24h.com\/?p=58662#primaryimage"},"thumbnailUrl":"https:\/\/sarmiento24h.com\/wp-content\/uploads\/2026\/03\/afganistan-talibanes-legalizan-la-violencia-contra-la-mujer.jpg","datePublished":"2026-03-12T22:39:02+00:00","breadcrumb":{"@id":"https:\/\/sarmiento24h.com\/?p=58662#breadcrumb"},"inLanguage":"es","potentialAction":[{"@type":"ReadAction","target":["https:\/\/sarmiento24h.com\/?p=58662"]}]},{"@type":"ImageObject","inLanguage":"es","@id":"https:\/\/sarmiento24h.com\/?p=58662#primaryimage","url":"https:\/\/sarmiento24h.com\/wp-content\/uploads\/2026\/03\/afganistan-talibanes-legalizan-la-violencia-contra-la-mujer.jpg","contentUrl":"https:\/\/sarmiento24h.com\/wp-content\/uploads\/2026\/03\/afganistan-talibanes-legalizan-la-violencia-contra-la-mujer.jpg","width":1024,"height":576},{"@type":"BreadcrumbList","@id":"https:\/\/sarmiento24h.com\/?p=58662#breadcrumb","itemListElement":[{"@type":"ListItem","position":1,"name":"Home","item":"https:\/\/sarmiento24h.com\/"},{"@type":"ListItem","position":2,"name":"Afganist\u00e1n: talibanes legalizan la violencia contra la mujer"}]},{"@type":"WebSite","@id":"https:\/\/sarmiento24h.com\/#website","url":"https:\/\/sarmiento24h.com\/","name":"Sarmiento24h","description":"","publisher":{"@id":"https:\/\/sarmiento24h.com\/#organization"},"potentialAction":[{"@type":"SearchAction","target":{"@type":"EntryPoint","urlTemplate":"https:\/\/sarmiento24h.com\/?s={search_term_string}"},"query-input":{"@type":"PropertyValueSpecification","valueRequired":true,"valueName":"search_term_string"}}],"inLanguage":"es"},{"@type":"Organization","@id":"https:\/\/sarmiento24h.com\/#organization","name":"Sarmiento24h","url":"https:\/\/sarmiento24h.com\/","logo":{"@type":"ImageObject","inLanguage":"es","@id":"https:\/\/sarmiento24h.com\/#\/schema\/logo\/image\/","url":"https:\/\/sarmiento24h.com\/wp-content\/uploads\/2025\/12\/AddText_12-16-10.30.52.jpg","contentUrl":"https:\/\/sarmiento24h.com\/wp-content\/uploads\/2025\/12\/AddText_12-16-10.30.52.jpg","width":1220,"height":324,"caption":"Sarmiento24h"},"image":{"@id":"https:\/\/sarmiento24h.com\/#\/schema\/logo\/image\/"},"sameAs":["https:\/\/facebook.com\/s24hnoticias","https:\/\/x.com\/sarmiento24h"]},{"@type":"Person","@id":"https:\/\/sarmiento24h.com\/#\/schema\/person\/d653a59725ad629a7e0429af7b939d4d","name":"sarmiento24h@gmail.com","image":{"@type":"ImageObject","inLanguage":"es","@id":"https:\/\/sarmiento24h.com\/wp-content\/litespeed\/avatar\/d02cbc4e23c747e6659cd45907173c8f.jpg?ver=1777157796","url":"https:\/\/sarmiento24h.com\/wp-content\/litespeed\/avatar\/d02cbc4e23c747e6659cd45907173c8f.jpg?ver=1777157796","contentUrl":"https:\/\/sarmiento24h.com\/wp-content\/litespeed\/avatar\/d02cbc4e23c747e6659cd45907173c8f.jpg?ver=1777157796","caption":"sarmiento24h@gmail.com"},"sameAs":["https:\/\/sarmiento24h.com"],"url":"https:\/\/sarmiento24h.com\/?author=1"}]}},"jetpack_publicize_connections":[],"jetpack_featured_media_url":"https:\/\/sarmiento24h.com\/wp-content\/uploads\/2026\/03\/afganistan-talibanes-legalizan-la-violencia-contra-la-mujer.jpg","jetpack_sharing_enabled":true,"_links":{"self":[{"href":"https:\/\/sarmiento24h.com\/index.php?rest_route=\/wp\/v2\/posts\/58662","targetHints":{"allow":["GET"]}}],"collection":[{"href":"https:\/\/sarmiento24h.com\/index.php?rest_route=\/wp\/v2\/posts"}],"about":[{"href":"https:\/\/sarmiento24h.com\/index.php?rest_route=\/wp\/v2\/types\/post"}],"author":[{"embeddable":true,"href":"https:\/\/sarmiento24h.com\/index.php?rest_route=\/wp\/v2\/users\/1"}],"replies":[{"embeddable":true,"href":"https:\/\/sarmiento24h.com\/index.php?rest_route=%2Fwp%2Fv2%2Fcomments&post=58662"}],"version-history":[{"count":0,"href":"https:\/\/sarmiento24h.com\/index.php?rest_route=\/wp\/v2\/posts\/58662\/revisions"}],"wp:featuredmedia":[{"embeddable":true,"href":"https:\/\/sarmiento24h.com\/index.php?rest_route=\/wp\/v2\/media\/58663"}],"wp:attachment":[{"href":"https:\/\/sarmiento24h.com\/index.php?rest_route=%2Fwp%2Fv2%2Fmedia&parent=58662"}],"wp:term":[{"taxonomy":"category","embeddable":true,"href":"https:\/\/sarmiento24h.com\/index.php?rest_route=%2Fwp%2Fv2%2Fcategories&post=58662"},{"taxonomy":"post_tag","embeddable":true,"href":"https:\/\/sarmiento24h.com\/index.php?rest_route=%2Fwp%2Fv2%2Ftags&post=58662"}],"curies":[{"name":"wp","href":"https:\/\/api.w.org\/{rel}","templated":true}]}}