{"id":58676,"date":"2026-03-12T23:17:01","date_gmt":"2026-03-12T23:17:01","guid":{"rendered":"http:\/\/24b392c0-1e64-11f1-9481-45de1bdced0e"},"modified":"2026-03-12T23:17:01","modified_gmt":"2026-03-12T23:17:01","slug":"cancelan-la-cita-de-gustavo-petro-y-delcy-rodriguez-en-la-frontera-entre-colombia-y-venezuela","status":"publish","type":"post","link":"https:\/\/sarmiento24h.com\/?p=58676","title":{"rendered":"Cancelan la cita de Gustavo Petro y Delcy Rodr\u00edguez en la frontera entre Colombia y Venezuela"},"content":{"rendered":"<div><img decoding=\"async\" src=\"https:\/\/sarmiento24h.com\/wp-content\/uploads\/2026\/03\/cancelan-la-cita-de-gustavo-petro-y-delcy-rodriguez-en-la-frontera-entre-colombia-y-venezuela.jpg\" class=\"ff-og-image-inserted\"><\/div>\n<p><a href=\"https:\/\/www.france24.com\/es\/tag\/delcy-rodr\u00edguez\/\" target=\"_self\" class=\"gtm-add-suggested-tag\">Delcy Rodr\u00edguez<\/a> y <a href=\"https:\/\/www.france24.com\/es\/tag\/gustavo-petro\/\" target=\"_self\" class=\"gtm-add-suggested-tag\">Gustavo Petro<\/a> ya no se encontrar\u00e1n este 13 de marzo en el puente internacional Atanasio Girardot, tambi\u00e9n conocido como Tienditas, como se hab\u00eda anunciado a principios de semana.<\/p>\n<p>Seg\u00fan versiones de medios colombianos, que citan fuentes del Gobierno de Petro, la reuni\u00f3n fue cancelada a solicitud de <a href=\"https:\/\/www.france24.com\/es\/tag\/venezuela\/\" target=\"_self\" class=\"gtm-add-suggested-tag\">Venezuela<\/a>, aduciendo razones de seguridad.<\/p>\n<p>Ni Miraflores ni la Casa de Nari\u00f1o han hecho comentarios oficiales sobre la decisi\u00f3n, pero la agencia EFE informa que los encargados de log\u00edstica hab\u00edan comenzado a retirar mesas y otros materiales desplegados para la ocasi\u00f3n.<\/p>\n<h2><strong>Debut internacional para Delcy Rodr\u00edguez<\/strong><\/h2>\n<p>El encuentro deb\u00eda marcar la primera visita oficial al exterior por parte de Rodr\u00edguez como presidenta encargada, posici\u00f3n que asumi\u00f3 tras la captura de <a href=\"https:\/\/www.france24.com\/es\/tag\/nicol\u00e1s-maduro\/\" target=\"_self\" class=\"gtm-add-suggested-tag\">Nicol\u00e1s Maduro<\/a> y en la que recientemente fue reconocida de manera por <a href=\"https:\/\/www.france24.com\/es\/tag\/estados-unidos\/\" target=\"_self\" class=\"gtm-add-suggested-tag\">Estados Unidos<\/a>.<\/p>\n<p><a href=\"https:\/\/www.france24.com\/es\/am\u00e9rica-latina\/20260310-tienditas-un-puente-fronterizo-acoger\u00e1-el-encuentro-entre-gustavo-petro-y-delcy-rodr\u00edguez\" target=\"_self\">Se esperaba que abordaran temas de cooperaci\u00f3n energ\u00e9tica y comercial, pero tambi\u00e9n que tocaran la agenda pol\u00edtica y la lucha antidrogas<\/a>, luego de que ambos gobiernos quedaran excluidos de la iniciativa de seguridad hemisf\u00e9rica promovida por el presidente estadounidense Donald Trump, el Escudo de las Am\u00e9ricas.<\/p>\n<p>Tienditas es uno de los cuatro cruces que conectan el departamento del Norte de Santander en Colombia con el estado T\u00e1chira en Venezuela, y hab\u00eda albergado hace tres a\u00f1os un encuentro entre Petro y Maduro.<\/p>\n<h2><strong>Trump al tel\u00e9fono con Petro<\/strong><\/h2>\n<p>La suspensi\u00f3n tuvo lugar minutos despu\u00e9s de que el Gobierno colombiano informara en su cuenta de X sobre una conversaci\u00f3n entre Petro y Trump, en la que \u00abse tocaron temas energ\u00e9ticos, hidrocarburos, temas de seguridad, cultivos il\u00edcitos, erradicaci\u00f3n, trabajo en conjunto por la lucha contra el <a href=\"https:\/\/www.france24.com\/es\/tag\/narcotr\u00e1fico\/\" target=\"_self\" class=\"gtm-add-suggested-tag\">narcotr\u00e1fico<\/a>, la reactivaci\u00f3n econ\u00f3mica en la frontera y otros m\u00e1s\u00bb.<\/p>\n<div id=\"em-WBMZ376915-F24-ES-20260312\" class=\"m-em-flash\" data-xtwitter-script><figcaption class=\"a-figcaption\"> <\/figcaption><div class=\"o-em-consent \" readability=\"7\">\n<div class=\"o-em-consent__content\" readability=\"34\">\n<p class=\"o-em-consent__content__text\">Para mostrar este contenido de X (Twitter), debe autorizar las cookies de medici\u00f3n de audiencia y publicidad.<\/p>\n<p> <button class=\"a-master-button a-master-button--dark\" data-action=\"accept\"> Aceptar <svg class=\"a-svg a-svg--icon-check\"> <use xlink:href=\"\/build\/images\/svg\/sprite.b40b36296c69043225a16a3a5b1a0ad9.svg#icon-check\" href=\"\/build\/images\/svg\/sprite.b40b36296c69043225a16a3a5b1a0ad9.svg#icon-check\" \/> <\/svg> <\/button> <button class=\"a-link\" data-action=\"manage\">Gestionar mis opciones<i class=\"a-svg a-svg--icon-edit\"><\/i><\/button> <\/div>\n<\/div>\n<\/div>\n<p>\u00abAl terminar la llamada, Trump dese\u00f3 suerte al presidente Petro en su reuni\u00f3n con Venezuela\u00bb, agreg\u00f3 la publicaci\u00f3n.<\/p>\n<p>Con EFE<\/p>\n<p>Informaci\u00f3n en desarrollo&#8230;<\/p>\n","protected":false},"excerpt":{"rendered":"<p>Delcy Rodr\u00edguez y Gustavo Petro ya no&#46;&#46;&#46;<\/p>\n","protected":false},"author":1,"featured_media":58677,"comment_status":"closed","ping_status":"closed","sticky":false,"template":"","format":"standard","meta":{"_jetpack_memberships_contains_paid_content":false,"footnotes":"","jetpack_publicize_message":"","jetpack_publicize_feature_enabled":true,"jetpack_social_post_already_shared":true,"jetpack_social_options":{"image_generator_settings":{"template":"highway","default_image_id":0,"font":"","enabled":false},"version":2}},"categories":[43],"tags":[],"class_list":["post-58676","post","type-post","status-publish","format-standard","has-post-thumbnail","hentry","category-internacionales"],"yoast_head":"<!-- This site is optimized with the Yoast SEO plugin v27.3 - https:\/\/yoast.com\/product\/yoast-seo-wordpress\/ -->\n<title>Cancelan la cita de Gustavo Petro y Delcy Rodr\u00edguez en la frontera entre Colombia y Venezuela - Sarmiento24h<\/title>\n<meta name=\"robots\" content=\"index, follow, max-snippet:-1, max-image-preview:large, max-video-preview:-1\" \/>\n<link rel=\"canonical\" href=\"https:\/\/sarmiento24h.com\/?p=58676\" \/>\n<meta property=\"og:locale\" content=\"es_ES\" \/>\n<meta property=\"og:type\" content=\"article\" \/>\n<meta property=\"og:title\" content=\"Cancelan la cita de Gustavo Petro y Delcy Rodr\u00edguez en la frontera entre Colombia y Venezuela - Sarmiento24h\" \/>\n<meta property=\"og:description\" content=\"Delcy Rodr\u00edguez y Gustavo Petro ya no&#046;&#046;&#046;\" \/>\n<meta property=\"og:url\" content=\"https:\/\/sarmiento24h.com\/?p=58676\" \/>\n<meta property=\"og:site_name\" content=\"Sarmiento24h\" \/>\n<meta property=\"article:publisher\" content=\"https:\/\/facebook.com\/s24hnoticias\" \/>\n<meta property=\"article:published_time\" content=\"2026-03-12T23:17:01+00:00\" \/>\n<meta property=\"og:image\" content=\"https:\/\/sarmiento24h.com\/wp-content\/uploads\/2026\/03\/cancelan-la-cita-de-gustavo-petro-y-delcy-rodriguez-en-la-frontera-entre-colombia-y-venezuela.jpg\" \/>\n\t<meta property=\"og:image:width\" content=\"1280\" \/>\n\t<meta property=\"og:image:height\" content=\"720\" \/>\n\t<meta property=\"og:image:type\" content=\"image\/jpeg\" \/>\n<meta name=\"author\" content=\"sarmiento24h@gmail.com\" \/>\n<meta name=\"twitter:card\" content=\"summary_large_image\" \/>\n<meta name=\"twitter:creator\" content=\"@sarmiento24h\" \/>\n<meta name=\"twitter:site\" content=\"@sarmiento24h\" \/>\n<meta name=\"twitter:label1\" content=\"Escrito por\" \/>\n\t<meta name=\"twitter:data1\" content=\"sarmiento24h@gmail.com\" \/>\n\t<meta name=\"twitter:label2\" content=\"Tiempo de lectura\" \/>\n\t<meta name=\"twitter:data2\" content=\"2 minutos\" \/>\n<script type=\"application\/ld+json\" class=\"yoast-schema-graph\">{\"@context\":\"https:\\\/\\\/schema.org\",\"@graph\":[{\"@type\":\"Article\",\"@id\":\"https:\\\/\\\/sarmiento24h.com\\\/?p=58676#article\",\"isPartOf\":{\"@id\":\"https:\\\/\\\/sarmiento24h.com\\\/?p=58676\"},\"author\":{\"name\":\"sarmiento24h@gmail.com\",\"@id\":\"https:\\\/\\\/sarmiento24h.com\\\/#\\\/schema\\\/person\\\/d653a59725ad629a7e0429af7b939d4d\"},\"headline\":\"Cancelan la cita de Gustavo Petro y Delcy Rodr\u00edguez en la frontera entre Colombia y Venezuela\",\"datePublished\":\"2026-03-12T23:17:01+00:00\",\"mainEntityOfPage\":{\"@id\":\"https:\\\/\\\/sarmiento24h.com\\\/?p=58676\"},\"wordCount\":376,\"publisher\":{\"@id\":\"https:\\\/\\\/sarmiento24h.com\\\/#organization\"},\"image\":{\"@id\":\"https:\\\/\\\/sarmiento24h.com\\\/?p=58676#primaryimage\"},\"thumbnailUrl\":\"https:\\\/\\\/sarmiento24h.com\\\/wp-content\\\/uploads\\\/2026\\\/03\\\/cancelan-la-cita-de-gustavo-petro-y-delcy-rodriguez-en-la-frontera-entre-colombia-y-venezuela.jpg\",\"articleSection\":[\"Internacionales\"],\"inLanguage\":\"es\"},{\"@type\":\"WebPage\",\"@id\":\"https:\\\/\\\/sarmiento24h.com\\\/?p=58676\",\"url\":\"https:\\\/\\\/sarmiento24h.com\\\/?p=58676\",\"name\":\"Cancelan la cita de Gustavo Petro y Delcy Rodr\u00edguez en la frontera entre Colombia y Venezuela - Sarmiento24h\",\"isPartOf\":{\"@id\":\"https:\\\/\\\/sarmiento24h.com\\\/#website\"},\"primaryImageOfPage\":{\"@id\":\"https:\\\/\\\/sarmiento24h.com\\\/?p=58676#primaryimage\"},\"image\":{\"@id\":\"https:\\\/\\\/sarmiento24h.com\\\/?p=58676#primaryimage\"},\"thumbnailUrl\":\"https:\\\/\\\/sarmiento24h.com\\\/wp-content\\\/uploads\\\/2026\\\/03\\\/cancelan-la-cita-de-gustavo-petro-y-delcy-rodriguez-en-la-frontera-entre-colombia-y-venezuela.jpg\",\"datePublished\":\"2026-03-12T23:17:01+00:00\",\"breadcrumb\":{\"@id\":\"https:\\\/\\\/sarmiento24h.com\\\/?p=58676#breadcrumb\"},\"inLanguage\":\"es\",\"potentialAction\":[{\"@type\":\"ReadAction\",\"target\":[\"https:\\\/\\\/sarmiento24h.com\\\/?p=58676\"]}]},{\"@type\":\"ImageObject\",\"inLanguage\":\"es\",\"@id\":\"https:\\\/\\\/sarmiento24h.com\\\/?p=58676#primaryimage\",\"url\":\"https:\\\/\\\/sarmiento24h.com\\\/wp-content\\\/uploads\\\/2026\\\/03\\\/cancelan-la-cita-de-gustavo-petro-y-delcy-rodriguez-en-la-frontera-entre-colombia-y-venezuela.jpg\",\"contentUrl\":\"https:\\\/\\\/sarmiento24h.com\\\/wp-content\\\/uploads\\\/2026\\\/03\\\/cancelan-la-cita-de-gustavo-petro-y-delcy-rodriguez-en-la-frontera-entre-colombia-y-venezuela.jpg\",\"width\":1280,\"height\":720},{\"@type\":\"BreadcrumbList\",\"@id\":\"https:\\\/\\\/sarmiento24h.com\\\/?p=58676#breadcrumb\",\"itemListElement\":[{\"@type\":\"ListItem\",\"position\":1,\"name\":\"Home\",\"item\":\"https:\\\/\\\/sarmiento24h.com\\\/\"},{\"@type\":\"ListItem\",\"position\":2,\"name\":\"Cancelan la cita de Gustavo Petro y Delcy Rodr\u00edguez en la frontera entre Colombia y Venezuela\"}]},{\"@type\":\"WebSite\",\"@id\":\"https:\\\/\\\/sarmiento24h.com\\\/#website\",\"url\":\"https:\\\/\\\/sarmiento24h.com\\\/\",\"name\":\"Sarmiento24h\",\"description\":\"\",\"publisher\":{\"@id\":\"https:\\\/\\\/sarmiento24h.com\\\/#organization\"},\"potentialAction\":[{\"@type\":\"SearchAction\",\"target\":{\"@type\":\"EntryPoint\",\"urlTemplate\":\"https:\\\/\\\/sarmiento24h.com\\\/?s={search_term_string}\"},\"query-input\":{\"@type\":\"PropertyValueSpecification\",\"valueRequired\":true,\"valueName\":\"search_term_string\"}}],\"inLanguage\":\"es\"},{\"@type\":\"Organization\",\"@id\":\"https:\\\/\\\/sarmiento24h.com\\\/#organization\",\"name\":\"Sarmiento24h\",\"url\":\"https:\\\/\\\/sarmiento24h.com\\\/\",\"logo\":{\"@type\":\"ImageObject\",\"inLanguage\":\"es\",\"@id\":\"https:\\\/\\\/sarmiento24h.com\\\/#\\\/schema\\\/logo\\\/image\\\/\",\"url\":\"https:\\\/\\\/sarmiento24h.com\\\/wp-content\\\/uploads\\\/2025\\\/12\\\/AddText_12-16-10.30.52.jpg\",\"contentUrl\":\"https:\\\/\\\/sarmiento24h.com\\\/wp-content\\\/uploads\\\/2025\\\/12\\\/AddText_12-16-10.30.52.jpg\",\"width\":1220,\"height\":324,\"caption\":\"Sarmiento24h\"},\"image\":{\"@id\":\"https:\\\/\\\/sarmiento24h.com\\\/#\\\/schema\\\/logo\\\/image\\\/\"},\"sameAs\":[\"https:\\\/\\\/facebook.com\\\/s24hnoticias\",\"https:\\\/\\\/x.com\\\/sarmiento24h\"]},{\"@type\":\"Person\",\"@id\":\"https:\\\/\\\/sarmiento24h.com\\\/#\\\/schema\\\/person\\\/d653a59725ad629a7e0429af7b939d4d\",\"name\":\"sarmiento24h@gmail.com\",\"image\":{\"@type\":\"ImageObject\",\"inLanguage\":\"es\",\"@id\":\"https:\\\/\\\/sarmiento24h.com\\\/wp-content\\\/litespeed\\\/avatar\\\/d02cbc4e23c747e6659cd45907173c8f.jpg?ver=1777157796\",\"url\":\"https:\\\/\\\/sarmiento24h.com\\\/wp-content\\\/litespeed\\\/avatar\\\/d02cbc4e23c747e6659cd45907173c8f.jpg?ver=1777157796\",\"contentUrl\":\"https:\\\/\\\/sarmiento24h.com\\\/wp-content\\\/litespeed\\\/avatar\\\/d02cbc4e23c747e6659cd45907173c8f.jpg?ver=1777157796\",\"caption\":\"sarmiento24h@gmail.com\"},\"sameAs\":[\"https:\\\/\\\/sarmiento24h.com\"],\"url\":\"https:\\\/\\\/sarmiento24h.com\\\/?author=1\"}]}<\/script>\n<!-- \/ Yoast SEO plugin. -->","yoast_head_json":{"title":"Cancelan la cita de Gustavo Petro y Delcy Rodr\u00edguez en la frontera entre Colombia y Venezuela - Sarmiento24h","robots":{"index":"index","follow":"follow","max-snippet":"max-snippet:-1","max-image-preview":"max-image-preview:large","max-video-preview":"max-video-preview:-1"},"canonical":"https:\/\/sarmiento24h.com\/?p=58676","og_locale":"es_ES","og_type":"article","og_title":"Cancelan la cita de Gustavo Petro y Delcy Rodr\u00edguez en la frontera entre Colombia y Venezuela - Sarmiento24h","og_description":"Delcy Rodr\u00edguez y Gustavo Petro ya no&#46;&#46;&#46;","og_url":"https:\/\/sarmiento24h.com\/?p=58676","og_site_name":"Sarmiento24h","article_publisher":"https:\/\/facebook.com\/s24hnoticias","article_published_time":"2026-03-12T23:17:01+00:00","og_image":[{"width":1280,"height":720,"url":"https:\/\/sarmiento24h.com\/wp-content\/uploads\/2026\/03\/cancelan-la-cita-de-gustavo-petro-y-delcy-rodriguez-en-la-frontera-entre-colombia-y-venezuela.jpg","type":"image\/jpeg"}],"author":"sarmiento24h@gmail.com","twitter_card":"summary_large_image","twitter_creator":"@sarmiento24h","twitter_site":"@sarmiento24h","twitter_misc":{"Escrito por":"sarmiento24h@gmail.com","Tiempo de lectura":"2 minutos"},"schema":{"@context":"https:\/\/schema.org","@graph":[{"@type":"Article","@id":"https:\/\/sarmiento24h.com\/?p=58676#article","isPartOf":{"@id":"https:\/\/sarmiento24h.com\/?p=58676"},"author":{"name":"sarmiento24h@gmail.com","@id":"https:\/\/sarmiento24h.com\/#\/schema\/person\/d653a59725ad629a7e0429af7b939d4d"},"headline":"Cancelan la cita de Gustavo Petro y Delcy Rodr\u00edguez en la frontera entre Colombia y Venezuela","datePublished":"2026-03-12T23:17:01+00:00","mainEntityOfPage":{"@id":"https:\/\/sarmiento24h.com\/?p=58676"},"wordCount":376,"publisher":{"@id":"https:\/\/sarmiento24h.com\/#organization"},"image":{"@id":"https:\/\/sarmiento24h.com\/?p=58676#primaryimage"},"thumbnailUrl":"https:\/\/sarmiento24h.com\/wp-content\/uploads\/2026\/03\/cancelan-la-cita-de-gustavo-petro-y-delcy-rodriguez-en-la-frontera-entre-colombia-y-venezuela.jpg","articleSection":["Internacionales"],"inLanguage":"es"},{"@type":"WebPage","@id":"https:\/\/sarmiento24h.com\/?p=58676","url":"https:\/\/sarmiento24h.com\/?p=58676","name":"Cancelan la cita de Gustavo Petro y Delcy Rodr\u00edguez en la frontera entre Colombia y Venezuela - Sarmiento24h","isPartOf":{"@id":"https:\/\/sarmiento24h.com\/#website"},"primaryImageOfPage":{"@id":"https:\/\/sarmiento24h.com\/?p=58676#primaryimage"},"image":{"@id":"https:\/\/sarmiento24h.com\/?p=58676#primaryimage"},"thumbnailUrl":"https:\/\/sarmiento24h.com\/wp-content\/uploads\/2026\/03\/cancelan-la-cita-de-gustavo-petro-y-delcy-rodriguez-en-la-frontera-entre-colombia-y-venezuela.jpg","datePublished":"2026-03-12T23:17:01+00:00","breadcrumb":{"@id":"https:\/\/sarmiento24h.com\/?p=58676#breadcrumb"},"inLanguage":"es","potentialAction":[{"@type":"ReadAction","target":["https:\/\/sarmiento24h.com\/?p=58676"]}]},{"@type":"ImageObject","inLanguage":"es","@id":"https:\/\/sarmiento24h.com\/?p=58676#primaryimage","url":"https:\/\/sarmiento24h.com\/wp-content\/uploads\/2026\/03\/cancelan-la-cita-de-gustavo-petro-y-delcy-rodriguez-en-la-frontera-entre-colombia-y-venezuela.jpg","contentUrl":"https:\/\/sarmiento24h.com\/wp-content\/uploads\/2026\/03\/cancelan-la-cita-de-gustavo-petro-y-delcy-rodriguez-en-la-frontera-entre-colombia-y-venezuela.jpg","width":1280,"height":720},{"@type":"BreadcrumbList","@id":"https:\/\/sarmiento24h.com\/?p=58676#breadcrumb","itemListElement":[{"@type":"ListItem","position":1,"name":"Home","item":"https:\/\/sarmiento24h.com\/"},{"@type":"ListItem","position":2,"name":"Cancelan la cita de Gustavo Petro y Delcy Rodr\u00edguez en la frontera entre Colombia y Venezuela"}]},{"@type":"WebSite","@id":"https:\/\/sarmiento24h.com\/#website","url":"https:\/\/sarmiento24h.com\/","name":"Sarmiento24h","description":"","publisher":{"@id":"https:\/\/sarmiento24h.com\/#organization"},"potentialAction":[{"@type":"SearchAction","target":{"@type":"EntryPoint","urlTemplate":"https:\/\/sarmiento24h.com\/?s={search_term_string}"},"query-input":{"@type":"PropertyValueSpecification","valueRequired":true,"valueName":"search_term_string"}}],"inLanguage":"es"},{"@type":"Organization","@id":"https:\/\/sarmiento24h.com\/#organization","name":"Sarmiento24h","url":"https:\/\/sarmiento24h.com\/","logo":{"@type":"ImageObject","inLanguage":"es","@id":"https:\/\/sarmiento24h.com\/#\/schema\/logo\/image\/","url":"https:\/\/sarmiento24h.com\/wp-content\/uploads\/2025\/12\/AddText_12-16-10.30.52.jpg","contentUrl":"https:\/\/sarmiento24h.com\/wp-content\/uploads\/2025\/12\/AddText_12-16-10.30.52.jpg","width":1220,"height":324,"caption":"Sarmiento24h"},"image":{"@id":"https:\/\/sarmiento24h.com\/#\/schema\/logo\/image\/"},"sameAs":["https:\/\/facebook.com\/s24hnoticias","https:\/\/x.com\/sarmiento24h"]},{"@type":"Person","@id":"https:\/\/sarmiento24h.com\/#\/schema\/person\/d653a59725ad629a7e0429af7b939d4d","name":"sarmiento24h@gmail.com","image":{"@type":"ImageObject","inLanguage":"es","@id":"https:\/\/sarmiento24h.com\/wp-content\/litespeed\/avatar\/d02cbc4e23c747e6659cd45907173c8f.jpg?ver=1777157796","url":"https:\/\/sarmiento24h.com\/wp-content\/litespeed\/avatar\/d02cbc4e23c747e6659cd45907173c8f.jpg?ver=1777157796","contentUrl":"https:\/\/sarmiento24h.com\/wp-content\/litespeed\/avatar\/d02cbc4e23c747e6659cd45907173c8f.jpg?ver=1777157796","caption":"sarmiento24h@gmail.com"},"sameAs":["https:\/\/sarmiento24h.com"],"url":"https:\/\/sarmiento24h.com\/?author=1"}]}},"jetpack_publicize_connections":[],"jetpack_featured_media_url":"https:\/\/sarmiento24h.com\/wp-content\/uploads\/2026\/03\/cancelan-la-cita-de-gustavo-petro-y-delcy-rodriguez-en-la-frontera-entre-colombia-y-venezuela.jpg","jetpack_sharing_enabled":true,"_links":{"self":[{"href":"https:\/\/sarmiento24h.com\/index.php?rest_route=\/wp\/v2\/posts\/58676","targetHints":{"allow":["GET"]}}],"collection":[{"href":"https:\/\/sarmiento24h.com\/index.php?rest_route=\/wp\/v2\/posts"}],"about":[{"href":"https:\/\/sarmiento24h.com\/index.php?rest_route=\/wp\/v2\/types\/post"}],"author":[{"embeddable":true,"href":"https:\/\/sarmiento24h.com\/index.php?rest_route=\/wp\/v2\/users\/1"}],"replies":[{"embeddable":true,"href":"https:\/\/sarmiento24h.com\/index.php?rest_route=%2Fwp%2Fv2%2Fcomments&post=58676"}],"version-history":[{"count":0,"href":"https:\/\/sarmiento24h.com\/index.php?rest_route=\/wp\/v2\/posts\/58676\/revisions"}],"wp:featuredmedia":[{"embeddable":true,"href":"https:\/\/sarmiento24h.com\/index.php?rest_route=\/wp\/v2\/media\/58677"}],"wp:attachment":[{"href":"https:\/\/sarmiento24h.com\/index.php?rest_route=%2Fwp%2Fv2%2Fmedia&parent=58676"}],"wp:term":[{"taxonomy":"category","embeddable":true,"href":"https:\/\/sarmiento24h.com\/index.php?rest_route=%2Fwp%2Fv2%2Fcategories&post=58676"},{"taxonomy":"post_tag","embeddable":true,"href":"https:\/\/sarmiento24h.com\/index.php?rest_route=%2Fwp%2Fv2%2Ftags&post=58676"}],"curies":[{"name":"wp","href":"https:\/\/api.w.org\/{rel}","templated":true}]}}