{"id":58680,"date":"2026-03-12T23:17:03","date_gmt":"2026-03-12T23:17:03","guid":{"rendered":"http:\/\/35ab278e-1e53-11f1-8201-1d70db0b48a5"},"modified":"2026-03-12T23:17:03","modified_gmt":"2026-03-12T23:17:03","slug":"maria-corina-machado-lamenta-que-espana-no-haya-asumido-liderazgo-sobre-el-tema-venezolano","status":"publish","type":"post","link":"https:\/\/sarmiento24h.com\/?p=58680","title":{"rendered":"Mar\u00eda Corina Machado lamenta que Espa\u00f1a no haya asumido \u201cliderazgo\u201d sobre el tema venezolano"},"content":{"rendered":"<p>La dirigente opositora <a href=\"https:\/\/www.france24.com\/es\/tag\/mar\u00eda-corina-machado\/\" target=\"_self\" class=\"gtm-add-suggested-tag\">Mar\u00eda Corina Machado<\/a>, ganadora del <a href=\"https:\/\/www.france24.com\/es\/tag\/premio-nobel\/\" target=\"_self\" class=\"gtm-add-suggested-tag\">Premio Nobel<\/a> de la Paz, cuestion\u00f3 que el Gobierno de <a href=\"https:\/\/www.france24.com\/es\/tag\/pedro-s\u00e1nchez\/\" target=\"_self\" class=\"gtm-add-suggested-tag\">Pedro S\u00e1nchez<\/a> no haya mostrado una actitud m\u00e1s decidida en el apoyo a la lucha democr\u00e1tica de <a href=\"https:\/\/www.france24.com\/es\/tag\/venezuela\/\" target=\"_self\" class=\"gtm-add-suggested-tag\">Venezuela<\/a>, una cr\u00edtica de la que excluy\u00f3 al rey Felipe VI.<\/p>\n<blockquote class=\"quote\" readability=\"11.315136476427\">\n<p>\u00abNosotros hubi\u00e9ramos esperado que Espa\u00f1a tuviera el liderazgo en esta materia y lamentamos que no haya sido as\u00ed. Vienen horas decisivas y cada gobierno tomar\u00e1 su decisi\u00f3n, si est\u00e1 del lado del crimen o de la justicia, del lado de la tiran\u00eda o del lado del pueblo de Venezuela\u00bb, afirm\u00f3 Machado durante una conferencia de prensa en <a href=\"https:\/\/www.france24.com\/es\/tag\/chile\/\" target=\"_self\" class=\"gtm-add-suggested-tag\">Chile<\/a>, tras asistir a la toma de posesi\u00f3n de <a href=\"https:\/\/www.france24.com\/es\/tag\/jos\u00e9-antonio-kast\/\" target=\"_self\" class=\"gtm-add-suggested-tag\">Jos\u00e9 Antonio Kast<\/a>.<\/p>\n<\/blockquote>\n<p>Machado distingui\u00f3 la postura del Gobierno de la que atribuye al pueblo espa\u00f1ol, del que asegura: \u201cHemos tenido la demostraci\u00f3n\u201d de que \u201cest\u00e1 con el pueblo de Venezuela\u201d.<\/p>\n<p>Tambi\u00e9n excluy\u00f3 de sus se\u00f1alamientos al rey Felipe VI, con quien tuvo un encuentro durante la investidura de Kast, a quien elogi\u00f3 como \u201cuna imagen y un s\u00edmbolo de uni\u00f3n, no solamente en Espa\u00f1a, tambi\u00e9n en Iberoam\u00e9rica\u201d.<\/p>\n<p>\u201cY sus palabras de apoyo a la gesta del pueblo de Venezuela es algo que agradecemos, incluso en estas \u00faltimas semanas. Creo que es un mensaje muy, muy claro\u201d, agreg\u00f3 Machado, quien lider\u00f3 la campa\u00f1a opositora y la organizaci\u00f3n de los testigos electorales de cara a los comicios del 28 de julio de 2024.<\/p>\n<p>El Gobierno de S\u00e1nchez se ha visto salpicado por la cercan\u00eda del expresidente <a href=\"https:\/\/www.france24.com\/es\/tag\/jos\u00e9-luis-rodr\u00edguez-zapatero\/\" target=\"_self\" class=\"gtm-add-suggested-tag\">Jos\u00e9 Luis Rodr\u00edguez Zapatero<\/a> con el Gobierno de Caracas, tanto en tiempos del depuesto <a href=\"https:\/\/www.france24.com\/es\/tag\/nicol\u00e1s-maduro\/\" target=\"_self\" class=\"gtm-add-suggested-tag\">Nicol\u00e1s Maduro<\/a> como en los de <a href=\"https:\/\/www.france24.com\/es\/tag\/delcy-rodr\u00edguez\/\" target=\"_self\" class=\"gtm-add-suggested-tag\">Delcy Rodr\u00edguez<\/a>.<\/p>\n<p>Adem\u00e1s, ha quedado en entredicho por un caso de 2020, cuando se permiti\u00f3 el ingreso de la entonces vicepresidenta Rodr\u00edguez a Espa\u00f1a, violando las sanciones impuestas contra ella por la <a href=\"https:\/\/www.france24.com\/es\/tag\/uni\u00f3n-europea\/\" target=\"_self\" class=\"gtm-add-suggested-tag\">Uni\u00f3n Europea<\/a>, para reunirse con el ministro de Transporte de la \u00e9poca, <a href=\"https:\/\/www.france24.com\/es\/tag\/jos\u00e9-luis-\u00e1balos\/\" target=\"_self\" class=\"gtm-add-suggested-tag\">Jos\u00e9 Luis \u00c1balos<\/a>.<\/p>\n<p>Machado tuvo duras palabras hacia Delcy Rodr\u00edguez, a quien defini\u00f3 como \u201cparte medular, fundamental, de la estructura del r\u00e9gimen criminal de (el fallecido presidente Hugo) Ch\u00e1vez y Maduro\u201d. &nbsp;<\/p>\n<h2><strong>Regreso confirmado, pero en fecha por definir<\/strong><\/h2>\n<p>La galardonada con el Nobel de la Paz por su lucha para el cambio en Venezuela a trav\u00e9s de la v\u00eda electoral confirm\u00f3 que tiene previsto regresar a su pa\u00eds, pero no est\u00e1 definido en qu\u00e9 momento lo har\u00e1.<\/p>\n<p>\u201cMi regreso a Venezuela est\u00e1 basado en continuar una lucha que ha sido c\u00edvica y organizada\u201d, afirm\u00f3 la lideresa, quien agreg\u00f3 que el movimiento que encabeza quiere avanzar \u201cde manera segura y ordenada\u201d.<\/p>\n<div class=\"em-video-wrapper m-em-video\" data-media-video-wbmz356631-f24-es-20251211 data-wrapper-video-player data-show-hidden-video-player=\"WBMZ356631-F24-ES-20251211\" data-youtube-script readability=\"7\">\n<p>Mar\u00eda Corina Machado: de l\u00edder opositora en Venezuela a Nobel de Paz<\/p>\n<div class=\"m-em-video__video\">\n<div class=\"o-em-consent \" readability=\"7\">\n<div class=\"o-em-consent__content\" readability=\"34\">\n<p class=\"o-em-consent__content__text\">Para mostrar este contenido de YouTube, debe autorizar las cookies de medici\u00f3n de audiencia y publicidad.<\/p>\n<p> <button class=\"a-master-button a-master-button--dark\" data-action=\"accept\"> Aceptar <svg class=\"a-svg a-svg--icon-check\"> <use xlink:href=\"\/build\/images\/svg\/sprite.b40b36296c69043225a16a3a5b1a0ad9.svg#icon-check\" href=\"\/build\/images\/svg\/sprite.b40b36296c69043225a16a3a5b1a0ad9.svg#icon-check\" \/> <\/svg> <\/button> <button class=\"a-link\" data-action=\"manage\">Gestionar mis opciones<i class=\"a-svg a-svg--icon-edit\"><\/i><\/button> <\/div>\n<\/div>\n<div class=\"o-em-adblock\" data-adblock-content readability=\"7\">\n<div class=\"o-em-adblock__content\" readability=\"34\">\n<p class=\"o-em-adblock__content__text\">Una extensi\u00f3n de tu navegador parece estar bloqueando la carga del reproductor de video. Para poder ver este contenido, debes desactivarla en este sitio.<\/p>\n<p> <button class=\"a-master-button a-master-button--dark\" data-action=\"reload\">Reintentar<\/button> <\/div>\n<\/div>\n<figure class=\"m-item-image m-item-image--16x9 m-item-image--has-caption\"> <picture class=\"a-picture a-picture--16x9\"><source type=\"image\/webp\" srcset=\"https:\/\/s.france24.com\/media\/display\/88563942-d5dd-11f0-a7da-005056a90284\/w:388\/p:16x9\/ES-20251210-083156-083341-CS.webp 388w, https:\/\/s.france24.com\/media\/display\/88563942-d5dd-11f0-a7da-005056a90284\/w:720\/p:16x9\/ES-20251210-083156-083341-CS.webp 720w, https:\/\/s.france24.com\/media\/display\/88563942-d5dd-11f0-a7da-005056a90284\/w:1024\/p:16x9\/ES-20251210-083156-083341-CS.webp 1024w\" sizes=\"(max-width: 639px) calc(100vw - 32px), (max-width: 1076px) calc(100vw - 44px), 850px\"><img fetchpriority=\"low\" decoding=\"async\" src=\"https:\/\/sarmiento24h.com\/wp-content\/uploads\/2026\/03\/maria-corina-machado-lamenta-que-espana-no-haya-asumido-liderazgo-sobre-el-tema-venezolano.jpg\" srcset=\"https:\/\/sarmiento24h.com\/wp-content\/uploads\/2026\/03\/maria-corina-machado-lamenta-que-espana-no-haya-asumido-liderazgo-sobre-el-tema-venezolano-2.jpg 388w, https:\/\/sarmiento24h.com\/wp-content\/uploads\/2026\/03\/maria-corina-machado-lamenta-que-espana-no-haya-asumido-liderazgo-sobre-el-tema-venezolano-3.jpg 720w, https:\/\/sarmiento24h.com\/wp-content\/uploads\/2026\/03\/maria-corina-machado-lamenta-que-espana-no-haya-asumido-liderazgo-sobre-el-tema-venezolano.jpg 1024w\" sizes=\"auto, (max-width: 639px) calc(100vw - 32px), (max-width: 1076px) calc(100vw - 44px), 850px\" width=\"1024\" height=\"576\" alt=\"2025-12-10 13:31 Mar\u00eda Corina Machado: de l\u00edder opositora en Venezuela a Nobel de Paz\" loading=\"lazy\" class=\"a-img \">\n<\/picture><figcaption class=\"a-figcaption\"> <span>2025-12-10 13:31 Mar\u00eda Corina Machado: de l\u00edder opositora en Venezuela a Nobel de Paz<\/span> <span>\u00a9 France 24<\/span> <\/figcaption><\/figure>\n<\/p><\/div>\n<\/p><\/div>\n<p>Machado ha sido acusada por el ministro del Interior de su pa\u00eds, <a href=\"https:\/\/www.france24.com\/es\/tag\/diosdado-cabello\/\" target=\"_self\" class=\"gtm-add-suggested-tag\">Diosdado Cabello<\/a>, de instigar las acciones que llevaron a la captura de Nicol\u00e1s Maduro. Cabello tambi\u00e9n ha advertido que le tiene preparada una \u201csorpresa\u201d si regresa, y ha asegurado que Machado no estar\u00eda amparada por la Ley de Amnist\u00eda recientemente aprobada en Venezuela.<\/p>\n<p>La dirigente se refiri\u00f3 por primera vez al reconocimiento oficial recientemente otorgado a Delcy Rodr\u00edguez como presidenta por parte del Gobierno de Donald Trump, reiterando que sigue considerando al mandatario estadounidense un \u201caliado fundamental\u201d.<\/p>\n<p>\u201cHay obst\u00e1culos, hay procesos complejos, pero efectivamente un aliado fundamental es el Gobierno de Estados Unidos y el presidente Donald Trump\u201d, afirm\u00f3 Machado, quien agreg\u00f3 que \u201cla \u00fanica naci\u00f3n en el mundo que ha arriesgado la vida de sus ciudadanos para conseguir la libertad en Venezuela es Estados Unidos\u201d.<\/p>\n<h2><strong>Protecci\u00f3n para la di\u00e1spora<\/strong><\/h2>\n<p>Machado se reuni\u00f3 en Santiago con integrantes de la di\u00e1spora venezolana, para los que pidi\u00f3 \u201cprotecci\u00f3n\u201d al nuevo Gobierno de Kast.<\/p>\n<p>El ultraderechista bas\u00f3 su campa\u00f1a en se\u00f1alamientos de que el aumento de la criminalidad y la saturaci\u00f3n de los servicios p\u00fablicos se deben a la <a href=\"https:\/\/www.france24.com\/es\/tag\/migraci\u00f3n\/\" target=\"_self\" class=\"gtm-add-suggested-tag\">migraci\u00f3n<\/a>, llegando incluso a proponer un corredor humanitario e iniciar una cuenta regresiva, que terminaba el d\u00eda de su investidura, para que los ilegales salieran del pa\u00eds.<\/p>\n<p>\u00abTodo pa\u00eds tiene el derecho de garantizar su seguridad y quienes cometan delitos deben ser juzgados, pero quienes huyen de la persecuci\u00f3n en Venezuela aspiramos a que sean protegidos y a que se les d\u00e9 una oportunidad\u00bb, afirm\u00f3 Machado.<\/p>\n<div class=\"m-em-image\">\n<figure class=\"m-item-image m-item-image--original m-item-image--has-caption\"> <picture class=\"a-picture a-picture--original\"><source type=\"image\/webp\" srcset=\"https:\/\/s.france24.com\/media\/display\/645241a4-1e52-11f1-b9d4-005056a97e36\/w:246\/AP26071647936974.webp 246w, https:\/\/s.france24.com\/media\/display\/645241a4-1e52-11f1-b9d4-005056a97e36\/w:388\/AP26071647936974.webp 388w, https:\/\/s.france24.com\/media\/display\/645241a4-1e52-11f1-b9d4-005056a97e36\/w:720\/AP26071647936974.webp 720w, https:\/\/s.france24.com\/media\/display\/645241a4-1e52-11f1-b9d4-005056a97e36\/w:980\/AP26071647936974.webp 980w\" sizes=\"(max-width: 1023px) calc(100vw - 32px), (min-width: 1024px) 850px\"><img fetchpriority=\"low\" decoding=\"async\" src=\"https:\/\/sarmiento24h.com\/wp-content\/uploads\/2026\/03\/maria-corina-machado-lamenta-que-espana-no-haya-asumido-liderazgo-sobre-el-tema-venezolano-1.jpg\" srcset=\"https:\/\/sarmiento24h.com\/wp-content\/uploads\/2026\/03\/maria-corina-machado-lamenta-que-espana-no-haya-asumido-liderazgo-sobre-el-tema-venezolano-4.jpg 246w, https:\/\/sarmiento24h.com\/wp-content\/uploads\/2026\/03\/maria-corina-machado-lamenta-que-espana-no-haya-asumido-liderazgo-sobre-el-tema-venezolano-5.jpg 388w, https:\/\/sarmiento24h.com\/wp-content\/uploads\/2026\/03\/maria-corina-machado-lamenta-que-espana-no-haya-asumido-liderazgo-sobre-el-tema-venezolano-6.jpg 720w, https:\/\/sarmiento24h.com\/wp-content\/uploads\/2026\/03\/maria-corina-machado-lamenta-que-espana-no-haya-asumido-liderazgo-sobre-el-tema-venezolano-1.jpg 980w\" sizes=\"(max-width: 1023px) calc(100vw - 32px), (min-width: 1024px) 850px\" alt=\"La l\u00edder opositora venezolana Mar\u00eda Corina Machado recibe a sus simpatizantes fuera del Palacio Municipal tras una ceremonia en la que recibi\u00f3 las llaves de la ciudad en Santiago de Chile. 12 de marzo de 2026.\" loading=\"lazy\" class=\"a-img \">\n<\/picture><figcaption class=\"a-figcaption\"> <span>La l\u00edder opositora venezolana Mar\u00eda Corina Machado recibe a sus simpatizantes fuera del Palacio Municipal tras una ceremonia en la que recibi\u00f3 las llaves de la ciudad en Santiago de Chile. 12 de marzo de 2026.<\/span> <span>AP &#8211; Gustavo Garello<\/span> <\/figcaption><\/figure>\n<\/p><\/div>\n<p>Se cree que unos 700.000 venezolanos se han establecido en Chile y que constituyen la mayor\u00eda de los m\u00e1s de 330.000 <a href=\"https:\/\/www.france24.com\/es\/tag\/migrantes\/\" target=\"_self\" class=\"gtm-add-suggested-tag\">migrantes<\/a> en situaci\u00f3n irregular que se estima hay en el pa\u00eds.<\/p>\n<p>Machado ha evitado en el pasado referirse a la situaci\u00f3n de los migrantes venezolanos en sus pa\u00edses de acogida, y concretamente en Estados Unidos, no se ha pronunciado sobre la eliminaci\u00f3n de alivios migratorios como el estatus de protecci\u00f3n temporal (TPS) o el parole humanitario, por parte del Gobierno de Trump.<\/p>\n<p>Con EFE y medios locales<\/p>\n","protected":false},"excerpt":{"rendered":"<p>La dirigente opositora Mar\u00eda Corina Machado, ganadora&#46;&#46;&#46;<\/p>\n","protected":false},"author":1,"featured_media":58681,"comment_status":"closed","ping_status":"closed","sticky":false,"template":"","format":"standard","meta":{"_jetpack_memberships_contains_paid_content":false,"footnotes":"","jetpack_publicize_message":"","jetpack_publicize_feature_enabled":true,"jetpack_social_post_already_shared":true,"jetpack_social_options":{"image_generator_settings":{"template":"highway","default_image_id":0,"font":"","enabled":false},"version":2}},"categories":[43],"tags":[],"class_list":["post-58680","post","type-post","status-publish","format-standard","has-post-thumbnail","hentry","category-internacionales"],"yoast_head":"<!-- This site is optimized with the Yoast SEO plugin v27.3 - https:\/\/yoast.com\/product\/yoast-seo-wordpress\/ -->\n<title>Mar\u00eda Corina Machado lamenta que Espa\u00f1a no haya asumido \u201cliderazgo\u201d sobre el tema venezolano - Sarmiento24h<\/title>\n<meta name=\"robots\" content=\"index, follow, max-snippet:-1, max-image-preview:large, max-video-preview:-1\" \/>\n<link rel=\"canonical\" href=\"https:\/\/sarmiento24h.com\/?p=58680\" \/>\n<meta property=\"og:locale\" content=\"es_ES\" \/>\n<meta property=\"og:type\" content=\"article\" \/>\n<meta property=\"og:title\" content=\"Mar\u00eda Corina Machado lamenta que Espa\u00f1a no haya asumido \u201cliderazgo\u201d sobre el tema venezolano - Sarmiento24h\" \/>\n<meta property=\"og:description\" content=\"La dirigente opositora Mar\u00eda Corina Machado, ganadora&#046;&#046;&#046;\" \/>\n<meta property=\"og:url\" content=\"https:\/\/sarmiento24h.com\/?p=58680\" \/>\n<meta property=\"og:site_name\" content=\"Sarmiento24h\" \/>\n<meta property=\"article:publisher\" content=\"https:\/\/facebook.com\/s24hnoticias\" \/>\n<meta property=\"article:published_time\" content=\"2026-03-12T23:17:03+00:00\" \/>\n<meta property=\"og:image\" content=\"https:\/\/sarmiento24h.com\/wp-content\/uploads\/2026\/03\/maria-corina-machado-lamenta-que-espana-no-haya-asumido-liderazgo-sobre-el-tema-venezolano.jpg\" \/>\n\t<meta property=\"og:image:width\" content=\"1024\" \/>\n\t<meta property=\"og:image:height\" content=\"576\" \/>\n\t<meta property=\"og:image:type\" content=\"image\/jpeg\" \/>\n<meta name=\"author\" content=\"sarmiento24h@gmail.com\" \/>\n<meta name=\"twitter:card\" content=\"summary_large_image\" \/>\n<meta name=\"twitter:creator\" content=\"@sarmiento24h\" \/>\n<meta name=\"twitter:site\" content=\"@sarmiento24h\" \/>\n<meta name=\"twitter:label1\" content=\"Escrito por\" \/>\n\t<meta name=\"twitter:data1\" content=\"sarmiento24h@gmail.com\" \/>\n\t<meta name=\"twitter:label2\" content=\"Tiempo de lectura\" \/>\n\t<meta name=\"twitter:data2\" content=\"5 minutos\" \/>\n<script type=\"application\/ld+json\" class=\"yoast-schema-graph\">{\"@context\":\"https:\\\/\\\/schema.org\",\"@graph\":[{\"@type\":\"Article\",\"@id\":\"https:\\\/\\\/sarmiento24h.com\\\/?p=58680#article\",\"isPartOf\":{\"@id\":\"https:\\\/\\\/sarmiento24h.com\\\/?p=58680\"},\"author\":{\"name\":\"sarmiento24h@gmail.com\",\"@id\":\"https:\\\/\\\/sarmiento24h.com\\\/#\\\/schema\\\/person\\\/d653a59725ad629a7e0429af7b939d4d\"},\"headline\":\"Mar\u00eda Corina Machado lamenta que Espa\u00f1a no haya asumido \u201cliderazgo\u201d sobre el tema venezolano\",\"datePublished\":\"2026-03-12T23:17:03+00:00\",\"mainEntityOfPage\":{\"@id\":\"https:\\\/\\\/sarmiento24h.com\\\/?p=58680\"},\"wordCount\":959,\"publisher\":{\"@id\":\"https:\\\/\\\/sarmiento24h.com\\\/#organization\"},\"image\":{\"@id\":\"https:\\\/\\\/sarmiento24h.com\\\/?p=58680#primaryimage\"},\"thumbnailUrl\":\"https:\\\/\\\/sarmiento24h.com\\\/wp-content\\\/uploads\\\/2026\\\/03\\\/maria-corina-machado-lamenta-que-espana-no-haya-asumido-liderazgo-sobre-el-tema-venezolano.jpg\",\"articleSection\":[\"Internacionales\"],\"inLanguage\":\"es\"},{\"@type\":\"WebPage\",\"@id\":\"https:\\\/\\\/sarmiento24h.com\\\/?p=58680\",\"url\":\"https:\\\/\\\/sarmiento24h.com\\\/?p=58680\",\"name\":\"Mar\u00eda Corina Machado lamenta que Espa\u00f1a no haya asumido \u201cliderazgo\u201d sobre el tema venezolano - Sarmiento24h\",\"isPartOf\":{\"@id\":\"https:\\\/\\\/sarmiento24h.com\\\/#website\"},\"primaryImageOfPage\":{\"@id\":\"https:\\\/\\\/sarmiento24h.com\\\/?p=58680#primaryimage\"},\"image\":{\"@id\":\"https:\\\/\\\/sarmiento24h.com\\\/?p=58680#primaryimage\"},\"thumbnailUrl\":\"https:\\\/\\\/sarmiento24h.com\\\/wp-content\\\/uploads\\\/2026\\\/03\\\/maria-corina-machado-lamenta-que-espana-no-haya-asumido-liderazgo-sobre-el-tema-venezolano.jpg\",\"datePublished\":\"2026-03-12T23:17:03+00:00\",\"breadcrumb\":{\"@id\":\"https:\\\/\\\/sarmiento24h.com\\\/?p=58680#breadcrumb\"},\"inLanguage\":\"es\",\"potentialAction\":[{\"@type\":\"ReadAction\",\"target\":[\"https:\\\/\\\/sarmiento24h.com\\\/?p=58680\"]}]},{\"@type\":\"ImageObject\",\"inLanguage\":\"es\",\"@id\":\"https:\\\/\\\/sarmiento24h.com\\\/?p=58680#primaryimage\",\"url\":\"https:\\\/\\\/sarmiento24h.com\\\/wp-content\\\/uploads\\\/2026\\\/03\\\/maria-corina-machado-lamenta-que-espana-no-haya-asumido-liderazgo-sobre-el-tema-venezolano.jpg\",\"contentUrl\":\"https:\\\/\\\/sarmiento24h.com\\\/wp-content\\\/uploads\\\/2026\\\/03\\\/maria-corina-machado-lamenta-que-espana-no-haya-asumido-liderazgo-sobre-el-tema-venezolano.jpg\",\"width\":1024,\"height\":576},{\"@type\":\"BreadcrumbList\",\"@id\":\"https:\\\/\\\/sarmiento24h.com\\\/?p=58680#breadcrumb\",\"itemListElement\":[{\"@type\":\"ListItem\",\"position\":1,\"name\":\"Home\",\"item\":\"https:\\\/\\\/sarmiento24h.com\\\/\"},{\"@type\":\"ListItem\",\"position\":2,\"name\":\"Mar\u00eda Corina Machado lamenta que Espa\u00f1a no haya asumido \u201cliderazgo\u201d sobre el tema venezolano\"}]},{\"@type\":\"WebSite\",\"@id\":\"https:\\\/\\\/sarmiento24h.com\\\/#website\",\"url\":\"https:\\\/\\\/sarmiento24h.com\\\/\",\"name\":\"Sarmiento24h\",\"description\":\"\",\"publisher\":{\"@id\":\"https:\\\/\\\/sarmiento24h.com\\\/#organization\"},\"potentialAction\":[{\"@type\":\"SearchAction\",\"target\":{\"@type\":\"EntryPoint\",\"urlTemplate\":\"https:\\\/\\\/sarmiento24h.com\\\/?s={search_term_string}\"},\"query-input\":{\"@type\":\"PropertyValueSpecification\",\"valueRequired\":true,\"valueName\":\"search_term_string\"}}],\"inLanguage\":\"es\"},{\"@type\":\"Organization\",\"@id\":\"https:\\\/\\\/sarmiento24h.com\\\/#organization\",\"name\":\"Sarmiento24h\",\"url\":\"https:\\\/\\\/sarmiento24h.com\\\/\",\"logo\":{\"@type\":\"ImageObject\",\"inLanguage\":\"es\",\"@id\":\"https:\\\/\\\/sarmiento24h.com\\\/#\\\/schema\\\/logo\\\/image\\\/\",\"url\":\"https:\\\/\\\/sarmiento24h.com\\\/wp-content\\\/uploads\\\/2025\\\/12\\\/AddText_12-16-10.30.52.jpg\",\"contentUrl\":\"https:\\\/\\\/sarmiento24h.com\\\/wp-content\\\/uploads\\\/2025\\\/12\\\/AddText_12-16-10.30.52.jpg\",\"width\":1220,\"height\":324,\"caption\":\"Sarmiento24h\"},\"image\":{\"@id\":\"https:\\\/\\\/sarmiento24h.com\\\/#\\\/schema\\\/logo\\\/image\\\/\"},\"sameAs\":[\"https:\\\/\\\/facebook.com\\\/s24hnoticias\",\"https:\\\/\\\/x.com\\\/sarmiento24h\"]},{\"@type\":\"Person\",\"@id\":\"https:\\\/\\\/sarmiento24h.com\\\/#\\\/schema\\\/person\\\/d653a59725ad629a7e0429af7b939d4d\",\"name\":\"sarmiento24h@gmail.com\",\"image\":{\"@type\":\"ImageObject\",\"inLanguage\":\"es\",\"@id\":\"https:\\\/\\\/sarmiento24h.com\\\/wp-content\\\/litespeed\\\/avatar\\\/d02cbc4e23c747e6659cd45907173c8f.jpg?ver=1777157796\",\"url\":\"https:\\\/\\\/sarmiento24h.com\\\/wp-content\\\/litespeed\\\/avatar\\\/d02cbc4e23c747e6659cd45907173c8f.jpg?ver=1777157796\",\"contentUrl\":\"https:\\\/\\\/sarmiento24h.com\\\/wp-content\\\/litespeed\\\/avatar\\\/d02cbc4e23c747e6659cd45907173c8f.jpg?ver=1777157796\",\"caption\":\"sarmiento24h@gmail.com\"},\"sameAs\":[\"https:\\\/\\\/sarmiento24h.com\"],\"url\":\"https:\\\/\\\/sarmiento24h.com\\\/?author=1\"}]}<\/script>\n<!-- \/ Yoast SEO plugin. -->","yoast_head_json":{"title":"Mar\u00eda Corina Machado lamenta que Espa\u00f1a no haya asumido \u201cliderazgo\u201d sobre el tema venezolano - Sarmiento24h","robots":{"index":"index","follow":"follow","max-snippet":"max-snippet:-1","max-image-preview":"max-image-preview:large","max-video-preview":"max-video-preview:-1"},"canonical":"https:\/\/sarmiento24h.com\/?p=58680","og_locale":"es_ES","og_type":"article","og_title":"Mar\u00eda Corina Machado lamenta que Espa\u00f1a no haya asumido \u201cliderazgo\u201d sobre el tema venezolano - Sarmiento24h","og_description":"La dirigente opositora Mar\u00eda Corina Machado, ganadora&#46;&#46;&#46;","og_url":"https:\/\/sarmiento24h.com\/?p=58680","og_site_name":"Sarmiento24h","article_publisher":"https:\/\/facebook.com\/s24hnoticias","article_published_time":"2026-03-12T23:17:03+00:00","og_image":[{"width":1024,"height":576,"url":"https:\/\/sarmiento24h.com\/wp-content\/uploads\/2026\/03\/maria-corina-machado-lamenta-que-espana-no-haya-asumido-liderazgo-sobre-el-tema-venezolano.jpg","type":"image\/jpeg"}],"author":"sarmiento24h@gmail.com","twitter_card":"summary_large_image","twitter_creator":"@sarmiento24h","twitter_site":"@sarmiento24h","twitter_misc":{"Escrito por":"sarmiento24h@gmail.com","Tiempo de lectura":"5 minutos"},"schema":{"@context":"https:\/\/schema.org","@graph":[{"@type":"Article","@id":"https:\/\/sarmiento24h.com\/?p=58680#article","isPartOf":{"@id":"https:\/\/sarmiento24h.com\/?p=58680"},"author":{"name":"sarmiento24h@gmail.com","@id":"https:\/\/sarmiento24h.com\/#\/schema\/person\/d653a59725ad629a7e0429af7b939d4d"},"headline":"Mar\u00eda Corina Machado lamenta que Espa\u00f1a no haya asumido \u201cliderazgo\u201d sobre el tema venezolano","datePublished":"2026-03-12T23:17:03+00:00","mainEntityOfPage":{"@id":"https:\/\/sarmiento24h.com\/?p=58680"},"wordCount":959,"publisher":{"@id":"https:\/\/sarmiento24h.com\/#organization"},"image":{"@id":"https:\/\/sarmiento24h.com\/?p=58680#primaryimage"},"thumbnailUrl":"https:\/\/sarmiento24h.com\/wp-content\/uploads\/2026\/03\/maria-corina-machado-lamenta-que-espana-no-haya-asumido-liderazgo-sobre-el-tema-venezolano.jpg","articleSection":["Internacionales"],"inLanguage":"es"},{"@type":"WebPage","@id":"https:\/\/sarmiento24h.com\/?p=58680","url":"https:\/\/sarmiento24h.com\/?p=58680","name":"Mar\u00eda Corina Machado lamenta que Espa\u00f1a no haya asumido \u201cliderazgo\u201d sobre el tema venezolano - Sarmiento24h","isPartOf":{"@id":"https:\/\/sarmiento24h.com\/#website"},"primaryImageOfPage":{"@id":"https:\/\/sarmiento24h.com\/?p=58680#primaryimage"},"image":{"@id":"https:\/\/sarmiento24h.com\/?p=58680#primaryimage"},"thumbnailUrl":"https:\/\/sarmiento24h.com\/wp-content\/uploads\/2026\/03\/maria-corina-machado-lamenta-que-espana-no-haya-asumido-liderazgo-sobre-el-tema-venezolano.jpg","datePublished":"2026-03-12T23:17:03+00:00","breadcrumb":{"@id":"https:\/\/sarmiento24h.com\/?p=58680#breadcrumb"},"inLanguage":"es","potentialAction":[{"@type":"ReadAction","target":["https:\/\/sarmiento24h.com\/?p=58680"]}]},{"@type":"ImageObject","inLanguage":"es","@id":"https:\/\/sarmiento24h.com\/?p=58680#primaryimage","url":"https:\/\/sarmiento24h.com\/wp-content\/uploads\/2026\/03\/maria-corina-machado-lamenta-que-espana-no-haya-asumido-liderazgo-sobre-el-tema-venezolano.jpg","contentUrl":"https:\/\/sarmiento24h.com\/wp-content\/uploads\/2026\/03\/maria-corina-machado-lamenta-que-espana-no-haya-asumido-liderazgo-sobre-el-tema-venezolano.jpg","width":1024,"height":576},{"@type":"BreadcrumbList","@id":"https:\/\/sarmiento24h.com\/?p=58680#breadcrumb","itemListElement":[{"@type":"ListItem","position":1,"name":"Home","item":"https:\/\/sarmiento24h.com\/"},{"@type":"ListItem","position":2,"name":"Mar\u00eda Corina Machado lamenta que Espa\u00f1a no haya asumido \u201cliderazgo\u201d sobre el tema venezolano"}]},{"@type":"WebSite","@id":"https:\/\/sarmiento24h.com\/#website","url":"https:\/\/sarmiento24h.com\/","name":"Sarmiento24h","description":"","publisher":{"@id":"https:\/\/sarmiento24h.com\/#organization"},"potentialAction":[{"@type":"SearchAction","target":{"@type":"EntryPoint","urlTemplate":"https:\/\/sarmiento24h.com\/?s={search_term_string}"},"query-input":{"@type":"PropertyValueSpecification","valueRequired":true,"valueName":"search_term_string"}}],"inLanguage":"es"},{"@type":"Organization","@id":"https:\/\/sarmiento24h.com\/#organization","name":"Sarmiento24h","url":"https:\/\/sarmiento24h.com\/","logo":{"@type":"ImageObject","inLanguage":"es","@id":"https:\/\/sarmiento24h.com\/#\/schema\/logo\/image\/","url":"https:\/\/sarmiento24h.com\/wp-content\/uploads\/2025\/12\/AddText_12-16-10.30.52.jpg","contentUrl":"https:\/\/sarmiento24h.com\/wp-content\/uploads\/2025\/12\/AddText_12-16-10.30.52.jpg","width":1220,"height":324,"caption":"Sarmiento24h"},"image":{"@id":"https:\/\/sarmiento24h.com\/#\/schema\/logo\/image\/"},"sameAs":["https:\/\/facebook.com\/s24hnoticias","https:\/\/x.com\/sarmiento24h"]},{"@type":"Person","@id":"https:\/\/sarmiento24h.com\/#\/schema\/person\/d653a59725ad629a7e0429af7b939d4d","name":"sarmiento24h@gmail.com","image":{"@type":"ImageObject","inLanguage":"es","@id":"https:\/\/sarmiento24h.com\/wp-content\/litespeed\/avatar\/d02cbc4e23c747e6659cd45907173c8f.jpg?ver=1777157796","url":"https:\/\/sarmiento24h.com\/wp-content\/litespeed\/avatar\/d02cbc4e23c747e6659cd45907173c8f.jpg?ver=1777157796","contentUrl":"https:\/\/sarmiento24h.com\/wp-content\/litespeed\/avatar\/d02cbc4e23c747e6659cd45907173c8f.jpg?ver=1777157796","caption":"sarmiento24h@gmail.com"},"sameAs":["https:\/\/sarmiento24h.com"],"url":"https:\/\/sarmiento24h.com\/?author=1"}]}},"jetpack_publicize_connections":[],"jetpack_featured_media_url":"https:\/\/sarmiento24h.com\/wp-content\/uploads\/2026\/03\/maria-corina-machado-lamenta-que-espana-no-haya-asumido-liderazgo-sobre-el-tema-venezolano.jpg","jetpack_sharing_enabled":true,"_links":{"self":[{"href":"https:\/\/sarmiento24h.com\/index.php?rest_route=\/wp\/v2\/posts\/58680","targetHints":{"allow":["GET"]}}],"collection":[{"href":"https:\/\/sarmiento24h.com\/index.php?rest_route=\/wp\/v2\/posts"}],"about":[{"href":"https:\/\/sarmiento24h.com\/index.php?rest_route=\/wp\/v2\/types\/post"}],"author":[{"embeddable":true,"href":"https:\/\/sarmiento24h.com\/index.php?rest_route=\/wp\/v2\/users\/1"}],"replies":[{"embeddable":true,"href":"https:\/\/sarmiento24h.com\/index.php?rest_route=%2Fwp%2Fv2%2Fcomments&post=58680"}],"version-history":[{"count":0,"href":"https:\/\/sarmiento24h.com\/index.php?rest_route=\/wp\/v2\/posts\/58680\/revisions"}],"wp:featuredmedia":[{"embeddable":true,"href":"https:\/\/sarmiento24h.com\/index.php?rest_route=\/wp\/v2\/media\/58681"}],"wp:attachment":[{"href":"https:\/\/sarmiento24h.com\/index.php?rest_route=%2Fwp%2Fv2%2Fmedia&parent=58680"}],"wp:term":[{"taxonomy":"category","embeddable":true,"href":"https:\/\/sarmiento24h.com\/index.php?rest_route=%2Fwp%2Fv2%2Fcategories&post=58680"},{"taxonomy":"post_tag","embeddable":true,"href":"https:\/\/sarmiento24h.com\/index.php?rest_route=%2Fwp%2Fv2%2Ftags&post=58680"}],"curies":[{"name":"wp","href":"https:\/\/api.w.org\/{rel}","templated":true}]}}