{"id":58851,"date":"2026-03-13T01:17:11","date_gmt":"2026-03-13T01:17:11","guid":{"rendered":"http:\/\/almomento.net\/?p=1104884"},"modified":"2026-03-13T01:17:11","modified_gmt":"2026-03-13T01:17:11","slug":"resaltabajo-crecimiento-de-la-economia-de-rep-dominicana","status":"publish","type":"post","link":"https:\/\/sarmiento24h.com\/?p=58851","title":{"rendered":"Resalta\u201dbajo crecimiento\u201d de la econom\u00eda de Rep. Dominicana"},"content":{"rendered":"<p><!-- .entry-header --> <\/p>\n<div class=\"img_center\"> <a href=\"https:\/\/sarmiento24h.com\/wp-content\/uploads\/2026\/03\/resaltabajo-crecimiento-de-la-economia-de-rep-dominicana.jpg\" title=\"Resalta\u201dbajo crecimiento\u201d de la econom\u00eda de Rep. Dominicana\" data-toggle=\"lightbox\" class=\"thickbox\"><img decoding=\"async\" src=\"https:\/\/sarmiento24h.com\/wp-content\/uploads\/2026\/03\/resaltabajo-crecimiento-de-la-economia-de-rep-dominicana.jpg\" class=\"attachment-post-thumbnail size-post-thumbnail wp-post-image\" alt=\"imagen\" title=\"Resalta\u201dbajo crecimiento\u201d de la econom\u00eda de Rep. Dominicana\" data-toggle data-title=\"Resalta\u201dbajo crecimiento\u201d de la econom\u00eda de Rep. Dominicana\"><\/a><\/p>\n<p>Juan Ariel Jim\u00e9nez.<\/p>\n<\/p><\/div>\n<p>SANTO DOMINGO. \u2013 El economista y miembro del Comit\u00e9 Pol\u00edtico del&nbsp;Partido de la Liberaci\u00f3n Dominicana&nbsp;(PLD),&nbsp;Juan Ariel Jim\u00e9nez,<strong>&nbsp;<\/strong>cuestion\u00f3 que el gobierno atribuya a factores externos el bajo crecimiento de la econom\u00eda dominicana.<\/p>\n<p>Jim\u00e9nez asegur\u00f3 que los datos muestran que el problema tambi\u00e9n est\u00e1 relacionado con la forma en que se ha manejado la pol\u00edtica econ\u00f3mica.<\/p>\n<p>Record\u00f3 que la econom\u00eda dominicana&nbsp;creci\u00f3 alrededor de 2.1 % el a\u00f1o pasado, muy por debajo de la proyecci\u00f3n oficial de&nbsp;4.5 %, lo que calific\u00f3 de \u201cp\u00edrrico\u201d.<\/p>\n<p>Manifest\u00f3 que el gobierno ha querido culpar a factores externos, pero que cuando se eval\u00faa la regi\u00f3n tambi\u00e9n afectaron a todos los pa\u00edses.<\/p>\n<p><strong>RAZ\u00d3N DEL BAJO CRECIMIENTO?<\/strong><\/p>\n<p>Jim\u00e9nez pregunt\u00f3:&nbsp;\u201cEntonces, \u00bfpor qu\u00e9 raz\u00f3n si ante un juego de igualdad de condiciones ex\u00f3genas que afectan a todos los pa\u00edses de una zona, \u00bfpor qu\u00e9 raz\u00f3n nuestro pa\u00eds fue el segundo en menor crecimiento en la regi\u00f3n despu\u00e9s de M\u00e9xico?<\/p>\n<p>\u00a8Entonces, (\u2026) son los mismos factores externos que le permitieron a Nicaragua crecer el doble casi que nosotros\u201d, precis\u00f3.<\/p>\n<p>El dirigente del PLD sostuvo que uno de los elementos que explica este desempe\u00f1o es&nbsp;el bajo nivel de inversi\u00f3n p\u00fablica, se\u00f1alando que el actual gobierno ha ejecutado&nbsp;el porcentaje m\u00e1s bajo de gasto de capital en los \u00faltimos 70 a\u00f1os.<\/p>\n<p>Explic\u00f3 que la inversi\u00f3n p\u00fablica es clave para estimular la econom\u00eda, ya que crea las condiciones para que el sector privado tambi\u00e9n lo haga y se desarrollen nuevas actividades productivas en las distintas provincias.<\/p>\n<p>Tambi\u00e9n cuestion\u00f3 las cifras oficiales de empleo y aunque el gobierno habla de m\u00e1s de 100 mil nuevos puestos de trabajo,&nbsp;el 64 % se ha creado en el sector p\u00fablico, lo que representa aumentos de n\u00f3mina y mayor gasto corriente, sin crecimiento real del aparato productivo.<\/p>\n<p><span>agl\/of-am<\/span><\/p>\n<div class=\"heateor_sss_sharing_container heateor_sss_horizontal_sharing\" data-heateor-sss-href=\"https:\/\/almomento.net\/pld-cuestiona-bajo-crecimiento-de-la-economia-dominicana\/\">\n<p>Comp\u00e1rtelo en tus redes:<\/p>\n<\/div>\n<p> <!-- 468x60 --><br \/>\n<ins class=\"adsbygoogle\" data-ad-client=\"ca-pub-3511341636159665\" data-ad-slot=\"3538255450\"><\/ins> <!-- .entry-content --> <\/p>\n","protected":false},"excerpt":{"rendered":"<p>Juan Ariel Jim\u00e9nez. SANTO DOMINGO. \u2013 El&#46;&#46;&#46;<\/p>\n","protected":false},"author":1,"featured_media":58852,"comment_status":"closed","ping_status":"closed","sticky":false,"template":"","format":"standard","meta":{"_jetpack_memberships_contains_paid_content":false,"footnotes":"","jetpack_publicize_message":"","jetpack_publicize_feature_enabled":true,"jetpack_social_post_already_shared":true,"jetpack_social_options":{"image_generator_settings":{"template":"highway","default_image_id":0,"font":"","enabled":false},"version":2}},"categories":[69],"tags":[],"class_list":["post-58851","post","type-post","status-publish","format-standard","has-post-thumbnail","hentry","category-portada"],"yoast_head":"<!-- This site is optimized with the Yoast SEO plugin v27.3 - https:\/\/yoast.com\/product\/yoast-seo-wordpress\/ -->\n<title>Resalta\u201dbajo crecimiento\u201d de la econom\u00eda de Rep. Dominicana - Sarmiento24h<\/title>\n<meta name=\"robots\" content=\"index, follow, max-snippet:-1, max-image-preview:large, max-video-preview:-1\" \/>\n<link rel=\"canonical\" href=\"https:\/\/sarmiento24h.com\/?p=58851\" \/>\n<meta property=\"og:locale\" content=\"es_ES\" \/>\n<meta property=\"og:type\" content=\"article\" \/>\n<meta property=\"og:title\" content=\"Resalta\u201dbajo crecimiento\u201d de la econom\u00eda de Rep. Dominicana - Sarmiento24h\" \/>\n<meta property=\"og:description\" content=\"Juan Ariel Jim\u00e9nez. SANTO DOMINGO. \u2013 El&#046;&#046;&#046;\" \/>\n<meta property=\"og:url\" content=\"https:\/\/sarmiento24h.com\/?p=58851\" \/>\n<meta property=\"og:site_name\" content=\"Sarmiento24h\" \/>\n<meta property=\"article:publisher\" content=\"https:\/\/facebook.com\/s24hnoticias\" \/>\n<meta property=\"article:published_time\" content=\"2026-03-13T01:17:11+00:00\" \/>\n<meta property=\"og:image\" content=\"https:\/\/sarmiento24h.com\/wp-content\/uploads\/2026\/03\/resaltabajo-crecimiento-de-la-economia-de-rep-dominicana.jpg\" \/>\n\t<meta property=\"og:image:width\" content=\"500\" \/>\n\t<meta property=\"og:image:height\" content=\"282\" \/>\n\t<meta property=\"og:image:type\" content=\"image\/jpeg\" \/>\n<meta name=\"author\" content=\"sarmiento24h@gmail.com\" \/>\n<meta name=\"twitter:card\" content=\"summary_large_image\" \/>\n<meta name=\"twitter:creator\" content=\"@sarmiento24h\" \/>\n<meta name=\"twitter:site\" content=\"@sarmiento24h\" \/>\n<meta name=\"twitter:label1\" content=\"Escrito por\" \/>\n\t<meta name=\"twitter:data1\" content=\"sarmiento24h@gmail.com\" \/>\n\t<meta name=\"twitter:label2\" content=\"Tiempo de lectura\" \/>\n\t<meta name=\"twitter:data2\" content=\"2 minutos\" \/>\n<script type=\"application\/ld+json\" class=\"yoast-schema-graph\">{\"@context\":\"https:\\\/\\\/schema.org\",\"@graph\":[{\"@type\":\"Article\",\"@id\":\"https:\\\/\\\/sarmiento24h.com\\\/?p=58851#article\",\"isPartOf\":{\"@id\":\"https:\\\/\\\/sarmiento24h.com\\\/?p=58851\"},\"author\":{\"name\":\"sarmiento24h@gmail.com\",\"@id\":\"https:\\\/\\\/sarmiento24h.com\\\/#\\\/schema\\\/person\\\/d653a59725ad629a7e0429af7b939d4d\"},\"headline\":\"Resalta\u201dbajo crecimiento\u201d de la econom\u00eda de Rep. Dominicana\",\"datePublished\":\"2026-03-13T01:17:11+00:00\",\"mainEntityOfPage\":{\"@id\":\"https:\\\/\\\/sarmiento24h.com\\\/?p=58851\"},\"wordCount\":356,\"publisher\":{\"@id\":\"https:\\\/\\\/sarmiento24h.com\\\/#organization\"},\"image\":{\"@id\":\"https:\\\/\\\/sarmiento24h.com\\\/?p=58851#primaryimage\"},\"thumbnailUrl\":\"https:\\\/\\\/sarmiento24h.com\\\/wp-content\\\/uploads\\\/2026\\\/03\\\/resaltabajo-crecimiento-de-la-economia-de-rep-dominicana.jpg\",\"articleSection\":[\"Portada\"],\"inLanguage\":\"es\"},{\"@type\":\"WebPage\",\"@id\":\"https:\\\/\\\/sarmiento24h.com\\\/?p=58851\",\"url\":\"https:\\\/\\\/sarmiento24h.com\\\/?p=58851\",\"name\":\"Resalta\u201dbajo crecimiento\u201d de la econom\u00eda de Rep. Dominicana - Sarmiento24h\",\"isPartOf\":{\"@id\":\"https:\\\/\\\/sarmiento24h.com\\\/#website\"},\"primaryImageOfPage\":{\"@id\":\"https:\\\/\\\/sarmiento24h.com\\\/?p=58851#primaryimage\"},\"image\":{\"@id\":\"https:\\\/\\\/sarmiento24h.com\\\/?p=58851#primaryimage\"},\"thumbnailUrl\":\"https:\\\/\\\/sarmiento24h.com\\\/wp-content\\\/uploads\\\/2026\\\/03\\\/resaltabajo-crecimiento-de-la-economia-de-rep-dominicana.jpg\",\"datePublished\":\"2026-03-13T01:17:11+00:00\",\"breadcrumb\":{\"@id\":\"https:\\\/\\\/sarmiento24h.com\\\/?p=58851#breadcrumb\"},\"inLanguage\":\"es\",\"potentialAction\":[{\"@type\":\"ReadAction\",\"target\":[\"https:\\\/\\\/sarmiento24h.com\\\/?p=58851\"]}]},{\"@type\":\"ImageObject\",\"inLanguage\":\"es\",\"@id\":\"https:\\\/\\\/sarmiento24h.com\\\/?p=58851#primaryimage\",\"url\":\"https:\\\/\\\/sarmiento24h.com\\\/wp-content\\\/uploads\\\/2026\\\/03\\\/resaltabajo-crecimiento-de-la-economia-de-rep-dominicana.jpg\",\"contentUrl\":\"https:\\\/\\\/sarmiento24h.com\\\/wp-content\\\/uploads\\\/2026\\\/03\\\/resaltabajo-crecimiento-de-la-economia-de-rep-dominicana.jpg\",\"width\":500,\"height\":282},{\"@type\":\"BreadcrumbList\",\"@id\":\"https:\\\/\\\/sarmiento24h.com\\\/?p=58851#breadcrumb\",\"itemListElement\":[{\"@type\":\"ListItem\",\"position\":1,\"name\":\"Home\",\"item\":\"https:\\\/\\\/sarmiento24h.com\\\/\"},{\"@type\":\"ListItem\",\"position\":2,\"name\":\"Resalta\u201dbajo crecimiento\u201d de la econom\u00eda de Rep. Dominicana\"}]},{\"@type\":\"WebSite\",\"@id\":\"https:\\\/\\\/sarmiento24h.com\\\/#website\",\"url\":\"https:\\\/\\\/sarmiento24h.com\\\/\",\"name\":\"Sarmiento24h\",\"description\":\"\",\"publisher\":{\"@id\":\"https:\\\/\\\/sarmiento24h.com\\\/#organization\"},\"potentialAction\":[{\"@type\":\"SearchAction\",\"target\":{\"@type\":\"EntryPoint\",\"urlTemplate\":\"https:\\\/\\\/sarmiento24h.com\\\/?s={search_term_string}\"},\"query-input\":{\"@type\":\"PropertyValueSpecification\",\"valueRequired\":true,\"valueName\":\"search_term_string\"}}],\"inLanguage\":\"es\"},{\"@type\":\"Organization\",\"@id\":\"https:\\\/\\\/sarmiento24h.com\\\/#organization\",\"name\":\"Sarmiento24h\",\"url\":\"https:\\\/\\\/sarmiento24h.com\\\/\",\"logo\":{\"@type\":\"ImageObject\",\"inLanguage\":\"es\",\"@id\":\"https:\\\/\\\/sarmiento24h.com\\\/#\\\/schema\\\/logo\\\/image\\\/\",\"url\":\"https:\\\/\\\/sarmiento24h.com\\\/wp-content\\\/uploads\\\/2025\\\/12\\\/AddText_12-16-10.30.52.jpg\",\"contentUrl\":\"https:\\\/\\\/sarmiento24h.com\\\/wp-content\\\/uploads\\\/2025\\\/12\\\/AddText_12-16-10.30.52.jpg\",\"width\":1220,\"height\":324,\"caption\":\"Sarmiento24h\"},\"image\":{\"@id\":\"https:\\\/\\\/sarmiento24h.com\\\/#\\\/schema\\\/logo\\\/image\\\/\"},\"sameAs\":[\"https:\\\/\\\/facebook.com\\\/s24hnoticias\",\"https:\\\/\\\/x.com\\\/sarmiento24h\"]},{\"@type\":\"Person\",\"@id\":\"https:\\\/\\\/sarmiento24h.com\\\/#\\\/schema\\\/person\\\/d653a59725ad629a7e0429af7b939d4d\",\"name\":\"sarmiento24h@gmail.com\",\"image\":{\"@type\":\"ImageObject\",\"inLanguage\":\"es\",\"@id\":\"https:\\\/\\\/sarmiento24h.com\\\/wp-content\\\/litespeed\\\/avatar\\\/d02cbc4e23c747e6659cd45907173c8f.jpg?ver=1777157796\",\"url\":\"https:\\\/\\\/sarmiento24h.com\\\/wp-content\\\/litespeed\\\/avatar\\\/d02cbc4e23c747e6659cd45907173c8f.jpg?ver=1777157796\",\"contentUrl\":\"https:\\\/\\\/sarmiento24h.com\\\/wp-content\\\/litespeed\\\/avatar\\\/d02cbc4e23c747e6659cd45907173c8f.jpg?ver=1777157796\",\"caption\":\"sarmiento24h@gmail.com\"},\"sameAs\":[\"https:\\\/\\\/sarmiento24h.com\"],\"url\":\"https:\\\/\\\/sarmiento24h.com\\\/?author=1\"}]}<\/script>\n<!-- \/ Yoast SEO plugin. -->","yoast_head_json":{"title":"Resalta\u201dbajo crecimiento\u201d de la econom\u00eda de Rep. Dominicana - Sarmiento24h","robots":{"index":"index","follow":"follow","max-snippet":"max-snippet:-1","max-image-preview":"max-image-preview:large","max-video-preview":"max-video-preview:-1"},"canonical":"https:\/\/sarmiento24h.com\/?p=58851","og_locale":"es_ES","og_type":"article","og_title":"Resalta\u201dbajo crecimiento\u201d de la econom\u00eda de Rep. Dominicana - Sarmiento24h","og_description":"Juan Ariel Jim\u00e9nez. SANTO DOMINGO. \u2013 El&#46;&#46;&#46;","og_url":"https:\/\/sarmiento24h.com\/?p=58851","og_site_name":"Sarmiento24h","article_publisher":"https:\/\/facebook.com\/s24hnoticias","article_published_time":"2026-03-13T01:17:11+00:00","og_image":[{"width":500,"height":282,"url":"https:\/\/sarmiento24h.com\/wp-content\/uploads\/2026\/03\/resaltabajo-crecimiento-de-la-economia-de-rep-dominicana.jpg","type":"image\/jpeg"}],"author":"sarmiento24h@gmail.com","twitter_card":"summary_large_image","twitter_creator":"@sarmiento24h","twitter_site":"@sarmiento24h","twitter_misc":{"Escrito por":"sarmiento24h@gmail.com","Tiempo de lectura":"2 minutos"},"schema":{"@context":"https:\/\/schema.org","@graph":[{"@type":"Article","@id":"https:\/\/sarmiento24h.com\/?p=58851#article","isPartOf":{"@id":"https:\/\/sarmiento24h.com\/?p=58851"},"author":{"name":"sarmiento24h@gmail.com","@id":"https:\/\/sarmiento24h.com\/#\/schema\/person\/d653a59725ad629a7e0429af7b939d4d"},"headline":"Resalta\u201dbajo crecimiento\u201d de la econom\u00eda de Rep. Dominicana","datePublished":"2026-03-13T01:17:11+00:00","mainEntityOfPage":{"@id":"https:\/\/sarmiento24h.com\/?p=58851"},"wordCount":356,"publisher":{"@id":"https:\/\/sarmiento24h.com\/#organization"},"image":{"@id":"https:\/\/sarmiento24h.com\/?p=58851#primaryimage"},"thumbnailUrl":"https:\/\/sarmiento24h.com\/wp-content\/uploads\/2026\/03\/resaltabajo-crecimiento-de-la-economia-de-rep-dominicana.jpg","articleSection":["Portada"],"inLanguage":"es"},{"@type":"WebPage","@id":"https:\/\/sarmiento24h.com\/?p=58851","url":"https:\/\/sarmiento24h.com\/?p=58851","name":"Resalta\u201dbajo crecimiento\u201d de la econom\u00eda de Rep. Dominicana - Sarmiento24h","isPartOf":{"@id":"https:\/\/sarmiento24h.com\/#website"},"primaryImageOfPage":{"@id":"https:\/\/sarmiento24h.com\/?p=58851#primaryimage"},"image":{"@id":"https:\/\/sarmiento24h.com\/?p=58851#primaryimage"},"thumbnailUrl":"https:\/\/sarmiento24h.com\/wp-content\/uploads\/2026\/03\/resaltabajo-crecimiento-de-la-economia-de-rep-dominicana.jpg","datePublished":"2026-03-13T01:17:11+00:00","breadcrumb":{"@id":"https:\/\/sarmiento24h.com\/?p=58851#breadcrumb"},"inLanguage":"es","potentialAction":[{"@type":"ReadAction","target":["https:\/\/sarmiento24h.com\/?p=58851"]}]},{"@type":"ImageObject","inLanguage":"es","@id":"https:\/\/sarmiento24h.com\/?p=58851#primaryimage","url":"https:\/\/sarmiento24h.com\/wp-content\/uploads\/2026\/03\/resaltabajo-crecimiento-de-la-economia-de-rep-dominicana.jpg","contentUrl":"https:\/\/sarmiento24h.com\/wp-content\/uploads\/2026\/03\/resaltabajo-crecimiento-de-la-economia-de-rep-dominicana.jpg","width":500,"height":282},{"@type":"BreadcrumbList","@id":"https:\/\/sarmiento24h.com\/?p=58851#breadcrumb","itemListElement":[{"@type":"ListItem","position":1,"name":"Home","item":"https:\/\/sarmiento24h.com\/"},{"@type":"ListItem","position":2,"name":"Resalta\u201dbajo crecimiento\u201d de la econom\u00eda de Rep. Dominicana"}]},{"@type":"WebSite","@id":"https:\/\/sarmiento24h.com\/#website","url":"https:\/\/sarmiento24h.com\/","name":"Sarmiento24h","description":"","publisher":{"@id":"https:\/\/sarmiento24h.com\/#organization"},"potentialAction":[{"@type":"SearchAction","target":{"@type":"EntryPoint","urlTemplate":"https:\/\/sarmiento24h.com\/?s={search_term_string}"},"query-input":{"@type":"PropertyValueSpecification","valueRequired":true,"valueName":"search_term_string"}}],"inLanguage":"es"},{"@type":"Organization","@id":"https:\/\/sarmiento24h.com\/#organization","name":"Sarmiento24h","url":"https:\/\/sarmiento24h.com\/","logo":{"@type":"ImageObject","inLanguage":"es","@id":"https:\/\/sarmiento24h.com\/#\/schema\/logo\/image\/","url":"https:\/\/sarmiento24h.com\/wp-content\/uploads\/2025\/12\/AddText_12-16-10.30.52.jpg","contentUrl":"https:\/\/sarmiento24h.com\/wp-content\/uploads\/2025\/12\/AddText_12-16-10.30.52.jpg","width":1220,"height":324,"caption":"Sarmiento24h"},"image":{"@id":"https:\/\/sarmiento24h.com\/#\/schema\/logo\/image\/"},"sameAs":["https:\/\/facebook.com\/s24hnoticias","https:\/\/x.com\/sarmiento24h"]},{"@type":"Person","@id":"https:\/\/sarmiento24h.com\/#\/schema\/person\/d653a59725ad629a7e0429af7b939d4d","name":"sarmiento24h@gmail.com","image":{"@type":"ImageObject","inLanguage":"es","@id":"https:\/\/sarmiento24h.com\/wp-content\/litespeed\/avatar\/d02cbc4e23c747e6659cd45907173c8f.jpg?ver=1777157796","url":"https:\/\/sarmiento24h.com\/wp-content\/litespeed\/avatar\/d02cbc4e23c747e6659cd45907173c8f.jpg?ver=1777157796","contentUrl":"https:\/\/sarmiento24h.com\/wp-content\/litespeed\/avatar\/d02cbc4e23c747e6659cd45907173c8f.jpg?ver=1777157796","caption":"sarmiento24h@gmail.com"},"sameAs":["https:\/\/sarmiento24h.com"],"url":"https:\/\/sarmiento24h.com\/?author=1"}]}},"jetpack_publicize_connections":[],"jetpack_featured_media_url":"https:\/\/sarmiento24h.com\/wp-content\/uploads\/2026\/03\/resaltabajo-crecimiento-de-la-economia-de-rep-dominicana.jpg","jetpack_sharing_enabled":true,"_links":{"self":[{"href":"https:\/\/sarmiento24h.com\/index.php?rest_route=\/wp\/v2\/posts\/58851","targetHints":{"allow":["GET"]}}],"collection":[{"href":"https:\/\/sarmiento24h.com\/index.php?rest_route=\/wp\/v2\/posts"}],"about":[{"href":"https:\/\/sarmiento24h.com\/index.php?rest_route=\/wp\/v2\/types\/post"}],"author":[{"embeddable":true,"href":"https:\/\/sarmiento24h.com\/index.php?rest_route=\/wp\/v2\/users\/1"}],"replies":[{"embeddable":true,"href":"https:\/\/sarmiento24h.com\/index.php?rest_route=%2Fwp%2Fv2%2Fcomments&post=58851"}],"version-history":[{"count":0,"href":"https:\/\/sarmiento24h.com\/index.php?rest_route=\/wp\/v2\/posts\/58851\/revisions"}],"wp:featuredmedia":[{"embeddable":true,"href":"https:\/\/sarmiento24h.com\/index.php?rest_route=\/wp\/v2\/media\/58852"}],"wp:attachment":[{"href":"https:\/\/sarmiento24h.com\/index.php?rest_route=%2Fwp%2Fv2%2Fmedia&parent=58851"}],"wp:term":[{"taxonomy":"category","embeddable":true,"href":"https:\/\/sarmiento24h.com\/index.php?rest_route=%2Fwp%2Fv2%2Fcategories&post=58851"},{"taxonomy":"post_tag","embeddable":true,"href":"https:\/\/sarmiento24h.com\/index.php?rest_route=%2Fwp%2Fv2%2Ftags&post=58851"}],"curies":[{"name":"wp","href":"https:\/\/api.w.org\/{rel}","templated":true}]}}