{"id":59176,"date":"2026-03-13T05:38:06","date_gmt":"2026-03-13T05:38:06","guid":{"rendered":"http:\/\/almomento.net\/?p=1104769"},"modified":"2026-03-13T05:38:06","modified_gmt":"2026-03-13T05:38:06","slug":"fundacion-anuncia-el-cierre-del-carnaval-manoguayabo-2026","status":"publish","type":"post","link":"https:\/\/sarmiento24h.com\/?p=59176","title":{"rendered":"Fundaci\u00f3n anuncia el cierre del Carnaval Manoguayabo 2026"},"content":{"rendered":"<p><!-- .entry-header --> <\/p>\n<div class=\"img_center\"> <a href=\"https:\/\/sarmiento24h.com\/wp-content\/uploads\/2026\/03\/fundacion-anuncia-el-cierre-del-carnaval-manoguayabo-2026.jpg\" title=\"Fundaci\u00f3n anuncia el cierre del Carnaval Manoguayabo 2026\" data-toggle=\"lightbox\" class=\"thickbox\"><img decoding=\"async\" src=\"https:\/\/sarmiento24h.com\/wp-content\/uploads\/2026\/03\/fundacion-anuncia-el-cierre-del-carnaval-manoguayabo-2026.jpg\" class=\"attachment-post-thumbnail size-post-thumbnail wp-post-image\" alt=\"imagen\" title=\"Fundaci\u00f3n anuncia el cierre del Carnaval Manoguayabo 2026\" data-toggle data-title=\"Fundaci\u00f3n anuncia el cierre del Carnaval Manoguayabo 2026\"><\/a> <\/div>\n<p dir=\"auto\">SANTO DOMINGO OESTE \u2013 La Fundaci\u00f3n Carnaval Manoguayabo Incorporada, instituci\u00f3n dedicada a la preservaci\u00f3n de los valores culturales locales, anuncia oficialmente la celebraci\u00f3n de la vigesimoprimera (XXI) edici\u00f3n del Carnaval Manoguayabo 2026.<\/p>\n<p dir=\"auto\">Este evento, considerado la tradici\u00f3n m\u00e1s bella y esperada por la comunidad de Manoguayabo y sus zonas aleda\u00f1as, se llevar\u00e1 a cabo del jueves 12 al domingo 15 de marzo. Cada a\u00f1o, esta festividad se convierte en el punto de encuentro de los manoguayabenses, quienes viajan desde distintas partes del mundo para reencontrarse con sus ra\u00edces y disfrutar de la explosi\u00f3n de alegr\u00eda que caracteriza a su tierra.<\/p>\n<p dir=\"auto\">La edici\u00f3n XXI rinde un merecido homenaje al destacado cirujano pl\u00e1stico, el Doctor Pablo Grull\u00f3n, a quien se le dedica esta versi\u00f3n por su trayectoria y aportes, mientras que&nbsp; la corte estar\u00e1 encabezada por el Rey Robert Polanco, director general de los Proyectos Estrat\u00e9gicos y Especiales de la Presidencia (Propepp) y la Reina Indira de Jes\u00fas, figuras que representan con orgullo el esp\u00edritu de esta celebraci\u00f3n.<\/p>\n<p dir=\"auto\">C<strong>uatro d\u00edas de pura cultura<\/strong><\/p>\n<p dir=\"auto\">La Fundaci\u00f3n ha dise\u00f1ado un programa diverso que garantiza el disfrute de todas las generaciones: el jueves 12 de marzo \u2013 Noche de Karaoke, un espacio de integraci\u00f3n comunitaria donde el talento local es el protagonista y el viernes 13 de marzo \u2013 Noche Urbana, una cartelera vibrante dise\u00f1ada para el p\u00fablico joven y amante de los ritmos modernos.<\/p>\n<p dir=\"auto\">Asimismo, el s\u00e1bado 14 de marzo \u2013 Noche de Son, una velada dedicada a la elegancia del Son, g\u00e9nero que forma parte esencial de la identidad musical de la zona y el domingo 15 de&nbsp; &nbsp; &nbsp; &nbsp; &nbsp; &nbsp; &nbsp; &nbsp; marzo \u2013 Gran Desfile de Cierre,&nbsp; con el mambero Omega \u201cEl Fuerte\u201d. Adem\u00e1s del despliegue de Carrozas, Comparsas, Personajes Carnavalescos y grupos culturales que llenar\u00e1n las calles de color y creatividad.<\/p>\n<p dir=\"auto\">\u00abEl Carnaval de Manoguayabo es m\u00e1s que un evento; es el coraz\u00f3n de nuestra identidad. Nos llena de orgullo recibir a nuestros hermanos que vienen desde el extranjero para vivir esta tradici\u00f3n que une a la familia y celebra nuestra historia\u00bb, destac\u00f3 la directiva de la entidad.<\/p>\n<p dir=\"auto\">of-am<\/p>\n<div class=\"heateor_sss_sharing_container heateor_sss_horizontal_sharing\" data-heateor-sss-href=\"https:\/\/almomento.net\/fundacion-anuncia-el-cierre-del-carnaval-manoguayabo-2026\/\">\n<p>Comp\u00e1rtelo en tus redes:<\/p>\n<\/div>\n<p> <!-- 468x60 --><br \/>\n<ins class=\"adsbygoogle\" data-ad-client=\"ca-pub-3511341636159665\" data-ad-slot=\"3538255450\"><\/ins> <!-- .entry-content --> <\/p>\n","protected":false},"excerpt":{"rendered":"<p>SANTO DOMINGO OESTE \u2013 La Fundaci\u00f3n Carnaval&#46;&#46;&#46;<\/p>\n","protected":false},"author":1,"featured_media":59177,"comment_status":"closed","ping_status":"closed","sticky":false,"template":"","format":"standard","meta":{"_jetpack_memberships_contains_paid_content":false,"footnotes":"","jetpack_publicize_message":"","jetpack_publicize_feature_enabled":true,"jetpack_social_post_already_shared":true,"jetpack_social_options":{"image_generator_settings":{"template":"highway","default_image_id":0,"font":"","enabled":false},"version":2}},"categories":[45],"tags":[],"class_list":["post-59176","post","type-post","status-publish","format-standard","has-post-thumbnail","hentry","category-variedades"],"yoast_head":"<!-- This site is optimized with the Yoast SEO plugin v27.3 - https:\/\/yoast.com\/product\/yoast-seo-wordpress\/ -->\n<title>Fundaci\u00f3n anuncia el cierre del Carnaval Manoguayabo 2026 - Sarmiento24h<\/title>\n<meta name=\"robots\" content=\"index, follow, max-snippet:-1, max-image-preview:large, max-video-preview:-1\" \/>\n<link rel=\"canonical\" href=\"https:\/\/sarmiento24h.com\/?p=59176\" \/>\n<meta property=\"og:locale\" content=\"es_ES\" \/>\n<meta property=\"og:type\" content=\"article\" \/>\n<meta property=\"og:title\" content=\"Fundaci\u00f3n anuncia el cierre del Carnaval Manoguayabo 2026 - Sarmiento24h\" \/>\n<meta property=\"og:description\" content=\"SANTO DOMINGO OESTE \u2013 La Fundaci\u00f3n Carnaval&#046;&#046;&#046;\" \/>\n<meta property=\"og:url\" content=\"https:\/\/sarmiento24h.com\/?p=59176\" \/>\n<meta property=\"og:site_name\" content=\"Sarmiento24h\" \/>\n<meta property=\"article:publisher\" content=\"https:\/\/facebook.com\/s24hnoticias\" \/>\n<meta property=\"article:published_time\" content=\"2026-03-13T05:38:06+00:00\" \/>\n<meta property=\"og:image\" content=\"https:\/\/sarmiento24h.com\/wp-content\/uploads\/2026\/03\/fundacion-anuncia-el-cierre-del-carnaval-manoguayabo-2026.jpg\" \/>\n\t<meta property=\"og:image:width\" content=\"640\" \/>\n\t<meta property=\"og:image:height\" content=\"384\" \/>\n\t<meta property=\"og:image:type\" content=\"image\/jpeg\" \/>\n<meta name=\"author\" content=\"sarmiento24h@gmail.com\" \/>\n<meta name=\"twitter:card\" content=\"summary_large_image\" \/>\n<meta name=\"twitter:creator\" content=\"@sarmiento24h\" \/>\n<meta name=\"twitter:site\" content=\"@sarmiento24h\" \/>\n<meta name=\"twitter:label1\" content=\"Escrito por\" \/>\n\t<meta name=\"twitter:data1\" content=\"sarmiento24h@gmail.com\" \/>\n\t<meta name=\"twitter:label2\" content=\"Tiempo de lectura\" \/>\n\t<meta name=\"twitter:data2\" content=\"2 minutos\" \/>\n<script type=\"application\/ld+json\" class=\"yoast-schema-graph\">{\"@context\":\"https:\\\/\\\/schema.org\",\"@graph\":[{\"@type\":\"Article\",\"@id\":\"https:\\\/\\\/sarmiento24h.com\\\/?p=59176#article\",\"isPartOf\":{\"@id\":\"https:\\\/\\\/sarmiento24h.com\\\/?p=59176\"},\"author\":{\"name\":\"sarmiento24h@gmail.com\",\"@id\":\"https:\\\/\\\/sarmiento24h.com\\\/#\\\/schema\\\/person\\\/d653a59725ad629a7e0429af7b939d4d\"},\"headline\":\"Fundaci\u00f3n anuncia el cierre del Carnaval Manoguayabo 2026\",\"datePublished\":\"2026-03-13T05:38:06+00:00\",\"mainEntityOfPage\":{\"@id\":\"https:\\\/\\\/sarmiento24h.com\\\/?p=59176\"},\"wordCount\":388,\"publisher\":{\"@id\":\"https:\\\/\\\/sarmiento24h.com\\\/#organization\"},\"image\":{\"@id\":\"https:\\\/\\\/sarmiento24h.com\\\/?p=59176#primaryimage\"},\"thumbnailUrl\":\"https:\\\/\\\/sarmiento24h.com\\\/wp-content\\\/uploads\\\/2026\\\/03\\\/fundacion-anuncia-el-cierre-del-carnaval-manoguayabo-2026.jpg\",\"articleSection\":[\"Variedades\"],\"inLanguage\":\"es\"},{\"@type\":\"WebPage\",\"@id\":\"https:\\\/\\\/sarmiento24h.com\\\/?p=59176\",\"url\":\"https:\\\/\\\/sarmiento24h.com\\\/?p=59176\",\"name\":\"Fundaci\u00f3n anuncia el cierre del Carnaval Manoguayabo 2026 - Sarmiento24h\",\"isPartOf\":{\"@id\":\"https:\\\/\\\/sarmiento24h.com\\\/#website\"},\"primaryImageOfPage\":{\"@id\":\"https:\\\/\\\/sarmiento24h.com\\\/?p=59176#primaryimage\"},\"image\":{\"@id\":\"https:\\\/\\\/sarmiento24h.com\\\/?p=59176#primaryimage\"},\"thumbnailUrl\":\"https:\\\/\\\/sarmiento24h.com\\\/wp-content\\\/uploads\\\/2026\\\/03\\\/fundacion-anuncia-el-cierre-del-carnaval-manoguayabo-2026.jpg\",\"datePublished\":\"2026-03-13T05:38:06+00:00\",\"breadcrumb\":{\"@id\":\"https:\\\/\\\/sarmiento24h.com\\\/?p=59176#breadcrumb\"},\"inLanguage\":\"es\",\"potentialAction\":[{\"@type\":\"ReadAction\",\"target\":[\"https:\\\/\\\/sarmiento24h.com\\\/?p=59176\"]}]},{\"@type\":\"ImageObject\",\"inLanguage\":\"es\",\"@id\":\"https:\\\/\\\/sarmiento24h.com\\\/?p=59176#primaryimage\",\"url\":\"https:\\\/\\\/sarmiento24h.com\\\/wp-content\\\/uploads\\\/2026\\\/03\\\/fundacion-anuncia-el-cierre-del-carnaval-manoguayabo-2026.jpg\",\"contentUrl\":\"https:\\\/\\\/sarmiento24h.com\\\/wp-content\\\/uploads\\\/2026\\\/03\\\/fundacion-anuncia-el-cierre-del-carnaval-manoguayabo-2026.jpg\",\"width\":640,\"height\":384},{\"@type\":\"BreadcrumbList\",\"@id\":\"https:\\\/\\\/sarmiento24h.com\\\/?p=59176#breadcrumb\",\"itemListElement\":[{\"@type\":\"ListItem\",\"position\":1,\"name\":\"Home\",\"item\":\"https:\\\/\\\/sarmiento24h.com\\\/\"},{\"@type\":\"ListItem\",\"position\":2,\"name\":\"Fundaci\u00f3n anuncia el cierre del Carnaval Manoguayabo 2026\"}]},{\"@type\":\"WebSite\",\"@id\":\"https:\\\/\\\/sarmiento24h.com\\\/#website\",\"url\":\"https:\\\/\\\/sarmiento24h.com\\\/\",\"name\":\"Sarmiento24h\",\"description\":\"\",\"publisher\":{\"@id\":\"https:\\\/\\\/sarmiento24h.com\\\/#organization\"},\"potentialAction\":[{\"@type\":\"SearchAction\",\"target\":{\"@type\":\"EntryPoint\",\"urlTemplate\":\"https:\\\/\\\/sarmiento24h.com\\\/?s={search_term_string}\"},\"query-input\":{\"@type\":\"PropertyValueSpecification\",\"valueRequired\":true,\"valueName\":\"search_term_string\"}}],\"inLanguage\":\"es\"},{\"@type\":\"Organization\",\"@id\":\"https:\\\/\\\/sarmiento24h.com\\\/#organization\",\"name\":\"Sarmiento24h\",\"url\":\"https:\\\/\\\/sarmiento24h.com\\\/\",\"logo\":{\"@type\":\"ImageObject\",\"inLanguage\":\"es\",\"@id\":\"https:\\\/\\\/sarmiento24h.com\\\/#\\\/schema\\\/logo\\\/image\\\/\",\"url\":\"https:\\\/\\\/sarmiento24h.com\\\/wp-content\\\/uploads\\\/2025\\\/12\\\/AddText_12-16-10.30.52.jpg\",\"contentUrl\":\"https:\\\/\\\/sarmiento24h.com\\\/wp-content\\\/uploads\\\/2025\\\/12\\\/AddText_12-16-10.30.52.jpg\",\"width\":1220,\"height\":324,\"caption\":\"Sarmiento24h\"},\"image\":{\"@id\":\"https:\\\/\\\/sarmiento24h.com\\\/#\\\/schema\\\/logo\\\/image\\\/\"},\"sameAs\":[\"https:\\\/\\\/facebook.com\\\/s24hnoticias\",\"https:\\\/\\\/x.com\\\/sarmiento24h\"]},{\"@type\":\"Person\",\"@id\":\"https:\\\/\\\/sarmiento24h.com\\\/#\\\/schema\\\/person\\\/d653a59725ad629a7e0429af7b939d4d\",\"name\":\"sarmiento24h@gmail.com\",\"image\":{\"@type\":\"ImageObject\",\"inLanguage\":\"es\",\"@id\":\"https:\\\/\\\/sarmiento24h.com\\\/wp-content\\\/litespeed\\\/avatar\\\/d02cbc4e23c747e6659cd45907173c8f.jpg?ver=1777157796\",\"url\":\"https:\\\/\\\/sarmiento24h.com\\\/wp-content\\\/litespeed\\\/avatar\\\/d02cbc4e23c747e6659cd45907173c8f.jpg?ver=1777157796\",\"contentUrl\":\"https:\\\/\\\/sarmiento24h.com\\\/wp-content\\\/litespeed\\\/avatar\\\/d02cbc4e23c747e6659cd45907173c8f.jpg?ver=1777157796\",\"caption\":\"sarmiento24h@gmail.com\"},\"sameAs\":[\"https:\\\/\\\/sarmiento24h.com\"],\"url\":\"https:\\\/\\\/sarmiento24h.com\\\/?author=1\"}]}<\/script>\n<!-- \/ Yoast SEO plugin. -->","yoast_head_json":{"title":"Fundaci\u00f3n anuncia el cierre del Carnaval Manoguayabo 2026 - Sarmiento24h","robots":{"index":"index","follow":"follow","max-snippet":"max-snippet:-1","max-image-preview":"max-image-preview:large","max-video-preview":"max-video-preview:-1"},"canonical":"https:\/\/sarmiento24h.com\/?p=59176","og_locale":"es_ES","og_type":"article","og_title":"Fundaci\u00f3n anuncia el cierre del Carnaval Manoguayabo 2026 - Sarmiento24h","og_description":"SANTO DOMINGO OESTE \u2013 La Fundaci\u00f3n Carnaval&#46;&#46;&#46;","og_url":"https:\/\/sarmiento24h.com\/?p=59176","og_site_name":"Sarmiento24h","article_publisher":"https:\/\/facebook.com\/s24hnoticias","article_published_time":"2026-03-13T05:38:06+00:00","og_image":[{"width":640,"height":384,"url":"https:\/\/sarmiento24h.com\/wp-content\/uploads\/2026\/03\/fundacion-anuncia-el-cierre-del-carnaval-manoguayabo-2026.jpg","type":"image\/jpeg"}],"author":"sarmiento24h@gmail.com","twitter_card":"summary_large_image","twitter_creator":"@sarmiento24h","twitter_site":"@sarmiento24h","twitter_misc":{"Escrito por":"sarmiento24h@gmail.com","Tiempo de lectura":"2 minutos"},"schema":{"@context":"https:\/\/schema.org","@graph":[{"@type":"Article","@id":"https:\/\/sarmiento24h.com\/?p=59176#article","isPartOf":{"@id":"https:\/\/sarmiento24h.com\/?p=59176"},"author":{"name":"sarmiento24h@gmail.com","@id":"https:\/\/sarmiento24h.com\/#\/schema\/person\/d653a59725ad629a7e0429af7b939d4d"},"headline":"Fundaci\u00f3n anuncia el cierre del Carnaval Manoguayabo 2026","datePublished":"2026-03-13T05:38:06+00:00","mainEntityOfPage":{"@id":"https:\/\/sarmiento24h.com\/?p=59176"},"wordCount":388,"publisher":{"@id":"https:\/\/sarmiento24h.com\/#organization"},"image":{"@id":"https:\/\/sarmiento24h.com\/?p=59176#primaryimage"},"thumbnailUrl":"https:\/\/sarmiento24h.com\/wp-content\/uploads\/2026\/03\/fundacion-anuncia-el-cierre-del-carnaval-manoguayabo-2026.jpg","articleSection":["Variedades"],"inLanguage":"es"},{"@type":"WebPage","@id":"https:\/\/sarmiento24h.com\/?p=59176","url":"https:\/\/sarmiento24h.com\/?p=59176","name":"Fundaci\u00f3n anuncia el cierre del Carnaval Manoguayabo 2026 - Sarmiento24h","isPartOf":{"@id":"https:\/\/sarmiento24h.com\/#website"},"primaryImageOfPage":{"@id":"https:\/\/sarmiento24h.com\/?p=59176#primaryimage"},"image":{"@id":"https:\/\/sarmiento24h.com\/?p=59176#primaryimage"},"thumbnailUrl":"https:\/\/sarmiento24h.com\/wp-content\/uploads\/2026\/03\/fundacion-anuncia-el-cierre-del-carnaval-manoguayabo-2026.jpg","datePublished":"2026-03-13T05:38:06+00:00","breadcrumb":{"@id":"https:\/\/sarmiento24h.com\/?p=59176#breadcrumb"},"inLanguage":"es","potentialAction":[{"@type":"ReadAction","target":["https:\/\/sarmiento24h.com\/?p=59176"]}]},{"@type":"ImageObject","inLanguage":"es","@id":"https:\/\/sarmiento24h.com\/?p=59176#primaryimage","url":"https:\/\/sarmiento24h.com\/wp-content\/uploads\/2026\/03\/fundacion-anuncia-el-cierre-del-carnaval-manoguayabo-2026.jpg","contentUrl":"https:\/\/sarmiento24h.com\/wp-content\/uploads\/2026\/03\/fundacion-anuncia-el-cierre-del-carnaval-manoguayabo-2026.jpg","width":640,"height":384},{"@type":"BreadcrumbList","@id":"https:\/\/sarmiento24h.com\/?p=59176#breadcrumb","itemListElement":[{"@type":"ListItem","position":1,"name":"Home","item":"https:\/\/sarmiento24h.com\/"},{"@type":"ListItem","position":2,"name":"Fundaci\u00f3n anuncia el cierre del Carnaval Manoguayabo 2026"}]},{"@type":"WebSite","@id":"https:\/\/sarmiento24h.com\/#website","url":"https:\/\/sarmiento24h.com\/","name":"Sarmiento24h","description":"","publisher":{"@id":"https:\/\/sarmiento24h.com\/#organization"},"potentialAction":[{"@type":"SearchAction","target":{"@type":"EntryPoint","urlTemplate":"https:\/\/sarmiento24h.com\/?s={search_term_string}"},"query-input":{"@type":"PropertyValueSpecification","valueRequired":true,"valueName":"search_term_string"}}],"inLanguage":"es"},{"@type":"Organization","@id":"https:\/\/sarmiento24h.com\/#organization","name":"Sarmiento24h","url":"https:\/\/sarmiento24h.com\/","logo":{"@type":"ImageObject","inLanguage":"es","@id":"https:\/\/sarmiento24h.com\/#\/schema\/logo\/image\/","url":"https:\/\/sarmiento24h.com\/wp-content\/uploads\/2025\/12\/AddText_12-16-10.30.52.jpg","contentUrl":"https:\/\/sarmiento24h.com\/wp-content\/uploads\/2025\/12\/AddText_12-16-10.30.52.jpg","width":1220,"height":324,"caption":"Sarmiento24h"},"image":{"@id":"https:\/\/sarmiento24h.com\/#\/schema\/logo\/image\/"},"sameAs":["https:\/\/facebook.com\/s24hnoticias","https:\/\/x.com\/sarmiento24h"]},{"@type":"Person","@id":"https:\/\/sarmiento24h.com\/#\/schema\/person\/d653a59725ad629a7e0429af7b939d4d","name":"sarmiento24h@gmail.com","image":{"@type":"ImageObject","inLanguage":"es","@id":"https:\/\/sarmiento24h.com\/wp-content\/litespeed\/avatar\/d02cbc4e23c747e6659cd45907173c8f.jpg?ver=1777157796","url":"https:\/\/sarmiento24h.com\/wp-content\/litespeed\/avatar\/d02cbc4e23c747e6659cd45907173c8f.jpg?ver=1777157796","contentUrl":"https:\/\/sarmiento24h.com\/wp-content\/litespeed\/avatar\/d02cbc4e23c747e6659cd45907173c8f.jpg?ver=1777157796","caption":"sarmiento24h@gmail.com"},"sameAs":["https:\/\/sarmiento24h.com"],"url":"https:\/\/sarmiento24h.com\/?author=1"}]}},"jetpack_publicize_connections":[],"jetpack_featured_media_url":"https:\/\/sarmiento24h.com\/wp-content\/uploads\/2026\/03\/fundacion-anuncia-el-cierre-del-carnaval-manoguayabo-2026.jpg","jetpack_sharing_enabled":true,"_links":{"self":[{"href":"https:\/\/sarmiento24h.com\/index.php?rest_route=\/wp\/v2\/posts\/59176","targetHints":{"allow":["GET"]}}],"collection":[{"href":"https:\/\/sarmiento24h.com\/index.php?rest_route=\/wp\/v2\/posts"}],"about":[{"href":"https:\/\/sarmiento24h.com\/index.php?rest_route=\/wp\/v2\/types\/post"}],"author":[{"embeddable":true,"href":"https:\/\/sarmiento24h.com\/index.php?rest_route=\/wp\/v2\/users\/1"}],"replies":[{"embeddable":true,"href":"https:\/\/sarmiento24h.com\/index.php?rest_route=%2Fwp%2Fv2%2Fcomments&post=59176"}],"version-history":[{"count":0,"href":"https:\/\/sarmiento24h.com\/index.php?rest_route=\/wp\/v2\/posts\/59176\/revisions"}],"wp:featuredmedia":[{"embeddable":true,"href":"https:\/\/sarmiento24h.com\/index.php?rest_route=\/wp\/v2\/media\/59177"}],"wp:attachment":[{"href":"https:\/\/sarmiento24h.com\/index.php?rest_route=%2Fwp%2Fv2%2Fmedia&parent=59176"}],"wp:term":[{"taxonomy":"category","embeddable":true,"href":"https:\/\/sarmiento24h.com\/index.php?rest_route=%2Fwp%2Fv2%2Fcategories&post=59176"},{"taxonomy":"post_tag","embeddable":true,"href":"https:\/\/sarmiento24h.com\/index.php?rest_route=%2Fwp%2Fv2%2Ftags&post=59176"}],"curies":[{"name":"wp","href":"https:\/\/api.w.org\/{rel}","templated":true}]}}