{"id":59772,"date":"2026-03-13T12:37:59","date_gmt":"2026-03-13T12:37:59","guid":{"rendered":"http:\/\/almomento.net\/?p=1104926"},"modified":"2026-03-13T12:37:59","modified_gmt":"2026-03-13T12:37:59","slug":"abinader-asiste-inauguracion-feria-agropecuaria-nacional","status":"publish","type":"post","link":"https:\/\/sarmiento24h.com\/?p=59772","title":{"rendered":"Abinader asiste inauguraci\u00f3n Feria Agropecuaria Nacional"},"content":{"rendered":"<p><!-- .entry-header --> <\/p>\n<div class=\"img_center\"> <a href=\"https:\/\/sarmiento24h.com\/wp-content\/uploads\/2026\/03\/abinader-asiste-inauguracion-feria-agropecuaria-nacional.jpg\" title=\"Abinader asiste inauguraci\u00f3n Feria Agropecuaria Nacional\" data-toggle=\"lightbox\" class=\"thickbox\"><img decoding=\"async\" src=\"https:\/\/sarmiento24h.com\/wp-content\/uploads\/2026\/03\/abinader-asiste-inauguracion-feria-agropecuaria-nacional.jpg\" class=\"attachment-post-thumbnail size-post-thumbnail wp-post-image\" alt=\"imagen\" title=\"Abinader asiste inauguraci\u00f3n Feria Agropecuaria Nacional\" data-toggle data-title=\"Abinader asiste inauguraci\u00f3n Feria Agropecuaria Nacional\"><\/a> <\/div>\n<p>SANTO DOMINGO.- El Patronato Nacional de Ganaderos inaugur\u00f3 la 38.\u00aa Feria Agropecuaria Nacional, un evento que cont\u00f3 con la presencia del presidente Luis Abinader y que este a\u00f1o pone especial \u00e9nfasis en la mecanizaci\u00f3n del campo dominicano y en el uso de tecnolog\u00edas para impulsar la productividad del sector agropecuario.<\/p>\n<p>La ceremonia se celebr\u00f3 en la Ciudad Ganadera Julio Antonio Brache Arzeno, donde durante 11 d\u00edas productores, empresas, instituciones y miles de familias dominicanas podr\u00e1n conocer los avances del sector agropecuario, disfrutar de exhibiciones ganaderas, demostraciones de maquinaria agr\u00edcola y diversas actividades educativas y recreativas.<\/p>\n<p><strong>MINISTRO AGRICULTURA&nbsp;<\/strong><\/p>\n<p>El ministro de Agricultura, Francisco Oliverio Espaillat, destac\u00f3 que el sector agropecuario aporta alrededor del 4.5% del PIB y genera m\u00e1s de 365 mil empleos directos y representa cerca del 7% de la poblaci\u00f3n ocupada del pa\u00eds.<\/p>\n<p>Explic\u00f3 que estos avances tambi\u00e9n han contribuido a mejorar los indicadores de seguridad alimentaria del pa\u00eds, reduciendo el \u00edndice de desnutrici\u00f3n y hambre de 8.7% en 2019 a 3.6% en 2025, con la meta de llevarlo a 2.5% para el a\u00f1o 2028, en consonancia con el objetivo presidencial de \u00abHambre Cero al 2028\u00bb.<\/p>\n<p><strong>PRESIDENTE DEL PATRONATO<\/strong><\/p>\n<p>De su lado, el presidente del Patronato Nacional de Ganaderos, Jos\u00e9 Manuel Mall\u00e9n, destac\u00f3 la importancia de la feria como el principal espacio para mostrar el potencial productivo del pa\u00eds.<a href=\"https:\/\/sarmiento24h.com\/wp-content\/uploads\/2026\/03\/abinader-asiste-inauguracion-feria-agropecuaria-nacional-1.jpg\"><img loading=\"lazy\" decoding=\"async\" class=\"wp-image-1104929 alignleft\" src=\"https:\/\/sarmiento24h.com\/wp-content\/uploads\/2026\/03\/abinader-asiste-inauguracion-feria-agropecuaria-nacional-1.jpg\" alt width=\"435\" height=\"290\" srcset=\"https:\/\/sarmiento24h.com\/wp-content\/uploads\/2026\/03\/abinader-asiste-inauguracion-feria-agropecuaria-nacional-1.jpg 2560w, https:\/\/sarmiento24h.com\/wp-content\/uploads\/2026\/03\/abinader-asiste-inauguracion-feria-agropecuaria-nacional-2.jpg 300w, https:\/\/sarmiento24h.com\/wp-content\/uploads\/2026\/03\/abinader-asiste-inauguracion-feria-agropecuaria-nacional-3.jpg 1024w, https:\/\/sarmiento24h.com\/wp-content\/uploads\/2026\/03\/abinader-asiste-inauguracion-feria-agropecuaria-nacional-4.jpg 768w, https:\/\/sarmiento24h.com\/wp-content\/uploads\/2026\/03\/abinader-asiste-inauguracion-feria-agropecuaria-nacional-5.jpg 1536w, https:\/\/sarmiento24h.com\/wp-content\/uploads\/2026\/03\/abinader-asiste-inauguracion-feria-agropecuaria-nacional-6.jpg 2048w, https:\/\/sarmiento24h.com\/wp-content\/uploads\/2026\/03\/abinader-asiste-inauguracion-feria-agropecuaria-nacional-7.jpg 143w, https:\/\/sarmiento24h.com\/wp-content\/uploads\/2026\/03\/abinader-asiste-inauguracion-feria-agropecuaria-nacional-8.jpg 375w\" sizes=\"auto, (max-width: 435px) 100vw, 435px\"><\/a><\/p>\n<p>\u201cLa Feria Agropecuaria Nacional es la principal vitrina del campo dominicano y un punto de encuentro entre productores, empresarios, instituciones y la sociedad. Aqu\u00ed se exhiben los avances del sector y las oportunidades para continuar fortaleciendo la producci\u00f3n nacional\u201d, expres\u00f3.<\/p>\n<p><strong>DEVELACION TARJA&nbsp;<\/strong><\/p>\n<p>Uno de los momentos m\u00e1s significativos de la inauguraci\u00f3n fue la develaci\u00f3n de una tarja en honor al empresario y ganadero dominicano Julio Antonio Brache Arzeno, cuyo nombre lleva la Ciudad Ganadera, en reconocimiento a su legado y a su contribuci\u00f3n al desarrollo del sector ganadero nacional.<\/p>\n<p>La edici\u00f3n de este a\u00f1o cuenta adem\u00e1s con Corea como pa\u00eds invitado, naci\u00f3n reconocida por su liderazgo en innovaci\u00f3n tecnol\u00f3gica y agricultura inteligente, lo que permitir\u00e1 fortalecer el intercambio de conocimientos y experiencias para la modernizaci\u00f3n del agro dominicano.<\/p>\n<p><strong>ONCE DIAS DE FERIA&nbsp;<\/strong><\/p>\n<p>Durante los once d\u00edas de feria, los visitantes podr\u00e1n disfrutar de exhibiciones de razas bovinas de alto nivel gen\u00e9tico, demostraciones de maquinaria agr\u00edcola, muestras de innovaci\u00f3n tecnol\u00f3gica, actividades educativas, espacios gastron\u00f3micos y presentaciones culturales, as\u00ed como \u00e1reas de recreaci\u00f3n para toda la familia.<\/p>\n<p>En esta edici\u00f3n, la feria contar\u00e1 con la participaci\u00f3n de unas 70 fincas, las cuales presentar\u00e1n una diversa muestra de razas y l\u00edneas de producci\u00f3n. La exhibici\u00f3n ganadera reunir\u00e1 a 515 animales bovinos, destacando 278 ejemplares de aptitud lechera, junto a cerca de 400 caprinos y ovinos.<\/p>\n<p>El evento tambi\u00e9n integrar\u00e1 una destacada cartelera ecuestre con 330 caballos que competir\u00e1n en disciplinas como Paso Hig\u00fceyano, Paso Fino, reining y rodeo infantil, una oferta integral dise\u00f1ada para atraer a miles de aficionados y familias durante los fines de semana.<\/p>\n<p>La feria tambi\u00e9n contar\u00e1 con la participaci\u00f3n de empresas del sector agroindustrial, proveedores de insumos e instituciones financieras que ofrecer\u00e1n facilidades de cr\u00e9dito para la adquisici\u00f3n de maquinaria, equipos y ganado, contribuyendo a impulsar la mecanizaci\u00f3n y modernizaci\u00f3n del campo.<\/p>\n<div class=\"heateor_sss_sharing_container heateor_sss_horizontal_sharing\" data-heateor-sss-href=\"https:\/\/almomento.net\/abinader-asiste-inauguracion-feria-agropecuaria-nacional\/\">\n<p>Comp\u00e1rtelo en tus redes:<\/p>\n<\/div>\n<p> <!-- 468x60 --><br \/>\n<ins class=\"adsbygoogle\" data-ad-client=\"ca-pub-3511341636159665\" data-ad-slot=\"3538255450\"><\/ins> <!-- .entry-content --> <\/p>\n","protected":false},"excerpt":{"rendered":"<p>SANTO DOMINGO.- El Patronato Nacional de Ganaderos&#46;&#46;&#46;<\/p>\n","protected":false},"author":1,"featured_media":59773,"comment_status":"closed","ping_status":"closed","sticky":false,"template":"","format":"standard","meta":{"_jetpack_memberships_contains_paid_content":false,"footnotes":"","jetpack_publicize_message":"","jetpack_publicize_feature_enabled":true,"jetpack_social_post_already_shared":true,"jetpack_social_options":{"image_generator_settings":{"template":"highway","default_image_id":0,"font":"","enabled":false},"version":2}},"categories":[69],"tags":[],"class_list":["post-59772","post","type-post","status-publish","format-standard","has-post-thumbnail","hentry","category-portada"],"yoast_head":"<!-- This site is optimized with the Yoast SEO plugin v27.3 - https:\/\/yoast.com\/product\/yoast-seo-wordpress\/ -->\n<title>Abinader asiste inauguraci\u00f3n Feria Agropecuaria Nacional - Sarmiento24h<\/title>\n<meta name=\"robots\" content=\"index, follow, max-snippet:-1, max-image-preview:large, max-video-preview:-1\" \/>\n<link rel=\"canonical\" href=\"https:\/\/sarmiento24h.com\/?p=59772\" \/>\n<meta property=\"og:locale\" content=\"es_ES\" \/>\n<meta property=\"og:type\" content=\"article\" \/>\n<meta property=\"og:title\" content=\"Abinader asiste inauguraci\u00f3n Feria Agropecuaria Nacional - Sarmiento24h\" \/>\n<meta property=\"og:description\" content=\"SANTO DOMINGO.- El Patronato Nacional de Ganaderos&#046;&#046;&#046;\" \/>\n<meta property=\"og:url\" content=\"https:\/\/sarmiento24h.com\/?p=59772\" \/>\n<meta property=\"og:site_name\" content=\"Sarmiento24h\" \/>\n<meta property=\"article:publisher\" content=\"https:\/\/facebook.com\/s24hnoticias\" \/>\n<meta property=\"article:published_time\" content=\"2026-03-13T12:37:59+00:00\" \/>\n<meta property=\"og:image\" content=\"https:\/\/sarmiento24h.com\/wp-content\/uploads\/2026\/03\/abinader-asiste-inauguracion-feria-agropecuaria-nacional.jpg\" \/>\n\t<meta property=\"og:image:width\" content=\"2560\" \/>\n\t<meta property=\"og:image:height\" content=\"1706\" \/>\n\t<meta property=\"og:image:type\" content=\"image\/jpeg\" \/>\n<meta name=\"author\" content=\"sarmiento24h@gmail.com\" \/>\n<meta name=\"twitter:card\" content=\"summary_large_image\" \/>\n<meta name=\"twitter:creator\" content=\"@sarmiento24h\" \/>\n<meta name=\"twitter:site\" content=\"@sarmiento24h\" \/>\n<meta name=\"twitter:label1\" content=\"Escrito por\" \/>\n\t<meta name=\"twitter:data1\" content=\"sarmiento24h@gmail.com\" \/>\n\t<meta name=\"twitter:label2\" content=\"Tiempo de lectura\" \/>\n\t<meta name=\"twitter:data2\" content=\"3 minutos\" \/>\n<script type=\"application\/ld+json\" class=\"yoast-schema-graph\">{\"@context\":\"https:\\\/\\\/schema.org\",\"@graph\":[{\"@type\":\"Article\",\"@id\":\"https:\\\/\\\/sarmiento24h.com\\\/?p=59772#article\",\"isPartOf\":{\"@id\":\"https:\\\/\\\/sarmiento24h.com\\\/?p=59772\"},\"author\":{\"name\":\"sarmiento24h@gmail.com\",\"@id\":\"https:\\\/\\\/sarmiento24h.com\\\/#\\\/schema\\\/person\\\/d653a59725ad629a7e0429af7b939d4d\"},\"headline\":\"Abinader asiste inauguraci\u00f3n Feria Agropecuaria Nacional\",\"datePublished\":\"2026-03-13T12:37:59+00:00\",\"mainEntityOfPage\":{\"@id\":\"https:\\\/\\\/sarmiento24h.com\\\/?p=59772\"},\"wordCount\":575,\"publisher\":{\"@id\":\"https:\\\/\\\/sarmiento24h.com\\\/#organization\"},\"image\":{\"@id\":\"https:\\\/\\\/sarmiento24h.com\\\/?p=59772#primaryimage\"},\"thumbnailUrl\":\"https:\\\/\\\/sarmiento24h.com\\\/wp-content\\\/uploads\\\/2026\\\/03\\\/abinader-asiste-inauguracion-feria-agropecuaria-nacional.jpg\",\"articleSection\":[\"Portada\"],\"inLanguage\":\"es\"},{\"@type\":\"WebPage\",\"@id\":\"https:\\\/\\\/sarmiento24h.com\\\/?p=59772\",\"url\":\"https:\\\/\\\/sarmiento24h.com\\\/?p=59772\",\"name\":\"Abinader asiste inauguraci\u00f3n Feria Agropecuaria Nacional - Sarmiento24h\",\"isPartOf\":{\"@id\":\"https:\\\/\\\/sarmiento24h.com\\\/#website\"},\"primaryImageOfPage\":{\"@id\":\"https:\\\/\\\/sarmiento24h.com\\\/?p=59772#primaryimage\"},\"image\":{\"@id\":\"https:\\\/\\\/sarmiento24h.com\\\/?p=59772#primaryimage\"},\"thumbnailUrl\":\"https:\\\/\\\/sarmiento24h.com\\\/wp-content\\\/uploads\\\/2026\\\/03\\\/abinader-asiste-inauguracion-feria-agropecuaria-nacional.jpg\",\"datePublished\":\"2026-03-13T12:37:59+00:00\",\"breadcrumb\":{\"@id\":\"https:\\\/\\\/sarmiento24h.com\\\/?p=59772#breadcrumb\"},\"inLanguage\":\"es\",\"potentialAction\":[{\"@type\":\"ReadAction\",\"target\":[\"https:\\\/\\\/sarmiento24h.com\\\/?p=59772\"]}]},{\"@type\":\"ImageObject\",\"inLanguage\":\"es\",\"@id\":\"https:\\\/\\\/sarmiento24h.com\\\/?p=59772#primaryimage\",\"url\":\"https:\\\/\\\/sarmiento24h.com\\\/wp-content\\\/uploads\\\/2026\\\/03\\\/abinader-asiste-inauguracion-feria-agropecuaria-nacional.jpg\",\"contentUrl\":\"https:\\\/\\\/sarmiento24h.com\\\/wp-content\\\/uploads\\\/2026\\\/03\\\/abinader-asiste-inauguracion-feria-agropecuaria-nacional.jpg\",\"width\":2560,\"height\":1706},{\"@type\":\"BreadcrumbList\",\"@id\":\"https:\\\/\\\/sarmiento24h.com\\\/?p=59772#breadcrumb\",\"itemListElement\":[{\"@type\":\"ListItem\",\"position\":1,\"name\":\"Home\",\"item\":\"https:\\\/\\\/sarmiento24h.com\\\/\"},{\"@type\":\"ListItem\",\"position\":2,\"name\":\"Abinader asiste inauguraci\u00f3n Feria Agropecuaria Nacional\"}]},{\"@type\":\"WebSite\",\"@id\":\"https:\\\/\\\/sarmiento24h.com\\\/#website\",\"url\":\"https:\\\/\\\/sarmiento24h.com\\\/\",\"name\":\"Sarmiento24h\",\"description\":\"\",\"publisher\":{\"@id\":\"https:\\\/\\\/sarmiento24h.com\\\/#organization\"},\"potentialAction\":[{\"@type\":\"SearchAction\",\"target\":{\"@type\":\"EntryPoint\",\"urlTemplate\":\"https:\\\/\\\/sarmiento24h.com\\\/?s={search_term_string}\"},\"query-input\":{\"@type\":\"PropertyValueSpecification\",\"valueRequired\":true,\"valueName\":\"search_term_string\"}}],\"inLanguage\":\"es\"},{\"@type\":\"Organization\",\"@id\":\"https:\\\/\\\/sarmiento24h.com\\\/#organization\",\"name\":\"Sarmiento24h\",\"url\":\"https:\\\/\\\/sarmiento24h.com\\\/\",\"logo\":{\"@type\":\"ImageObject\",\"inLanguage\":\"es\",\"@id\":\"https:\\\/\\\/sarmiento24h.com\\\/#\\\/schema\\\/logo\\\/image\\\/\",\"url\":\"https:\\\/\\\/sarmiento24h.com\\\/wp-content\\\/uploads\\\/2025\\\/12\\\/AddText_12-16-10.30.52.jpg\",\"contentUrl\":\"https:\\\/\\\/sarmiento24h.com\\\/wp-content\\\/uploads\\\/2025\\\/12\\\/AddText_12-16-10.30.52.jpg\",\"width\":1220,\"height\":324,\"caption\":\"Sarmiento24h\"},\"image\":{\"@id\":\"https:\\\/\\\/sarmiento24h.com\\\/#\\\/schema\\\/logo\\\/image\\\/\"},\"sameAs\":[\"https:\\\/\\\/facebook.com\\\/s24hnoticias\",\"https:\\\/\\\/x.com\\\/sarmiento24h\"]},{\"@type\":\"Person\",\"@id\":\"https:\\\/\\\/sarmiento24h.com\\\/#\\\/schema\\\/person\\\/d653a59725ad629a7e0429af7b939d4d\",\"name\":\"sarmiento24h@gmail.com\",\"image\":{\"@type\":\"ImageObject\",\"inLanguage\":\"es\",\"@id\":\"https:\\\/\\\/sarmiento24h.com\\\/wp-content\\\/litespeed\\\/avatar\\\/d02cbc4e23c747e6659cd45907173c8f.jpg?ver=1777157796\",\"url\":\"https:\\\/\\\/sarmiento24h.com\\\/wp-content\\\/litespeed\\\/avatar\\\/d02cbc4e23c747e6659cd45907173c8f.jpg?ver=1777157796\",\"contentUrl\":\"https:\\\/\\\/sarmiento24h.com\\\/wp-content\\\/litespeed\\\/avatar\\\/d02cbc4e23c747e6659cd45907173c8f.jpg?ver=1777157796\",\"caption\":\"sarmiento24h@gmail.com\"},\"sameAs\":[\"https:\\\/\\\/sarmiento24h.com\"],\"url\":\"https:\\\/\\\/sarmiento24h.com\\\/?author=1\"}]}<\/script>\n<!-- \/ Yoast SEO plugin. -->","yoast_head_json":{"title":"Abinader asiste inauguraci\u00f3n Feria Agropecuaria Nacional - Sarmiento24h","robots":{"index":"index","follow":"follow","max-snippet":"max-snippet:-1","max-image-preview":"max-image-preview:large","max-video-preview":"max-video-preview:-1"},"canonical":"https:\/\/sarmiento24h.com\/?p=59772","og_locale":"es_ES","og_type":"article","og_title":"Abinader asiste inauguraci\u00f3n Feria Agropecuaria Nacional - Sarmiento24h","og_description":"SANTO DOMINGO.- El Patronato Nacional de Ganaderos&#46;&#46;&#46;","og_url":"https:\/\/sarmiento24h.com\/?p=59772","og_site_name":"Sarmiento24h","article_publisher":"https:\/\/facebook.com\/s24hnoticias","article_published_time":"2026-03-13T12:37:59+00:00","og_image":[{"width":2560,"height":1706,"url":"https:\/\/sarmiento24h.com\/wp-content\/uploads\/2026\/03\/abinader-asiste-inauguracion-feria-agropecuaria-nacional.jpg","type":"image\/jpeg"}],"author":"sarmiento24h@gmail.com","twitter_card":"summary_large_image","twitter_creator":"@sarmiento24h","twitter_site":"@sarmiento24h","twitter_misc":{"Escrito por":"sarmiento24h@gmail.com","Tiempo de lectura":"3 minutos"},"schema":{"@context":"https:\/\/schema.org","@graph":[{"@type":"Article","@id":"https:\/\/sarmiento24h.com\/?p=59772#article","isPartOf":{"@id":"https:\/\/sarmiento24h.com\/?p=59772"},"author":{"name":"sarmiento24h@gmail.com","@id":"https:\/\/sarmiento24h.com\/#\/schema\/person\/d653a59725ad629a7e0429af7b939d4d"},"headline":"Abinader asiste inauguraci\u00f3n Feria Agropecuaria Nacional","datePublished":"2026-03-13T12:37:59+00:00","mainEntityOfPage":{"@id":"https:\/\/sarmiento24h.com\/?p=59772"},"wordCount":575,"publisher":{"@id":"https:\/\/sarmiento24h.com\/#organization"},"image":{"@id":"https:\/\/sarmiento24h.com\/?p=59772#primaryimage"},"thumbnailUrl":"https:\/\/sarmiento24h.com\/wp-content\/uploads\/2026\/03\/abinader-asiste-inauguracion-feria-agropecuaria-nacional.jpg","articleSection":["Portada"],"inLanguage":"es"},{"@type":"WebPage","@id":"https:\/\/sarmiento24h.com\/?p=59772","url":"https:\/\/sarmiento24h.com\/?p=59772","name":"Abinader asiste inauguraci\u00f3n Feria Agropecuaria Nacional - Sarmiento24h","isPartOf":{"@id":"https:\/\/sarmiento24h.com\/#website"},"primaryImageOfPage":{"@id":"https:\/\/sarmiento24h.com\/?p=59772#primaryimage"},"image":{"@id":"https:\/\/sarmiento24h.com\/?p=59772#primaryimage"},"thumbnailUrl":"https:\/\/sarmiento24h.com\/wp-content\/uploads\/2026\/03\/abinader-asiste-inauguracion-feria-agropecuaria-nacional.jpg","datePublished":"2026-03-13T12:37:59+00:00","breadcrumb":{"@id":"https:\/\/sarmiento24h.com\/?p=59772#breadcrumb"},"inLanguage":"es","potentialAction":[{"@type":"ReadAction","target":["https:\/\/sarmiento24h.com\/?p=59772"]}]},{"@type":"ImageObject","inLanguage":"es","@id":"https:\/\/sarmiento24h.com\/?p=59772#primaryimage","url":"https:\/\/sarmiento24h.com\/wp-content\/uploads\/2026\/03\/abinader-asiste-inauguracion-feria-agropecuaria-nacional.jpg","contentUrl":"https:\/\/sarmiento24h.com\/wp-content\/uploads\/2026\/03\/abinader-asiste-inauguracion-feria-agropecuaria-nacional.jpg","width":2560,"height":1706},{"@type":"BreadcrumbList","@id":"https:\/\/sarmiento24h.com\/?p=59772#breadcrumb","itemListElement":[{"@type":"ListItem","position":1,"name":"Home","item":"https:\/\/sarmiento24h.com\/"},{"@type":"ListItem","position":2,"name":"Abinader asiste inauguraci\u00f3n Feria Agropecuaria Nacional"}]},{"@type":"WebSite","@id":"https:\/\/sarmiento24h.com\/#website","url":"https:\/\/sarmiento24h.com\/","name":"Sarmiento24h","description":"","publisher":{"@id":"https:\/\/sarmiento24h.com\/#organization"},"potentialAction":[{"@type":"SearchAction","target":{"@type":"EntryPoint","urlTemplate":"https:\/\/sarmiento24h.com\/?s={search_term_string}"},"query-input":{"@type":"PropertyValueSpecification","valueRequired":true,"valueName":"search_term_string"}}],"inLanguage":"es"},{"@type":"Organization","@id":"https:\/\/sarmiento24h.com\/#organization","name":"Sarmiento24h","url":"https:\/\/sarmiento24h.com\/","logo":{"@type":"ImageObject","inLanguage":"es","@id":"https:\/\/sarmiento24h.com\/#\/schema\/logo\/image\/","url":"https:\/\/sarmiento24h.com\/wp-content\/uploads\/2025\/12\/AddText_12-16-10.30.52.jpg","contentUrl":"https:\/\/sarmiento24h.com\/wp-content\/uploads\/2025\/12\/AddText_12-16-10.30.52.jpg","width":1220,"height":324,"caption":"Sarmiento24h"},"image":{"@id":"https:\/\/sarmiento24h.com\/#\/schema\/logo\/image\/"},"sameAs":["https:\/\/facebook.com\/s24hnoticias","https:\/\/x.com\/sarmiento24h"]},{"@type":"Person","@id":"https:\/\/sarmiento24h.com\/#\/schema\/person\/d653a59725ad629a7e0429af7b939d4d","name":"sarmiento24h@gmail.com","image":{"@type":"ImageObject","inLanguage":"es","@id":"https:\/\/sarmiento24h.com\/wp-content\/litespeed\/avatar\/d02cbc4e23c747e6659cd45907173c8f.jpg?ver=1777157796","url":"https:\/\/sarmiento24h.com\/wp-content\/litespeed\/avatar\/d02cbc4e23c747e6659cd45907173c8f.jpg?ver=1777157796","contentUrl":"https:\/\/sarmiento24h.com\/wp-content\/litespeed\/avatar\/d02cbc4e23c747e6659cd45907173c8f.jpg?ver=1777157796","caption":"sarmiento24h@gmail.com"},"sameAs":["https:\/\/sarmiento24h.com"],"url":"https:\/\/sarmiento24h.com\/?author=1"}]}},"jetpack_publicize_connections":[],"jetpack_featured_media_url":"https:\/\/sarmiento24h.com\/wp-content\/uploads\/2026\/03\/abinader-asiste-inauguracion-feria-agropecuaria-nacional.jpg","jetpack_sharing_enabled":true,"_links":{"self":[{"href":"https:\/\/sarmiento24h.com\/index.php?rest_route=\/wp\/v2\/posts\/59772","targetHints":{"allow":["GET"]}}],"collection":[{"href":"https:\/\/sarmiento24h.com\/index.php?rest_route=\/wp\/v2\/posts"}],"about":[{"href":"https:\/\/sarmiento24h.com\/index.php?rest_route=\/wp\/v2\/types\/post"}],"author":[{"embeddable":true,"href":"https:\/\/sarmiento24h.com\/index.php?rest_route=\/wp\/v2\/users\/1"}],"replies":[{"embeddable":true,"href":"https:\/\/sarmiento24h.com\/index.php?rest_route=%2Fwp%2Fv2%2Fcomments&post=59772"}],"version-history":[{"count":0,"href":"https:\/\/sarmiento24h.com\/index.php?rest_route=\/wp\/v2\/posts\/59772\/revisions"}],"wp:featuredmedia":[{"embeddable":true,"href":"https:\/\/sarmiento24h.com\/index.php?rest_route=\/wp\/v2\/media\/59773"}],"wp:attachment":[{"href":"https:\/\/sarmiento24h.com\/index.php?rest_route=%2Fwp%2Fv2%2Fmedia&parent=59772"}],"wp:term":[{"taxonomy":"category","embeddable":true,"href":"https:\/\/sarmiento24h.com\/index.php?rest_route=%2Fwp%2Fv2%2Fcategories&post=59772"},{"taxonomy":"post_tag","embeddable":true,"href":"https:\/\/sarmiento24h.com\/index.php?rest_route=%2Fwp%2Fv2%2Ftags&post=59772"}],"curies":[{"name":"wp","href":"https:\/\/api.w.org\/{rel}","templated":true}]}}