{"id":60325,"date":"2026-03-13T19:56:59","date_gmt":"2026-03-13T19:56:59","guid":{"rendered":"http:\/\/69b44b6f8c696d2879eac86f"},"modified":"2026-03-13T19:56:59","modified_gmt":"2026-03-13T19:56:59","slug":"la-guerra-de-iran-sume-en-el-caos-el-transporte-maritimo-mundial","status":"publish","type":"post","link":"https:\/\/sarmiento24h.com\/?p=60325","title":{"rendered":"La guerra de Ir\u00e1n sume en el caos el transporte mar\u00edtimo mundial"},"content":{"rendered":"<p>Tras a\u00f1os de caos en la cadena de suministro mundial, Ryan Petersen, CEO de la empresa de log\u00edstica Flexport, pens\u00f3 que 2026 podr\u00eda ofrecer un gramo de orden. La pandemia hab\u00eda quedado atr\u00e1s. Los canales de navegaci\u00f3n del Mar Rojo, cerrados debido a la crisis de Gaza, se abr\u00edan por fin.<\/p>\n<p>El Tribunal Supremo anul\u00f3 muchos de <a href=\"https:\/\/es.wired.com\/articulos\/la-mayoria-de-los-aranceles-de-trump-son-ilegales-dice-la-corte-suprema-de-ee-uu\">los aranceles de Donald Trump<\/a>, y algunos clientes de Flexport esperaban reembolsos. Petersen por fin pod\u00eda concentrarse en lo que hab\u00eda identificado como el mayor impulso del a\u00f1o para la empresa: adoptar las \u00faltimas tecnolog\u00edas de IA para que Flexport funcionara de forma m\u00e1s eficiente.<\/p>\n<p>Despu\u00e9s, <a href=\"https:\/\/es.wired.com\/articulos\/iran-advierte-que-podria-atacar-a-las-tecnologicas-de-eu-uu-si-la-guerra-se-extiende\">Estados Unidos e Israel entraron en guerra<\/a> con Ir\u00e1n.<\/p>\n<div class=\"ContentCardEmbedWrapper-hkvhYu kMYDit content-card-embed content-card-embed--stacked\" data-testid=\"ContentCardEmbedWrapper\" readability=\"23.011744966443\">\n<div class=\"ContentCardEmbedImage-bqahne fjmzkP content-card-embed__image\" data-testid=\"ContentCardEmbedImage\"><span class=\"SpanWrapper-kFnjvc eKnjjD responsive-asset\"><picture class=\"ResponsiveImagePicture-jKunQM gjCCFj responsive-image\"><img decoding=\"async\" alt=\"Collage de las gigantes de la tecnolog\u00eda. \" loading=\"lazy\" class=\"ResponsiveImageContainer-dkeESL cQPiWi responsive-image__image\" srcset=\"https:\/\/sarmiento24h.com\/wp-content\/uploads\/2026\/03\/la-guerra-de-iran-sume-en-el-caos-el-transporte-maritimo-mundial-1.jpg,c_limit\/BugTech_LEAD2.jpg 120w, https:\/\/media.es.wired.com\/photos\/69b2f05781df2de06ab207d9\/master\/w_240,c_limit\/BugTech_LEAD2.jpg 240w, https:\/\/media.es.wired.com\/photos\/69b2f05781df2de06ab207d9\/master\/w_320,c_limit\/BugTech_LEAD2.jpg 320w, https:\/\/media.es.wired.com\/photos\/69b2f05781df2de06ab207d9\/master\/w_640,c_limit\/BugTech_LEAD2.jpg 640w\" sizes=\"100vw\" src=\"https:\/\/sarmiento24h.com\/wp-content\/uploads\/2026\/03\/la-guerra-de-iran-sume-en-el-caos-el-transporte-maritimo-mundial.jpg\"><\/picture><\/span><\/div>\n<div class=\"ContentCardEmbedInfo-buyHWH gWLOee\" readability=\"24.781879194631\">\n<div class=\"BaseText-fEwdHD ContentCardEmbedHed-kDKGDs fUtEc dlHXUJ content-card-embed__hed\" data-testid=\"ContentCardEmbedHed\"><a class=\"BaseLink-haTOKm ContentCardEmbedHedLink-iBZsco gAoKdC hhUFQU content-card-embed__hed-link link\" href=\"https:\/\/es.wired.com\/articulos\/iran-advierte-que-podria-atacar-a-las-tecnologicas-de-eu-uu-si-la-guerra-se-extiende\" data-testid=\"ContentCardEmbedHedLink\">Ir\u00e1n advierte que podr\u00eda atacar a las tecnol\u00f3gicas de EE UU si la guerra se extiende<\/a><\/div>\n<p>Empresas como Google, Microsoft y Palantir figuran en la lista de objetivos de los medios de comunicaci\u00f3n iran\u00edes a medida que el conflicto con Israel y Estados Unidos se extiende a la infraestructura digital.<\/p>\n<\/div>\n<\/div>\n<h2>El caos ha vuelto, y nos va a costar caro a todos<\/h2>\n<p>Habl\u00e9 con Petersen esta semana para hacerme una idea de lo mal que est\u00e1n las cosas en la cadena de suministro mundial y lo que esto significa para el negocio de Flexport. Aunque la guerra de Ir\u00e1n causar\u00e1 estragos en los clientes de la compa\u00f1\u00eda, tambi\u00e9n es una oportunidad para demostrar su val\u00eda. Al fin y al cabo, su negocio se basa en el enrutamiento y seguimiento de mercanc\u00edas con tecnolog\u00eda en la nube, improvisando cuando es necesario para llevar las cosas a su destino. Estas habilidades son necesarias cuando <a href=\"https:\/\/es.wired.com\/articulos\/la-guerra-en-iran-dispara-el-precio-del-petroleo-trump-decidira-hasta-donde-llega\">el estrecho de Ormuz<\/a> est\u00e1 en peligro, varios buques han sido atacados esta semana, y los principales <a href=\"https:\/\/es.wired.com\/articulos\/los-15-paises-directamente-afectados-por-la-guerra-contra-iran\">puertos de Oriente Pr\u00f3ximo<\/a> est\u00e1n en el punto de mira.<\/p>\n<p>Pa\u00edses portuarios como Kuwait, Qatar y Emiratos \u00c1rabes Unidos son centros neur\u00e1lgicos para las mercanc\u00edas en tr\u00e1nsito. Una gran compa\u00f1\u00eda naviera dijo a Petersen que no cargar\u00e1 contenedores en buques que pasen por algunos de los principales puertos de Medio Oriente. Si el viaje est\u00e1 en marcha, el contenedor debe dejarse en el siguiente puerto de escala. \u00abAhora, como importador o empresa de transporte de mercanc\u00edas, de repente tienes un contenedor en Francia o T\u00e1nger, y te toca a ti averiguar qu\u00e9 hacer al respecto\u00bb, explica Petersen. No hacer nada significa que la carga acumula gastos de almacenamiento cada vez m\u00e1s elevados. Todos esos costos acaban repercuti\u00e9ndose en los consumidores.<\/p>\n<p>Petersen me cuenta que hace poco que las principales navieras han reanudado el transporte de mercanc\u00edas a trav\u00e9s del Mar Rojo, que se hab\u00eda considerado peligroso debido a los ataques de los Houthi. Ahora eso se ha paralizado a causa de la guerra. La ruta alternativa ha sido un largo rodeo por \u00c1frica. \u00abSube bastante el precio, porque un viaje cuesta m\u00e1s, pero lo m\u00e1s importante es que reduce la oferta: Los barcos hacen menos viajes al a\u00f1o. Hab\u00eda muchas esperanzas de que el regreso a trav\u00e9s del Mar Rojo aumentara la capacidad del mercado y redujera los precios, pero ahora eso est\u00e1 descartado\u00bb, indica Petersen.<\/p>\n<p>Petersen me muestra la situaci\u00f3n activando un programa llamado <a data-offer-url=\"https:\/\/atlas.flexport.com\/\" class=\"external-link\" data-event-click=\"{&quot;element&quot;:&quot;ExternalLink&quot;,&quot;outgoingURL&quot;:&quot;https:\/\/atlas.flexport.com\/&quot;}\" href=\"https:\/\/atlas.flexport.com\/\" rel=\"nofollow noopener\" target=\"_blank\">Atlas<\/a>, que rastrea el movimiento de los buques portacontenedores en tiempo real. Casualmente, Flexport lanz\u00f3 Atlas dos d\u00edas antes de que comenzara la guerra. Petersen me advirti\u00f3 que no todas las posiciones son precisas, ya que muchas compa\u00f1\u00edas han apagado los transpondedores de sus buques, o incluso han utilizado m\u00e9todos de alta tecnolog\u00eda para falsificar su ubicaci\u00f3n y evitar ataques. Aun as\u00ed, es evidente que <a href=\"https:\/\/es.wired.com\/articulos\/gasolina-vuelos-transporte-por-que-el-cierre-del-estrecho-de-ormuz-podria-impactar-a-consumidores-de-todo-el-mundo\">el tr\u00e1fico en Medio Oriente<\/a> est\u00e1 paralizado. Petersen mueve el cursor sobre un grupo de barcos que se congregan alrededor del puerto emirat\u00ed de Jebel Ali, cerca del estrecho de Ormuz. Parece el atasco de tr\u00e1fico del principio de <em>La La Land<\/em>. \u00abEstos barcos han estado estancados en esta zona. Normalmente no se ven tantos agrupados aqu\u00ed\u00bb, dice.<\/p>\n","protected":false},"excerpt":{"rendered":"<p>Tras a\u00f1os de caos en la cadena&#46;&#46;&#46;<\/p>\n","protected":false},"author":1,"featured_media":60326,"comment_status":"closed","ping_status":"closed","sticky":false,"template":"","format":"standard","meta":{"_jetpack_memberships_contains_paid_content":false,"footnotes":"","jetpack_publicize_message":"","jetpack_publicize_feature_enabled":true,"jetpack_social_post_already_shared":true,"jetpack_social_options":{"image_generator_settings":{"template":"highway","default_image_id":0,"font":"","enabled":false},"version":2}},"categories":[46],"tags":[],"class_list":["post-60325","post","type-post","status-publish","format-standard","has-post-thumbnail","hentry","category-tecnologia"],"yoast_head":"<!-- This site is optimized with the Yoast SEO plugin v27.3 - https:\/\/yoast.com\/product\/yoast-seo-wordpress\/ -->\n<title>La guerra de Ir\u00e1n sume en el caos el transporte mar\u00edtimo mundial - Sarmiento24h<\/title>\n<meta name=\"robots\" content=\"index, follow, max-snippet:-1, max-image-preview:large, max-video-preview:-1\" \/>\n<link rel=\"canonical\" href=\"https:\/\/sarmiento24h.com\/?p=60325\" \/>\n<meta property=\"og:locale\" content=\"es_ES\" \/>\n<meta property=\"og:type\" content=\"article\" \/>\n<meta property=\"og:title\" content=\"La guerra de Ir\u00e1n sume en el caos el transporte mar\u00edtimo mundial - Sarmiento24h\" \/>\n<meta property=\"og:description\" content=\"Tras a\u00f1os de caos en la cadena&#046;&#046;&#046;\" \/>\n<meta property=\"og:url\" content=\"https:\/\/sarmiento24h.com\/?p=60325\" \/>\n<meta property=\"og:site_name\" content=\"Sarmiento24h\" \/>\n<meta property=\"article:publisher\" content=\"https:\/\/facebook.com\/s24hnoticias\" \/>\n<meta property=\"article:published_time\" content=\"2026-03-13T19:56:59+00:00\" \/>\n<meta property=\"og:image\" content=\"https:\/\/sarmiento24h.com\/wp-content\/uploads\/2026\/03\/la-guerra-de-iran-sume-en-el-caos-el-transporte-maritimo-mundial.jpg\" \/>\n\t<meta property=\"og:image:width\" content=\"775\" \/>\n\t<meta property=\"og:image:height\" content=\"581\" \/>\n\t<meta property=\"og:image:type\" content=\"image\/jpeg\" \/>\n<meta name=\"author\" content=\"sarmiento24h@gmail.com\" \/>\n<meta name=\"twitter:card\" content=\"summary_large_image\" \/>\n<meta name=\"twitter:creator\" content=\"@sarmiento24h\" \/>\n<meta name=\"twitter:site\" content=\"@sarmiento24h\" \/>\n<meta name=\"twitter:label1\" content=\"Escrito por\" \/>\n\t<meta name=\"twitter:data1\" content=\"sarmiento24h@gmail.com\" \/>\n\t<meta name=\"twitter:label2\" content=\"Tiempo de lectura\" \/>\n\t<meta name=\"twitter:data2\" content=\"3 minutos\" \/>\n<script type=\"application\/ld+json\" class=\"yoast-schema-graph\">{\"@context\":\"https:\\\/\\\/schema.org\",\"@graph\":[{\"@type\":\"Article\",\"@id\":\"https:\\\/\\\/sarmiento24h.com\\\/?p=60325#article\",\"isPartOf\":{\"@id\":\"https:\\\/\\\/sarmiento24h.com\\\/?p=60325\"},\"author\":{\"name\":\"sarmiento24h@gmail.com\",\"@id\":\"https:\\\/\\\/sarmiento24h.com\\\/#\\\/schema\\\/person\\\/d653a59725ad629a7e0429af7b939d4d\"},\"headline\":\"La guerra de Ir\u00e1n sume en el caos el transporte mar\u00edtimo mundial\",\"datePublished\":\"2026-03-13T19:56:59+00:00\",\"mainEntityOfPage\":{\"@id\":\"https:\\\/\\\/sarmiento24h.com\\\/?p=60325\"},\"wordCount\":705,\"publisher\":{\"@id\":\"https:\\\/\\\/sarmiento24h.com\\\/#organization\"},\"image\":{\"@id\":\"https:\\\/\\\/sarmiento24h.com\\\/?p=60325#primaryimage\"},\"thumbnailUrl\":\"https:\\\/\\\/sarmiento24h.com\\\/wp-content\\\/uploads\\\/2026\\\/03\\\/la-guerra-de-iran-sume-en-el-caos-el-transporte-maritimo-mundial.jpg\",\"articleSection\":[\"Tecnologia\"],\"inLanguage\":\"es\"},{\"@type\":\"WebPage\",\"@id\":\"https:\\\/\\\/sarmiento24h.com\\\/?p=60325\",\"url\":\"https:\\\/\\\/sarmiento24h.com\\\/?p=60325\",\"name\":\"La guerra de Ir\u00e1n sume en el caos el transporte mar\u00edtimo mundial - Sarmiento24h\",\"isPartOf\":{\"@id\":\"https:\\\/\\\/sarmiento24h.com\\\/#website\"},\"primaryImageOfPage\":{\"@id\":\"https:\\\/\\\/sarmiento24h.com\\\/?p=60325#primaryimage\"},\"image\":{\"@id\":\"https:\\\/\\\/sarmiento24h.com\\\/?p=60325#primaryimage\"},\"thumbnailUrl\":\"https:\\\/\\\/sarmiento24h.com\\\/wp-content\\\/uploads\\\/2026\\\/03\\\/la-guerra-de-iran-sume-en-el-caos-el-transporte-maritimo-mundial.jpg\",\"datePublished\":\"2026-03-13T19:56:59+00:00\",\"breadcrumb\":{\"@id\":\"https:\\\/\\\/sarmiento24h.com\\\/?p=60325#breadcrumb\"},\"inLanguage\":\"es\",\"potentialAction\":[{\"@type\":\"ReadAction\",\"target\":[\"https:\\\/\\\/sarmiento24h.com\\\/?p=60325\"]}]},{\"@type\":\"ImageObject\",\"inLanguage\":\"es\",\"@id\":\"https:\\\/\\\/sarmiento24h.com\\\/?p=60325#primaryimage\",\"url\":\"https:\\\/\\\/sarmiento24h.com\\\/wp-content\\\/uploads\\\/2026\\\/03\\\/la-guerra-de-iran-sume-en-el-caos-el-transporte-maritimo-mundial.jpg\",\"contentUrl\":\"https:\\\/\\\/sarmiento24h.com\\\/wp-content\\\/uploads\\\/2026\\\/03\\\/la-guerra-de-iran-sume-en-el-caos-el-transporte-maritimo-mundial.jpg\",\"width\":775,\"height\":581},{\"@type\":\"BreadcrumbList\",\"@id\":\"https:\\\/\\\/sarmiento24h.com\\\/?p=60325#breadcrumb\",\"itemListElement\":[{\"@type\":\"ListItem\",\"position\":1,\"name\":\"Home\",\"item\":\"https:\\\/\\\/sarmiento24h.com\\\/\"},{\"@type\":\"ListItem\",\"position\":2,\"name\":\"La guerra de Ir\u00e1n sume en el caos el transporte mar\u00edtimo mundial\"}]},{\"@type\":\"WebSite\",\"@id\":\"https:\\\/\\\/sarmiento24h.com\\\/#website\",\"url\":\"https:\\\/\\\/sarmiento24h.com\\\/\",\"name\":\"Sarmiento24h\",\"description\":\"\",\"publisher\":{\"@id\":\"https:\\\/\\\/sarmiento24h.com\\\/#organization\"},\"potentialAction\":[{\"@type\":\"SearchAction\",\"target\":{\"@type\":\"EntryPoint\",\"urlTemplate\":\"https:\\\/\\\/sarmiento24h.com\\\/?s={search_term_string}\"},\"query-input\":{\"@type\":\"PropertyValueSpecification\",\"valueRequired\":true,\"valueName\":\"search_term_string\"}}],\"inLanguage\":\"es\"},{\"@type\":\"Organization\",\"@id\":\"https:\\\/\\\/sarmiento24h.com\\\/#organization\",\"name\":\"Sarmiento24h\",\"url\":\"https:\\\/\\\/sarmiento24h.com\\\/\",\"logo\":{\"@type\":\"ImageObject\",\"inLanguage\":\"es\",\"@id\":\"https:\\\/\\\/sarmiento24h.com\\\/#\\\/schema\\\/logo\\\/image\\\/\",\"url\":\"https:\\\/\\\/sarmiento24h.com\\\/wp-content\\\/uploads\\\/2025\\\/12\\\/AddText_12-16-10.30.52.jpg\",\"contentUrl\":\"https:\\\/\\\/sarmiento24h.com\\\/wp-content\\\/uploads\\\/2025\\\/12\\\/AddText_12-16-10.30.52.jpg\",\"width\":1220,\"height\":324,\"caption\":\"Sarmiento24h\"},\"image\":{\"@id\":\"https:\\\/\\\/sarmiento24h.com\\\/#\\\/schema\\\/logo\\\/image\\\/\"},\"sameAs\":[\"https:\\\/\\\/facebook.com\\\/s24hnoticias\",\"https:\\\/\\\/x.com\\\/sarmiento24h\"]},{\"@type\":\"Person\",\"@id\":\"https:\\\/\\\/sarmiento24h.com\\\/#\\\/schema\\\/person\\\/d653a59725ad629a7e0429af7b939d4d\",\"name\":\"sarmiento24h@gmail.com\",\"image\":{\"@type\":\"ImageObject\",\"inLanguage\":\"es\",\"@id\":\"https:\\\/\\\/sarmiento24h.com\\\/wp-content\\\/litespeed\\\/avatar\\\/d02cbc4e23c747e6659cd45907173c8f.jpg?ver=1777157796\",\"url\":\"https:\\\/\\\/sarmiento24h.com\\\/wp-content\\\/litespeed\\\/avatar\\\/d02cbc4e23c747e6659cd45907173c8f.jpg?ver=1777157796\",\"contentUrl\":\"https:\\\/\\\/sarmiento24h.com\\\/wp-content\\\/litespeed\\\/avatar\\\/d02cbc4e23c747e6659cd45907173c8f.jpg?ver=1777157796\",\"caption\":\"sarmiento24h@gmail.com\"},\"sameAs\":[\"https:\\\/\\\/sarmiento24h.com\"],\"url\":\"https:\\\/\\\/sarmiento24h.com\\\/?author=1\"}]}<\/script>\n<!-- \/ Yoast SEO plugin. -->","yoast_head_json":{"title":"La guerra de Ir\u00e1n sume en el caos el transporte mar\u00edtimo mundial - Sarmiento24h","robots":{"index":"index","follow":"follow","max-snippet":"max-snippet:-1","max-image-preview":"max-image-preview:large","max-video-preview":"max-video-preview:-1"},"canonical":"https:\/\/sarmiento24h.com\/?p=60325","og_locale":"es_ES","og_type":"article","og_title":"La guerra de Ir\u00e1n sume en el caos el transporte mar\u00edtimo mundial - Sarmiento24h","og_description":"Tras a\u00f1os de caos en la cadena&#46;&#46;&#46;","og_url":"https:\/\/sarmiento24h.com\/?p=60325","og_site_name":"Sarmiento24h","article_publisher":"https:\/\/facebook.com\/s24hnoticias","article_published_time":"2026-03-13T19:56:59+00:00","og_image":[{"width":775,"height":581,"url":"https:\/\/sarmiento24h.com\/wp-content\/uploads\/2026\/03\/la-guerra-de-iran-sume-en-el-caos-el-transporte-maritimo-mundial.jpg","type":"image\/jpeg"}],"author":"sarmiento24h@gmail.com","twitter_card":"summary_large_image","twitter_creator":"@sarmiento24h","twitter_site":"@sarmiento24h","twitter_misc":{"Escrito por":"sarmiento24h@gmail.com","Tiempo de lectura":"3 minutos"},"schema":{"@context":"https:\/\/schema.org","@graph":[{"@type":"Article","@id":"https:\/\/sarmiento24h.com\/?p=60325#article","isPartOf":{"@id":"https:\/\/sarmiento24h.com\/?p=60325"},"author":{"name":"sarmiento24h@gmail.com","@id":"https:\/\/sarmiento24h.com\/#\/schema\/person\/d653a59725ad629a7e0429af7b939d4d"},"headline":"La guerra de Ir\u00e1n sume en el caos el transporte mar\u00edtimo mundial","datePublished":"2026-03-13T19:56:59+00:00","mainEntityOfPage":{"@id":"https:\/\/sarmiento24h.com\/?p=60325"},"wordCount":705,"publisher":{"@id":"https:\/\/sarmiento24h.com\/#organization"},"image":{"@id":"https:\/\/sarmiento24h.com\/?p=60325#primaryimage"},"thumbnailUrl":"https:\/\/sarmiento24h.com\/wp-content\/uploads\/2026\/03\/la-guerra-de-iran-sume-en-el-caos-el-transporte-maritimo-mundial.jpg","articleSection":["Tecnologia"],"inLanguage":"es"},{"@type":"WebPage","@id":"https:\/\/sarmiento24h.com\/?p=60325","url":"https:\/\/sarmiento24h.com\/?p=60325","name":"La guerra de Ir\u00e1n sume en el caos el transporte mar\u00edtimo mundial - Sarmiento24h","isPartOf":{"@id":"https:\/\/sarmiento24h.com\/#website"},"primaryImageOfPage":{"@id":"https:\/\/sarmiento24h.com\/?p=60325#primaryimage"},"image":{"@id":"https:\/\/sarmiento24h.com\/?p=60325#primaryimage"},"thumbnailUrl":"https:\/\/sarmiento24h.com\/wp-content\/uploads\/2026\/03\/la-guerra-de-iran-sume-en-el-caos-el-transporte-maritimo-mundial.jpg","datePublished":"2026-03-13T19:56:59+00:00","breadcrumb":{"@id":"https:\/\/sarmiento24h.com\/?p=60325#breadcrumb"},"inLanguage":"es","potentialAction":[{"@type":"ReadAction","target":["https:\/\/sarmiento24h.com\/?p=60325"]}]},{"@type":"ImageObject","inLanguage":"es","@id":"https:\/\/sarmiento24h.com\/?p=60325#primaryimage","url":"https:\/\/sarmiento24h.com\/wp-content\/uploads\/2026\/03\/la-guerra-de-iran-sume-en-el-caos-el-transporte-maritimo-mundial.jpg","contentUrl":"https:\/\/sarmiento24h.com\/wp-content\/uploads\/2026\/03\/la-guerra-de-iran-sume-en-el-caos-el-transporte-maritimo-mundial.jpg","width":775,"height":581},{"@type":"BreadcrumbList","@id":"https:\/\/sarmiento24h.com\/?p=60325#breadcrumb","itemListElement":[{"@type":"ListItem","position":1,"name":"Home","item":"https:\/\/sarmiento24h.com\/"},{"@type":"ListItem","position":2,"name":"La guerra de Ir\u00e1n sume en el caos el transporte mar\u00edtimo mundial"}]},{"@type":"WebSite","@id":"https:\/\/sarmiento24h.com\/#website","url":"https:\/\/sarmiento24h.com\/","name":"Sarmiento24h","description":"","publisher":{"@id":"https:\/\/sarmiento24h.com\/#organization"},"potentialAction":[{"@type":"SearchAction","target":{"@type":"EntryPoint","urlTemplate":"https:\/\/sarmiento24h.com\/?s={search_term_string}"},"query-input":{"@type":"PropertyValueSpecification","valueRequired":true,"valueName":"search_term_string"}}],"inLanguage":"es"},{"@type":"Organization","@id":"https:\/\/sarmiento24h.com\/#organization","name":"Sarmiento24h","url":"https:\/\/sarmiento24h.com\/","logo":{"@type":"ImageObject","inLanguage":"es","@id":"https:\/\/sarmiento24h.com\/#\/schema\/logo\/image\/","url":"https:\/\/sarmiento24h.com\/wp-content\/uploads\/2025\/12\/AddText_12-16-10.30.52.jpg","contentUrl":"https:\/\/sarmiento24h.com\/wp-content\/uploads\/2025\/12\/AddText_12-16-10.30.52.jpg","width":1220,"height":324,"caption":"Sarmiento24h"},"image":{"@id":"https:\/\/sarmiento24h.com\/#\/schema\/logo\/image\/"},"sameAs":["https:\/\/facebook.com\/s24hnoticias","https:\/\/x.com\/sarmiento24h"]},{"@type":"Person","@id":"https:\/\/sarmiento24h.com\/#\/schema\/person\/d653a59725ad629a7e0429af7b939d4d","name":"sarmiento24h@gmail.com","image":{"@type":"ImageObject","inLanguage":"es","@id":"https:\/\/sarmiento24h.com\/wp-content\/litespeed\/avatar\/d02cbc4e23c747e6659cd45907173c8f.jpg?ver=1777157796","url":"https:\/\/sarmiento24h.com\/wp-content\/litespeed\/avatar\/d02cbc4e23c747e6659cd45907173c8f.jpg?ver=1777157796","contentUrl":"https:\/\/sarmiento24h.com\/wp-content\/litespeed\/avatar\/d02cbc4e23c747e6659cd45907173c8f.jpg?ver=1777157796","caption":"sarmiento24h@gmail.com"},"sameAs":["https:\/\/sarmiento24h.com"],"url":"https:\/\/sarmiento24h.com\/?author=1"}]}},"jetpack_publicize_connections":[],"jetpack_featured_media_url":"https:\/\/sarmiento24h.com\/wp-content\/uploads\/2026\/03\/la-guerra-de-iran-sume-en-el-caos-el-transporte-maritimo-mundial.jpg","jetpack_sharing_enabled":true,"_links":{"self":[{"href":"https:\/\/sarmiento24h.com\/index.php?rest_route=\/wp\/v2\/posts\/60325","targetHints":{"allow":["GET"]}}],"collection":[{"href":"https:\/\/sarmiento24h.com\/index.php?rest_route=\/wp\/v2\/posts"}],"about":[{"href":"https:\/\/sarmiento24h.com\/index.php?rest_route=\/wp\/v2\/types\/post"}],"author":[{"embeddable":true,"href":"https:\/\/sarmiento24h.com\/index.php?rest_route=\/wp\/v2\/users\/1"}],"replies":[{"embeddable":true,"href":"https:\/\/sarmiento24h.com\/index.php?rest_route=%2Fwp%2Fv2%2Fcomments&post=60325"}],"version-history":[{"count":0,"href":"https:\/\/sarmiento24h.com\/index.php?rest_route=\/wp\/v2\/posts\/60325\/revisions"}],"wp:featuredmedia":[{"embeddable":true,"href":"https:\/\/sarmiento24h.com\/index.php?rest_route=\/wp\/v2\/media\/60326"}],"wp:attachment":[{"href":"https:\/\/sarmiento24h.com\/index.php?rest_route=%2Fwp%2Fv2%2Fmedia&parent=60325"}],"wp:term":[{"taxonomy":"category","embeddable":true,"href":"https:\/\/sarmiento24h.com\/index.php?rest_route=%2Fwp%2Fv2%2Fcategories&post=60325"},{"taxonomy":"post_tag","embeddable":true,"href":"https:\/\/sarmiento24h.com\/index.php?rest_route=%2Fwp%2Fv2%2Ftags&post=60325"}],"curies":[{"name":"wp","href":"https:\/\/api.w.org\/{rel}","templated":true}]}}