{"id":60562,"date":"2026-03-13T22:37:20","date_gmt":"2026-03-13T22:37:20","guid":{"rendered":"http:\/\/2ec12638-1f27-11f1-bf9a-0df1bf9d98b2"},"modified":"2026-03-13T22:37:20","modified_gmt":"2026-03-13T22:37:20","slug":"el-nuevo-lider-supremo-de-iran-probablemente-quedo-desfigurado-segun-gobierno-de-estados-unidos","status":"publish","type":"post","link":"https:\/\/sarmiento24h.com\/?p=60562","title":{"rendered":"El nuevo l\u00edder supremo de Ir\u00e1n \u00abprobablemente qued\u00f3 desfigurado\u00bb, seg\u00fan gobierno de Estados Unidos"},"content":{"rendered":"<div><img decoding=\"async\" src=\"https:\/\/sarmiento24h.com\/wp-content\/uploads\/2026\/03\/el-nuevo-lider-supremo-de-iran-probablemente-quedo-desfigurado-segun-gobierno-de-estados-unidos.jpg\" class=\"ff-og-image-inserted\"><\/div>\n<p>El nuevo l\u00edder supremo de <a target=\"_self\" href=\"https:\/\/www.france24.com\/es\/tag\/ir\u00e1n\/\">Ir\u00e1n<\/a>, Mojtaba Jamenei, est\u00e1 herido y probablemente desfigurado, declar\u00f3 el viernes el secretario de Defensa estadounidense, Pete Hegseth, poniendo en duda la capacidad de Jamenei para liderar tras casi dos semanas de ataques estadounidenses e israel\u00edes contra Ir\u00e1n.<\/p>\n<p class=\"a-read-more\"><span class=\"a-read-more__label\">Leer tambi\u00e9n<\/span><a target=\"_self\" href=\"https:\/\/www.france24.com\/es\/medio-oriente\/20260312-el-nuevo-objetivo-de-ee-uu-e-israel-d\u00f3nde-est\u00e1-mojtaba-jamenei-el-nuevo-l\u00edder-supremo-iran\u00ed\" class=\"a-read-more__link\">El nuevo objetivo de EE. UU. e Israel: \u00bfd\u00f3nde est\u00e1 Mojtaba Jamenei, el l\u00edder supremo iran\u00ed?<\/a><\/p>\n<p>Desde su elecci\u00f3n el domingo por una asamblea clerical, Mojtaba Jamenei no ha sido visto por los iran\u00edes, y sus primeras declaraciones se produjeron en un comunicado le\u00eddo por un presentador de la televisi\u00f3n estatal el jueves.<\/p>\n<p>En \u00e9l, prometi\u00f3 mantener cerrado el estrecho de Ormuz e inst\u00f3 a los pa\u00edses vecinos a cerrar las bases estadounidenses en su territorio o arriesgarse a ser atacados por Ir\u00e1n.<\/p>\n<p class=\"a-read-more\"><span class=\"a-read-more__label\">Leer tambi\u00e9n<\/span><a target=\"_self\" href=\"https:\/\/www.france24.com\/es\/video\/20260313-jamenei-dice-que-estrecho-de-ormuz-debe-cerrarse-trump-asegura-que-acabar\u00e1-con-el-r\u00e9gimen-iran\u00ed\" class=\"a-read-more__link\">Jamenei dice que estrecho de Ormuz debe cerrarse; Trump asegura que \u00abacabar\u00e1 con el r\u00e9gimen iran\u00ed\u00bb<\/a><\/p>\n<p>Un funcionario iran\u00ed declar\u00f3 el mi\u00e9rcoles que el reci\u00e9n nombrado l\u00edder supremo result\u00f3 levemente herido, pero que segu\u00eda desempe\u00f1ando sus funciones, despu\u00e9s de que la televisi\u00f3n estatal lo describiera como herido de guerra.<\/p>\n<p>\u201cSabemos que el nuevo l\u00edder, supuestamente no tan supremo, est\u00e1 herido y probablemente desfigurado. Ayer emiti\u00f3 un comunicado. Un comunicado d\u00e9bil, la verdad, pero no hubo voz ni v\u00eddeo. Fue un comunicado escrito\u201d, declar\u00f3 Hegseth en una rueda de prensa.<\/p>\n<p>Seg\u00fan Hegseth, Ir\u00e1n tiene much\u00edsimas c\u00e1maras y grabadoras de voz. \u201c\u00bfPor qu\u00e9 una declaraci\u00f3n escrita? Creo que sabes por qu\u00e9. Su padre est\u00e1 muerto. Tiene miedo, est\u00e1 herido, est\u00e1 huyendo y carece de legitimidad\u201d.<\/p>\n<p><em>Art\u00edculo adaptado de su <a target=\"_self\" href=\"https:\/\/www.france24.com\/en\/middle-east\/20260313-iran-s-new-supreme-leader-likely-disfigured-us-defence-chief-says\">original en ingl\u00e9s*<\/a><\/em><\/p>\n","protected":false},"excerpt":{"rendered":"<p>El nuevo l\u00edder supremo de Ir\u00e1n, Mojtaba&#46;&#46;&#46;<\/p>\n","protected":false},"author":1,"featured_media":60563,"comment_status":"closed","ping_status":"closed","sticky":false,"template":"","format":"standard","meta":{"_jetpack_newsletter_access":"","_jetpack_dont_email_post_to_subs":false,"_jetpack_newsletter_tier_id":0,"_jetpack_memberships_contains_paywalled_content":false,"_jetpack_feature_clip_id":0,"_jetpack_memberships_contains_paid_content":false,"footnotes":"","jetpack_publicize_message":"","jetpack_publicize_feature_enabled":true,"jetpack_social_post_already_shared":true,"jetpack_social_options":{"image_generator_settings":{"template":"highway","default_image_id":0,"font":"","enabled":false},"version":2},"jetpack_post_was_ever_published":false},"categories":[43],"tags":[],"class_list":["post-60562","post","type-post","status-publish","format-standard","has-post-thumbnail","hentry","category-internacionales"],"yoast_head":"<!-- This site is optimized with the Yoast SEO plugin v28.1 - https:\/\/yoast.com\/product\/yoast-seo-wordpress\/ -->\n<title>El nuevo l\u00edder supremo de Ir\u00e1n &quot;probablemente qued\u00f3 desfigurado&quot;, seg\u00fan gobierno de Estados Unidos - Sarmiento24h<\/title>\n<meta name=\"robots\" content=\"index, follow, max-snippet:-1, max-image-preview:large, max-video-preview:-1\" \/>\n<link rel=\"canonical\" href=\"https:\/\/sarmiento24h.com\/?p=60562\" \/>\n<meta property=\"og:locale\" content=\"es_ES\" \/>\n<meta property=\"og:type\" content=\"article\" \/>\n<meta property=\"og:title\" content=\"El nuevo l\u00edder supremo de Ir\u00e1n &quot;probablemente qued\u00f3 desfigurado&quot;, seg\u00fan gobierno de Estados Unidos - Sarmiento24h\" \/>\n<meta property=\"og:description\" content=\"El nuevo l\u00edder supremo de Ir\u00e1n, Mojtaba&#046;&#046;&#046;\" \/>\n<meta property=\"og:url\" content=\"https:\/\/sarmiento24h.com\/?p=60562\" \/>\n<meta property=\"og:site_name\" content=\"Sarmiento24h\" \/>\n<meta property=\"article:publisher\" content=\"https:\/\/facebook.com\/s24hnoticias\" \/>\n<meta property=\"article:published_time\" content=\"2026-03-13T22:37:20+00:00\" \/>\n<meta property=\"og:image\" content=\"https:\/\/sarmiento24h.com\/wp-content\/uploads\/2026\/03\/el-nuevo-lider-supremo-de-iran-probablemente-quedo-desfigurado-segun-gobierno-de-estados-unidos.jpg\" \/>\n\t<meta property=\"og:image:width\" content=\"1280\" \/>\n\t<meta property=\"og:image:height\" content=\"720\" \/>\n\t<meta property=\"og:image:type\" content=\"image\/jpeg\" \/>\n<meta name=\"author\" content=\"sarmiento24h@gmail.com\" \/>\n<meta name=\"twitter:card\" content=\"summary_large_image\" \/>\n<meta name=\"twitter:creator\" content=\"@sarmiento24h\" \/>\n<meta name=\"twitter:site\" content=\"@sarmiento24h\" \/>\n<meta name=\"twitter:label1\" content=\"Escrito por\" \/>\n\t<meta name=\"twitter:data1\" content=\"sarmiento24h@gmail.com\" \/>\n\t<meta name=\"twitter:label2\" content=\"Tiempo de lectura\" \/>\n\t<meta name=\"twitter:data2\" content=\"1 minuto\" \/>\n<script type=\"application\/ld+json\" class=\"yoast-schema-graph\">{\"@context\":\"https:\\\/\\\/schema.org\",\"@graph\":[{\"@type\":\"Article\",\"@id\":\"https:\\\/\\\/sarmiento24h.com\\\/?p=60562#article\",\"isPartOf\":{\"@id\":\"https:\\\/\\\/sarmiento24h.com\\\/?p=60562\"},\"author\":{\"name\":\"sarmiento24h@gmail.com\",\"@id\":\"https:\\\/\\\/sarmiento24h.com\\\/#\\\/schema\\\/person\\\/d653a59725ad629a7e0429af7b939d4d\"},\"headline\":\"El nuevo l\u00edder supremo de Ir\u00e1n \u00abprobablemente qued\u00f3 desfigurado\u00bb, seg\u00fan gobierno de Estados Unidos\",\"datePublished\":\"2026-03-13T22:37:20+00:00\",\"mainEntityOfPage\":{\"@id\":\"https:\\\/\\\/sarmiento24h.com\\\/?p=60562\"},\"wordCount\":309,\"publisher\":{\"@id\":\"https:\\\/\\\/sarmiento24h.com\\\/#organization\"},\"image\":{\"@id\":\"https:\\\/\\\/sarmiento24h.com\\\/?p=60562#primaryimage\"},\"thumbnailUrl\":\"https:\\\/\\\/sarmiento24h.com\\\/wp-content\\\/uploads\\\/2026\\\/03\\\/el-nuevo-lider-supremo-de-iran-probablemente-quedo-desfigurado-segun-gobierno-de-estados-unidos.jpg\",\"articleSection\":[\"Internacionales\"],\"inLanguage\":\"es\"},{\"@type\":\"WebPage\",\"@id\":\"https:\\\/\\\/sarmiento24h.com\\\/?p=60562\",\"url\":\"https:\\\/\\\/sarmiento24h.com\\\/?p=60562\",\"name\":\"El nuevo l\u00edder supremo de Ir\u00e1n \\\"probablemente qued\u00f3 desfigurado\\\", seg\u00fan gobierno de Estados Unidos - Sarmiento24h\",\"isPartOf\":{\"@id\":\"https:\\\/\\\/sarmiento24h.com\\\/#website\"},\"primaryImageOfPage\":{\"@id\":\"https:\\\/\\\/sarmiento24h.com\\\/?p=60562#primaryimage\"},\"image\":{\"@id\":\"https:\\\/\\\/sarmiento24h.com\\\/?p=60562#primaryimage\"},\"thumbnailUrl\":\"https:\\\/\\\/sarmiento24h.com\\\/wp-content\\\/uploads\\\/2026\\\/03\\\/el-nuevo-lider-supremo-de-iran-probablemente-quedo-desfigurado-segun-gobierno-de-estados-unidos.jpg\",\"datePublished\":\"2026-03-13T22:37:20+00:00\",\"breadcrumb\":{\"@id\":\"https:\\\/\\\/sarmiento24h.com\\\/?p=60562#breadcrumb\"},\"inLanguage\":\"es\",\"potentialAction\":[{\"@type\":\"ReadAction\",\"target\":[\"https:\\\/\\\/sarmiento24h.com\\\/?p=60562\"]}]},{\"@type\":\"ImageObject\",\"inLanguage\":\"es\",\"@id\":\"https:\\\/\\\/sarmiento24h.com\\\/?p=60562#primaryimage\",\"url\":\"https:\\\/\\\/sarmiento24h.com\\\/wp-content\\\/uploads\\\/2026\\\/03\\\/el-nuevo-lider-supremo-de-iran-probablemente-quedo-desfigurado-segun-gobierno-de-estados-unidos.jpg\",\"contentUrl\":\"https:\\\/\\\/sarmiento24h.com\\\/wp-content\\\/uploads\\\/2026\\\/03\\\/el-nuevo-lider-supremo-de-iran-probablemente-quedo-desfigurado-segun-gobierno-de-estados-unidos.jpg\",\"width\":1280,\"height\":720},{\"@type\":\"BreadcrumbList\",\"@id\":\"https:\\\/\\\/sarmiento24h.com\\\/?p=60562#breadcrumb\",\"itemListElement\":[{\"@type\":\"ListItem\",\"position\":1,\"name\":\"Home\",\"item\":\"https:\\\/\\\/sarmiento24h.com\\\/\"},{\"@type\":\"ListItem\",\"position\":2,\"name\":\"El nuevo l\u00edder supremo de Ir\u00e1n \u00abprobablemente qued\u00f3 desfigurado\u00bb, seg\u00fan gobierno de Estados Unidos\"}]},{\"@type\":\"WebSite\",\"@id\":\"https:\\\/\\\/sarmiento24h.com\\\/#website\",\"url\":\"https:\\\/\\\/sarmiento24h.com\\\/\",\"name\":\"Sarmiento24h\",\"description\":\"\",\"publisher\":{\"@id\":\"https:\\\/\\\/sarmiento24h.com\\\/#organization\"},\"potentialAction\":[{\"@type\":\"SearchAction\",\"target\":{\"@type\":\"EntryPoint\",\"urlTemplate\":\"https:\\\/\\\/sarmiento24h.com\\\/?s={search_term_string}\"},\"query-input\":{\"@type\":\"PropertyValueSpecification\",\"valueRequired\":true,\"valueName\":\"search_term_string\"}}],\"inLanguage\":\"es\"},{\"@type\":\"Organization\",\"@id\":\"https:\\\/\\\/sarmiento24h.com\\\/#organization\",\"name\":\"Sarmiento24h\",\"url\":\"https:\\\/\\\/sarmiento24h.com\\\/\",\"logo\":{\"@type\":\"ImageObject\",\"inLanguage\":\"es\",\"@id\":\"https:\\\/\\\/sarmiento24h.com\\\/#\\\/schema\\\/logo\\\/image\\\/\",\"url\":\"https:\\\/\\\/sarmiento24h.com\\\/wp-content\\\/uploads\\\/2025\\\/12\\\/AddText_12-16-10.30.52.jpg\",\"contentUrl\":\"https:\\\/\\\/sarmiento24h.com\\\/wp-content\\\/uploads\\\/2025\\\/12\\\/AddText_12-16-10.30.52.jpg\",\"width\":1220,\"height\":324,\"caption\":\"Sarmiento24h\"},\"image\":{\"@id\":\"https:\\\/\\\/sarmiento24h.com\\\/#\\\/schema\\\/logo\\\/image\\\/\"},\"sameAs\":[\"https:\\\/\\\/facebook.com\\\/s24hnoticias\",\"https:\\\/\\\/x.com\\\/sarmiento24h\"]},{\"@type\":\"Person\",\"@id\":\"https:\\\/\\\/sarmiento24h.com\\\/#\\\/schema\\\/person\\\/d653a59725ad629a7e0429af7b939d4d\",\"name\":\"sarmiento24h@gmail.com\",\"image\":{\"@type\":\"ImageObject\",\"inLanguage\":\"es\",\"@id\":\"https:\\\/\\\/sarmiento24h.com\\\/wp-content\\\/litespeed\\\/avatar\\\/d02cbc4e23c747e6659cd45907173c8f.jpg?ver=1788047690\",\"url\":\"https:\\\/\\\/sarmiento24h.com\\\/wp-content\\\/litespeed\\\/avatar\\\/d02cbc4e23c747e6659cd45907173c8f.jpg?ver=1788047690\",\"contentUrl\":\"https:\\\/\\\/sarmiento24h.com\\\/wp-content\\\/litespeed\\\/avatar\\\/d02cbc4e23c747e6659cd45907173c8f.jpg?ver=1788047690\",\"caption\":\"sarmiento24h@gmail.com\"},\"sameAs\":[\"https:\\\/\\\/sarmiento24h.com\"],\"url\":\"https:\\\/\\\/sarmiento24h.com\\\/?author=1\"}]}<\/script>\n<!-- \/ Yoast SEO plugin. -->","yoast_head_json":{"title":"El nuevo l\u00edder supremo de Ir\u00e1n \"probablemente qued\u00f3 desfigurado\", seg\u00fan gobierno de Estados Unidos - Sarmiento24h","robots":{"index":"index","follow":"follow","max-snippet":"max-snippet:-1","max-image-preview":"max-image-preview:large","max-video-preview":"max-video-preview:-1"},"canonical":"https:\/\/sarmiento24h.com\/?p=60562","og_locale":"es_ES","og_type":"article","og_title":"El nuevo l\u00edder supremo de Ir\u00e1n \"probablemente qued\u00f3 desfigurado\", seg\u00fan gobierno de Estados Unidos - Sarmiento24h","og_description":"El nuevo l\u00edder supremo de Ir\u00e1n, Mojtaba&#46;&#46;&#46;","og_url":"https:\/\/sarmiento24h.com\/?p=60562","og_site_name":"Sarmiento24h","article_publisher":"https:\/\/facebook.com\/s24hnoticias","article_published_time":"2026-03-13T22:37:20+00:00","og_image":[{"width":1280,"height":720,"url":"https:\/\/sarmiento24h.com\/wp-content\/uploads\/2026\/03\/el-nuevo-lider-supremo-de-iran-probablemente-quedo-desfigurado-segun-gobierno-de-estados-unidos.jpg","type":"image\/jpeg"}],"author":"sarmiento24h@gmail.com","twitter_card":"summary_large_image","twitter_creator":"@sarmiento24h","twitter_site":"@sarmiento24h","twitter_misc":{"Escrito por":"sarmiento24h@gmail.com","Tiempo de lectura":"1 minuto"},"schema":{"@context":"https:\/\/schema.org","@graph":[{"@type":"Article","@id":"https:\/\/sarmiento24h.com\/?p=60562#article","isPartOf":{"@id":"https:\/\/sarmiento24h.com\/?p=60562"},"author":{"name":"sarmiento24h@gmail.com","@id":"https:\/\/sarmiento24h.com\/#\/schema\/person\/d653a59725ad629a7e0429af7b939d4d"},"headline":"El nuevo l\u00edder supremo de Ir\u00e1n \u00abprobablemente qued\u00f3 desfigurado\u00bb, seg\u00fan gobierno de Estados Unidos","datePublished":"2026-03-13T22:37:20+00:00","mainEntityOfPage":{"@id":"https:\/\/sarmiento24h.com\/?p=60562"},"wordCount":309,"publisher":{"@id":"https:\/\/sarmiento24h.com\/#organization"},"image":{"@id":"https:\/\/sarmiento24h.com\/?p=60562#primaryimage"},"thumbnailUrl":"https:\/\/sarmiento24h.com\/wp-content\/uploads\/2026\/03\/el-nuevo-lider-supremo-de-iran-probablemente-quedo-desfigurado-segun-gobierno-de-estados-unidos.jpg","articleSection":["Internacionales"],"inLanguage":"es"},{"@type":"WebPage","@id":"https:\/\/sarmiento24h.com\/?p=60562","url":"https:\/\/sarmiento24h.com\/?p=60562","name":"El nuevo l\u00edder supremo de Ir\u00e1n \"probablemente qued\u00f3 desfigurado\", seg\u00fan gobierno de Estados Unidos - Sarmiento24h","isPartOf":{"@id":"https:\/\/sarmiento24h.com\/#website"},"primaryImageOfPage":{"@id":"https:\/\/sarmiento24h.com\/?p=60562#primaryimage"},"image":{"@id":"https:\/\/sarmiento24h.com\/?p=60562#primaryimage"},"thumbnailUrl":"https:\/\/sarmiento24h.com\/wp-content\/uploads\/2026\/03\/el-nuevo-lider-supremo-de-iran-probablemente-quedo-desfigurado-segun-gobierno-de-estados-unidos.jpg","datePublished":"2026-03-13T22:37:20+00:00","breadcrumb":{"@id":"https:\/\/sarmiento24h.com\/?p=60562#breadcrumb"},"inLanguage":"es","potentialAction":[{"@type":"ReadAction","target":["https:\/\/sarmiento24h.com\/?p=60562"]}]},{"@type":"ImageObject","inLanguage":"es","@id":"https:\/\/sarmiento24h.com\/?p=60562#primaryimage","url":"https:\/\/sarmiento24h.com\/wp-content\/uploads\/2026\/03\/el-nuevo-lider-supremo-de-iran-probablemente-quedo-desfigurado-segun-gobierno-de-estados-unidos.jpg","contentUrl":"https:\/\/sarmiento24h.com\/wp-content\/uploads\/2026\/03\/el-nuevo-lider-supremo-de-iran-probablemente-quedo-desfigurado-segun-gobierno-de-estados-unidos.jpg","width":1280,"height":720},{"@type":"BreadcrumbList","@id":"https:\/\/sarmiento24h.com\/?p=60562#breadcrumb","itemListElement":[{"@type":"ListItem","position":1,"name":"Home","item":"https:\/\/sarmiento24h.com\/"},{"@type":"ListItem","position":2,"name":"El nuevo l\u00edder supremo de Ir\u00e1n \u00abprobablemente qued\u00f3 desfigurado\u00bb, seg\u00fan gobierno de Estados Unidos"}]},{"@type":"WebSite","@id":"https:\/\/sarmiento24h.com\/#website","url":"https:\/\/sarmiento24h.com\/","name":"Sarmiento24h","description":"","publisher":{"@id":"https:\/\/sarmiento24h.com\/#organization"},"potentialAction":[{"@type":"SearchAction","target":{"@type":"EntryPoint","urlTemplate":"https:\/\/sarmiento24h.com\/?s={search_term_string}"},"query-input":{"@type":"PropertyValueSpecification","valueRequired":true,"valueName":"search_term_string"}}],"inLanguage":"es"},{"@type":"Organization","@id":"https:\/\/sarmiento24h.com\/#organization","name":"Sarmiento24h","url":"https:\/\/sarmiento24h.com\/","logo":{"@type":"ImageObject","inLanguage":"es","@id":"https:\/\/sarmiento24h.com\/#\/schema\/logo\/image\/","url":"https:\/\/sarmiento24h.com\/wp-content\/uploads\/2025\/12\/AddText_12-16-10.30.52.jpg","contentUrl":"https:\/\/sarmiento24h.com\/wp-content\/uploads\/2025\/12\/AddText_12-16-10.30.52.jpg","width":1220,"height":324,"caption":"Sarmiento24h"},"image":{"@id":"https:\/\/sarmiento24h.com\/#\/schema\/logo\/image\/"},"sameAs":["https:\/\/facebook.com\/s24hnoticias","https:\/\/x.com\/sarmiento24h"]},{"@type":"Person","@id":"https:\/\/sarmiento24h.com\/#\/schema\/person\/d653a59725ad629a7e0429af7b939d4d","name":"sarmiento24h@gmail.com","image":{"@type":"ImageObject","inLanguage":"es","@id":"https:\/\/sarmiento24h.com\/wp-content\/litespeed\/avatar\/d02cbc4e23c747e6659cd45907173c8f.jpg?ver=1788047690","url":"https:\/\/sarmiento24h.com\/wp-content\/litespeed\/avatar\/d02cbc4e23c747e6659cd45907173c8f.jpg?ver=1788047690","contentUrl":"https:\/\/sarmiento24h.com\/wp-content\/litespeed\/avatar\/d02cbc4e23c747e6659cd45907173c8f.jpg?ver=1788047690","caption":"sarmiento24h@gmail.com"},"sameAs":["https:\/\/sarmiento24h.com"],"url":"https:\/\/sarmiento24h.com\/?author=1"}]}},"jetpack_publicize_connections":[],"jetpack_featured_media_url":"https:\/\/sarmiento24h.com\/wp-content\/uploads\/2026\/03\/el-nuevo-lider-supremo-de-iran-probablemente-quedo-desfigurado-segun-gobierno-de-estados-unidos.jpg","jetpack_sharing_enabled":true,"_links":{"self":[{"href":"https:\/\/sarmiento24h.com\/index.php?rest_route=\/wp\/v2\/posts\/60562","targetHints":{"allow":["GET"]}}],"collection":[{"href":"https:\/\/sarmiento24h.com\/index.php?rest_route=\/wp\/v2\/posts"}],"about":[{"href":"https:\/\/sarmiento24h.com\/index.php?rest_route=\/wp\/v2\/types\/post"}],"author":[{"embeddable":true,"href":"https:\/\/sarmiento24h.com\/index.php?rest_route=\/wp\/v2\/users\/1"}],"replies":[{"embeddable":true,"href":"https:\/\/sarmiento24h.com\/index.php?rest_route=%2Fwp%2Fv2%2Fcomments&post=60562"}],"version-history":[{"count":0,"href":"https:\/\/sarmiento24h.com\/index.php?rest_route=\/wp\/v2\/posts\/60562\/revisions"}],"wp:featuredmedia":[{"embeddable":true,"href":"https:\/\/sarmiento24h.com\/index.php?rest_route=\/wp\/v2\/media\/60563"}],"wp:attachment":[{"href":"https:\/\/sarmiento24h.com\/index.php?rest_route=%2Fwp%2Fv2%2Fmedia&parent=60562"}],"wp:term":[{"taxonomy":"category","embeddable":true,"href":"https:\/\/sarmiento24h.com\/index.php?rest_route=%2Fwp%2Fv2%2Fcategories&post=60562"},{"taxonomy":"post_tag","embeddable":true,"href":"https:\/\/sarmiento24h.com\/index.php?rest_route=%2Fwp%2Fv2%2Ftags&post=60562"}],"curies":[{"name":"wp","href":"https:\/\/api.w.org\/{rel}","templated":true}]}}