{"id":6140,"date":"2026-01-05T14:16:26","date_gmt":"2026-01-05T14:16:26","guid":{"rendered":"http:\/\/almomento.net\/?p=1090004"},"modified":"2026-01-05T14:16:26","modified_gmt":"2026-01-05T14:16:26","slug":"venezuela-calles-calmadas-y-manifestaciones-a-favor-maduro","status":"publish","type":"post","link":"https:\/\/sarmiento24h.com\/?p=6140","title":{"rendered":"VENEZUELA: Calles calmadas y manifestaciones a favor Maduro"},"content":{"rendered":"<p><!-- .entry-header --> <\/p>\n<div class=\"img_center\"> <a href=\"https:\/\/almomento.net\/wp-content\/uploads\/2026\/01\/Untitled-2.jpg\" alt=\"VENEZUELA: Calles calmadas y manifestaciones a favor Maduro\" title=\"VENEZUELA: Calles calmadas y manifestaciones a favor Maduro\" data-toggle=\"lightbox\" class=\"thickbox\"><img decoding=\"async\" src=\"https:\/\/almomento.net\/wp-content\/uploads\/2026\/01\/Untitled-2.jpg\" class=\"attachment-post-thumbnail size-post-thumbnail wp-post-image\" alt=\"imagen\" title=\"VENEZUELA: Calles calmadas y manifestaciones a favor Maduro\" data-toggle data-title=\"VENEZUELA: Calles calmadas y manifestaciones a favor Maduro\"><\/a> <\/div>\n<p class=\"_aupe copyable-text x15bjb6t x1n2onr6\"><span class=\"_aupe copyable-text xkrh14z\">CARACAS.- Tras la conmoci\u00f3n inicial por los bombardeos estadounidenses en la madrugada de este 3 de enero, las calles de Caracas est\u00e1n en calma.<\/span><\/p>\n<p class=\"_aupe copyable-text x15bjb6t x1n2onr6\"><span class=\"_aupe copyable-text xkrh14z\">Los ciudadanos han salido de sus hogares para abastecerse de alimentos y medicinas, as\u00ed como para exigir la liberaci\u00f3n inmediata e incondicional del presidente Nicol\u00e1s Maduro, secuestrado en la v\u00edspera por fuerzas de EE.UU. y trasladado ilegalmente junto con su esposa, Cilia Flores, a la ciudad de Nueva York, para enfrentar un juicio por cargos infundados de narcotr\u00e1fico.<\/span><\/p>\n<p class=\"_aupe copyable-text x15bjb6t x1n2onr6\"><span class=\"_aupe copyable-text xkrh14z\">Del mismo modo, tras la entrada en vigor del Decreto de Conmoci\u00f3n Exterior anunciado en la v\u00edspera por la encargada presidencial \u2013y otrora vicepresidenta\u2013 Delcy Rodr\u00edguez, las milicias populares se han desplegado en distintos puntos de la capital para hacer patrullaje y velar por el control territorial. <\/span><\/p>\n<p class=\"_aupe copyable-text x15bjb6t x1n2onr6\"><strong><span class=\"_aupe copyable-text xkrh14z\">Manifestaciones de apoyo<\/span><\/strong><\/p>\n<p class=\"_aupe copyable-text x15bjb6t x1n2onr6\"><span class=\"_aupe copyable-text xkrh14z\">Este domingo \u2013y en continuaci\u00f3n con lo registrado la jornada anterior\u2013 miles de ciudadanos recorrieron avenidas de Caracas para expresar su respaldo a Maduro, rechazar su secuestro y el de Flores, y exigir su liberaci\u00f3n inmediata. <\/span><\/p>\n<p class=\"_aupe copyable-text x15bjb6t x1n2onr6\"><span class=\"_aupe copyable-text xkrh14z\">En contraste, no se han registrado manifestaciones de apoyo al ala extremista de la oposici\u00f3n, que promovi\u00f3 abiertamente la intervenci\u00f3n militar estadounidense y la imposici\u00f3n de medidas coercitivas unilaterales como mecanismos para expulsar al l\u00edder venezolano del poder y obtener, por esa v\u00eda, el control de la institucionalidad del pa\u00eds bolivariano. <\/span><\/p>\n<p class=\"_aupe copyable-text x15bjb6t x1n2onr6\"><span class=\"_aupe copyable-text xkrh14z\">Trump asegur\u00f3 que la opositora extremista Mar\u00eda Corina Machado no podr\u00e1 asumir el liderazgo de Venezuela, argumentando que \u00abno tiene el apoyo interno ni el respeto dentro del pa\u00eds\u00bb. En su lugar, dijo que podr\u00eda trabajar con la vicepresidenta, Delcy Rodr\u00edguez. <\/span><\/p>\n<p class=\"_aupe copyable-text x15bjb6t x1n2onr6\"><span class=\"_aupe copyable-text xkrh14z\">Despliegue policial y de milicianos<\/span><\/p>\n<p class=\"_aupe copyable-text x15bjb6t x1n2onr6\"><span class=\"_aupe copyable-text xkrh14z\">En zonas del este de la ciudad, como Los Ruices, se observ\u00f3 la presencia de contingentes policiales y de milicianos, movilizados de conformidad con lo contemplado en el decreto de conmoci\u00f3n y las \u00f3rdenes dictadas esta jornada por el ministro de Defensa venezolano, Vladimir Padrino L\u00f3pez.<\/span><\/p>\n<p class=\"_aupe copyable-text x15bjb6t x1n2onr6\"><span class=\"_aupe copyable-text xkrh14z\">La noche del s\u00e1bado, grupos comunitarios reportaron en las redes sociales el paso de caravanas motorizadas de patrullaje en urbanizaciones cercanas al centro hist\u00f3rico de Caracas.<\/span><\/p>\n<p class=\"_aupe copyable-text x15bjb6t x1n2onr6\"><span class=\"_aupe copyable-text xkrh14z\">La medida fue estimada como conveniente por la ciudadan\u00eda en raz\u00f3n del ataque cibern\u00e9tico que sufriera el sistema el\u00e9ctrico venezolano en el contexto de la agresi\u00f3n estadounidense, pues algunas zonas de Caracas estuvieron a oscuras durante gran parte del s\u00e1bado. <\/span><\/p>\n<p class=\"_aupe copyable-text x15bjb6t x1n2onr6\">jt-am<\/p>\n<div class=\"heateor_sss_sharing_container heateor_sss_horizontal_sharing\" data-heateor-sss-href=\"https:\/\/almomento.net\/venezuela-calles-calmadas-y-manifestaciones-a-favor-maduro\/\" readability=\"7\">\n<p>Comp\u00e1rtelo en tus redes:<\/p>\n<\/div>\n<p> <!-- 468x60 --><br \/>\n<ins class=\"adsbygoogle\" data-ad-client=\"ca-pub-3511341636159665\" data-ad-slot=\"3538255450\"><\/ins> <!-- .entry-content --> <\/p>\n","protected":false},"excerpt":{"rendered":"<p>CARACAS.- Tras la conmoci\u00f3n inicial por los&#46;&#46;&#46;<\/p>\n","protected":false},"author":1,"featured_media":6141,"comment_status":"closed","ping_status":"closed","sticky":false,"template":"","format":"standard","meta":{"_jetpack_memberships_contains_paid_content":false,"footnotes":"","jetpack_publicize_message":"","jetpack_publicize_feature_enabled":true,"jetpack_social_post_already_shared":false,"jetpack_social_options":{"image_generator_settings":{"template":"highway","default_image_id":0,"font":"","enabled":false},"version":2}},"categories":[69],"tags":[],"class_list":["post-6140","post","type-post","status-publish","format-standard","has-post-thumbnail","hentry","category-portada"],"yoast_head":"<!-- This site is optimized with the Yoast SEO plugin v27.3 - https:\/\/yoast.com\/product\/yoast-seo-wordpress\/ -->\n<title>VENEZUELA: Calles calmadas y manifestaciones a favor Maduro - Sarmiento24h<\/title>\n<meta name=\"robots\" content=\"index, follow, max-snippet:-1, max-image-preview:large, max-video-preview:-1\" \/>\n<link rel=\"canonical\" href=\"https:\/\/sarmiento24h.com\/?p=6140\" \/>\n<meta property=\"og:locale\" content=\"es_ES\" \/>\n<meta property=\"og:type\" content=\"article\" \/>\n<meta property=\"og:title\" content=\"VENEZUELA: Calles calmadas y manifestaciones a favor Maduro - Sarmiento24h\" \/>\n<meta property=\"og:description\" content=\"CARACAS.- Tras la conmoci\u00f3n inicial por los&#046;&#046;&#046;\" \/>\n<meta property=\"og:url\" content=\"https:\/\/sarmiento24h.com\/?p=6140\" \/>\n<meta property=\"og:site_name\" content=\"Sarmiento24h\" \/>\n<meta property=\"article:publisher\" content=\"https:\/\/facebook.com\/s24hnoticias\" \/>\n<meta property=\"article:published_time\" content=\"2026-01-05T14:16:26+00:00\" \/>\n<meta property=\"og:image\" content=\"https:\/\/sarmiento24h.com\/wp-content\/uploads\/2026\/01\/venezuela-calles-calmadas-y-manifestaciones-a-favor-maduro.jpg\" \/>\n\t<meta property=\"og:image:width\" content=\"600\" \/>\n\t<meta property=\"og:image:height\" content=\"380\" \/>\n\t<meta property=\"og:image:type\" content=\"image\/jpeg\" \/>\n<meta name=\"author\" content=\"sarmiento24h@gmail.com\" \/>\n<meta name=\"twitter:card\" content=\"summary_large_image\" \/>\n<meta name=\"twitter:creator\" content=\"@sarmiento24h\" \/>\n<meta name=\"twitter:site\" content=\"@sarmiento24h\" \/>\n<meta name=\"twitter:label1\" content=\"Escrito por\" \/>\n\t<meta name=\"twitter:data1\" content=\"sarmiento24h@gmail.com\" \/>\n\t<meta name=\"twitter:label2\" content=\"Tiempo de lectura\" \/>\n\t<meta name=\"twitter:data2\" content=\"2 minutos\" \/>\n<script type=\"application\/ld+json\" class=\"yoast-schema-graph\">{\"@context\":\"https:\\\/\\\/schema.org\",\"@graph\":[{\"@type\":\"Article\",\"@id\":\"https:\\\/\\\/sarmiento24h.com\\\/?p=6140#article\",\"isPartOf\":{\"@id\":\"https:\\\/\\\/sarmiento24h.com\\\/?p=6140\"},\"author\":{\"name\":\"sarmiento24h@gmail.com\",\"@id\":\"https:\\\/\\\/sarmiento24h.com\\\/#\\\/schema\\\/person\\\/d653a59725ad629a7e0429af7b939d4d\"},\"headline\":\"VENEZUELA: Calles calmadas y manifestaciones a favor Maduro\",\"datePublished\":\"2026-01-05T14:16:26+00:00\",\"mainEntityOfPage\":{\"@id\":\"https:\\\/\\\/sarmiento24h.com\\\/?p=6140\"},\"wordCount\":423,\"publisher\":{\"@id\":\"https:\\\/\\\/sarmiento24h.com\\\/#organization\"},\"image\":{\"@id\":\"https:\\\/\\\/sarmiento24h.com\\\/?p=6140#primaryimage\"},\"thumbnailUrl\":\"https:\\\/\\\/sarmiento24h.com\\\/wp-content\\\/uploads\\\/2026\\\/01\\\/venezuela-calles-calmadas-y-manifestaciones-a-favor-maduro.jpg\",\"articleSection\":[\"Portada\"],\"inLanguage\":\"es\"},{\"@type\":\"WebPage\",\"@id\":\"https:\\\/\\\/sarmiento24h.com\\\/?p=6140\",\"url\":\"https:\\\/\\\/sarmiento24h.com\\\/?p=6140\",\"name\":\"VENEZUELA: Calles calmadas y manifestaciones a favor Maduro - Sarmiento24h\",\"isPartOf\":{\"@id\":\"https:\\\/\\\/sarmiento24h.com\\\/#website\"},\"primaryImageOfPage\":{\"@id\":\"https:\\\/\\\/sarmiento24h.com\\\/?p=6140#primaryimage\"},\"image\":{\"@id\":\"https:\\\/\\\/sarmiento24h.com\\\/?p=6140#primaryimage\"},\"thumbnailUrl\":\"https:\\\/\\\/sarmiento24h.com\\\/wp-content\\\/uploads\\\/2026\\\/01\\\/venezuela-calles-calmadas-y-manifestaciones-a-favor-maduro.jpg\",\"datePublished\":\"2026-01-05T14:16:26+00:00\",\"breadcrumb\":{\"@id\":\"https:\\\/\\\/sarmiento24h.com\\\/?p=6140#breadcrumb\"},\"inLanguage\":\"es\",\"potentialAction\":[{\"@type\":\"ReadAction\",\"target\":[\"https:\\\/\\\/sarmiento24h.com\\\/?p=6140\"]}]},{\"@type\":\"ImageObject\",\"inLanguage\":\"es\",\"@id\":\"https:\\\/\\\/sarmiento24h.com\\\/?p=6140#primaryimage\",\"url\":\"https:\\\/\\\/sarmiento24h.com\\\/wp-content\\\/uploads\\\/2026\\\/01\\\/venezuela-calles-calmadas-y-manifestaciones-a-favor-maduro.jpg\",\"contentUrl\":\"https:\\\/\\\/sarmiento24h.com\\\/wp-content\\\/uploads\\\/2026\\\/01\\\/venezuela-calles-calmadas-y-manifestaciones-a-favor-maduro.jpg\",\"width\":600,\"height\":380},{\"@type\":\"BreadcrumbList\",\"@id\":\"https:\\\/\\\/sarmiento24h.com\\\/?p=6140#breadcrumb\",\"itemListElement\":[{\"@type\":\"ListItem\",\"position\":1,\"name\":\"Home\",\"item\":\"https:\\\/\\\/sarmiento24h.com\\\/\"},{\"@type\":\"ListItem\",\"position\":2,\"name\":\"VENEZUELA: Calles calmadas y manifestaciones a favor Maduro\"}]},{\"@type\":\"WebSite\",\"@id\":\"https:\\\/\\\/sarmiento24h.com\\\/#website\",\"url\":\"https:\\\/\\\/sarmiento24h.com\\\/\",\"name\":\"Sarmiento24h\",\"description\":\"\",\"publisher\":{\"@id\":\"https:\\\/\\\/sarmiento24h.com\\\/#organization\"},\"potentialAction\":[{\"@type\":\"SearchAction\",\"target\":{\"@type\":\"EntryPoint\",\"urlTemplate\":\"https:\\\/\\\/sarmiento24h.com\\\/?s={search_term_string}\"},\"query-input\":{\"@type\":\"PropertyValueSpecification\",\"valueRequired\":true,\"valueName\":\"search_term_string\"}}],\"inLanguage\":\"es\"},{\"@type\":\"Organization\",\"@id\":\"https:\\\/\\\/sarmiento24h.com\\\/#organization\",\"name\":\"Sarmiento24h\",\"url\":\"https:\\\/\\\/sarmiento24h.com\\\/\",\"logo\":{\"@type\":\"ImageObject\",\"inLanguage\":\"es\",\"@id\":\"https:\\\/\\\/sarmiento24h.com\\\/#\\\/schema\\\/logo\\\/image\\\/\",\"url\":\"https:\\\/\\\/sarmiento24h.com\\\/wp-content\\\/uploads\\\/2025\\\/12\\\/AddText_12-16-10.30.52.jpg\",\"contentUrl\":\"https:\\\/\\\/sarmiento24h.com\\\/wp-content\\\/uploads\\\/2025\\\/12\\\/AddText_12-16-10.30.52.jpg\",\"width\":1220,\"height\":324,\"caption\":\"Sarmiento24h\"},\"image\":{\"@id\":\"https:\\\/\\\/sarmiento24h.com\\\/#\\\/schema\\\/logo\\\/image\\\/\"},\"sameAs\":[\"https:\\\/\\\/facebook.com\\\/s24hnoticias\",\"https:\\\/\\\/x.com\\\/sarmiento24h\"]},{\"@type\":\"Person\",\"@id\":\"https:\\\/\\\/sarmiento24h.com\\\/#\\\/schema\\\/person\\\/d653a59725ad629a7e0429af7b939d4d\",\"name\":\"sarmiento24h@gmail.com\",\"image\":{\"@type\":\"ImageObject\",\"inLanguage\":\"es\",\"@id\":\"https:\\\/\\\/sarmiento24h.com\\\/wp-content\\\/litespeed\\\/avatar\\\/d02cbc4e23c747e6659cd45907173c8f.jpg?ver=1777157796\",\"url\":\"https:\\\/\\\/sarmiento24h.com\\\/wp-content\\\/litespeed\\\/avatar\\\/d02cbc4e23c747e6659cd45907173c8f.jpg?ver=1777157796\",\"contentUrl\":\"https:\\\/\\\/sarmiento24h.com\\\/wp-content\\\/litespeed\\\/avatar\\\/d02cbc4e23c747e6659cd45907173c8f.jpg?ver=1777157796\",\"caption\":\"sarmiento24h@gmail.com\"},\"sameAs\":[\"https:\\\/\\\/sarmiento24h.com\"],\"url\":\"https:\\\/\\\/sarmiento24h.com\\\/?author=1\"}]}<\/script>\n<!-- \/ Yoast SEO plugin. -->","yoast_head_json":{"title":"VENEZUELA: Calles calmadas y manifestaciones a favor Maduro - Sarmiento24h","robots":{"index":"index","follow":"follow","max-snippet":"max-snippet:-1","max-image-preview":"max-image-preview:large","max-video-preview":"max-video-preview:-1"},"canonical":"https:\/\/sarmiento24h.com\/?p=6140","og_locale":"es_ES","og_type":"article","og_title":"VENEZUELA: Calles calmadas y manifestaciones a favor Maduro - Sarmiento24h","og_description":"CARACAS.- Tras la conmoci\u00f3n inicial por los&#46;&#46;&#46;","og_url":"https:\/\/sarmiento24h.com\/?p=6140","og_site_name":"Sarmiento24h","article_publisher":"https:\/\/facebook.com\/s24hnoticias","article_published_time":"2026-01-05T14:16:26+00:00","og_image":[{"width":600,"height":380,"url":"https:\/\/sarmiento24h.com\/wp-content\/uploads\/2026\/01\/venezuela-calles-calmadas-y-manifestaciones-a-favor-maduro.jpg","type":"image\/jpeg"}],"author":"sarmiento24h@gmail.com","twitter_card":"summary_large_image","twitter_creator":"@sarmiento24h","twitter_site":"@sarmiento24h","twitter_misc":{"Escrito por":"sarmiento24h@gmail.com","Tiempo de lectura":"2 minutos"},"schema":{"@context":"https:\/\/schema.org","@graph":[{"@type":"Article","@id":"https:\/\/sarmiento24h.com\/?p=6140#article","isPartOf":{"@id":"https:\/\/sarmiento24h.com\/?p=6140"},"author":{"name":"sarmiento24h@gmail.com","@id":"https:\/\/sarmiento24h.com\/#\/schema\/person\/d653a59725ad629a7e0429af7b939d4d"},"headline":"VENEZUELA: Calles calmadas y manifestaciones a favor Maduro","datePublished":"2026-01-05T14:16:26+00:00","mainEntityOfPage":{"@id":"https:\/\/sarmiento24h.com\/?p=6140"},"wordCount":423,"publisher":{"@id":"https:\/\/sarmiento24h.com\/#organization"},"image":{"@id":"https:\/\/sarmiento24h.com\/?p=6140#primaryimage"},"thumbnailUrl":"https:\/\/sarmiento24h.com\/wp-content\/uploads\/2026\/01\/venezuela-calles-calmadas-y-manifestaciones-a-favor-maduro.jpg","articleSection":["Portada"],"inLanguage":"es"},{"@type":"WebPage","@id":"https:\/\/sarmiento24h.com\/?p=6140","url":"https:\/\/sarmiento24h.com\/?p=6140","name":"VENEZUELA: Calles calmadas y manifestaciones a favor Maduro - Sarmiento24h","isPartOf":{"@id":"https:\/\/sarmiento24h.com\/#website"},"primaryImageOfPage":{"@id":"https:\/\/sarmiento24h.com\/?p=6140#primaryimage"},"image":{"@id":"https:\/\/sarmiento24h.com\/?p=6140#primaryimage"},"thumbnailUrl":"https:\/\/sarmiento24h.com\/wp-content\/uploads\/2026\/01\/venezuela-calles-calmadas-y-manifestaciones-a-favor-maduro.jpg","datePublished":"2026-01-05T14:16:26+00:00","breadcrumb":{"@id":"https:\/\/sarmiento24h.com\/?p=6140#breadcrumb"},"inLanguage":"es","potentialAction":[{"@type":"ReadAction","target":["https:\/\/sarmiento24h.com\/?p=6140"]}]},{"@type":"ImageObject","inLanguage":"es","@id":"https:\/\/sarmiento24h.com\/?p=6140#primaryimage","url":"https:\/\/sarmiento24h.com\/wp-content\/uploads\/2026\/01\/venezuela-calles-calmadas-y-manifestaciones-a-favor-maduro.jpg","contentUrl":"https:\/\/sarmiento24h.com\/wp-content\/uploads\/2026\/01\/venezuela-calles-calmadas-y-manifestaciones-a-favor-maduro.jpg","width":600,"height":380},{"@type":"BreadcrumbList","@id":"https:\/\/sarmiento24h.com\/?p=6140#breadcrumb","itemListElement":[{"@type":"ListItem","position":1,"name":"Home","item":"https:\/\/sarmiento24h.com\/"},{"@type":"ListItem","position":2,"name":"VENEZUELA: Calles calmadas y manifestaciones a favor Maduro"}]},{"@type":"WebSite","@id":"https:\/\/sarmiento24h.com\/#website","url":"https:\/\/sarmiento24h.com\/","name":"Sarmiento24h","description":"","publisher":{"@id":"https:\/\/sarmiento24h.com\/#organization"},"potentialAction":[{"@type":"SearchAction","target":{"@type":"EntryPoint","urlTemplate":"https:\/\/sarmiento24h.com\/?s={search_term_string}"},"query-input":{"@type":"PropertyValueSpecification","valueRequired":true,"valueName":"search_term_string"}}],"inLanguage":"es"},{"@type":"Organization","@id":"https:\/\/sarmiento24h.com\/#organization","name":"Sarmiento24h","url":"https:\/\/sarmiento24h.com\/","logo":{"@type":"ImageObject","inLanguage":"es","@id":"https:\/\/sarmiento24h.com\/#\/schema\/logo\/image\/","url":"https:\/\/sarmiento24h.com\/wp-content\/uploads\/2025\/12\/AddText_12-16-10.30.52.jpg","contentUrl":"https:\/\/sarmiento24h.com\/wp-content\/uploads\/2025\/12\/AddText_12-16-10.30.52.jpg","width":1220,"height":324,"caption":"Sarmiento24h"},"image":{"@id":"https:\/\/sarmiento24h.com\/#\/schema\/logo\/image\/"},"sameAs":["https:\/\/facebook.com\/s24hnoticias","https:\/\/x.com\/sarmiento24h"]},{"@type":"Person","@id":"https:\/\/sarmiento24h.com\/#\/schema\/person\/d653a59725ad629a7e0429af7b939d4d","name":"sarmiento24h@gmail.com","image":{"@type":"ImageObject","inLanguage":"es","@id":"https:\/\/sarmiento24h.com\/wp-content\/litespeed\/avatar\/d02cbc4e23c747e6659cd45907173c8f.jpg?ver=1777157796","url":"https:\/\/sarmiento24h.com\/wp-content\/litespeed\/avatar\/d02cbc4e23c747e6659cd45907173c8f.jpg?ver=1777157796","contentUrl":"https:\/\/sarmiento24h.com\/wp-content\/litespeed\/avatar\/d02cbc4e23c747e6659cd45907173c8f.jpg?ver=1777157796","caption":"sarmiento24h@gmail.com"},"sameAs":["https:\/\/sarmiento24h.com"],"url":"https:\/\/sarmiento24h.com\/?author=1"}]}},"jetpack_publicize_connections":[],"jetpack_featured_media_url":"https:\/\/sarmiento24h.com\/wp-content\/uploads\/2026\/01\/venezuela-calles-calmadas-y-manifestaciones-a-favor-maduro.jpg","jetpack_sharing_enabled":true,"_links":{"self":[{"href":"https:\/\/sarmiento24h.com\/index.php?rest_route=\/wp\/v2\/posts\/6140","targetHints":{"allow":["GET"]}}],"collection":[{"href":"https:\/\/sarmiento24h.com\/index.php?rest_route=\/wp\/v2\/posts"}],"about":[{"href":"https:\/\/sarmiento24h.com\/index.php?rest_route=\/wp\/v2\/types\/post"}],"author":[{"embeddable":true,"href":"https:\/\/sarmiento24h.com\/index.php?rest_route=\/wp\/v2\/users\/1"}],"replies":[{"embeddable":true,"href":"https:\/\/sarmiento24h.com\/index.php?rest_route=%2Fwp%2Fv2%2Fcomments&post=6140"}],"version-history":[{"count":0,"href":"https:\/\/sarmiento24h.com\/index.php?rest_route=\/wp\/v2\/posts\/6140\/revisions"}],"wp:featuredmedia":[{"embeddable":true,"href":"https:\/\/sarmiento24h.com\/index.php?rest_route=\/wp\/v2\/media\/6141"}],"wp:attachment":[{"href":"https:\/\/sarmiento24h.com\/index.php?rest_route=%2Fwp%2Fv2%2Fmedia&parent=6140"}],"wp:term":[{"taxonomy":"category","embeddable":true,"href":"https:\/\/sarmiento24h.com\/index.php?rest_route=%2Fwp%2Fv2%2Fcategories&post=6140"},{"taxonomy":"post_tag","embeddable":true,"href":"https:\/\/sarmiento24h.com\/index.php?rest_route=%2Fwp%2Fv2%2Ftags&post=6140"}],"curies":[{"name":"wp","href":"https:\/\/api.w.org\/{rel}","templated":true}]}}