{"id":61488,"date":"2026-03-14T11:17:37","date_gmt":"2026-03-14T11:17:37","guid":{"rendered":"http:\/\/almomento.net\/?p=1104978"},"modified":"2026-03-14T11:17:37","modified_gmt":"2026-03-14T11:17:37","slug":"proponen-eliminar-el-nunca-jamas-de-la-constitucion-rd","status":"publish","type":"post","link":"https:\/\/sarmiento24h.com\/?p=61488","title":{"rendered":"Proponen eliminar el \u00abnunca jam\u00e1s\u00bb de la Constituci\u00f3n RD"},"content":{"rendered":"<p><!-- .entry-header --> <\/p>\n<div class=\"img_center\"> <a href=\"https:\/\/sarmiento24h.com\/wp-content\/uploads\/2026\/03\/proponen-eliminar-el-nunca-jamas-de-la-constitucion-rd.jpg\" title=\"Proponen permitir otra vez en RD reelecci\u00f3n por m\u00e1s tiempo\" data-toggle=\"lightbox\" class=\"thickbox\"><img decoding=\"async\" src=\"https:\/\/sarmiento24h.com\/wp-content\/uploads\/2026\/03\/proponen-eliminar-el-nunca-jamas-de-la-constitucion-rd.jpg\" class=\"attachment-post-thumbnail size-post-thumbnail wp-post-image\" alt=\"imagen\" title=\"Proponen permitir otra vez en RD reelecci\u00f3n por m\u00e1s tiempo\" data-toggle data-title=\"Proponen permitir otra vez en RD reelecci\u00f3n por m\u00e1s tiempo\"><\/a><\/p>\n<p>Leonel Fern\u00e1ndez, Luis Abinader, Danilo Medina e Hip\u00f3lito Mej\u00eda<\/p>\n<\/p><\/div>\n<p>SANTO DOMINGO.- El dirigente del Partido de la Liberaci\u00f3n Dominicana (PLD) <strong>Adriano S\u00e1nchez Roa<\/strong> propuso&nbsp; modificar de nuevo el art\u00edculo 124 de la Constituci\u00f3n a fin de que Leonel Fern\u00e1ndez, Hip\u00f3lito Mej\u00eda, Danilo Medina y Luis Abinader puedan optar de nuevo \u00aben igualdad de condiciones\u00bb&nbsp; por la candidatura a la Presidencia de la Rep\u00fablica.<\/p>\n<p>En un documento p\u00fablico remitido a ALMOMENTO.NET, el exsenador plante\u00f3 adem\u00e1s eliminar la novena disposici\u00f3n transitoria de la Carta Magna, por considerar que ya cumpli\u00f3 el prop\u00f3sito para el cual fue establecida y en la actualidad \u00abresulta obsoleta\u00bb.<\/p>\n<p>\u00abAl cumplirse 16 a\u00f1os de la reforma constitucional promulgada el 26 de enero de 2010, es oportuno revisar diversos aspectos de la Constituci\u00f3n con el objetivo de fortalecer la institucionalidad democr\u00e1tica y garantizar el principio de igualdad consagrado en el art\u00edculo 39\u00bb, manifest\u00f3.<\/p>\n<p><strong>LA ACTUAL PROHIBICI\u00d3N<\/strong><\/p>\n<p>Actualmente, en virtud del art\u00edculo 124, est\u00e1 prohibida la reelecci\u00f3n presidencial por m\u00e1s de dos per\u00edodos en la Rep\u00fablica Dominicana.&nbsp; Este \u00faltimo dice textualmente:<\/p>\n<p><strong><em> \u00abArt\u00edculo 124.- Elecci\u00f3n presidencial. El Poder Ejecutivo lo ejerce el Presidente o la Presidenta de la Rep\u00fablica, quien ser\u00e1 elegido o elegida cada cuatro a\u00f1os por voto directo. El Presidente o la Presidenta de la Rep\u00fablica podr\u00e1 optar por un segundo per\u00edodo constitucional consecutivo y no podr\u00e1 postularse jam\u00e1s al mismo cargo ni a la Vicepresidencia de la Rep\u00fablica\u00bb.<\/em><\/strong><\/p>\n<p><strong>PROPONE REVISAR ELECCION DE LEGISLADORES<\/strong><\/p>\n<figure id=\"attachment_724517\" aria-describedby=\"caption-attachment-724517\" class=\"wp-caption alignleft\"><img loading=\"lazy\" decoding=\"async\" class=\" wp-image-724517\" src=\"https:\/\/sarmiento24h.com\/wp-content\/uploads\/2026\/03\/proponen-eliminar-el-nunca-jamas-de-la-constitucion-rd-1.jpg\" alt width=\"419\" height=\"280\" srcset=\"https:\/\/sarmiento24h.com\/wp-content\/uploads\/2026\/03\/proponen-eliminar-el-nunca-jamas-de-la-constitucion-rd-1.jpg 500w, https:\/\/sarmiento24h.com\/wp-content\/uploads\/2026\/03\/proponen-eliminar-el-nunca-jamas-de-la-constitucion-rd-2.jpg 300w, https:\/\/sarmiento24h.com\/wp-content\/uploads\/2026\/03\/proponen-eliminar-el-nunca-jamas-de-la-constitucion-rd-3.jpg 142w, https:\/\/sarmiento24h.com\/wp-content\/uploads\/2026\/03\/proponen-eliminar-el-nunca-jamas-de-la-constitucion-rd-4.jpg 374w\" sizes=\"auto, (max-width: 419px) 100vw, 419px\"><figcaption id=\"caption-attachment-724517\" class=\"wp-caption-text\">Adriano S\u00e1nchez Roa.<\/figcaption><\/figure>\n<p>S\u00e1nchez Roa, un antiguo dirigente del Partido Reformista Social Cristiano que pas\u00f3 luego a ser dirigente del opositor Partido de la Liberaci\u00f3n Dominicana,&nbsp; propone tambi\u00e9n revisar el sistema de elecci\u00f3n de diputados y eliminar el denominado \u00abm\u00e9todo D\u2019Hondt\u00bb para establecer distritos electorales que refuercen una representaci\u00f3n territorial m\u00e1s directa.<\/p>\n<p>Asimismo, plantea que los partidos sean due\u00f1os absolutos de los cargos electivos en los niveles congresual y municipal para que las posiciones correspondan a las organizaciones pol\u00edticas y no a las personas electas.<\/p>\n<p><strong>ELIMINAR LIMITE DE EDAD EN LA JUDICATURA<\/strong><\/p>\n<p>S\u00e1nchez Roa tambi\u00e9n sugiere eliminar el l\u00edmite de edad en la judicatura a fin de equiparar este \u00e1mbito con otras \u00e1reas de la sociedad y seguir aprovechando la experiencia y capacidad de jueces y fiscales.<\/p>\n<p>Cita como ejemplos a los juristas Jorge Subero Isa, Milton Ray Guevara y el fenecido Rafael Luciano Pichardo.<\/p>\n<p>F<strong>UNCIONES DEL TRIBUNAL SUPERIOR ELECTORAL<\/strong><\/p>\n<p>En otro orden, recomienda que sean precisadas las funciones del Tribunal Superior Electoral, originalmente concebido como \u00f3rgano contencioso electoral, pero cuyas competencias -a su juicio- \u00abse han extendido a otras \u00e1reas\u00bb, se\u00f1al\u00f3.<\/p>\n<p>Tambi\u00e9n aboga por redefinir el rol del Defensor del Pueblo, con el prop\u00f3sito de fortalecer su utilidad y desempe\u00f1o institucional.<\/p>\n<p><strong>CONSTITUCI\u00d3N DEL 2024<\/strong><\/p>\n<p>Despu\u00e9s de susesivas modificaciones a la Carta Magna esta \u00faltima fue reformada finalmente en <strong data-start=\"83\" data-end=\"102\">octubre de 2024<\/strong> al inicio del segundo per\u00edodo de gobierno del presidente <span class=\"hover:entity-accent entity-underline inline cursor-pointer align-baseline\"><span class=\"whitespace-normal\">Luis Abinader (actualmente en vigencia). <\/span><\/span>Esta reforma incluy\u00f3 varios cambios importantes:<\/p>\n<p><strong>1. Reelecci\u00f3n presidencial sin posibilidad de volver despu\u00e9s<\/strong><\/p>\n<div class=\"relative basis-auto flex-col -mb-(--composer-overlap-px) [--composer-overlap-px:28px] grow flex\">\n<div class=\"flex flex-col text-sm pb-25\">\n<article>*]:pointer-events-auto scroll-mt-[calc(var(&#8211;header-height)+min(200px,max(70px,20svh)))]\u00bb dir=\u00bbauto\u00bb tabindex=\u00bb-1&#8243; data-turn-id=\u00bbrequest-WEB:6ac7592b-c774-455d-9343-9c6af01e8f09-0&#8243; data-testid=\u00bbconversation-turn-2&#8243; data-scroll-anchor=\u00bbtrue\u00bb data-turn=\u00bbassistant\u00bb&gt;<\/p>\n<div class=\"text-base my-auto mx-auto pb-10 [--thread-content-margin:var(--thread-content-margin-xs,calc(var(--spacing)*4))] @w-sm\/main:[--thread-content-margin:var(--thread-content-margin-sm,calc(var(--spacing)*6))] @w-lg\/main:[--thread-content-margin:var(--thread-content-margin-lg,calc(var(--spacing)*16))] px-(--thread-content-margin)\">\n<div class=\"[--thread-content-max-width:40rem] @w-lg\/main:[--thread-content-max-width:48rem] mx-auto max-w-(--thread-content-max-width) flex-1 group\/turn-messages focus-visible:outline-hidden relative flex w-full min-w-0 flex-col agent-turn\">\n<div class=\"flex max-w-full flex-col gap-4 grow\">\n<div class=\"min-h-8 text-message relative flex w-full flex-col items-end gap-2 text-start break-words whitespace-normal [.text-message+&amp;]:mt-1\" dir=\"auto\" data-message-author-role=\"assistant\" data-message-id=\"8d3b1bcf-c5ea-4841-9df7-102821444df9\" data-message-model-slug=\"gpt-5-3\">\n<div class=\"flex w-full flex-col gap-1 empty:hidden\">\n<div class=\"markdown prose dark:prose-invert w-full wrap-break-word light markdown-new-styling\">Se estableci\u00f3 que el presidente solo puede:<\/p>\n<ul data-start=\"496\" data-end=\"631\">\n<li data-section-id=\"1elj3j0\" data-start=\"496\" data-end=\"555\">Gobernar dos per\u00edodos consecutivos (4 a\u00f1os cada uno).<\/li>\n<li data-section-id=\"c9mlug\" data-start=\"556\" data-end=\"631\">Nunca volver a aspirar a la presidencia despu\u00e9s de esos dos per\u00edodos.<\/li>\n<\/ul>\n<p>Esto busca evitar reformas futuras para habilitar m\u00e1s reelecciones.<\/p>\n<\/div>\n<div class=\"markdown prose dark:prose-invert w-full wrap-break-word light markdown-new-styling\"><strong>2. Reducci\u00f3n de diputados<\/strong><\/p>\n<ul data-start=\"821\" data-end=\"856\">\n<li data-section-id=\"1uvzxi4\" data-start=\"821\" data-end=\"856\">Pasar de 190 diputados a 170.<\/li>\n<\/ul>\n<p>El objetivo fue reducir gastos y hacer m\u00e1s eficiente el Congreso.<\/p>\n<\/div>\n<p><strong>3. Unificaci\u00f3n de elecciones<\/strong><br \/>Se estableci\u00f3 un cambio para unificar las elecciones presidenciales, congresuales y municipales, evitando procesos electorales separados.<\/p>\n<p><strong>4. Cambios en el Consejo Nacional de la Magistratura<\/strong><br \/>Se modific\u00f3 la composici\u00f3n del Consejo N<span class=\"hover:entity-accent entity-underline inline cursor-pointer align-baseline\"><span class=\"whitespace-normal\">acional de la Magistratura<\/span><\/span>, organismo encargado de elegir jueces de altas cortes como el <span class=\"hover:entity-accent entity-underline inline cursor-pointer align-baseline\"><span class=\"whitespace-normal\">Tribunal Constitucional de la Rep\u00fablica Dominicana<\/span><\/span> y la <span class=\"hover:entity-accent entity-underline inline cursor-pointer align-baseline\"><span class=\"whitespace-normal\">Suprema Corte de Justicia de la Rep\u00fablica Dominicana<\/span><\/span>.<\/p>\n<p>5. <strong data-start=\"1393\" data-end=\"1430\">Protecci\u00f3n del Ministerio P\u00fablico<\/strong><br \/>Se incluyeron disposiciones para <strong data-start=\"1464\" data-end=\"1518\">fortalecer la independencia del Ministerio P\u00fablico<\/strong>, que dirige la <span class=\"hover:entity-accent entity-underline inline cursor-pointer align-baseline\"><span class=\"whitespace-normal\">Procuradur\u00eda General de la Rep\u00fablica Dominicana<\/span><\/span>.an\/am\/sp<\/p>\n<\/div>\n<\/div>\n<\/div>\n<\/div>\n<\/div>\n<\/article>\n<\/div>\n<\/div>\n<div class=\"heateor_sss_sharing_container heateor_sss_horizontal_sharing\" data-heateor-sss-href=\"https:\/\/almomento.net\/plantea-modificar-constitucion-habilitar-a-danilo-y-abinader\/\">\n<p>Comp\u00e1rtelo en tus redes:<\/p>\n<\/div>\n<p> <!-- 468x60 --><br \/>\n<ins class=\"adsbygoogle\" data-ad-client=\"ca-pub-3511341636159665\" data-ad-slot=\"3538255450\"><\/ins> <!-- .entry-content --> <\/p>\n","protected":false},"excerpt":{"rendered":"<p>Leonel Fern\u00e1ndez, Luis Abinader, Danilo Medina e&#46;&#46;&#46;<\/p>\n","protected":false},"author":1,"featured_media":61489,"comment_status":"closed","ping_status":"closed","sticky":false,"template":"","format":"standard","meta":{"_jetpack_memberships_contains_paid_content":false,"footnotes":"","jetpack_publicize_message":"","jetpack_publicize_feature_enabled":true,"jetpack_social_post_already_shared":true,"jetpack_social_options":{"image_generator_settings":{"template":"highway","default_image_id":0,"font":"","enabled":false},"version":2}},"categories":[69],"tags":[],"class_list":["post-61488","post","type-post","status-publish","format-standard","has-post-thumbnail","hentry","category-portada"],"yoast_head":"<!-- This site is optimized with the Yoast SEO plugin v27.3 - https:\/\/yoast.com\/product\/yoast-seo-wordpress\/ -->\n<title>Proponen eliminar el \u00abnunca jam\u00e1s\u00bb de la Constituci\u00f3n RD - Sarmiento24h<\/title>\n<meta name=\"robots\" content=\"index, follow, max-snippet:-1, max-image-preview:large, max-video-preview:-1\" \/>\n<link rel=\"canonical\" href=\"https:\/\/sarmiento24h.com\/?p=61488\" \/>\n<meta property=\"og:locale\" content=\"es_ES\" \/>\n<meta property=\"og:type\" content=\"article\" \/>\n<meta property=\"og:title\" content=\"Proponen eliminar el \u00abnunca jam\u00e1s\u00bb de la Constituci\u00f3n RD - Sarmiento24h\" \/>\n<meta property=\"og:description\" content=\"Leonel Fern\u00e1ndez, Luis Abinader, Danilo Medina e&#046;&#046;&#046;\" \/>\n<meta property=\"og:url\" content=\"https:\/\/sarmiento24h.com\/?p=61488\" \/>\n<meta property=\"og:site_name\" content=\"Sarmiento24h\" \/>\n<meta property=\"article:publisher\" content=\"https:\/\/facebook.com\/s24hnoticias\" \/>\n<meta property=\"article:published_time\" content=\"2026-03-14T11:17:37+00:00\" \/>\n<meta property=\"og:image\" content=\"https:\/\/sarmiento24h.com\/wp-content\/uploads\/2026\/03\/proponen-eliminar-el-nunca-jamas-de-la-constitucion-rd.jpg\" \/>\n\t<meta property=\"og:image:width\" content=\"1598\" \/>\n\t<meta property=\"og:image:height\" content=\"1155\" \/>\n\t<meta property=\"og:image:type\" content=\"image\/jpeg\" \/>\n<meta name=\"author\" content=\"sarmiento24h@gmail.com\" \/>\n<meta name=\"twitter:card\" content=\"summary_large_image\" \/>\n<meta name=\"twitter:creator\" content=\"@sarmiento24h\" \/>\n<meta name=\"twitter:site\" content=\"@sarmiento24h\" \/>\n<meta name=\"twitter:label1\" content=\"Escrito por\" \/>\n\t<meta name=\"twitter:data1\" content=\"sarmiento24h@gmail.com\" \/>\n\t<meta name=\"twitter:label2\" content=\"Tiempo de lectura\" \/>\n\t<meta name=\"twitter:data2\" content=\"4 minutos\" \/>\n<script type=\"application\/ld+json\" class=\"yoast-schema-graph\">{\"@context\":\"https:\\\/\\\/schema.org\",\"@graph\":[{\"@type\":\"Article\",\"@id\":\"https:\\\/\\\/sarmiento24h.com\\\/?p=61488#article\",\"isPartOf\":{\"@id\":\"https:\\\/\\\/sarmiento24h.com\\\/?p=61488\"},\"author\":{\"name\":\"sarmiento24h@gmail.com\",\"@id\":\"https:\\\/\\\/sarmiento24h.com\\\/#\\\/schema\\\/person\\\/d653a59725ad629a7e0429af7b939d4d\"},\"headline\":\"Proponen eliminar el \u00abnunca jam\u00e1s\u00bb de la Constituci\u00f3n RD\",\"datePublished\":\"2026-03-14T11:17:37+00:00\",\"mainEntityOfPage\":{\"@id\":\"https:\\\/\\\/sarmiento24h.com\\\/?p=61488\"},\"wordCount\":746,\"publisher\":{\"@id\":\"https:\\\/\\\/sarmiento24h.com\\\/#organization\"},\"image\":{\"@id\":\"https:\\\/\\\/sarmiento24h.com\\\/?p=61488#primaryimage\"},\"thumbnailUrl\":\"https:\\\/\\\/sarmiento24h.com\\\/wp-content\\\/uploads\\\/2026\\\/03\\\/proponen-eliminar-el-nunca-jamas-de-la-constitucion-rd.jpg\",\"articleSection\":[\"Portada\"],\"inLanguage\":\"es\"},{\"@type\":\"WebPage\",\"@id\":\"https:\\\/\\\/sarmiento24h.com\\\/?p=61488\",\"url\":\"https:\\\/\\\/sarmiento24h.com\\\/?p=61488\",\"name\":\"Proponen eliminar el \u00abnunca jam\u00e1s\u00bb de la Constituci\u00f3n RD - Sarmiento24h\",\"isPartOf\":{\"@id\":\"https:\\\/\\\/sarmiento24h.com\\\/#website\"},\"primaryImageOfPage\":{\"@id\":\"https:\\\/\\\/sarmiento24h.com\\\/?p=61488#primaryimage\"},\"image\":{\"@id\":\"https:\\\/\\\/sarmiento24h.com\\\/?p=61488#primaryimage\"},\"thumbnailUrl\":\"https:\\\/\\\/sarmiento24h.com\\\/wp-content\\\/uploads\\\/2026\\\/03\\\/proponen-eliminar-el-nunca-jamas-de-la-constitucion-rd.jpg\",\"datePublished\":\"2026-03-14T11:17:37+00:00\",\"breadcrumb\":{\"@id\":\"https:\\\/\\\/sarmiento24h.com\\\/?p=61488#breadcrumb\"},\"inLanguage\":\"es\",\"potentialAction\":[{\"@type\":\"ReadAction\",\"target\":[\"https:\\\/\\\/sarmiento24h.com\\\/?p=61488\"]}]},{\"@type\":\"ImageObject\",\"inLanguage\":\"es\",\"@id\":\"https:\\\/\\\/sarmiento24h.com\\\/?p=61488#primaryimage\",\"url\":\"https:\\\/\\\/sarmiento24h.com\\\/wp-content\\\/uploads\\\/2026\\\/03\\\/proponen-eliminar-el-nunca-jamas-de-la-constitucion-rd.jpg\",\"contentUrl\":\"https:\\\/\\\/sarmiento24h.com\\\/wp-content\\\/uploads\\\/2026\\\/03\\\/proponen-eliminar-el-nunca-jamas-de-la-constitucion-rd.jpg\",\"width\":1598,\"height\":1155},{\"@type\":\"BreadcrumbList\",\"@id\":\"https:\\\/\\\/sarmiento24h.com\\\/?p=61488#breadcrumb\",\"itemListElement\":[{\"@type\":\"ListItem\",\"position\":1,\"name\":\"Home\",\"item\":\"https:\\\/\\\/sarmiento24h.com\\\/\"},{\"@type\":\"ListItem\",\"position\":2,\"name\":\"Proponen eliminar el \u00abnunca jam\u00e1s\u00bb de la Constituci\u00f3n RD\"}]},{\"@type\":\"WebSite\",\"@id\":\"https:\\\/\\\/sarmiento24h.com\\\/#website\",\"url\":\"https:\\\/\\\/sarmiento24h.com\\\/\",\"name\":\"Sarmiento24h\",\"description\":\"\",\"publisher\":{\"@id\":\"https:\\\/\\\/sarmiento24h.com\\\/#organization\"},\"potentialAction\":[{\"@type\":\"SearchAction\",\"target\":{\"@type\":\"EntryPoint\",\"urlTemplate\":\"https:\\\/\\\/sarmiento24h.com\\\/?s={search_term_string}\"},\"query-input\":{\"@type\":\"PropertyValueSpecification\",\"valueRequired\":true,\"valueName\":\"search_term_string\"}}],\"inLanguage\":\"es\"},{\"@type\":\"Organization\",\"@id\":\"https:\\\/\\\/sarmiento24h.com\\\/#organization\",\"name\":\"Sarmiento24h\",\"url\":\"https:\\\/\\\/sarmiento24h.com\\\/\",\"logo\":{\"@type\":\"ImageObject\",\"inLanguage\":\"es\",\"@id\":\"https:\\\/\\\/sarmiento24h.com\\\/#\\\/schema\\\/logo\\\/image\\\/\",\"url\":\"https:\\\/\\\/sarmiento24h.com\\\/wp-content\\\/uploads\\\/2025\\\/12\\\/AddText_12-16-10.30.52.jpg\",\"contentUrl\":\"https:\\\/\\\/sarmiento24h.com\\\/wp-content\\\/uploads\\\/2025\\\/12\\\/AddText_12-16-10.30.52.jpg\",\"width\":1220,\"height\":324,\"caption\":\"Sarmiento24h\"},\"image\":{\"@id\":\"https:\\\/\\\/sarmiento24h.com\\\/#\\\/schema\\\/logo\\\/image\\\/\"},\"sameAs\":[\"https:\\\/\\\/facebook.com\\\/s24hnoticias\",\"https:\\\/\\\/x.com\\\/sarmiento24h\"]},{\"@type\":\"Person\",\"@id\":\"https:\\\/\\\/sarmiento24h.com\\\/#\\\/schema\\\/person\\\/d653a59725ad629a7e0429af7b939d4d\",\"name\":\"sarmiento24h@gmail.com\",\"image\":{\"@type\":\"ImageObject\",\"inLanguage\":\"es\",\"@id\":\"https:\\\/\\\/sarmiento24h.com\\\/wp-content\\\/litespeed\\\/avatar\\\/d02cbc4e23c747e6659cd45907173c8f.jpg?ver=1777157796\",\"url\":\"https:\\\/\\\/sarmiento24h.com\\\/wp-content\\\/litespeed\\\/avatar\\\/d02cbc4e23c747e6659cd45907173c8f.jpg?ver=1777157796\",\"contentUrl\":\"https:\\\/\\\/sarmiento24h.com\\\/wp-content\\\/litespeed\\\/avatar\\\/d02cbc4e23c747e6659cd45907173c8f.jpg?ver=1777157796\",\"caption\":\"sarmiento24h@gmail.com\"},\"sameAs\":[\"https:\\\/\\\/sarmiento24h.com\"],\"url\":\"https:\\\/\\\/sarmiento24h.com\\\/?author=1\"}]}<\/script>\n<!-- \/ Yoast SEO plugin. -->","yoast_head_json":{"title":"Proponen eliminar el \u00abnunca jam\u00e1s\u00bb de la Constituci\u00f3n RD - Sarmiento24h","robots":{"index":"index","follow":"follow","max-snippet":"max-snippet:-1","max-image-preview":"max-image-preview:large","max-video-preview":"max-video-preview:-1"},"canonical":"https:\/\/sarmiento24h.com\/?p=61488","og_locale":"es_ES","og_type":"article","og_title":"Proponen eliminar el \u00abnunca jam\u00e1s\u00bb de la Constituci\u00f3n RD - Sarmiento24h","og_description":"Leonel Fern\u00e1ndez, Luis Abinader, Danilo Medina e&#46;&#46;&#46;","og_url":"https:\/\/sarmiento24h.com\/?p=61488","og_site_name":"Sarmiento24h","article_publisher":"https:\/\/facebook.com\/s24hnoticias","article_published_time":"2026-03-14T11:17:37+00:00","og_image":[{"width":1598,"height":1155,"url":"https:\/\/sarmiento24h.com\/wp-content\/uploads\/2026\/03\/proponen-eliminar-el-nunca-jamas-de-la-constitucion-rd.jpg","type":"image\/jpeg"}],"author":"sarmiento24h@gmail.com","twitter_card":"summary_large_image","twitter_creator":"@sarmiento24h","twitter_site":"@sarmiento24h","twitter_misc":{"Escrito por":"sarmiento24h@gmail.com","Tiempo de lectura":"4 minutos"},"schema":{"@context":"https:\/\/schema.org","@graph":[{"@type":"Article","@id":"https:\/\/sarmiento24h.com\/?p=61488#article","isPartOf":{"@id":"https:\/\/sarmiento24h.com\/?p=61488"},"author":{"name":"sarmiento24h@gmail.com","@id":"https:\/\/sarmiento24h.com\/#\/schema\/person\/d653a59725ad629a7e0429af7b939d4d"},"headline":"Proponen eliminar el \u00abnunca jam\u00e1s\u00bb de la Constituci\u00f3n RD","datePublished":"2026-03-14T11:17:37+00:00","mainEntityOfPage":{"@id":"https:\/\/sarmiento24h.com\/?p=61488"},"wordCount":746,"publisher":{"@id":"https:\/\/sarmiento24h.com\/#organization"},"image":{"@id":"https:\/\/sarmiento24h.com\/?p=61488#primaryimage"},"thumbnailUrl":"https:\/\/sarmiento24h.com\/wp-content\/uploads\/2026\/03\/proponen-eliminar-el-nunca-jamas-de-la-constitucion-rd.jpg","articleSection":["Portada"],"inLanguage":"es"},{"@type":"WebPage","@id":"https:\/\/sarmiento24h.com\/?p=61488","url":"https:\/\/sarmiento24h.com\/?p=61488","name":"Proponen eliminar el \u00abnunca jam\u00e1s\u00bb de la Constituci\u00f3n RD - Sarmiento24h","isPartOf":{"@id":"https:\/\/sarmiento24h.com\/#website"},"primaryImageOfPage":{"@id":"https:\/\/sarmiento24h.com\/?p=61488#primaryimage"},"image":{"@id":"https:\/\/sarmiento24h.com\/?p=61488#primaryimage"},"thumbnailUrl":"https:\/\/sarmiento24h.com\/wp-content\/uploads\/2026\/03\/proponen-eliminar-el-nunca-jamas-de-la-constitucion-rd.jpg","datePublished":"2026-03-14T11:17:37+00:00","breadcrumb":{"@id":"https:\/\/sarmiento24h.com\/?p=61488#breadcrumb"},"inLanguage":"es","potentialAction":[{"@type":"ReadAction","target":["https:\/\/sarmiento24h.com\/?p=61488"]}]},{"@type":"ImageObject","inLanguage":"es","@id":"https:\/\/sarmiento24h.com\/?p=61488#primaryimage","url":"https:\/\/sarmiento24h.com\/wp-content\/uploads\/2026\/03\/proponen-eliminar-el-nunca-jamas-de-la-constitucion-rd.jpg","contentUrl":"https:\/\/sarmiento24h.com\/wp-content\/uploads\/2026\/03\/proponen-eliminar-el-nunca-jamas-de-la-constitucion-rd.jpg","width":1598,"height":1155},{"@type":"BreadcrumbList","@id":"https:\/\/sarmiento24h.com\/?p=61488#breadcrumb","itemListElement":[{"@type":"ListItem","position":1,"name":"Home","item":"https:\/\/sarmiento24h.com\/"},{"@type":"ListItem","position":2,"name":"Proponen eliminar el \u00abnunca jam\u00e1s\u00bb de la Constituci\u00f3n RD"}]},{"@type":"WebSite","@id":"https:\/\/sarmiento24h.com\/#website","url":"https:\/\/sarmiento24h.com\/","name":"Sarmiento24h","description":"","publisher":{"@id":"https:\/\/sarmiento24h.com\/#organization"},"potentialAction":[{"@type":"SearchAction","target":{"@type":"EntryPoint","urlTemplate":"https:\/\/sarmiento24h.com\/?s={search_term_string}"},"query-input":{"@type":"PropertyValueSpecification","valueRequired":true,"valueName":"search_term_string"}}],"inLanguage":"es"},{"@type":"Organization","@id":"https:\/\/sarmiento24h.com\/#organization","name":"Sarmiento24h","url":"https:\/\/sarmiento24h.com\/","logo":{"@type":"ImageObject","inLanguage":"es","@id":"https:\/\/sarmiento24h.com\/#\/schema\/logo\/image\/","url":"https:\/\/sarmiento24h.com\/wp-content\/uploads\/2025\/12\/AddText_12-16-10.30.52.jpg","contentUrl":"https:\/\/sarmiento24h.com\/wp-content\/uploads\/2025\/12\/AddText_12-16-10.30.52.jpg","width":1220,"height":324,"caption":"Sarmiento24h"},"image":{"@id":"https:\/\/sarmiento24h.com\/#\/schema\/logo\/image\/"},"sameAs":["https:\/\/facebook.com\/s24hnoticias","https:\/\/x.com\/sarmiento24h"]},{"@type":"Person","@id":"https:\/\/sarmiento24h.com\/#\/schema\/person\/d653a59725ad629a7e0429af7b939d4d","name":"sarmiento24h@gmail.com","image":{"@type":"ImageObject","inLanguage":"es","@id":"https:\/\/sarmiento24h.com\/wp-content\/litespeed\/avatar\/d02cbc4e23c747e6659cd45907173c8f.jpg?ver=1777157796","url":"https:\/\/sarmiento24h.com\/wp-content\/litespeed\/avatar\/d02cbc4e23c747e6659cd45907173c8f.jpg?ver=1777157796","contentUrl":"https:\/\/sarmiento24h.com\/wp-content\/litespeed\/avatar\/d02cbc4e23c747e6659cd45907173c8f.jpg?ver=1777157796","caption":"sarmiento24h@gmail.com"},"sameAs":["https:\/\/sarmiento24h.com"],"url":"https:\/\/sarmiento24h.com\/?author=1"}]}},"jetpack_publicize_connections":[],"jetpack_featured_media_url":"https:\/\/sarmiento24h.com\/wp-content\/uploads\/2026\/03\/proponen-eliminar-el-nunca-jamas-de-la-constitucion-rd.jpg","jetpack_sharing_enabled":true,"_links":{"self":[{"href":"https:\/\/sarmiento24h.com\/index.php?rest_route=\/wp\/v2\/posts\/61488","targetHints":{"allow":["GET"]}}],"collection":[{"href":"https:\/\/sarmiento24h.com\/index.php?rest_route=\/wp\/v2\/posts"}],"about":[{"href":"https:\/\/sarmiento24h.com\/index.php?rest_route=\/wp\/v2\/types\/post"}],"author":[{"embeddable":true,"href":"https:\/\/sarmiento24h.com\/index.php?rest_route=\/wp\/v2\/users\/1"}],"replies":[{"embeddable":true,"href":"https:\/\/sarmiento24h.com\/index.php?rest_route=%2Fwp%2Fv2%2Fcomments&post=61488"}],"version-history":[{"count":0,"href":"https:\/\/sarmiento24h.com\/index.php?rest_route=\/wp\/v2\/posts\/61488\/revisions"}],"wp:featuredmedia":[{"embeddable":true,"href":"https:\/\/sarmiento24h.com\/index.php?rest_route=\/wp\/v2\/media\/61489"}],"wp:attachment":[{"href":"https:\/\/sarmiento24h.com\/index.php?rest_route=%2Fwp%2Fv2%2Fmedia&parent=61488"}],"wp:term":[{"taxonomy":"category","embeddable":true,"href":"https:\/\/sarmiento24h.com\/index.php?rest_route=%2Fwp%2Fv2%2Fcategories&post=61488"},{"taxonomy":"post_tag","embeddable":true,"href":"https:\/\/sarmiento24h.com\/index.php?rest_route=%2Fwp%2Fv2%2Ftags&post=61488"}],"curies":[{"name":"wp","href":"https:\/\/api.w.org\/{rel}","templated":true}]}}