{"id":6164,"date":"2026-01-05T23:26:06","date_gmt":"2026-01-05T23:26:06","guid":{"rendered":"http:\/\/almomento.net\/?p=1090113"},"modified":"2026-01-05T23:26:06","modified_gmt":"2026-01-05T23:26:06","slug":"subero-isa-designado-consultor-juridico-del-poder-ejecutivo-rd","status":"publish","type":"post","link":"https:\/\/sarmiento24h.com\/?p=6164","title":{"rendered":"Subero Isa designado consultor jur\u00eddico del Poder Ejecutivo RD"},"content":{"rendered":"<p><!-- .entry-header --> <\/p>\n<div class=\"img_center\" readability=\"8\"> <a href=\"https:\/\/almomento.net\/wp-content\/uploads\/2020\/06\/Jorge-Subero-Isa-expresidente-de-la-Suprema-Corte.jpg\" alt=\"Subero Isa designado consultor jur\u00eddico del Poder Ejecutivo RD\" title=\"Subero Isa designado consultor jur\u00eddico del Poder Ejecutivo RD\" data-toggle=\"lightbox\" class=\"thickbox\"><img decoding=\"async\" src=\"https:\/\/almomento.net\/wp-content\/uploads\/2020\/06\/Jorge-Subero-Isa-expresidente-de-la-Suprema-Corte.jpg\" class=\"attachment-post-thumbnail size-post-thumbnail wp-post-image\" alt=\"imagen\" title=\"Subero Isa designado consultor jur\u00eddico del Poder Ejecutivo RD\" data-toggle data-title=\"Subero Isa designado consultor jur\u00eddico del Poder Ejecutivo RD\"><\/a><\/p>\n<p>EL AUTOR es abogado, expresidente de la Suprema Corte. Reside en Santo Domingo.<\/p>\n<\/p><\/div>\n<p>Santo Domingo.- El presidente Luis Abinader design\u00f3 a Jorge Subero Isa como consultor jur\u00eddico del Poder Ejecutivo y a Antoliano Peralta Romero ministro de Justicia, como parte del proceso de fortalecimiento institucional y adecuaci\u00f3n del sistema jur\u00eddico del Estado al marco legal vigente.<\/p>\n<p>Con esta disposici\u00f3n, el mandatario coloca al frente de la consultor\u00eda jur\u00eddica del Poder Ejecutivo a una figura de amplia trayectoria y reconocido prestigio, responsable de brindar asesor\u00eda legal directa a la Presidencia y de garantizar la coherencia constitucional y normativa de las decisiones gubernamentales.<\/p>\n<p>Jorge Subero Isa cuenta con una destacada carrera en la vida institucional del pa\u00eds. Se desempe\u00f1\u00f3 como presidente de la Suprema Corte de Justicia y del Consejo del Poder Judicial durante catorce a\u00f1os, desde 1997 hasta 2011, per\u00edodo en el que encabez\u00f3 importantes procesos de modernizaci\u00f3n del sistema judicial, fortaleci\u00f3 la carrera judicial y contribuy\u00f3 a la consolidaci\u00f3n de la independencia del Poder Judicial. Adem\u00e1s, ha sido catedr\u00e1tico universitario, conferencista y autor de m\u00faltiples obras jur\u00eddicas, principalmente en las \u00e1reas de derecho constitucional y administrativo.<\/p>\n<p>El decreto tambi\u00e9n dispone la designaci\u00f3n de Antoliano Peralta Romero como ministro de Justicia, en el marco de la Ley n\u00fam. 80-25, Org\u00e1nica del Ministerio de Justicia, promulgada en agosto de 2025. Con este nombramiento, el Gobierno avanza en la consolidaci\u00f3n de esta nueva cartera, llamada a desempe\u00f1ar un rol clave en la coordinaci\u00f3n del sistema de justicia y en el fortalecimiento del Estado de derecho.<\/p>\n<p>Antoliano Peralta Romero a lo largo de su trayectoria profesional se ha destacado como abogado litigante y consultor de entidades p\u00fablicas y privadas, con especializaci\u00f3n en materia electoral, adem\u00e1s de haber ocupado importantes funciones gremiales como vicepresidente del Colegio de Abogados de la Rep\u00fablica Dominicana y secretario general de la Asociaci\u00f3n de Abogados de la Rep\u00fablica Dominicana. es doctor en Derecho, egresado de la Facultad de Ciencias Jur\u00eddicas y Pol\u00edticas de la Universidad Aut\u00f3noma de Santo Domingo (UASD), y cuenta con un m\u00e1ster en Derecho Administrativo y Gesti\u00f3n Municipal por la Universidad de Castilla-La Mancha, Espa\u00f1a. Hasta su designaci\u00f3n como ministro de Justicia, se desempe\u00f1aba como consultor jur\u00eddico del Poder Ejecutivo, funci\u00f3n para la cual fue designado mediante el Decreto n\u00fam. 324-20 del 16 de agosto de 2020.<\/p>\n<div class=\"heateor_sss_sharing_container heateor_sss_horizontal_sharing\" data-heateor-sss-href=\"https:\/\/almomento.net\/designan-a-subero-isa-consultor-juridico-del-poder-ejecutivo\/\" readability=\"7\">\n<p>Comp\u00e1rtelo en tus redes:<\/p>\n<\/div>\n<p> <!-- 468x60 --><br \/>\n<ins class=\"adsbygoogle\" data-ad-client=\"ca-pub-3511341636159665\" data-ad-slot=\"3538255450\"><\/ins> <!-- .entry-content --> <\/p>\n","protected":false},"excerpt":{"rendered":"<p>EL AUTOR es abogado, expresidente de la&#46;&#46;&#46;<\/p>\n","protected":false},"author":1,"featured_media":6165,"comment_status":"closed","ping_status":"closed","sticky":false,"template":"","format":"standard","meta":{"_jetpack_memberships_contains_paid_content":false,"footnotes":"","jetpack_publicize_message":"","jetpack_publicize_feature_enabled":true,"jetpack_social_post_already_shared":false,"jetpack_social_options":{"image_generator_settings":{"template":"highway","default_image_id":0,"font":"","enabled":false},"version":2}},"categories":[69],"tags":[],"class_list":["post-6164","post","type-post","status-publish","format-standard","has-post-thumbnail","hentry","category-portada"],"yoast_head":"<!-- This site is optimized with the Yoast SEO plugin v27.3 - https:\/\/yoast.com\/product\/yoast-seo-wordpress\/ -->\n<title>Subero Isa designado consultor jur\u00eddico del Poder Ejecutivo RD - Sarmiento24h<\/title>\n<meta name=\"robots\" content=\"index, follow, max-snippet:-1, max-image-preview:large, max-video-preview:-1\" \/>\n<link rel=\"canonical\" href=\"https:\/\/sarmiento24h.com\/?p=6164\" \/>\n<meta property=\"og:locale\" content=\"es_ES\" \/>\n<meta property=\"og:type\" content=\"article\" \/>\n<meta property=\"og:title\" content=\"Subero Isa designado consultor jur\u00eddico del Poder Ejecutivo RD - Sarmiento24h\" \/>\n<meta property=\"og:description\" content=\"EL AUTOR es abogado, expresidente de la&#046;&#046;&#046;\" \/>\n<meta property=\"og:url\" content=\"https:\/\/sarmiento24h.com\/?p=6164\" \/>\n<meta property=\"og:site_name\" content=\"Sarmiento24h\" \/>\n<meta property=\"article:publisher\" content=\"https:\/\/facebook.com\/s24hnoticias\" \/>\n<meta property=\"article:published_time\" content=\"2026-01-05T23:26:06+00:00\" \/>\n<meta property=\"og:image\" content=\"https:\/\/sarmiento24h.com\/wp-content\/uploads\/2026\/01\/subero-isa-designado-consultor-juridico-del-poder-ejecutivo-rd.jpg\" \/>\n\t<meta property=\"og:image:width\" content=\"796\" \/>\n\t<meta property=\"og:image:height\" content=\"445\" \/>\n\t<meta property=\"og:image:type\" content=\"image\/jpeg\" \/>\n<meta name=\"author\" content=\"sarmiento24h@gmail.com\" \/>\n<meta name=\"twitter:card\" content=\"summary_large_image\" \/>\n<meta name=\"twitter:creator\" content=\"@sarmiento24h\" \/>\n<meta name=\"twitter:site\" content=\"@sarmiento24h\" \/>\n<meta name=\"twitter:label1\" content=\"Escrito por\" \/>\n\t<meta name=\"twitter:data1\" content=\"sarmiento24h@gmail.com\" \/>\n\t<meta name=\"twitter:label2\" content=\"Tiempo de lectura\" \/>\n\t<meta name=\"twitter:data2\" content=\"2 minutos\" \/>\n<script type=\"application\/ld+json\" class=\"yoast-schema-graph\">{\"@context\":\"https:\\\/\\\/schema.org\",\"@graph\":[{\"@type\":\"Article\",\"@id\":\"https:\\\/\\\/sarmiento24h.com\\\/?p=6164#article\",\"isPartOf\":{\"@id\":\"https:\\\/\\\/sarmiento24h.com\\\/?p=6164\"},\"author\":{\"name\":\"sarmiento24h@gmail.com\",\"@id\":\"https:\\\/\\\/sarmiento24h.com\\\/#\\\/schema\\\/person\\\/d653a59725ad629a7e0429af7b939d4d\"},\"headline\":\"Subero Isa designado consultor jur\u00eddico del Poder Ejecutivo RD\",\"datePublished\":\"2026-01-05T23:26:06+00:00\",\"mainEntityOfPage\":{\"@id\":\"https:\\\/\\\/sarmiento24h.com\\\/?p=6164\"},\"wordCount\":431,\"publisher\":{\"@id\":\"https:\\\/\\\/sarmiento24h.com\\\/#organization\"},\"image\":{\"@id\":\"https:\\\/\\\/sarmiento24h.com\\\/?p=6164#primaryimage\"},\"thumbnailUrl\":\"https:\\\/\\\/sarmiento24h.com\\\/wp-content\\\/uploads\\\/2026\\\/01\\\/subero-isa-designado-consultor-juridico-del-poder-ejecutivo-rd.jpg\",\"articleSection\":[\"Portada\"],\"inLanguage\":\"es\"},{\"@type\":\"WebPage\",\"@id\":\"https:\\\/\\\/sarmiento24h.com\\\/?p=6164\",\"url\":\"https:\\\/\\\/sarmiento24h.com\\\/?p=6164\",\"name\":\"Subero Isa designado consultor jur\u00eddico del Poder Ejecutivo RD - Sarmiento24h\",\"isPartOf\":{\"@id\":\"https:\\\/\\\/sarmiento24h.com\\\/#website\"},\"primaryImageOfPage\":{\"@id\":\"https:\\\/\\\/sarmiento24h.com\\\/?p=6164#primaryimage\"},\"image\":{\"@id\":\"https:\\\/\\\/sarmiento24h.com\\\/?p=6164#primaryimage\"},\"thumbnailUrl\":\"https:\\\/\\\/sarmiento24h.com\\\/wp-content\\\/uploads\\\/2026\\\/01\\\/subero-isa-designado-consultor-juridico-del-poder-ejecutivo-rd.jpg\",\"datePublished\":\"2026-01-05T23:26:06+00:00\",\"breadcrumb\":{\"@id\":\"https:\\\/\\\/sarmiento24h.com\\\/?p=6164#breadcrumb\"},\"inLanguage\":\"es\",\"potentialAction\":[{\"@type\":\"ReadAction\",\"target\":[\"https:\\\/\\\/sarmiento24h.com\\\/?p=6164\"]}]},{\"@type\":\"ImageObject\",\"inLanguage\":\"es\",\"@id\":\"https:\\\/\\\/sarmiento24h.com\\\/?p=6164#primaryimage\",\"url\":\"https:\\\/\\\/sarmiento24h.com\\\/wp-content\\\/uploads\\\/2026\\\/01\\\/subero-isa-designado-consultor-juridico-del-poder-ejecutivo-rd.jpg\",\"contentUrl\":\"https:\\\/\\\/sarmiento24h.com\\\/wp-content\\\/uploads\\\/2026\\\/01\\\/subero-isa-designado-consultor-juridico-del-poder-ejecutivo-rd.jpg\",\"width\":796,\"height\":445},{\"@type\":\"BreadcrumbList\",\"@id\":\"https:\\\/\\\/sarmiento24h.com\\\/?p=6164#breadcrumb\",\"itemListElement\":[{\"@type\":\"ListItem\",\"position\":1,\"name\":\"Home\",\"item\":\"https:\\\/\\\/sarmiento24h.com\\\/\"},{\"@type\":\"ListItem\",\"position\":2,\"name\":\"Subero Isa designado consultor jur\u00eddico del Poder Ejecutivo RD\"}]},{\"@type\":\"WebSite\",\"@id\":\"https:\\\/\\\/sarmiento24h.com\\\/#website\",\"url\":\"https:\\\/\\\/sarmiento24h.com\\\/\",\"name\":\"Sarmiento24h\",\"description\":\"\",\"publisher\":{\"@id\":\"https:\\\/\\\/sarmiento24h.com\\\/#organization\"},\"potentialAction\":[{\"@type\":\"SearchAction\",\"target\":{\"@type\":\"EntryPoint\",\"urlTemplate\":\"https:\\\/\\\/sarmiento24h.com\\\/?s={search_term_string}\"},\"query-input\":{\"@type\":\"PropertyValueSpecification\",\"valueRequired\":true,\"valueName\":\"search_term_string\"}}],\"inLanguage\":\"es\"},{\"@type\":\"Organization\",\"@id\":\"https:\\\/\\\/sarmiento24h.com\\\/#organization\",\"name\":\"Sarmiento24h\",\"url\":\"https:\\\/\\\/sarmiento24h.com\\\/\",\"logo\":{\"@type\":\"ImageObject\",\"inLanguage\":\"es\",\"@id\":\"https:\\\/\\\/sarmiento24h.com\\\/#\\\/schema\\\/logo\\\/image\\\/\",\"url\":\"https:\\\/\\\/sarmiento24h.com\\\/wp-content\\\/uploads\\\/2025\\\/12\\\/AddText_12-16-10.30.52.jpg\",\"contentUrl\":\"https:\\\/\\\/sarmiento24h.com\\\/wp-content\\\/uploads\\\/2025\\\/12\\\/AddText_12-16-10.30.52.jpg\",\"width\":1220,\"height\":324,\"caption\":\"Sarmiento24h\"},\"image\":{\"@id\":\"https:\\\/\\\/sarmiento24h.com\\\/#\\\/schema\\\/logo\\\/image\\\/\"},\"sameAs\":[\"https:\\\/\\\/facebook.com\\\/s24hnoticias\",\"https:\\\/\\\/x.com\\\/sarmiento24h\"]},{\"@type\":\"Person\",\"@id\":\"https:\\\/\\\/sarmiento24h.com\\\/#\\\/schema\\\/person\\\/d653a59725ad629a7e0429af7b939d4d\",\"name\":\"sarmiento24h@gmail.com\",\"image\":{\"@type\":\"ImageObject\",\"inLanguage\":\"es\",\"@id\":\"https:\\\/\\\/sarmiento24h.com\\\/wp-content\\\/litespeed\\\/avatar\\\/d02cbc4e23c747e6659cd45907173c8f.jpg?ver=1777157796\",\"url\":\"https:\\\/\\\/sarmiento24h.com\\\/wp-content\\\/litespeed\\\/avatar\\\/d02cbc4e23c747e6659cd45907173c8f.jpg?ver=1777157796\",\"contentUrl\":\"https:\\\/\\\/sarmiento24h.com\\\/wp-content\\\/litespeed\\\/avatar\\\/d02cbc4e23c747e6659cd45907173c8f.jpg?ver=1777157796\",\"caption\":\"sarmiento24h@gmail.com\"},\"sameAs\":[\"https:\\\/\\\/sarmiento24h.com\"],\"url\":\"https:\\\/\\\/sarmiento24h.com\\\/?author=1\"}]}<\/script>\n<!-- \/ Yoast SEO plugin. -->","yoast_head_json":{"title":"Subero Isa designado consultor jur\u00eddico del Poder Ejecutivo RD - Sarmiento24h","robots":{"index":"index","follow":"follow","max-snippet":"max-snippet:-1","max-image-preview":"max-image-preview:large","max-video-preview":"max-video-preview:-1"},"canonical":"https:\/\/sarmiento24h.com\/?p=6164","og_locale":"es_ES","og_type":"article","og_title":"Subero Isa designado consultor jur\u00eddico del Poder Ejecutivo RD - Sarmiento24h","og_description":"EL AUTOR es abogado, expresidente de la&#46;&#46;&#46;","og_url":"https:\/\/sarmiento24h.com\/?p=6164","og_site_name":"Sarmiento24h","article_publisher":"https:\/\/facebook.com\/s24hnoticias","article_published_time":"2026-01-05T23:26:06+00:00","og_image":[{"width":796,"height":445,"url":"https:\/\/sarmiento24h.com\/wp-content\/uploads\/2026\/01\/subero-isa-designado-consultor-juridico-del-poder-ejecutivo-rd.jpg","type":"image\/jpeg"}],"author":"sarmiento24h@gmail.com","twitter_card":"summary_large_image","twitter_creator":"@sarmiento24h","twitter_site":"@sarmiento24h","twitter_misc":{"Escrito por":"sarmiento24h@gmail.com","Tiempo de lectura":"2 minutos"},"schema":{"@context":"https:\/\/schema.org","@graph":[{"@type":"Article","@id":"https:\/\/sarmiento24h.com\/?p=6164#article","isPartOf":{"@id":"https:\/\/sarmiento24h.com\/?p=6164"},"author":{"name":"sarmiento24h@gmail.com","@id":"https:\/\/sarmiento24h.com\/#\/schema\/person\/d653a59725ad629a7e0429af7b939d4d"},"headline":"Subero Isa designado consultor jur\u00eddico del Poder Ejecutivo RD","datePublished":"2026-01-05T23:26:06+00:00","mainEntityOfPage":{"@id":"https:\/\/sarmiento24h.com\/?p=6164"},"wordCount":431,"publisher":{"@id":"https:\/\/sarmiento24h.com\/#organization"},"image":{"@id":"https:\/\/sarmiento24h.com\/?p=6164#primaryimage"},"thumbnailUrl":"https:\/\/sarmiento24h.com\/wp-content\/uploads\/2026\/01\/subero-isa-designado-consultor-juridico-del-poder-ejecutivo-rd.jpg","articleSection":["Portada"],"inLanguage":"es"},{"@type":"WebPage","@id":"https:\/\/sarmiento24h.com\/?p=6164","url":"https:\/\/sarmiento24h.com\/?p=6164","name":"Subero Isa designado consultor jur\u00eddico del Poder Ejecutivo RD - Sarmiento24h","isPartOf":{"@id":"https:\/\/sarmiento24h.com\/#website"},"primaryImageOfPage":{"@id":"https:\/\/sarmiento24h.com\/?p=6164#primaryimage"},"image":{"@id":"https:\/\/sarmiento24h.com\/?p=6164#primaryimage"},"thumbnailUrl":"https:\/\/sarmiento24h.com\/wp-content\/uploads\/2026\/01\/subero-isa-designado-consultor-juridico-del-poder-ejecutivo-rd.jpg","datePublished":"2026-01-05T23:26:06+00:00","breadcrumb":{"@id":"https:\/\/sarmiento24h.com\/?p=6164#breadcrumb"},"inLanguage":"es","potentialAction":[{"@type":"ReadAction","target":["https:\/\/sarmiento24h.com\/?p=6164"]}]},{"@type":"ImageObject","inLanguage":"es","@id":"https:\/\/sarmiento24h.com\/?p=6164#primaryimage","url":"https:\/\/sarmiento24h.com\/wp-content\/uploads\/2026\/01\/subero-isa-designado-consultor-juridico-del-poder-ejecutivo-rd.jpg","contentUrl":"https:\/\/sarmiento24h.com\/wp-content\/uploads\/2026\/01\/subero-isa-designado-consultor-juridico-del-poder-ejecutivo-rd.jpg","width":796,"height":445},{"@type":"BreadcrumbList","@id":"https:\/\/sarmiento24h.com\/?p=6164#breadcrumb","itemListElement":[{"@type":"ListItem","position":1,"name":"Home","item":"https:\/\/sarmiento24h.com\/"},{"@type":"ListItem","position":2,"name":"Subero Isa designado consultor jur\u00eddico del Poder Ejecutivo RD"}]},{"@type":"WebSite","@id":"https:\/\/sarmiento24h.com\/#website","url":"https:\/\/sarmiento24h.com\/","name":"Sarmiento24h","description":"","publisher":{"@id":"https:\/\/sarmiento24h.com\/#organization"},"potentialAction":[{"@type":"SearchAction","target":{"@type":"EntryPoint","urlTemplate":"https:\/\/sarmiento24h.com\/?s={search_term_string}"},"query-input":{"@type":"PropertyValueSpecification","valueRequired":true,"valueName":"search_term_string"}}],"inLanguage":"es"},{"@type":"Organization","@id":"https:\/\/sarmiento24h.com\/#organization","name":"Sarmiento24h","url":"https:\/\/sarmiento24h.com\/","logo":{"@type":"ImageObject","inLanguage":"es","@id":"https:\/\/sarmiento24h.com\/#\/schema\/logo\/image\/","url":"https:\/\/sarmiento24h.com\/wp-content\/uploads\/2025\/12\/AddText_12-16-10.30.52.jpg","contentUrl":"https:\/\/sarmiento24h.com\/wp-content\/uploads\/2025\/12\/AddText_12-16-10.30.52.jpg","width":1220,"height":324,"caption":"Sarmiento24h"},"image":{"@id":"https:\/\/sarmiento24h.com\/#\/schema\/logo\/image\/"},"sameAs":["https:\/\/facebook.com\/s24hnoticias","https:\/\/x.com\/sarmiento24h"]},{"@type":"Person","@id":"https:\/\/sarmiento24h.com\/#\/schema\/person\/d653a59725ad629a7e0429af7b939d4d","name":"sarmiento24h@gmail.com","image":{"@type":"ImageObject","inLanguage":"es","@id":"https:\/\/sarmiento24h.com\/wp-content\/litespeed\/avatar\/d02cbc4e23c747e6659cd45907173c8f.jpg?ver=1777157796","url":"https:\/\/sarmiento24h.com\/wp-content\/litespeed\/avatar\/d02cbc4e23c747e6659cd45907173c8f.jpg?ver=1777157796","contentUrl":"https:\/\/sarmiento24h.com\/wp-content\/litespeed\/avatar\/d02cbc4e23c747e6659cd45907173c8f.jpg?ver=1777157796","caption":"sarmiento24h@gmail.com"},"sameAs":["https:\/\/sarmiento24h.com"],"url":"https:\/\/sarmiento24h.com\/?author=1"}]}},"jetpack_publicize_connections":[],"jetpack_featured_media_url":"https:\/\/sarmiento24h.com\/wp-content\/uploads\/2026\/01\/subero-isa-designado-consultor-juridico-del-poder-ejecutivo-rd.jpg","jetpack_sharing_enabled":true,"_links":{"self":[{"href":"https:\/\/sarmiento24h.com\/index.php?rest_route=\/wp\/v2\/posts\/6164","targetHints":{"allow":["GET"]}}],"collection":[{"href":"https:\/\/sarmiento24h.com\/index.php?rest_route=\/wp\/v2\/posts"}],"about":[{"href":"https:\/\/sarmiento24h.com\/index.php?rest_route=\/wp\/v2\/types\/post"}],"author":[{"embeddable":true,"href":"https:\/\/sarmiento24h.com\/index.php?rest_route=\/wp\/v2\/users\/1"}],"replies":[{"embeddable":true,"href":"https:\/\/sarmiento24h.com\/index.php?rest_route=%2Fwp%2Fv2%2Fcomments&post=6164"}],"version-history":[{"count":0,"href":"https:\/\/sarmiento24h.com\/index.php?rest_route=\/wp\/v2\/posts\/6164\/revisions"}],"wp:featuredmedia":[{"embeddable":true,"href":"https:\/\/sarmiento24h.com\/index.php?rest_route=\/wp\/v2\/media\/6165"}],"wp:attachment":[{"href":"https:\/\/sarmiento24h.com\/index.php?rest_route=%2Fwp%2Fv2%2Fmedia&parent=6164"}],"wp:term":[{"taxonomy":"category","embeddable":true,"href":"https:\/\/sarmiento24h.com\/index.php?rest_route=%2Fwp%2Fv2%2Fcategories&post=6164"},{"taxonomy":"post_tag","embeddable":true,"href":"https:\/\/sarmiento24h.com\/index.php?rest_route=%2Fwp%2Fv2%2Ftags&post=6164"}],"curies":[{"name":"wp","href":"https:\/\/api.w.org\/{rel}","templated":true}]}}