{"id":61934,"date":"2026-03-14T17:17:26","date_gmt":"2026-03-14T17:17:26","guid":{"rendered":"http:\/\/almomento.net\/?p=1105145"},"modified":"2026-03-14T17:17:26","modified_gmt":"2026-03-14T17:17:26","slug":"dictan-20-anos-a-hombre-que-secuestro-y-asesino-comerciante","status":"publish","type":"post","link":"https:\/\/sarmiento24h.com\/?p=61934","title":{"rendered":"Dictan 20 a\u00f1os a\u00a0hombre que secuestr\u00f3 y asesin\u00f3 comerciante"},"content":{"rendered":"<p><!-- .entry-header --> <\/p>\n<div class=\"img_center\"> <a href=\"https:\/\/sarmiento24h.com\/wp-content\/uploads\/2026\/03\/dictan-20-anos-a-hombre-que-secuestro-y-asesino-comerciante.jpg\" title=\"Dictan 20 a\u00f1os a&nbsp;hombre que secuestr\u00f3 y asesin\u00f3 comerciante\" data-toggle=\"lightbox\" class=\"thickbox\"><img decoding=\"async\" src=\"https:\/\/sarmiento24h.com\/wp-content\/uploads\/2026\/03\/dictan-20-anos-a-hombre-que-secuestro-y-asesino-comerciante.jpg\" class=\"attachment-post-thumbnail size-post-thumbnail wp-post-image\" alt=\"imagen\" title=\"Dictan 20 a\u00f1os a&nbsp;hombre que secuestr\u00f3 y asesin\u00f3 comerciante\" data-toggle data-title=\"Dictan 20 a\u00f1os a&nbsp;hombre que secuestr\u00f3 y asesin\u00f3 comerciante\"><\/a> <\/div>\n<div class=\"post_author\">\n<ul>\n<li><b>Por <\/b> <a href=\"https:\/\/almomento.net\/author\/efe\/\"> <b> EFE<\/b><\/a><\/li>\n<li>Fecha: 14\/03\/2026 <\/li>\n<li> <\/li>\n<\/ul>\n<\/div>\n<p>Santo Domingo, 14 mar (EFE).- Un hombre fue condenado a 20 a\u00f1os de prisi\u00f3n por secuestrar y asesinar a un comerciante en septiembre de 2020, en el sector Jamao Afuera de Salcedo, provincia Hermanas Mirabal.<\/p>\n<div id class=\"d-flex flex-column flex-md-row no-gutters\">\n<div class=\"col-xl-8 col-md-8 .col-sm-11 col-xs-12 detalleALL\">\n<div class=\"p-4 m-0 BOX-light \">Se trata de David Reyes Brazob\u00e1n, quien asesin\u00f3 al ganadero Jos\u00e9 Ventura Reyes, reportado como desaparecido el d\u00eda 14 de septiembre de 2020 y cuyo cad\u00e1ver fue encontrado el d\u00eda 22 de ese mismo mes en estado de descomposici\u00f3n en una zona boscosa de Salcedo, precis\u00f3 el Ministerio P\u00fablico en un comunicado.El condenado se encontraba pr\u00f3fugo de la justicia en el momento en el que ocurri\u00f3 el asesinato, debido a que hab\u00eda amenazado e intentado matar a la v\u00edctima anteriormente.<\/p>\n<p><strong>VICTIMARIO JUNTO A C\u00d3MPLICES ENGA\u00d1\u00d3 A SU VICTIMA<\/strong><\/p>\n<p>Seg\u00fan la investigaci\u00f3n, Ventura Reyes sali\u00f3 de su residencia en Angelina, municipio de Cotu\u00ed, provincia de S\u00e1nchez Ram\u00edrez, el 13 de septiembre de 2024, con destino a R\u00edo Partido, de Salcedo, donde realiz\u00f3 un servicio de transporte de ganado a un supuesto cliente que le hab\u00eda llamado v\u00eda telef\u00f3nica.<\/p>\n<p>Su veh\u00edculo fue encontrado alrededor del mediod\u00eda en la localidad de Monte Adentro, en Salcedo.<\/p>\n<p>Las diligencias realizadas por las autoridades descubrieron que el condenado, vali\u00e9ndose de c\u00f3mplices, enga\u00f1\u00f3 a la v\u00edctima, puesto que viajaba en un veh\u00edculo que serv\u00eda de gu\u00eda al cami\u00f3n que conduc\u00eda Reyes Ventura.<\/p>\n<p><strong>LOS DOS HOMBRES TUVIERON DISCUSION POR UN TERRENO<\/strong><\/p>\n<p>La Fiscal\u00eda indic\u00f3 que meses antes del asesinato Reyes Ventura y Reyes Brazob\u00e1n tuvieron un pleito por un terreno.<\/p>\n<p>El procesado deber\u00e1 cumplir la sentencia en el Centro de Correcci\u00f3n y Rehabilitaci\u00f3n (CCR) La Isleta de Moca, provincia de Espaillat.<\/p>\n<\/div>\n<p>an\/am<\/p>\n<\/div>\n<\/div>\n<div class=\"heateor_sss_sharing_container heateor_sss_horizontal_sharing\" data-heateor-sss-href=\"https:\/\/almomento.net\/dictan-20-anos-a-hombre-que-secuestro-y-asesino-comerciante\/\">\n<p>Comp\u00e1rtelo en tus redes:<\/p>\n<\/div>\n<p> <!-- 468x60 --><br \/>\n<ins class=\"adsbygoogle\" data-ad-client=\"ca-pub-3511341636159665\" data-ad-slot=\"3538255450\"><\/ins> <!-- .entry-content --> <\/p>\n","protected":false},"excerpt":{"rendered":"<p>Por EFE Fecha: 14\/03\/2026 Santo Domingo, 14&#46;&#46;&#46;<\/p>\n","protected":false},"author":1,"featured_media":61935,"comment_status":"closed","ping_status":"closed","sticky":false,"template":"","format":"standard","meta":{"_jetpack_memberships_contains_paid_content":false,"footnotes":"","jetpack_publicize_message":"","jetpack_publicize_feature_enabled":true,"jetpack_social_post_already_shared":true,"jetpack_social_options":{"image_generator_settings":{"template":"highway","default_image_id":0,"font":"","enabled":false},"version":2}},"categories":[69],"tags":[],"class_list":["post-61934","post","type-post","status-publish","format-standard","has-post-thumbnail","hentry","category-portada"],"yoast_head":"<!-- This site is optimized with the Yoast SEO plugin v27.3 - https:\/\/yoast.com\/product\/yoast-seo-wordpress\/ -->\n<title>Dictan 20 a\u00f1os a\u00a0hombre que secuestr\u00f3 y asesin\u00f3 comerciante - Sarmiento24h<\/title>\n<meta name=\"robots\" content=\"index, follow, max-snippet:-1, max-image-preview:large, max-video-preview:-1\" \/>\n<link rel=\"canonical\" href=\"https:\/\/sarmiento24h.com\/?p=61934\" \/>\n<meta property=\"og:locale\" content=\"es_ES\" \/>\n<meta property=\"og:type\" content=\"article\" \/>\n<meta property=\"og:title\" content=\"Dictan 20 a\u00f1os a\u00a0hombre que secuestr\u00f3 y asesin\u00f3 comerciante - Sarmiento24h\" \/>\n<meta property=\"og:description\" content=\"Por EFE Fecha: 14\/03\/2026 Santo Domingo, 14&#046;&#046;&#046;\" \/>\n<meta property=\"og:url\" content=\"https:\/\/sarmiento24h.com\/?p=61934\" \/>\n<meta property=\"og:site_name\" content=\"Sarmiento24h\" \/>\n<meta property=\"article:publisher\" content=\"https:\/\/facebook.com\/s24hnoticias\" \/>\n<meta property=\"article:published_time\" content=\"2026-03-14T17:17:26+00:00\" \/>\n<meta property=\"og:image\" content=\"https:\/\/sarmiento24h.com\/wp-content\/uploads\/2026\/03\/dictan-20-anos-a-hombre-que-secuestro-y-asesino-comerciante.jpg\" \/>\n\t<meta property=\"og:image:width\" content=\"844\" \/>\n\t<meta property=\"og:image:height\" content=\"540\" \/>\n\t<meta property=\"og:image:type\" content=\"image\/jpeg\" \/>\n<meta name=\"author\" content=\"sarmiento24h@gmail.com\" \/>\n<meta name=\"twitter:card\" content=\"summary_large_image\" \/>\n<meta name=\"twitter:creator\" content=\"@sarmiento24h\" \/>\n<meta name=\"twitter:site\" content=\"@sarmiento24h\" \/>\n<meta name=\"twitter:label1\" content=\"Escrito por\" \/>\n\t<meta name=\"twitter:data1\" content=\"sarmiento24h@gmail.com\" \/>\n\t<meta name=\"twitter:label2\" content=\"Tiempo de lectura\" \/>\n\t<meta name=\"twitter:data2\" content=\"2 minutos\" \/>\n<script type=\"application\/ld+json\" class=\"yoast-schema-graph\">{\"@context\":\"https:\\\/\\\/schema.org\",\"@graph\":[{\"@type\":\"Article\",\"@id\":\"https:\\\/\\\/sarmiento24h.com\\\/?p=61934#article\",\"isPartOf\":{\"@id\":\"https:\\\/\\\/sarmiento24h.com\\\/?p=61934\"},\"author\":{\"name\":\"sarmiento24h@gmail.com\",\"@id\":\"https:\\\/\\\/sarmiento24h.com\\\/#\\\/schema\\\/person\\\/d653a59725ad629a7e0429af7b939d4d\"},\"headline\":\"Dictan 20 a\u00f1os a\u00a0hombre que secuestr\u00f3 y asesin\u00f3 comerciante\",\"datePublished\":\"2026-03-14T17:17:26+00:00\",\"mainEntityOfPage\":{\"@id\":\"https:\\\/\\\/sarmiento24h.com\\\/?p=61934\"},\"wordCount\":316,\"publisher\":{\"@id\":\"https:\\\/\\\/sarmiento24h.com\\\/#organization\"},\"image\":{\"@id\":\"https:\\\/\\\/sarmiento24h.com\\\/?p=61934#primaryimage\"},\"thumbnailUrl\":\"https:\\\/\\\/sarmiento24h.com\\\/wp-content\\\/uploads\\\/2026\\\/03\\\/dictan-20-anos-a-hombre-que-secuestro-y-asesino-comerciante.jpg\",\"articleSection\":[\"Portada\"],\"inLanguage\":\"es\"},{\"@type\":\"WebPage\",\"@id\":\"https:\\\/\\\/sarmiento24h.com\\\/?p=61934\",\"url\":\"https:\\\/\\\/sarmiento24h.com\\\/?p=61934\",\"name\":\"Dictan 20 a\u00f1os a\u00a0hombre que secuestr\u00f3 y asesin\u00f3 comerciante - Sarmiento24h\",\"isPartOf\":{\"@id\":\"https:\\\/\\\/sarmiento24h.com\\\/#website\"},\"primaryImageOfPage\":{\"@id\":\"https:\\\/\\\/sarmiento24h.com\\\/?p=61934#primaryimage\"},\"image\":{\"@id\":\"https:\\\/\\\/sarmiento24h.com\\\/?p=61934#primaryimage\"},\"thumbnailUrl\":\"https:\\\/\\\/sarmiento24h.com\\\/wp-content\\\/uploads\\\/2026\\\/03\\\/dictan-20-anos-a-hombre-que-secuestro-y-asesino-comerciante.jpg\",\"datePublished\":\"2026-03-14T17:17:26+00:00\",\"breadcrumb\":{\"@id\":\"https:\\\/\\\/sarmiento24h.com\\\/?p=61934#breadcrumb\"},\"inLanguage\":\"es\",\"potentialAction\":[{\"@type\":\"ReadAction\",\"target\":[\"https:\\\/\\\/sarmiento24h.com\\\/?p=61934\"]}]},{\"@type\":\"ImageObject\",\"inLanguage\":\"es\",\"@id\":\"https:\\\/\\\/sarmiento24h.com\\\/?p=61934#primaryimage\",\"url\":\"https:\\\/\\\/sarmiento24h.com\\\/wp-content\\\/uploads\\\/2026\\\/03\\\/dictan-20-anos-a-hombre-que-secuestro-y-asesino-comerciante.jpg\",\"contentUrl\":\"https:\\\/\\\/sarmiento24h.com\\\/wp-content\\\/uploads\\\/2026\\\/03\\\/dictan-20-anos-a-hombre-que-secuestro-y-asesino-comerciante.jpg\",\"width\":844,\"height\":540},{\"@type\":\"BreadcrumbList\",\"@id\":\"https:\\\/\\\/sarmiento24h.com\\\/?p=61934#breadcrumb\",\"itemListElement\":[{\"@type\":\"ListItem\",\"position\":1,\"name\":\"Home\",\"item\":\"https:\\\/\\\/sarmiento24h.com\\\/\"},{\"@type\":\"ListItem\",\"position\":2,\"name\":\"Dictan 20 a\u00f1os a\u00a0hombre que secuestr\u00f3 y asesin\u00f3 comerciante\"}]},{\"@type\":\"WebSite\",\"@id\":\"https:\\\/\\\/sarmiento24h.com\\\/#website\",\"url\":\"https:\\\/\\\/sarmiento24h.com\\\/\",\"name\":\"Sarmiento24h\",\"description\":\"\",\"publisher\":{\"@id\":\"https:\\\/\\\/sarmiento24h.com\\\/#organization\"},\"potentialAction\":[{\"@type\":\"SearchAction\",\"target\":{\"@type\":\"EntryPoint\",\"urlTemplate\":\"https:\\\/\\\/sarmiento24h.com\\\/?s={search_term_string}\"},\"query-input\":{\"@type\":\"PropertyValueSpecification\",\"valueRequired\":true,\"valueName\":\"search_term_string\"}}],\"inLanguage\":\"es\"},{\"@type\":\"Organization\",\"@id\":\"https:\\\/\\\/sarmiento24h.com\\\/#organization\",\"name\":\"Sarmiento24h\",\"url\":\"https:\\\/\\\/sarmiento24h.com\\\/\",\"logo\":{\"@type\":\"ImageObject\",\"inLanguage\":\"es\",\"@id\":\"https:\\\/\\\/sarmiento24h.com\\\/#\\\/schema\\\/logo\\\/image\\\/\",\"url\":\"https:\\\/\\\/sarmiento24h.com\\\/wp-content\\\/uploads\\\/2025\\\/12\\\/AddText_12-16-10.30.52.jpg\",\"contentUrl\":\"https:\\\/\\\/sarmiento24h.com\\\/wp-content\\\/uploads\\\/2025\\\/12\\\/AddText_12-16-10.30.52.jpg\",\"width\":1220,\"height\":324,\"caption\":\"Sarmiento24h\"},\"image\":{\"@id\":\"https:\\\/\\\/sarmiento24h.com\\\/#\\\/schema\\\/logo\\\/image\\\/\"},\"sameAs\":[\"https:\\\/\\\/facebook.com\\\/s24hnoticias\",\"https:\\\/\\\/x.com\\\/sarmiento24h\"]},{\"@type\":\"Person\",\"@id\":\"https:\\\/\\\/sarmiento24h.com\\\/#\\\/schema\\\/person\\\/d653a59725ad629a7e0429af7b939d4d\",\"name\":\"sarmiento24h@gmail.com\",\"image\":{\"@type\":\"ImageObject\",\"inLanguage\":\"es\",\"@id\":\"https:\\\/\\\/sarmiento24h.com\\\/wp-content\\\/litespeed\\\/avatar\\\/d02cbc4e23c747e6659cd45907173c8f.jpg?ver=1777157796\",\"url\":\"https:\\\/\\\/sarmiento24h.com\\\/wp-content\\\/litespeed\\\/avatar\\\/d02cbc4e23c747e6659cd45907173c8f.jpg?ver=1777157796\",\"contentUrl\":\"https:\\\/\\\/sarmiento24h.com\\\/wp-content\\\/litespeed\\\/avatar\\\/d02cbc4e23c747e6659cd45907173c8f.jpg?ver=1777157796\",\"caption\":\"sarmiento24h@gmail.com\"},\"sameAs\":[\"https:\\\/\\\/sarmiento24h.com\"],\"url\":\"https:\\\/\\\/sarmiento24h.com\\\/?author=1\"}]}<\/script>\n<!-- \/ Yoast SEO plugin. -->","yoast_head_json":{"title":"Dictan 20 a\u00f1os a\u00a0hombre que secuestr\u00f3 y asesin\u00f3 comerciante - Sarmiento24h","robots":{"index":"index","follow":"follow","max-snippet":"max-snippet:-1","max-image-preview":"max-image-preview:large","max-video-preview":"max-video-preview:-1"},"canonical":"https:\/\/sarmiento24h.com\/?p=61934","og_locale":"es_ES","og_type":"article","og_title":"Dictan 20 a\u00f1os a\u00a0hombre que secuestr\u00f3 y asesin\u00f3 comerciante - Sarmiento24h","og_description":"Por EFE Fecha: 14\/03\/2026 Santo Domingo, 14&#46;&#46;&#46;","og_url":"https:\/\/sarmiento24h.com\/?p=61934","og_site_name":"Sarmiento24h","article_publisher":"https:\/\/facebook.com\/s24hnoticias","article_published_time":"2026-03-14T17:17:26+00:00","og_image":[{"width":844,"height":540,"url":"https:\/\/sarmiento24h.com\/wp-content\/uploads\/2026\/03\/dictan-20-anos-a-hombre-que-secuestro-y-asesino-comerciante.jpg","type":"image\/jpeg"}],"author":"sarmiento24h@gmail.com","twitter_card":"summary_large_image","twitter_creator":"@sarmiento24h","twitter_site":"@sarmiento24h","twitter_misc":{"Escrito por":"sarmiento24h@gmail.com","Tiempo de lectura":"2 minutos"},"schema":{"@context":"https:\/\/schema.org","@graph":[{"@type":"Article","@id":"https:\/\/sarmiento24h.com\/?p=61934#article","isPartOf":{"@id":"https:\/\/sarmiento24h.com\/?p=61934"},"author":{"name":"sarmiento24h@gmail.com","@id":"https:\/\/sarmiento24h.com\/#\/schema\/person\/d653a59725ad629a7e0429af7b939d4d"},"headline":"Dictan 20 a\u00f1os a\u00a0hombre que secuestr\u00f3 y asesin\u00f3 comerciante","datePublished":"2026-03-14T17:17:26+00:00","mainEntityOfPage":{"@id":"https:\/\/sarmiento24h.com\/?p=61934"},"wordCount":316,"publisher":{"@id":"https:\/\/sarmiento24h.com\/#organization"},"image":{"@id":"https:\/\/sarmiento24h.com\/?p=61934#primaryimage"},"thumbnailUrl":"https:\/\/sarmiento24h.com\/wp-content\/uploads\/2026\/03\/dictan-20-anos-a-hombre-que-secuestro-y-asesino-comerciante.jpg","articleSection":["Portada"],"inLanguage":"es"},{"@type":"WebPage","@id":"https:\/\/sarmiento24h.com\/?p=61934","url":"https:\/\/sarmiento24h.com\/?p=61934","name":"Dictan 20 a\u00f1os a\u00a0hombre que secuestr\u00f3 y asesin\u00f3 comerciante - Sarmiento24h","isPartOf":{"@id":"https:\/\/sarmiento24h.com\/#website"},"primaryImageOfPage":{"@id":"https:\/\/sarmiento24h.com\/?p=61934#primaryimage"},"image":{"@id":"https:\/\/sarmiento24h.com\/?p=61934#primaryimage"},"thumbnailUrl":"https:\/\/sarmiento24h.com\/wp-content\/uploads\/2026\/03\/dictan-20-anos-a-hombre-que-secuestro-y-asesino-comerciante.jpg","datePublished":"2026-03-14T17:17:26+00:00","breadcrumb":{"@id":"https:\/\/sarmiento24h.com\/?p=61934#breadcrumb"},"inLanguage":"es","potentialAction":[{"@type":"ReadAction","target":["https:\/\/sarmiento24h.com\/?p=61934"]}]},{"@type":"ImageObject","inLanguage":"es","@id":"https:\/\/sarmiento24h.com\/?p=61934#primaryimage","url":"https:\/\/sarmiento24h.com\/wp-content\/uploads\/2026\/03\/dictan-20-anos-a-hombre-que-secuestro-y-asesino-comerciante.jpg","contentUrl":"https:\/\/sarmiento24h.com\/wp-content\/uploads\/2026\/03\/dictan-20-anos-a-hombre-que-secuestro-y-asesino-comerciante.jpg","width":844,"height":540},{"@type":"BreadcrumbList","@id":"https:\/\/sarmiento24h.com\/?p=61934#breadcrumb","itemListElement":[{"@type":"ListItem","position":1,"name":"Home","item":"https:\/\/sarmiento24h.com\/"},{"@type":"ListItem","position":2,"name":"Dictan 20 a\u00f1os a\u00a0hombre que secuestr\u00f3 y asesin\u00f3 comerciante"}]},{"@type":"WebSite","@id":"https:\/\/sarmiento24h.com\/#website","url":"https:\/\/sarmiento24h.com\/","name":"Sarmiento24h","description":"","publisher":{"@id":"https:\/\/sarmiento24h.com\/#organization"},"potentialAction":[{"@type":"SearchAction","target":{"@type":"EntryPoint","urlTemplate":"https:\/\/sarmiento24h.com\/?s={search_term_string}"},"query-input":{"@type":"PropertyValueSpecification","valueRequired":true,"valueName":"search_term_string"}}],"inLanguage":"es"},{"@type":"Organization","@id":"https:\/\/sarmiento24h.com\/#organization","name":"Sarmiento24h","url":"https:\/\/sarmiento24h.com\/","logo":{"@type":"ImageObject","inLanguage":"es","@id":"https:\/\/sarmiento24h.com\/#\/schema\/logo\/image\/","url":"https:\/\/sarmiento24h.com\/wp-content\/uploads\/2025\/12\/AddText_12-16-10.30.52.jpg","contentUrl":"https:\/\/sarmiento24h.com\/wp-content\/uploads\/2025\/12\/AddText_12-16-10.30.52.jpg","width":1220,"height":324,"caption":"Sarmiento24h"},"image":{"@id":"https:\/\/sarmiento24h.com\/#\/schema\/logo\/image\/"},"sameAs":["https:\/\/facebook.com\/s24hnoticias","https:\/\/x.com\/sarmiento24h"]},{"@type":"Person","@id":"https:\/\/sarmiento24h.com\/#\/schema\/person\/d653a59725ad629a7e0429af7b939d4d","name":"sarmiento24h@gmail.com","image":{"@type":"ImageObject","inLanguage":"es","@id":"https:\/\/sarmiento24h.com\/wp-content\/litespeed\/avatar\/d02cbc4e23c747e6659cd45907173c8f.jpg?ver=1777157796","url":"https:\/\/sarmiento24h.com\/wp-content\/litespeed\/avatar\/d02cbc4e23c747e6659cd45907173c8f.jpg?ver=1777157796","contentUrl":"https:\/\/sarmiento24h.com\/wp-content\/litespeed\/avatar\/d02cbc4e23c747e6659cd45907173c8f.jpg?ver=1777157796","caption":"sarmiento24h@gmail.com"},"sameAs":["https:\/\/sarmiento24h.com"],"url":"https:\/\/sarmiento24h.com\/?author=1"}]}},"jetpack_publicize_connections":[],"jetpack_featured_media_url":"https:\/\/sarmiento24h.com\/wp-content\/uploads\/2026\/03\/dictan-20-anos-a-hombre-que-secuestro-y-asesino-comerciante.jpg","jetpack_sharing_enabled":true,"_links":{"self":[{"href":"https:\/\/sarmiento24h.com\/index.php?rest_route=\/wp\/v2\/posts\/61934","targetHints":{"allow":["GET"]}}],"collection":[{"href":"https:\/\/sarmiento24h.com\/index.php?rest_route=\/wp\/v2\/posts"}],"about":[{"href":"https:\/\/sarmiento24h.com\/index.php?rest_route=\/wp\/v2\/types\/post"}],"author":[{"embeddable":true,"href":"https:\/\/sarmiento24h.com\/index.php?rest_route=\/wp\/v2\/users\/1"}],"replies":[{"embeddable":true,"href":"https:\/\/sarmiento24h.com\/index.php?rest_route=%2Fwp%2Fv2%2Fcomments&post=61934"}],"version-history":[{"count":0,"href":"https:\/\/sarmiento24h.com\/index.php?rest_route=\/wp\/v2\/posts\/61934\/revisions"}],"wp:featuredmedia":[{"embeddable":true,"href":"https:\/\/sarmiento24h.com\/index.php?rest_route=\/wp\/v2\/media\/61935"}],"wp:attachment":[{"href":"https:\/\/sarmiento24h.com\/index.php?rest_route=%2Fwp%2Fv2%2Fmedia&parent=61934"}],"wp:term":[{"taxonomy":"category","embeddable":true,"href":"https:\/\/sarmiento24h.com\/index.php?rest_route=%2Fwp%2Fv2%2Fcategories&post=61934"},{"taxonomy":"post_tag","embeddable":true,"href":"https:\/\/sarmiento24h.com\/index.php?rest_route=%2Fwp%2Fv2%2Ftags&post=61934"}],"curies":[{"name":"wp","href":"https:\/\/api.w.org\/{rel}","templated":true}]}}