{"id":6208,"date":"2026-01-06T06:06:18","date_gmt":"2026-01-06T06:06:18","guid":{"rendered":"http:\/\/almomento.net\/?p=1090162"},"modified":"2026-01-06T06:06:18","modified_gmt":"2026-01-06T06:06:18","slug":"alfredo-polonia-embajador-de-la-plena-dominicana","status":"publish","type":"post","link":"https:\/\/sarmiento24h.com\/?p=6208","title":{"rendered":"Alfredo Polonia, embajador de la plena dominicana"},"content":{"rendered":"<p><!-- .entry-header --> <\/p>\n<div class=\"img_center\" readability=\"7\"> <a href=\"https:\/\/almomento.net\/wp-content\/uploads\/2024\/11\/Marino-Baez-e1732464557340.jpg\" alt=\"Alfredo Polonia, embajador de la plena dominicana\" title=\"Alfredo Polonia, embajador de la plena dominicana\" data-toggle=\"lightbox\" class=\"thickbox\"><img decoding=\"async\" src=\"https:\/\/almomento.net\/wp-content\/uploads\/2024\/11\/Marino-Baez-e1732464557340.jpg\" class=\"attachment-post-thumbnail size-post-thumbnail wp-post-image\" alt=\"imagen\" title=\"Alfredo Polonia, embajador de la plena dominicana\" data-toggle data-title=\"Alfredo Polonia, embajador de la plena dominicana\"><\/a><\/p>\n<p>El autor es escritor y periodista. Reside en Estados Unidos<\/p>\n<\/p><\/div>\n<p>El g\u00e9nero de la plena, vibrante y narrativa, encontr\u00f3 un embajador inesperado en la Rep\u00fablica Dominicana a trav\u00e9s de la figura de Alfredo Polonia, nacido el 9 de febrero de 1929 en el Paraje de Arroyo Toro, provincia Monse\u00f1or Nouel, donde no solo adopt\u00f3 un ritmo aut\u00f3ctono de Puerto Rico, sino que lo transform\u00f3 y lo sembr\u00f3 profundamente en suelo dominicano, dejando un legado imborrable tras su reciente fallecimiento el 24 de noviembre de 2025, por lo que, su historia es un testimonio de c\u00f3mo la m\u00fasica trasciende fronteras geogr\u00e1ficas y culturales.<\/p>\n<p>La plena, conocida como el \u201cperi\u00f3dico cantado\u201d en sus or\u00edgenes ponce\u00f1os, Puerto Rico, serv\u00eda como un medio para documentar la vida cotidiana y las injusticias sociales de la clase trabajadora a principios del siglo XX. Este g\u00e9nero, con sus ra\u00edces africanas y su instrumentaci\u00f3n de panderetas, pose\u00eda una versatilidad r\u00edtmica y l\u00edrica que atrajo a Alfredo Polonia, el cual vio en la plena un veh\u00edculo universal para contar las historias de su propia gente y su entorno en la Rep\u00fablica Dominicana.<\/p>\n<p>A diferencia de otros g\u00e9neros dominicanos predominantes como el merengue o la bachata, la plena era una rareza en el pa\u00eds. Alfredo Polonia asumi\u00f3 la tarea de introducirla, y a la vez popularizar, su enfoque, no fue el de un simple imitador, sino el de un innovador que adapt\u00f3 el sabor y la l\u00edrica a la idiosincrasia dominicana. Canciones como&nbsp;<i>\u201cCosas Incre\u00edbles\u201d, \u201cLa Minifalda\u201d<\/i>&nbsp;o&nbsp;<i>\u201cLo que le pas\u00f3 a Juan\u201d<\/i>, no solo eran pegajosas, sino que resonaban con experiencias locales, asegurando su \u00e9xito y aceptaci\u00f3n en la sociedad nacional e internacional.<\/p>\n<p>Polonia se gan\u00f3 el respeto y la admiraci\u00f3n del p\u00fablico y sus colegas, ya que su estilo distintivo y su habilidad como compositor lo convirtieron en un \u00edcono, mediante una discograf\u00eda inclusiva de \u00e1lbumes esenciales, entre los que preciso es destacar:&nbsp;<i>\u201cEn Plena Dominicana\u201d (1995) y \u201cPlena Dominicana Vol. 2\u201d (1997)<\/i>, las cuales solidificaron su posici\u00f3n como el&nbsp;<i>\u201cRey de la Plena Dominicana\u201d<\/i>. Se podr\u00eda afirmar, sin menosprecio, que estas grabaciones han servido como c\u00e1psulas del tiempo que capturan la esencia de su contribuci\u00f3n musical.<\/p>\n<figure id=\"attachment_1090163\" aria-describedby=\"caption-attachment-1090163\" class=\"wp-caption alignleft\"><img loading=\"lazy\" decoding=\"async\" class=\"size-full wp-image-1090163\" src=\"https:\/\/almomento.net\/wp-content\/uploads\/2026\/01\/polonia.png\" alt width=\"185\" height=\"273\" srcset=\"https:\/\/almomento.net\/wp-content\/uploads\/2026\/01\/polonia.png 185w, https:\/\/almomento.net\/wp-content\/uploads\/2026\/01\/polonia-64x95.png 64w, https:\/\/almomento.net\/wp-content\/uploads\/2026\/01\/polonia-169x250.png 169w, https:\/\/almomento.net\/wp-content\/uploads\/2026\/01\/polonia-149x220.png 149w\" sizes=\"auto, (max-width: 185px) 100vw, 185px\"><figcaption id=\"caption-attachment-1090163\" class=\"wp-caption-text\">Alfredo Polonia<\/figcaption><\/figure>\n<p>La influencia de la plena en la Rep\u00fablica Dominicana, gracias a Alfredo (Fello) Polonia, ha abierto las puertas a otros artistas de arraigo nacional e internacional, quienes incursionan en el g\u00e9nero de la plana, aunque quiz\u00e1s no con la misma dedicaci\u00f3n exclusiva que Polonia, pero s\u00ed en reconocimiento a su legado musical. La plena ha sido integrada en el repertorio de orquestas de merengue y agrupaciones folcl\u00f3ricas, demostrando la permeabilidad cultural lograda por el esfuerzo de este \u00edcono de la m\u00fasica nacido de las entra\u00f1as de una comunidad rural como Arroyo Toro, Paraje del municipio de Bonao<\/p>\n<p>Una reflexi\u00f3n sobre su carrera revela que la m\u00fasica es un lenguaje vivo que se nutre del intercambio cultural. Fello Polonia demostr\u00f3 que la autenticidad de una expresi\u00f3n art\u00edstica no reside \u00fanicamente en su lugar de origen, sino en la pasi\u00f3n y la verdad con que es interpretada, en esencia, su capacidad para cruzar el Canal de la Mona metaf\u00f3ricamente y arraigar la plena en Quisqueya es un logro notable en la historia musical caribe\u00f1a.<\/p>\n<p>Otro artista notable que incursion\u00f3 en la plena puertorrique\u00f1a fue Rafael Cortijo, una figura legendaria que moderniz\u00f3 el g\u00e9nero en Puerto Rico durante la d\u00e9cada de 1950 y 1960, Junto a Ismael Rivera (\u201cMaelo\u201d), Cortijo llev\u00f3 la plena a un p\u00fablico internacional con un sonido de big band que, si bien diferente al estilo m\u00e1s \u00edntimo de Polonia, compart\u00eda la misma ra\u00edz y pasi\u00f3n por la narrativa r\u00edtmica.<\/p>\n<p>La historia de Cortijo e Ismael Rivera sirve como paralelo para entender c\u00f3mo la plena ha sido moldeada por grandes personalidades y as\u00ed como ellos la elevaron en Puerto Rico, Alfredo Polonia hizo lo propio en la Rep\u00fablica Dominicana, adaptando y personalizando el g\u00e9nero, o sea, ambos casos ilustran c\u00f3mo un ritmo popular puede convertirse en un s\u00edmbolo de identidad y resistencia cultural.<\/p>\n<p>El legado de Alfredo Polonia no ha quedado \u00fanicamente en grabaciones, sus ra\u00edces art\u00edsticas florecieron en su propia prole. Sus hijos, Tommy y Aldo Polonia, quienes asumieron la responsabilidad de mantener viva la llama de la m\u00fasica dominicana a ritmo de bachata y merengue,&nbsp;en el entendido de que:&nbsp;<i>\u201cUn verdadero artista nunca muere; simplemente cambia de escenario, viviendo eternamente a trav\u00e9s de las notas que inspir\u00f3 en la pr\u00f3xima generaci\u00f3n\u00bb (MB).&nbsp;<\/i><\/p>\n<p>La llama que encendi\u00f3 Alfredo Polonia en la plena puertorrique\u00f1a y la m\u00fasica dominicana,&nbsp;no mengu\u00f3 con su partida; por el contrario, arde con m\u00e1s fuerza en la siguiente generaci\u00f3n. Sus hijos, Tommy y Aldo, han asumido el rol de custodios del legado familiar, tejiendo con hilos de bachata y merengue un puente sonoro que conecta el pasado con el presente, por lo que, esta constelaci\u00f3n musical asegura que la lumbrera del maestro brille perpetuamente, trascendiendo el tiempo y las fronteras, demostrando que la verdadera herencia no se guarda, sino que se comparte y se hace vibrar en cada nueva melod\u00eda.<\/p>\n<p>La partida de Alfredo Polonia a los 96 a\u00f1os deja un vac\u00edo considerable, visto que es considerado como un hombre que dedic\u00f3 su vida a un g\u00e9nero que am\u00f3 profundamente y su muerte en el Distrito Municipal de Arroyo Toro-Bonao, el lugar donde cosech\u00f3 sus ra\u00edces del g\u00e9nero plena, cierra un cap\u00edtulo importante en la m\u00fasica caribe\u00f1a, que muere pero siempre perdura.<\/p>\n<p>Su trayectoria nos recuerda la importancia de los pioneros culturales, aquellos que se atreven a mezclar tradiciones y crear algo nuevo y vibrante. Alfredo Polonia no solo cant\u00f3 plenas; las vivi\u00f3 y las hizo parte del tejido cultural dominicano, realmente, su historia es una inspiraci\u00f3n para m\u00fasicos j\u00f3venes que buscan forjar su propio camino.<\/p>\n<p><i>\u201cLa m\u00fasica es el puente invisible que conecta almas, islas y generaciones\u201d (MB).&nbsp;<\/i>La trayectoria de Alfredo Polonia es un vibrante tapiz tejido con hilos de pasi\u00f3n indomable, perseverancia y una visi\u00f3n innovadora. Este navegante sonoro, logr\u00f3 la haza\u00f1a de que un g\u00e9nero for\u00e1neo echara ra\u00edces profundas en suelo nuevo, fusionando el alma de dos islas caribe\u00f1as en un solo latir r\u00edtmico. Su legado no es una reliquia inerte, sino una celebraci\u00f3n viva que seguir\u00e1 encendiendo fiestas y uniendo corazones y su m\u00fasica es el testimonio perenne de un hombre que crey\u00f3 fervientemente en el poder unificador de la plena, dejando una huella imborrable en el pentagrama de la identidad caribe\u00f1a.<\/p>\n<p><i>\u201cEl arte es la \u00fanica garant\u00eda de eternidad\u201d (MB), e<\/i>l maestro Alfredo Polonia ha concluido su traves\u00eda terrenal, pero nos deja un tesoro invaluable: su vasto cancionero que resuena como testamento de la universalidad del lenguaje musical, y m\u00e1s all\u00e1 de las notas, nos hereda una filosof\u00eda de vida: la necesidad vital de honrar nuestras ra\u00edces mientras nos atrevemos a innovar y adaptarnos.<\/p>\n<p>Alfredo Polonia no solo fue un m\u00fasico, sino un arquitecto de puentes r\u00edtmicos que asegur\u00f3 su lugar en la memoria colectiva como una figura insustituible y eterna en la vibrante historia de la m\u00fasica popular.<\/p>\n<p><i>jpm-am<\/i><\/p>\n<div class=\"heateor_sss_sharing_container heateor_sss_horizontal_sharing\" data-heateor-sss-href=\"https:\/\/almomento.net\/alfredo-polonia-embajador-de-la-plena-dominicana\/\" readability=\"7\">\n<p>Comp\u00e1rtelo en tus redes:<\/p>\n<\/div>\n<p> <!-- 468x60 --><br \/>\n<ins class=\"adsbygoogle\" data-ad-client=\"ca-pub-3511341636159665\" data-ad-slot=\"3538255450\"><\/ins> <!-- .entry-content --> <\/p>\n","protected":false},"excerpt":{"rendered":"<p>El autor es escritor y periodista. Reside&#46;&#46;&#46;<\/p>\n","protected":false},"author":1,"featured_media":6209,"comment_status":"closed","ping_status":"closed","sticky":false,"template":"","format":"standard","meta":{"_jetpack_memberships_contains_paid_content":false,"footnotes":"","jetpack_publicize_message":"","jetpack_publicize_feature_enabled":true,"jetpack_social_post_already_shared":false,"jetpack_social_options":{"image_generator_settings":{"template":"highway","default_image_id":0,"font":"","enabled":false},"version":2}},"categories":[45],"tags":[],"class_list":["post-6208","post","type-post","status-publish","format-standard","has-post-thumbnail","hentry","category-variedades"],"yoast_head":"<!-- This site is optimized with the Yoast SEO plugin v27.3 - https:\/\/yoast.com\/product\/yoast-seo-wordpress\/ -->\n<title>Alfredo Polonia, embajador de la plena dominicana - Sarmiento24h<\/title>\n<meta name=\"robots\" content=\"index, follow, max-snippet:-1, max-image-preview:large, max-video-preview:-1\" \/>\n<link rel=\"canonical\" href=\"https:\/\/sarmiento24h.com\/?p=6208\" \/>\n<meta property=\"og:locale\" content=\"es_ES\" \/>\n<meta property=\"og:type\" content=\"article\" \/>\n<meta property=\"og:title\" content=\"Alfredo Polonia, embajador de la plena dominicana - Sarmiento24h\" \/>\n<meta property=\"og:description\" content=\"El autor es escritor y periodista. Reside&#046;&#046;&#046;\" \/>\n<meta property=\"og:url\" content=\"https:\/\/sarmiento24h.com\/?p=6208\" \/>\n<meta property=\"og:site_name\" content=\"Sarmiento24h\" \/>\n<meta property=\"article:publisher\" content=\"https:\/\/facebook.com\/s24hnoticias\" \/>\n<meta property=\"article:published_time\" content=\"2026-01-06T06:06:18+00:00\" \/>\n<meta property=\"og:image\" content=\"https:\/\/sarmiento24h.com\/wp-content\/uploads\/2026\/01\/alfredo-polonia-embajador-de-la-plena-dominicana.jpg\" \/>\n\t<meta property=\"og:image:width\" content=\"350\" \/>\n\t<meta property=\"og:image:height\" content=\"350\" \/>\n\t<meta property=\"og:image:type\" content=\"image\/jpeg\" \/>\n<meta name=\"author\" content=\"sarmiento24h@gmail.com\" \/>\n<meta name=\"twitter:card\" content=\"summary_large_image\" \/>\n<meta name=\"twitter:creator\" content=\"@sarmiento24h\" \/>\n<meta name=\"twitter:site\" content=\"@sarmiento24h\" \/>\n<meta name=\"twitter:label1\" content=\"Escrito por\" \/>\n\t<meta name=\"twitter:data1\" content=\"sarmiento24h@gmail.com\" \/>\n\t<meta name=\"twitter:label2\" content=\"Tiempo de lectura\" \/>\n\t<meta name=\"twitter:data2\" content=\"6 minutos\" \/>\n<script type=\"application\/ld+json\" class=\"yoast-schema-graph\">{\"@context\":\"https:\\\/\\\/schema.org\",\"@graph\":[{\"@type\":\"Article\",\"@id\":\"https:\\\/\\\/sarmiento24h.com\\\/?p=6208#article\",\"isPartOf\":{\"@id\":\"https:\\\/\\\/sarmiento24h.com\\\/?p=6208\"},\"author\":{\"name\":\"sarmiento24h@gmail.com\",\"@id\":\"https:\\\/\\\/sarmiento24h.com\\\/#\\\/schema\\\/person\\\/d653a59725ad629a7e0429af7b939d4d\"},\"headline\":\"Alfredo Polonia, embajador de la plena dominicana\",\"datePublished\":\"2026-01-06T06:06:18+00:00\",\"mainEntityOfPage\":{\"@id\":\"https:\\\/\\\/sarmiento24h.com\\\/?p=6208\"},\"wordCount\":1279,\"publisher\":{\"@id\":\"https:\\\/\\\/sarmiento24h.com\\\/#organization\"},\"image\":{\"@id\":\"https:\\\/\\\/sarmiento24h.com\\\/?p=6208#primaryimage\"},\"thumbnailUrl\":\"https:\\\/\\\/sarmiento24h.com\\\/wp-content\\\/uploads\\\/2026\\\/01\\\/alfredo-polonia-embajador-de-la-plena-dominicana.jpg\",\"articleSection\":[\"Variedades\"],\"inLanguage\":\"es\"},{\"@type\":\"WebPage\",\"@id\":\"https:\\\/\\\/sarmiento24h.com\\\/?p=6208\",\"url\":\"https:\\\/\\\/sarmiento24h.com\\\/?p=6208\",\"name\":\"Alfredo Polonia, embajador de la plena dominicana - Sarmiento24h\",\"isPartOf\":{\"@id\":\"https:\\\/\\\/sarmiento24h.com\\\/#website\"},\"primaryImageOfPage\":{\"@id\":\"https:\\\/\\\/sarmiento24h.com\\\/?p=6208#primaryimage\"},\"image\":{\"@id\":\"https:\\\/\\\/sarmiento24h.com\\\/?p=6208#primaryimage\"},\"thumbnailUrl\":\"https:\\\/\\\/sarmiento24h.com\\\/wp-content\\\/uploads\\\/2026\\\/01\\\/alfredo-polonia-embajador-de-la-plena-dominicana.jpg\",\"datePublished\":\"2026-01-06T06:06:18+00:00\",\"breadcrumb\":{\"@id\":\"https:\\\/\\\/sarmiento24h.com\\\/?p=6208#breadcrumb\"},\"inLanguage\":\"es\",\"potentialAction\":[{\"@type\":\"ReadAction\",\"target\":[\"https:\\\/\\\/sarmiento24h.com\\\/?p=6208\"]}]},{\"@type\":\"ImageObject\",\"inLanguage\":\"es\",\"@id\":\"https:\\\/\\\/sarmiento24h.com\\\/?p=6208#primaryimage\",\"url\":\"https:\\\/\\\/sarmiento24h.com\\\/wp-content\\\/uploads\\\/2026\\\/01\\\/alfredo-polonia-embajador-de-la-plena-dominicana.jpg\",\"contentUrl\":\"https:\\\/\\\/sarmiento24h.com\\\/wp-content\\\/uploads\\\/2026\\\/01\\\/alfredo-polonia-embajador-de-la-plena-dominicana.jpg\",\"width\":350,\"height\":350},{\"@type\":\"BreadcrumbList\",\"@id\":\"https:\\\/\\\/sarmiento24h.com\\\/?p=6208#breadcrumb\",\"itemListElement\":[{\"@type\":\"ListItem\",\"position\":1,\"name\":\"Home\",\"item\":\"https:\\\/\\\/sarmiento24h.com\\\/\"},{\"@type\":\"ListItem\",\"position\":2,\"name\":\"Alfredo Polonia, embajador de la plena dominicana\"}]},{\"@type\":\"WebSite\",\"@id\":\"https:\\\/\\\/sarmiento24h.com\\\/#website\",\"url\":\"https:\\\/\\\/sarmiento24h.com\\\/\",\"name\":\"Sarmiento24h\",\"description\":\"\",\"publisher\":{\"@id\":\"https:\\\/\\\/sarmiento24h.com\\\/#organization\"},\"potentialAction\":[{\"@type\":\"SearchAction\",\"target\":{\"@type\":\"EntryPoint\",\"urlTemplate\":\"https:\\\/\\\/sarmiento24h.com\\\/?s={search_term_string}\"},\"query-input\":{\"@type\":\"PropertyValueSpecification\",\"valueRequired\":true,\"valueName\":\"search_term_string\"}}],\"inLanguage\":\"es\"},{\"@type\":\"Organization\",\"@id\":\"https:\\\/\\\/sarmiento24h.com\\\/#organization\",\"name\":\"Sarmiento24h\",\"url\":\"https:\\\/\\\/sarmiento24h.com\\\/\",\"logo\":{\"@type\":\"ImageObject\",\"inLanguage\":\"es\",\"@id\":\"https:\\\/\\\/sarmiento24h.com\\\/#\\\/schema\\\/logo\\\/image\\\/\",\"url\":\"https:\\\/\\\/sarmiento24h.com\\\/wp-content\\\/uploads\\\/2025\\\/12\\\/AddText_12-16-10.30.52.jpg\",\"contentUrl\":\"https:\\\/\\\/sarmiento24h.com\\\/wp-content\\\/uploads\\\/2025\\\/12\\\/AddText_12-16-10.30.52.jpg\",\"width\":1220,\"height\":324,\"caption\":\"Sarmiento24h\"},\"image\":{\"@id\":\"https:\\\/\\\/sarmiento24h.com\\\/#\\\/schema\\\/logo\\\/image\\\/\"},\"sameAs\":[\"https:\\\/\\\/facebook.com\\\/s24hnoticias\",\"https:\\\/\\\/x.com\\\/sarmiento24h\"]},{\"@type\":\"Person\",\"@id\":\"https:\\\/\\\/sarmiento24h.com\\\/#\\\/schema\\\/person\\\/d653a59725ad629a7e0429af7b939d4d\",\"name\":\"sarmiento24h@gmail.com\",\"image\":{\"@type\":\"ImageObject\",\"inLanguage\":\"es\",\"@id\":\"https:\\\/\\\/sarmiento24h.com\\\/wp-content\\\/litespeed\\\/avatar\\\/d02cbc4e23c747e6659cd45907173c8f.jpg?ver=1777157796\",\"url\":\"https:\\\/\\\/sarmiento24h.com\\\/wp-content\\\/litespeed\\\/avatar\\\/d02cbc4e23c747e6659cd45907173c8f.jpg?ver=1777157796\",\"contentUrl\":\"https:\\\/\\\/sarmiento24h.com\\\/wp-content\\\/litespeed\\\/avatar\\\/d02cbc4e23c747e6659cd45907173c8f.jpg?ver=1777157796\",\"caption\":\"sarmiento24h@gmail.com\"},\"sameAs\":[\"https:\\\/\\\/sarmiento24h.com\"],\"url\":\"https:\\\/\\\/sarmiento24h.com\\\/?author=1\"}]}<\/script>\n<!-- \/ Yoast SEO plugin. -->","yoast_head_json":{"title":"Alfredo Polonia, embajador de la plena dominicana - Sarmiento24h","robots":{"index":"index","follow":"follow","max-snippet":"max-snippet:-1","max-image-preview":"max-image-preview:large","max-video-preview":"max-video-preview:-1"},"canonical":"https:\/\/sarmiento24h.com\/?p=6208","og_locale":"es_ES","og_type":"article","og_title":"Alfredo Polonia, embajador de la plena dominicana - Sarmiento24h","og_description":"El autor es escritor y periodista. Reside&#46;&#46;&#46;","og_url":"https:\/\/sarmiento24h.com\/?p=6208","og_site_name":"Sarmiento24h","article_publisher":"https:\/\/facebook.com\/s24hnoticias","article_published_time":"2026-01-06T06:06:18+00:00","og_image":[{"width":350,"height":350,"url":"https:\/\/sarmiento24h.com\/wp-content\/uploads\/2026\/01\/alfredo-polonia-embajador-de-la-plena-dominicana.jpg","type":"image\/jpeg"}],"author":"sarmiento24h@gmail.com","twitter_card":"summary_large_image","twitter_creator":"@sarmiento24h","twitter_site":"@sarmiento24h","twitter_misc":{"Escrito por":"sarmiento24h@gmail.com","Tiempo de lectura":"6 minutos"},"schema":{"@context":"https:\/\/schema.org","@graph":[{"@type":"Article","@id":"https:\/\/sarmiento24h.com\/?p=6208#article","isPartOf":{"@id":"https:\/\/sarmiento24h.com\/?p=6208"},"author":{"name":"sarmiento24h@gmail.com","@id":"https:\/\/sarmiento24h.com\/#\/schema\/person\/d653a59725ad629a7e0429af7b939d4d"},"headline":"Alfredo Polonia, embajador de la plena dominicana","datePublished":"2026-01-06T06:06:18+00:00","mainEntityOfPage":{"@id":"https:\/\/sarmiento24h.com\/?p=6208"},"wordCount":1279,"publisher":{"@id":"https:\/\/sarmiento24h.com\/#organization"},"image":{"@id":"https:\/\/sarmiento24h.com\/?p=6208#primaryimage"},"thumbnailUrl":"https:\/\/sarmiento24h.com\/wp-content\/uploads\/2026\/01\/alfredo-polonia-embajador-de-la-plena-dominicana.jpg","articleSection":["Variedades"],"inLanguage":"es"},{"@type":"WebPage","@id":"https:\/\/sarmiento24h.com\/?p=6208","url":"https:\/\/sarmiento24h.com\/?p=6208","name":"Alfredo Polonia, embajador de la plena dominicana - Sarmiento24h","isPartOf":{"@id":"https:\/\/sarmiento24h.com\/#website"},"primaryImageOfPage":{"@id":"https:\/\/sarmiento24h.com\/?p=6208#primaryimage"},"image":{"@id":"https:\/\/sarmiento24h.com\/?p=6208#primaryimage"},"thumbnailUrl":"https:\/\/sarmiento24h.com\/wp-content\/uploads\/2026\/01\/alfredo-polonia-embajador-de-la-plena-dominicana.jpg","datePublished":"2026-01-06T06:06:18+00:00","breadcrumb":{"@id":"https:\/\/sarmiento24h.com\/?p=6208#breadcrumb"},"inLanguage":"es","potentialAction":[{"@type":"ReadAction","target":["https:\/\/sarmiento24h.com\/?p=6208"]}]},{"@type":"ImageObject","inLanguage":"es","@id":"https:\/\/sarmiento24h.com\/?p=6208#primaryimage","url":"https:\/\/sarmiento24h.com\/wp-content\/uploads\/2026\/01\/alfredo-polonia-embajador-de-la-plena-dominicana.jpg","contentUrl":"https:\/\/sarmiento24h.com\/wp-content\/uploads\/2026\/01\/alfredo-polonia-embajador-de-la-plena-dominicana.jpg","width":350,"height":350},{"@type":"BreadcrumbList","@id":"https:\/\/sarmiento24h.com\/?p=6208#breadcrumb","itemListElement":[{"@type":"ListItem","position":1,"name":"Home","item":"https:\/\/sarmiento24h.com\/"},{"@type":"ListItem","position":2,"name":"Alfredo Polonia, embajador de la plena dominicana"}]},{"@type":"WebSite","@id":"https:\/\/sarmiento24h.com\/#website","url":"https:\/\/sarmiento24h.com\/","name":"Sarmiento24h","description":"","publisher":{"@id":"https:\/\/sarmiento24h.com\/#organization"},"potentialAction":[{"@type":"SearchAction","target":{"@type":"EntryPoint","urlTemplate":"https:\/\/sarmiento24h.com\/?s={search_term_string}"},"query-input":{"@type":"PropertyValueSpecification","valueRequired":true,"valueName":"search_term_string"}}],"inLanguage":"es"},{"@type":"Organization","@id":"https:\/\/sarmiento24h.com\/#organization","name":"Sarmiento24h","url":"https:\/\/sarmiento24h.com\/","logo":{"@type":"ImageObject","inLanguage":"es","@id":"https:\/\/sarmiento24h.com\/#\/schema\/logo\/image\/","url":"https:\/\/sarmiento24h.com\/wp-content\/uploads\/2025\/12\/AddText_12-16-10.30.52.jpg","contentUrl":"https:\/\/sarmiento24h.com\/wp-content\/uploads\/2025\/12\/AddText_12-16-10.30.52.jpg","width":1220,"height":324,"caption":"Sarmiento24h"},"image":{"@id":"https:\/\/sarmiento24h.com\/#\/schema\/logo\/image\/"},"sameAs":["https:\/\/facebook.com\/s24hnoticias","https:\/\/x.com\/sarmiento24h"]},{"@type":"Person","@id":"https:\/\/sarmiento24h.com\/#\/schema\/person\/d653a59725ad629a7e0429af7b939d4d","name":"sarmiento24h@gmail.com","image":{"@type":"ImageObject","inLanguage":"es","@id":"https:\/\/sarmiento24h.com\/wp-content\/litespeed\/avatar\/d02cbc4e23c747e6659cd45907173c8f.jpg?ver=1777157796","url":"https:\/\/sarmiento24h.com\/wp-content\/litespeed\/avatar\/d02cbc4e23c747e6659cd45907173c8f.jpg?ver=1777157796","contentUrl":"https:\/\/sarmiento24h.com\/wp-content\/litespeed\/avatar\/d02cbc4e23c747e6659cd45907173c8f.jpg?ver=1777157796","caption":"sarmiento24h@gmail.com"},"sameAs":["https:\/\/sarmiento24h.com"],"url":"https:\/\/sarmiento24h.com\/?author=1"}]}},"jetpack_publicize_connections":[],"jetpack_featured_media_url":"https:\/\/sarmiento24h.com\/wp-content\/uploads\/2026\/01\/alfredo-polonia-embajador-de-la-plena-dominicana.jpg","jetpack_sharing_enabled":true,"_links":{"self":[{"href":"https:\/\/sarmiento24h.com\/index.php?rest_route=\/wp\/v2\/posts\/6208","targetHints":{"allow":["GET"]}}],"collection":[{"href":"https:\/\/sarmiento24h.com\/index.php?rest_route=\/wp\/v2\/posts"}],"about":[{"href":"https:\/\/sarmiento24h.com\/index.php?rest_route=\/wp\/v2\/types\/post"}],"author":[{"embeddable":true,"href":"https:\/\/sarmiento24h.com\/index.php?rest_route=\/wp\/v2\/users\/1"}],"replies":[{"embeddable":true,"href":"https:\/\/sarmiento24h.com\/index.php?rest_route=%2Fwp%2Fv2%2Fcomments&post=6208"}],"version-history":[{"count":0,"href":"https:\/\/sarmiento24h.com\/index.php?rest_route=\/wp\/v2\/posts\/6208\/revisions"}],"wp:featuredmedia":[{"embeddable":true,"href":"https:\/\/sarmiento24h.com\/index.php?rest_route=\/wp\/v2\/media\/6209"}],"wp:attachment":[{"href":"https:\/\/sarmiento24h.com\/index.php?rest_route=%2Fwp%2Fv2%2Fmedia&parent=6208"}],"wp:term":[{"taxonomy":"category","embeddable":true,"href":"https:\/\/sarmiento24h.com\/index.php?rest_route=%2Fwp%2Fv2%2Fcategories&post=6208"},{"taxonomy":"post_tag","embeddable":true,"href":"https:\/\/sarmiento24h.com\/index.php?rest_route=%2Fwp%2Fv2%2Ftags&post=6208"}],"curies":[{"name":"wp","href":"https:\/\/api.w.org\/{rel}","templated":true}]}}