{"id":6214,"date":"2026-01-06T07:06:36","date_gmt":"2026-01-06T07:06:36","guid":{"rendered":"http:\/\/almomento.net\/?p=1090168"},"modified":"2026-01-06T07:06:36","modified_gmt":"2026-01-06T07:06:36","slug":"enrique-feliz-evoca-despertar-creativo-junto-a-compositores","status":"publish","type":"post","link":"https:\/\/sarmiento24h.com\/?p=6214","title":{"rendered":"Enrique Feliz evoca despertar creativo junto a compositores"},"content":{"rendered":"<p><!-- .entry-header --> <\/p>\n<div class=\"img_center\" readability=\"8\"> <a href=\"https:\/\/almomento.net\/wp-content\/uploads\/2026\/01\/Enrique-Feliz-Cronicas-Musicales-COMPOSITORES-11-12-2025-1-WEB.jpg\" alt=\"Enrique Feliz evoca despertar creativo junto a compositores\" title=\"Enrique Feliz evoca despertar creativo junto a compositores\" data-toggle=\"lightbox\" class=\"thickbox\"><img decoding=\"async\" src=\"https:\/\/almomento.net\/wp-content\/uploads\/2026\/01\/Enrique-Feliz-Cronicas-Musicales-COMPOSITORES-11-12-2025-1-WEB.jpg\" class=\"attachment-post-thumbnail size-post-thumbnail wp-post-image\" alt=\"imagen\" title=\"Enrique Feliz evoca despertar creativo junto a compositores\" data-toggle data-title=\"Enrique Feliz evoca despertar creativo junto a compositores\"><\/a><\/p>\n<p>El cantautor Enrique Feliz realiz\u00f3 un emotivo y l\u00facido recorrido por sus inicios art\u00edsticos durante su participaci\u00f3n en la tertulia Cr\u00f3nicas Musicales<\/p>\n<\/p><\/div>\n<p>SANTO DOMINGO.- El cantautor Enrique Feliz, ganador del Premio Soberano y autor de cl\u00e1sicos de la m\u00fasica popular dominicana, realiz\u00f3 un emotivo y l\u00facido recorrido por sus inicios art\u00edsticos durante su participaci\u00f3n en la tertulia Cr\u00f3nicas Musicales, espacio conducido por el periodista M\u00e1ximo Jim\u00e9nez, celebrado en el bar del Teatro Nacional.<\/p>\n<p>Durante el encuentro, Feliz evoc\u00f3 su despertar creativo en la d\u00e9cada de 1970, una etapa marcada por la canci\u00f3n de protesta y el contexto social y pol\u00edtico del pa\u00eds durante los gobiernos de Joaqu\u00edn Balaguer. Aquellas circunstancias, explic\u00f3, influyeron decisivamente en su manera de escribir y de entender la m\u00fasica como veh\u00edculo de conciencia y expresi\u00f3n social.<\/p>\n<p>\u00abYo vengo de una generaci\u00f3n donde la canci\u00f3n era una forma de decir lo que no se pod\u00eda decir abiertamente. La m\u00fasica fue refugio, denuncia y esperanza al mismo tiempo\u00bb, expres\u00f3 el cantautor ante un p\u00fablico integrado por compositores, artistas, comunicadores y gestores culturales.<\/p>\n<p>Aunque admiti\u00f3 no tener plena certeza sobre cu\u00e1l fue su primera composici\u00f3n, Enrique Feliz record\u00f3 con especial \u00e9nfasis algunos de los temas de su autor\u00eda que lograron ser grabados por orquestas profesionales, entre ellos \u00abNo hay esa que me lo quite\u00bb, popularizado por Las Chicas del Pa\u00eds; \u00abOasis\u00bb, que grab\u00f3 Cuco Valoy, y \u00abM\u00eda\u00bb, interpretado por An\u00edbal Bravo y su orquesta.<\/p>\n<p>Reconocido por \u00e9xitos emblem\u00e1ticos como \u00abEl melao de Mireya\u00bb y \u00abCreencias\u00bb, Feliz tambi\u00e9n aprovech\u00f3 el espacio para contrastar la realidad que viv\u00edan los compositores en d\u00e9cadas pasadas con el escenario actual de la industria musical, gracias a la valiosa labor de la Sociedad General de Autores, Compositores y Editores Dominicanos de M\u00fasica (Sgacedom).<\/p>\n<p>\u00abEn aquella \u00e9poca, el compositor apenas recib\u00eda un adelanto de la disquera. Los derechos de autor no eran una garant\u00eda real; Sgacedom pr\u00e1cticamente no exist\u00eda de manera funcional\u00bb, record\u00f3. \u00abHoy es distinto: los autores reciben lo justo por sus obras, tanto en la radio como en las plataformas de&nbsp;<em>streaming<\/em>. Estamos viviendo una etapa de mayor respeto y reconocimiento gracias al trabajo del Consejo Directivo que encabeza Valerio de Le\u00f3n\u00bb, subray\u00f3.<\/p>\n<p>En ese sentido, el cantautor reafirm\u00f3 el papel fundamental que desempe\u00f1a Sgacedom en lo que defini\u00f3 como una \u00abnueva etapa de oro\u00bb para los compositores dominicanos, al fortalecer la gesti\u00f3n colectiva, la defensa de los derechos de autor y la dignificaci\u00f3n del oficio creativo.<\/p>\n<p>La tertulia Cr\u00f3nicas Musicales, que cuenta con el respaldo de la Direcci\u00f3n del Teatro Nacional y el impulso de Sgacedom, se ha consolidado como un espacio de reflexi\u00f3n, memoria y di\u00e1logo en torno a la m\u00fasica dominicana, reuniendo a protagonistas de distintas generaciones para preservar y debatir su legado cultural.<\/p>\n<p>Con su testimonio, Enrique Feliz no s\u00f3lo repas\u00f3 su historia personal, sino que tambi\u00e9n puso en perspectiva el camino recorrido por los compositores: de la precariedad y el anonimato, a una etapa de mayor justicia, visibilidad y valoraci\u00f3n de la creaci\u00f3n musical.<\/p>\n<p>of-am<\/p>\n<div class=\"heateor_sss_sharing_container heateor_sss_horizontal_sharing\" data-heateor-sss-href=\"https:\/\/almomento.net\/enrique-feliz-evoca-despertar-creativo-junto-a-compositores\/\" readability=\"7\">\n<p>Comp\u00e1rtelo en tus redes:<\/p>\n<\/div>\n<p> <!-- 468x60 --><br \/>\n<ins class=\"adsbygoogle\" data-ad-client=\"ca-pub-3511341636159665\" data-ad-slot=\"3538255450\"><\/ins> <!-- .entry-content --> <\/p>\n","protected":false},"excerpt":{"rendered":"<p>El cantautor Enrique Feliz realiz\u00f3 un emotivo&#46;&#46;&#46;<\/p>\n","protected":false},"author":1,"featured_media":6215,"comment_status":"closed","ping_status":"closed","sticky":false,"template":"","format":"standard","meta":{"_jetpack_memberships_contains_paid_content":false,"footnotes":"","jetpack_publicize_message":"","jetpack_publicize_feature_enabled":true,"jetpack_social_post_already_shared":false,"jetpack_social_options":{"image_generator_settings":{"template":"highway","default_image_id":0,"font":"","enabled":false},"version":2}},"categories":[45],"tags":[],"class_list":["post-6214","post","type-post","status-publish","format-standard","has-post-thumbnail","hentry","category-variedades"],"yoast_head":"<!-- This site is optimized with the Yoast SEO plugin v27.3 - https:\/\/yoast.com\/product\/yoast-seo-wordpress\/ -->\n<title>Enrique Feliz evoca despertar creativo junto a compositores - Sarmiento24h<\/title>\n<meta name=\"robots\" content=\"index, follow, max-snippet:-1, max-image-preview:large, max-video-preview:-1\" \/>\n<link rel=\"canonical\" href=\"https:\/\/sarmiento24h.com\/?p=6214\" \/>\n<meta property=\"og:locale\" content=\"es_ES\" \/>\n<meta property=\"og:type\" content=\"article\" \/>\n<meta property=\"og:title\" content=\"Enrique Feliz evoca despertar creativo junto a compositores - Sarmiento24h\" \/>\n<meta property=\"og:description\" content=\"El cantautor Enrique Feliz realiz\u00f3 un emotivo&#046;&#046;&#046;\" \/>\n<meta property=\"og:url\" content=\"https:\/\/sarmiento24h.com\/?p=6214\" \/>\n<meta property=\"og:site_name\" content=\"Sarmiento24h\" \/>\n<meta property=\"article:publisher\" content=\"https:\/\/facebook.com\/s24hnoticias\" \/>\n<meta property=\"article:published_time\" content=\"2026-01-06T07:06:36+00:00\" \/>\n<meta property=\"og:image\" content=\"https:\/\/sarmiento24h.com\/wp-content\/uploads\/2026\/01\/enrique-feliz-evoca-despertar-creativo-junto-a-compositores.jpg\" \/>\n\t<meta property=\"og:image:width\" content=\"500\" \/>\n\t<meta property=\"og:image:height\" content=\"311\" \/>\n\t<meta property=\"og:image:type\" content=\"image\/jpeg\" \/>\n<meta name=\"author\" content=\"sarmiento24h@gmail.com\" \/>\n<meta name=\"twitter:card\" content=\"summary_large_image\" \/>\n<meta name=\"twitter:creator\" content=\"@sarmiento24h\" \/>\n<meta name=\"twitter:site\" content=\"@sarmiento24h\" \/>\n<meta name=\"twitter:label1\" content=\"Escrito por\" \/>\n\t<meta name=\"twitter:data1\" content=\"sarmiento24h@gmail.com\" \/>\n\t<meta name=\"twitter:label2\" content=\"Tiempo de lectura\" \/>\n\t<meta name=\"twitter:data2\" content=\"3 minutos\" \/>\n<script type=\"application\/ld+json\" class=\"yoast-schema-graph\">{\"@context\":\"https:\\\/\\\/schema.org\",\"@graph\":[{\"@type\":\"Article\",\"@id\":\"https:\\\/\\\/sarmiento24h.com\\\/?p=6214#article\",\"isPartOf\":{\"@id\":\"https:\\\/\\\/sarmiento24h.com\\\/?p=6214\"},\"author\":{\"name\":\"sarmiento24h@gmail.com\",\"@id\":\"https:\\\/\\\/sarmiento24h.com\\\/#\\\/schema\\\/person\\\/d653a59725ad629a7e0429af7b939d4d\"},\"headline\":\"Enrique Feliz evoca despertar creativo junto a compositores\",\"datePublished\":\"2026-01-06T07:06:36+00:00\",\"mainEntityOfPage\":{\"@id\":\"https:\\\/\\\/sarmiento24h.com\\\/?p=6214\"},\"wordCount\":563,\"publisher\":{\"@id\":\"https:\\\/\\\/sarmiento24h.com\\\/#organization\"},\"image\":{\"@id\":\"https:\\\/\\\/sarmiento24h.com\\\/?p=6214#primaryimage\"},\"thumbnailUrl\":\"https:\\\/\\\/sarmiento24h.com\\\/wp-content\\\/uploads\\\/2026\\\/01\\\/enrique-feliz-evoca-despertar-creativo-junto-a-compositores.jpg\",\"articleSection\":[\"Variedades\"],\"inLanguage\":\"es\"},{\"@type\":\"WebPage\",\"@id\":\"https:\\\/\\\/sarmiento24h.com\\\/?p=6214\",\"url\":\"https:\\\/\\\/sarmiento24h.com\\\/?p=6214\",\"name\":\"Enrique Feliz evoca despertar creativo junto a compositores - Sarmiento24h\",\"isPartOf\":{\"@id\":\"https:\\\/\\\/sarmiento24h.com\\\/#website\"},\"primaryImageOfPage\":{\"@id\":\"https:\\\/\\\/sarmiento24h.com\\\/?p=6214#primaryimage\"},\"image\":{\"@id\":\"https:\\\/\\\/sarmiento24h.com\\\/?p=6214#primaryimage\"},\"thumbnailUrl\":\"https:\\\/\\\/sarmiento24h.com\\\/wp-content\\\/uploads\\\/2026\\\/01\\\/enrique-feliz-evoca-despertar-creativo-junto-a-compositores.jpg\",\"datePublished\":\"2026-01-06T07:06:36+00:00\",\"breadcrumb\":{\"@id\":\"https:\\\/\\\/sarmiento24h.com\\\/?p=6214#breadcrumb\"},\"inLanguage\":\"es\",\"potentialAction\":[{\"@type\":\"ReadAction\",\"target\":[\"https:\\\/\\\/sarmiento24h.com\\\/?p=6214\"]}]},{\"@type\":\"ImageObject\",\"inLanguage\":\"es\",\"@id\":\"https:\\\/\\\/sarmiento24h.com\\\/?p=6214#primaryimage\",\"url\":\"https:\\\/\\\/sarmiento24h.com\\\/wp-content\\\/uploads\\\/2026\\\/01\\\/enrique-feliz-evoca-despertar-creativo-junto-a-compositores.jpg\",\"contentUrl\":\"https:\\\/\\\/sarmiento24h.com\\\/wp-content\\\/uploads\\\/2026\\\/01\\\/enrique-feliz-evoca-despertar-creativo-junto-a-compositores.jpg\",\"width\":500,\"height\":311},{\"@type\":\"BreadcrumbList\",\"@id\":\"https:\\\/\\\/sarmiento24h.com\\\/?p=6214#breadcrumb\",\"itemListElement\":[{\"@type\":\"ListItem\",\"position\":1,\"name\":\"Home\",\"item\":\"https:\\\/\\\/sarmiento24h.com\\\/\"},{\"@type\":\"ListItem\",\"position\":2,\"name\":\"Enrique Feliz evoca despertar creativo junto a compositores\"}]},{\"@type\":\"WebSite\",\"@id\":\"https:\\\/\\\/sarmiento24h.com\\\/#website\",\"url\":\"https:\\\/\\\/sarmiento24h.com\\\/\",\"name\":\"Sarmiento24h\",\"description\":\"\",\"publisher\":{\"@id\":\"https:\\\/\\\/sarmiento24h.com\\\/#organization\"},\"potentialAction\":[{\"@type\":\"SearchAction\",\"target\":{\"@type\":\"EntryPoint\",\"urlTemplate\":\"https:\\\/\\\/sarmiento24h.com\\\/?s={search_term_string}\"},\"query-input\":{\"@type\":\"PropertyValueSpecification\",\"valueRequired\":true,\"valueName\":\"search_term_string\"}}],\"inLanguage\":\"es\"},{\"@type\":\"Organization\",\"@id\":\"https:\\\/\\\/sarmiento24h.com\\\/#organization\",\"name\":\"Sarmiento24h\",\"url\":\"https:\\\/\\\/sarmiento24h.com\\\/\",\"logo\":{\"@type\":\"ImageObject\",\"inLanguage\":\"es\",\"@id\":\"https:\\\/\\\/sarmiento24h.com\\\/#\\\/schema\\\/logo\\\/image\\\/\",\"url\":\"https:\\\/\\\/sarmiento24h.com\\\/wp-content\\\/uploads\\\/2025\\\/12\\\/AddText_12-16-10.30.52.jpg\",\"contentUrl\":\"https:\\\/\\\/sarmiento24h.com\\\/wp-content\\\/uploads\\\/2025\\\/12\\\/AddText_12-16-10.30.52.jpg\",\"width\":1220,\"height\":324,\"caption\":\"Sarmiento24h\"},\"image\":{\"@id\":\"https:\\\/\\\/sarmiento24h.com\\\/#\\\/schema\\\/logo\\\/image\\\/\"},\"sameAs\":[\"https:\\\/\\\/facebook.com\\\/s24hnoticias\",\"https:\\\/\\\/x.com\\\/sarmiento24h\"]},{\"@type\":\"Person\",\"@id\":\"https:\\\/\\\/sarmiento24h.com\\\/#\\\/schema\\\/person\\\/d653a59725ad629a7e0429af7b939d4d\",\"name\":\"sarmiento24h@gmail.com\",\"image\":{\"@type\":\"ImageObject\",\"inLanguage\":\"es\",\"@id\":\"https:\\\/\\\/sarmiento24h.com\\\/wp-content\\\/litespeed\\\/avatar\\\/d02cbc4e23c747e6659cd45907173c8f.jpg?ver=1777157796\",\"url\":\"https:\\\/\\\/sarmiento24h.com\\\/wp-content\\\/litespeed\\\/avatar\\\/d02cbc4e23c747e6659cd45907173c8f.jpg?ver=1777157796\",\"contentUrl\":\"https:\\\/\\\/sarmiento24h.com\\\/wp-content\\\/litespeed\\\/avatar\\\/d02cbc4e23c747e6659cd45907173c8f.jpg?ver=1777157796\",\"caption\":\"sarmiento24h@gmail.com\"},\"sameAs\":[\"https:\\\/\\\/sarmiento24h.com\"],\"url\":\"https:\\\/\\\/sarmiento24h.com\\\/?author=1\"}]}<\/script>\n<!-- \/ Yoast SEO plugin. -->","yoast_head_json":{"title":"Enrique Feliz evoca despertar creativo junto a compositores - Sarmiento24h","robots":{"index":"index","follow":"follow","max-snippet":"max-snippet:-1","max-image-preview":"max-image-preview:large","max-video-preview":"max-video-preview:-1"},"canonical":"https:\/\/sarmiento24h.com\/?p=6214","og_locale":"es_ES","og_type":"article","og_title":"Enrique Feliz evoca despertar creativo junto a compositores - Sarmiento24h","og_description":"El cantautor Enrique Feliz realiz\u00f3 un emotivo&#46;&#46;&#46;","og_url":"https:\/\/sarmiento24h.com\/?p=6214","og_site_name":"Sarmiento24h","article_publisher":"https:\/\/facebook.com\/s24hnoticias","article_published_time":"2026-01-06T07:06:36+00:00","og_image":[{"width":500,"height":311,"url":"https:\/\/sarmiento24h.com\/wp-content\/uploads\/2026\/01\/enrique-feliz-evoca-despertar-creativo-junto-a-compositores.jpg","type":"image\/jpeg"}],"author":"sarmiento24h@gmail.com","twitter_card":"summary_large_image","twitter_creator":"@sarmiento24h","twitter_site":"@sarmiento24h","twitter_misc":{"Escrito por":"sarmiento24h@gmail.com","Tiempo de lectura":"3 minutos"},"schema":{"@context":"https:\/\/schema.org","@graph":[{"@type":"Article","@id":"https:\/\/sarmiento24h.com\/?p=6214#article","isPartOf":{"@id":"https:\/\/sarmiento24h.com\/?p=6214"},"author":{"name":"sarmiento24h@gmail.com","@id":"https:\/\/sarmiento24h.com\/#\/schema\/person\/d653a59725ad629a7e0429af7b939d4d"},"headline":"Enrique Feliz evoca despertar creativo junto a compositores","datePublished":"2026-01-06T07:06:36+00:00","mainEntityOfPage":{"@id":"https:\/\/sarmiento24h.com\/?p=6214"},"wordCount":563,"publisher":{"@id":"https:\/\/sarmiento24h.com\/#organization"},"image":{"@id":"https:\/\/sarmiento24h.com\/?p=6214#primaryimage"},"thumbnailUrl":"https:\/\/sarmiento24h.com\/wp-content\/uploads\/2026\/01\/enrique-feliz-evoca-despertar-creativo-junto-a-compositores.jpg","articleSection":["Variedades"],"inLanguage":"es"},{"@type":"WebPage","@id":"https:\/\/sarmiento24h.com\/?p=6214","url":"https:\/\/sarmiento24h.com\/?p=6214","name":"Enrique Feliz evoca despertar creativo junto a compositores - Sarmiento24h","isPartOf":{"@id":"https:\/\/sarmiento24h.com\/#website"},"primaryImageOfPage":{"@id":"https:\/\/sarmiento24h.com\/?p=6214#primaryimage"},"image":{"@id":"https:\/\/sarmiento24h.com\/?p=6214#primaryimage"},"thumbnailUrl":"https:\/\/sarmiento24h.com\/wp-content\/uploads\/2026\/01\/enrique-feliz-evoca-despertar-creativo-junto-a-compositores.jpg","datePublished":"2026-01-06T07:06:36+00:00","breadcrumb":{"@id":"https:\/\/sarmiento24h.com\/?p=6214#breadcrumb"},"inLanguage":"es","potentialAction":[{"@type":"ReadAction","target":["https:\/\/sarmiento24h.com\/?p=6214"]}]},{"@type":"ImageObject","inLanguage":"es","@id":"https:\/\/sarmiento24h.com\/?p=6214#primaryimage","url":"https:\/\/sarmiento24h.com\/wp-content\/uploads\/2026\/01\/enrique-feliz-evoca-despertar-creativo-junto-a-compositores.jpg","contentUrl":"https:\/\/sarmiento24h.com\/wp-content\/uploads\/2026\/01\/enrique-feliz-evoca-despertar-creativo-junto-a-compositores.jpg","width":500,"height":311},{"@type":"BreadcrumbList","@id":"https:\/\/sarmiento24h.com\/?p=6214#breadcrumb","itemListElement":[{"@type":"ListItem","position":1,"name":"Home","item":"https:\/\/sarmiento24h.com\/"},{"@type":"ListItem","position":2,"name":"Enrique Feliz evoca despertar creativo junto a compositores"}]},{"@type":"WebSite","@id":"https:\/\/sarmiento24h.com\/#website","url":"https:\/\/sarmiento24h.com\/","name":"Sarmiento24h","description":"","publisher":{"@id":"https:\/\/sarmiento24h.com\/#organization"},"potentialAction":[{"@type":"SearchAction","target":{"@type":"EntryPoint","urlTemplate":"https:\/\/sarmiento24h.com\/?s={search_term_string}"},"query-input":{"@type":"PropertyValueSpecification","valueRequired":true,"valueName":"search_term_string"}}],"inLanguage":"es"},{"@type":"Organization","@id":"https:\/\/sarmiento24h.com\/#organization","name":"Sarmiento24h","url":"https:\/\/sarmiento24h.com\/","logo":{"@type":"ImageObject","inLanguage":"es","@id":"https:\/\/sarmiento24h.com\/#\/schema\/logo\/image\/","url":"https:\/\/sarmiento24h.com\/wp-content\/uploads\/2025\/12\/AddText_12-16-10.30.52.jpg","contentUrl":"https:\/\/sarmiento24h.com\/wp-content\/uploads\/2025\/12\/AddText_12-16-10.30.52.jpg","width":1220,"height":324,"caption":"Sarmiento24h"},"image":{"@id":"https:\/\/sarmiento24h.com\/#\/schema\/logo\/image\/"},"sameAs":["https:\/\/facebook.com\/s24hnoticias","https:\/\/x.com\/sarmiento24h"]},{"@type":"Person","@id":"https:\/\/sarmiento24h.com\/#\/schema\/person\/d653a59725ad629a7e0429af7b939d4d","name":"sarmiento24h@gmail.com","image":{"@type":"ImageObject","inLanguage":"es","@id":"https:\/\/sarmiento24h.com\/wp-content\/litespeed\/avatar\/d02cbc4e23c747e6659cd45907173c8f.jpg?ver=1777157796","url":"https:\/\/sarmiento24h.com\/wp-content\/litespeed\/avatar\/d02cbc4e23c747e6659cd45907173c8f.jpg?ver=1777157796","contentUrl":"https:\/\/sarmiento24h.com\/wp-content\/litespeed\/avatar\/d02cbc4e23c747e6659cd45907173c8f.jpg?ver=1777157796","caption":"sarmiento24h@gmail.com"},"sameAs":["https:\/\/sarmiento24h.com"],"url":"https:\/\/sarmiento24h.com\/?author=1"}]}},"jetpack_publicize_connections":[],"jetpack_featured_media_url":"https:\/\/sarmiento24h.com\/wp-content\/uploads\/2026\/01\/enrique-feliz-evoca-despertar-creativo-junto-a-compositores.jpg","jetpack_sharing_enabled":true,"_links":{"self":[{"href":"https:\/\/sarmiento24h.com\/index.php?rest_route=\/wp\/v2\/posts\/6214","targetHints":{"allow":["GET"]}}],"collection":[{"href":"https:\/\/sarmiento24h.com\/index.php?rest_route=\/wp\/v2\/posts"}],"about":[{"href":"https:\/\/sarmiento24h.com\/index.php?rest_route=\/wp\/v2\/types\/post"}],"author":[{"embeddable":true,"href":"https:\/\/sarmiento24h.com\/index.php?rest_route=\/wp\/v2\/users\/1"}],"replies":[{"embeddable":true,"href":"https:\/\/sarmiento24h.com\/index.php?rest_route=%2Fwp%2Fv2%2Fcomments&post=6214"}],"version-history":[{"count":0,"href":"https:\/\/sarmiento24h.com\/index.php?rest_route=\/wp\/v2\/posts\/6214\/revisions"}],"wp:featuredmedia":[{"embeddable":true,"href":"https:\/\/sarmiento24h.com\/index.php?rest_route=\/wp\/v2\/media\/6215"}],"wp:attachment":[{"href":"https:\/\/sarmiento24h.com\/index.php?rest_route=%2Fwp%2Fv2%2Fmedia&parent=6214"}],"wp:term":[{"taxonomy":"category","embeddable":true,"href":"https:\/\/sarmiento24h.com\/index.php?rest_route=%2Fwp%2Fv2%2Fcategories&post=6214"},{"taxonomy":"post_tag","embeddable":true,"href":"https:\/\/sarmiento24h.com\/index.php?rest_route=%2Fwp%2Fv2%2Ftags&post=6214"}],"curies":[{"name":"wp","href":"https:\/\/api.w.org\/{rel}","templated":true}]}}