{"id":6228,"date":"2026-01-06T09:06:13","date_gmt":"2026-01-06T09:06:13","guid":{"rendered":"http:\/\/almomento.net\/?p=1090191"},"modified":"2026-01-06T09:06:13","modified_gmt":"2026-01-06T09:06:13","slug":"elvis-crespo-exalta-a-victor-roque-y-la-gran-manzana","status":"publish","type":"post","link":"https:\/\/sarmiento24h.com\/?p=6228","title":{"rendered":"Elvis Crespo exalta a V\u00edctor Roque y La Gran Manzana"},"content":{"rendered":"<p><!-- .entry-header --> <\/p>\n<div class=\"img_center\" readability=\"7\"> <a href=\"https:\/\/almomento.net\/wp-content\/uploads\/2026\/01\/Elvis-y-Roque-2.jpg\" alt=\"Elvis Crespo exalta a V\u00edctor Roque y La Gran Manzana\" title=\"Elvis Crespo exalta a V\u00edctor Roque y La Gran Manzana\" data-toggle=\"lightbox\" class=\"thickbox\"><img decoding=\"async\" src=\"https:\/\/almomento.net\/wp-content\/uploads\/2026\/01\/Elvis-y-Roque-2.jpg\" class=\"attachment-post-thumbnail size-post-thumbnail wp-post-image\" alt=\"imagen\" title=\"Elvis Crespo exalta a V\u00edctor Roque y La Gran Manzana\" data-toggle data-title=\"Elvis Crespo exalta a V\u00edctor Roque y La Gran Manzana\"><\/a><\/p>\n<p>Elvis Crespo y V\u00edctor Roque durante la presentaci\u00f3n.<\/p>\n<\/p><\/div>\n<p>SAN JUAN, PUERTO RICO.- El merengue vivi\u00f3 una noche memorable el pasado fin de semana en el Coliseo de Puerto Rico Jos\u00e9 Miguel Agrelot, donde el dominicano V\u00edctor Roque, l\u00edder del legendario grupo La Gran Manzana, tuvo una destacada participaci\u00f3n como invitado especial en el concierto de Elvis Crespo, celebrado bajo el concepto de \u201cEl Colmadito de Elvis Crespo\u201d.<\/p>\n<p>Con su habitual energ\u00eda y carisma sobre el escenario, Roque logr\u00f3 una r\u00e1pida conexi\u00f3n con el p\u00fablico, que lo recibi\u00f3 con entusiasmo y ovaciones.<\/p>\n<p>Un aspecto especialmente valorado de la velada fue la iniciativa de Elvis Crespo de exaltar agrupaciones emblem\u00e1ticas como La Gran Manzana y ese concepto musical nacido en Nueva York, que marc\u00f3 una etapa importante del merengue con un sonido urbano, fresco y multicultural.<\/p>\n<p>Este gesto sirvi\u00f3 para reconocer la influencia de la di\u00e1spora dominicana en la evoluci\u00f3n del g\u00e9nero y su impacto internacional.<\/p>\n<p>Durante su presentaci\u00f3n, V\u00edctor Roque se hizo acompa\u00f1ar de Tony Valdez, m\u00fasico que ha formado parte de La Gran Manzana desde sus inicios, as\u00ed como del nuevo integrante Ra\u00fal Armando, recordado por sus \u00e9xitos junto a Karis.<\/p>\n<p>El concierto de Elvis Crespo inici\u00f3 a las 9:32 de la noche, con un p\u00fablico completamente entregado que disfrut\u00f3 de un repertorio de 28 canciones que recorri\u00f3 todas las etapas de su carrera.<\/p>\n<p>El espect\u00e1culo estuvo respaldado por una llamativa escenograf\u00eda que recre\u00f3 un colmado t\u00edpico de la d\u00e9cada de 1970, junto a una barber\u00eda y una barra en tarima, evocando los or\u00edgenes del artista.<\/p>\n<p>Nacido en 1971 en el estado de Nueva York, Crespo utiliz\u00f3 este concepto visual como un gui\u00f1o directo a sus ra\u00edces y a su recorrido musical.<\/p>\n<p>Durante las casi tres horas de show, el p\u00fablico permaneci\u00f3 de pie, bailando sin descanso en una celebraci\u00f3n continua del merengue.<\/p>\n<p>Adem\u00e1s de V\u00edctor Roque, el espect\u00e1culo cont\u00f3 con otros invitados especiales, manteniendo un ambiente festivo y diverso.<\/p>\n<p>Con todas las entradas vendidas, la presentaci\u00f3n de Elvis Crespo se consolid\u00f3 como un \u00e9xito rotundo, reafirmando la fuerza del merengue en el Coliseo de Puerto Rico y la vigencia de un g\u00e9nero que sigue conquistando generaciones.<\/p>\n<p>of-am<\/p>\n<div class=\"heateor_sss_sharing_container heateor_sss_horizontal_sharing\" data-heateor-sss-href=\"https:\/\/almomento.net\/elvis-crespo-exalta-a-victor-roque-y-la-gran-manzana\/\" readability=\"7\">\n<p>Comp\u00e1rtelo en tus redes:<\/p>\n<\/div>\n<p> <!-- 468x60 --><br \/>\n<ins class=\"adsbygoogle\" data-ad-client=\"ca-pub-3511341636159665\" data-ad-slot=\"3538255450\"><\/ins> <!-- .entry-content --> <\/p>\n","protected":false},"excerpt":{"rendered":"<p>Elvis Crespo y V\u00edctor Roque durante la&#46;&#46;&#46;<\/p>\n","protected":false},"author":1,"featured_media":6229,"comment_status":"closed","ping_status":"closed","sticky":false,"template":"","format":"standard","meta":{"_jetpack_memberships_contains_paid_content":false,"footnotes":"","jetpack_publicize_message":"","jetpack_publicize_feature_enabled":true,"jetpack_social_post_already_shared":false,"jetpack_social_options":{"image_generator_settings":{"template":"highway","default_image_id":0,"font":"","enabled":false},"version":2}},"categories":[45],"tags":[],"class_list":["post-6228","post","type-post","status-publish","format-standard","has-post-thumbnail","hentry","category-variedades"],"yoast_head":"<!-- This site is optimized with the Yoast SEO plugin v27.3 - https:\/\/yoast.com\/product\/yoast-seo-wordpress\/ -->\n<title>Elvis Crespo exalta a V\u00edctor Roque y La Gran Manzana - Sarmiento24h<\/title>\n<meta name=\"robots\" content=\"index, follow, max-snippet:-1, max-image-preview:large, max-video-preview:-1\" \/>\n<link rel=\"canonical\" href=\"https:\/\/sarmiento24h.com\/?p=6228\" \/>\n<meta property=\"og:locale\" content=\"es_ES\" \/>\n<meta property=\"og:type\" content=\"article\" \/>\n<meta property=\"og:title\" content=\"Elvis Crespo exalta a V\u00edctor Roque y La Gran Manzana - Sarmiento24h\" \/>\n<meta property=\"og:description\" content=\"Elvis Crespo y V\u00edctor Roque durante la&#046;&#046;&#046;\" \/>\n<meta property=\"og:url\" content=\"https:\/\/sarmiento24h.com\/?p=6228\" \/>\n<meta property=\"og:site_name\" content=\"Sarmiento24h\" \/>\n<meta property=\"article:publisher\" content=\"https:\/\/facebook.com\/s24hnoticias\" \/>\n<meta property=\"article:published_time\" content=\"2026-01-06T09:06:13+00:00\" \/>\n<meta property=\"og:image\" content=\"https:\/\/sarmiento24h.com\/wp-content\/uploads\/2026\/01\/elvis-crespo-exalta-a-victor-roque-y-la-gran-manzana.jpg\" \/>\n\t<meta property=\"og:image:width\" content=\"520\" \/>\n\t<meta property=\"og:image:height\" content=\"390\" \/>\n\t<meta property=\"og:image:type\" content=\"image\/jpeg\" \/>\n<meta name=\"author\" content=\"sarmiento24h@gmail.com\" \/>\n<meta name=\"twitter:card\" content=\"summary_large_image\" \/>\n<meta name=\"twitter:creator\" content=\"@sarmiento24h\" \/>\n<meta name=\"twitter:site\" content=\"@sarmiento24h\" \/>\n<meta name=\"twitter:label1\" content=\"Escrito por\" \/>\n\t<meta name=\"twitter:data1\" content=\"sarmiento24h@gmail.com\" \/>\n\t<meta name=\"twitter:label2\" content=\"Tiempo de lectura\" \/>\n\t<meta name=\"twitter:data2\" content=\"2 minutos\" \/>\n<script type=\"application\/ld+json\" class=\"yoast-schema-graph\">{\"@context\":\"https:\\\/\\\/schema.org\",\"@graph\":[{\"@type\":\"Article\",\"@id\":\"https:\\\/\\\/sarmiento24h.com\\\/?p=6228#article\",\"isPartOf\":{\"@id\":\"https:\\\/\\\/sarmiento24h.com\\\/?p=6228\"},\"author\":{\"name\":\"sarmiento24h@gmail.com\",\"@id\":\"https:\\\/\\\/sarmiento24h.com\\\/#\\\/schema\\\/person\\\/d653a59725ad629a7e0429af7b939d4d\"},\"headline\":\"Elvis Crespo exalta a V\u00edctor Roque y La Gran Manzana\",\"datePublished\":\"2026-01-06T09:06:13+00:00\",\"mainEntityOfPage\":{\"@id\":\"https:\\\/\\\/sarmiento24h.com\\\/?p=6228\"},\"wordCount\":405,\"publisher\":{\"@id\":\"https:\\\/\\\/sarmiento24h.com\\\/#organization\"},\"image\":{\"@id\":\"https:\\\/\\\/sarmiento24h.com\\\/?p=6228#primaryimage\"},\"thumbnailUrl\":\"https:\\\/\\\/sarmiento24h.com\\\/wp-content\\\/uploads\\\/2026\\\/01\\\/elvis-crespo-exalta-a-victor-roque-y-la-gran-manzana.jpg\",\"articleSection\":[\"Variedades\"],\"inLanguage\":\"es\"},{\"@type\":\"WebPage\",\"@id\":\"https:\\\/\\\/sarmiento24h.com\\\/?p=6228\",\"url\":\"https:\\\/\\\/sarmiento24h.com\\\/?p=6228\",\"name\":\"Elvis Crespo exalta a V\u00edctor Roque y La Gran Manzana - Sarmiento24h\",\"isPartOf\":{\"@id\":\"https:\\\/\\\/sarmiento24h.com\\\/#website\"},\"primaryImageOfPage\":{\"@id\":\"https:\\\/\\\/sarmiento24h.com\\\/?p=6228#primaryimage\"},\"image\":{\"@id\":\"https:\\\/\\\/sarmiento24h.com\\\/?p=6228#primaryimage\"},\"thumbnailUrl\":\"https:\\\/\\\/sarmiento24h.com\\\/wp-content\\\/uploads\\\/2026\\\/01\\\/elvis-crespo-exalta-a-victor-roque-y-la-gran-manzana.jpg\",\"datePublished\":\"2026-01-06T09:06:13+00:00\",\"breadcrumb\":{\"@id\":\"https:\\\/\\\/sarmiento24h.com\\\/?p=6228#breadcrumb\"},\"inLanguage\":\"es\",\"potentialAction\":[{\"@type\":\"ReadAction\",\"target\":[\"https:\\\/\\\/sarmiento24h.com\\\/?p=6228\"]}]},{\"@type\":\"ImageObject\",\"inLanguage\":\"es\",\"@id\":\"https:\\\/\\\/sarmiento24h.com\\\/?p=6228#primaryimage\",\"url\":\"https:\\\/\\\/sarmiento24h.com\\\/wp-content\\\/uploads\\\/2026\\\/01\\\/elvis-crespo-exalta-a-victor-roque-y-la-gran-manzana.jpg\",\"contentUrl\":\"https:\\\/\\\/sarmiento24h.com\\\/wp-content\\\/uploads\\\/2026\\\/01\\\/elvis-crespo-exalta-a-victor-roque-y-la-gran-manzana.jpg\",\"width\":520,\"height\":390},{\"@type\":\"BreadcrumbList\",\"@id\":\"https:\\\/\\\/sarmiento24h.com\\\/?p=6228#breadcrumb\",\"itemListElement\":[{\"@type\":\"ListItem\",\"position\":1,\"name\":\"Home\",\"item\":\"https:\\\/\\\/sarmiento24h.com\\\/\"},{\"@type\":\"ListItem\",\"position\":2,\"name\":\"Elvis Crespo exalta a V\u00edctor Roque y La Gran Manzana\"}]},{\"@type\":\"WebSite\",\"@id\":\"https:\\\/\\\/sarmiento24h.com\\\/#website\",\"url\":\"https:\\\/\\\/sarmiento24h.com\\\/\",\"name\":\"Sarmiento24h\",\"description\":\"\",\"publisher\":{\"@id\":\"https:\\\/\\\/sarmiento24h.com\\\/#organization\"},\"potentialAction\":[{\"@type\":\"SearchAction\",\"target\":{\"@type\":\"EntryPoint\",\"urlTemplate\":\"https:\\\/\\\/sarmiento24h.com\\\/?s={search_term_string}\"},\"query-input\":{\"@type\":\"PropertyValueSpecification\",\"valueRequired\":true,\"valueName\":\"search_term_string\"}}],\"inLanguage\":\"es\"},{\"@type\":\"Organization\",\"@id\":\"https:\\\/\\\/sarmiento24h.com\\\/#organization\",\"name\":\"Sarmiento24h\",\"url\":\"https:\\\/\\\/sarmiento24h.com\\\/\",\"logo\":{\"@type\":\"ImageObject\",\"inLanguage\":\"es\",\"@id\":\"https:\\\/\\\/sarmiento24h.com\\\/#\\\/schema\\\/logo\\\/image\\\/\",\"url\":\"https:\\\/\\\/sarmiento24h.com\\\/wp-content\\\/uploads\\\/2025\\\/12\\\/AddText_12-16-10.30.52.jpg\",\"contentUrl\":\"https:\\\/\\\/sarmiento24h.com\\\/wp-content\\\/uploads\\\/2025\\\/12\\\/AddText_12-16-10.30.52.jpg\",\"width\":1220,\"height\":324,\"caption\":\"Sarmiento24h\"},\"image\":{\"@id\":\"https:\\\/\\\/sarmiento24h.com\\\/#\\\/schema\\\/logo\\\/image\\\/\"},\"sameAs\":[\"https:\\\/\\\/facebook.com\\\/s24hnoticias\",\"https:\\\/\\\/x.com\\\/sarmiento24h\"]},{\"@type\":\"Person\",\"@id\":\"https:\\\/\\\/sarmiento24h.com\\\/#\\\/schema\\\/person\\\/d653a59725ad629a7e0429af7b939d4d\",\"name\":\"sarmiento24h@gmail.com\",\"image\":{\"@type\":\"ImageObject\",\"inLanguage\":\"es\",\"@id\":\"https:\\\/\\\/sarmiento24h.com\\\/wp-content\\\/litespeed\\\/avatar\\\/d02cbc4e23c747e6659cd45907173c8f.jpg?ver=1777157796\",\"url\":\"https:\\\/\\\/sarmiento24h.com\\\/wp-content\\\/litespeed\\\/avatar\\\/d02cbc4e23c747e6659cd45907173c8f.jpg?ver=1777157796\",\"contentUrl\":\"https:\\\/\\\/sarmiento24h.com\\\/wp-content\\\/litespeed\\\/avatar\\\/d02cbc4e23c747e6659cd45907173c8f.jpg?ver=1777157796\",\"caption\":\"sarmiento24h@gmail.com\"},\"sameAs\":[\"https:\\\/\\\/sarmiento24h.com\"],\"url\":\"https:\\\/\\\/sarmiento24h.com\\\/?author=1\"}]}<\/script>\n<!-- \/ Yoast SEO plugin. -->","yoast_head_json":{"title":"Elvis Crespo exalta a V\u00edctor Roque y La Gran Manzana - Sarmiento24h","robots":{"index":"index","follow":"follow","max-snippet":"max-snippet:-1","max-image-preview":"max-image-preview:large","max-video-preview":"max-video-preview:-1"},"canonical":"https:\/\/sarmiento24h.com\/?p=6228","og_locale":"es_ES","og_type":"article","og_title":"Elvis Crespo exalta a V\u00edctor Roque y La Gran Manzana - Sarmiento24h","og_description":"Elvis Crespo y V\u00edctor Roque durante la&#46;&#46;&#46;","og_url":"https:\/\/sarmiento24h.com\/?p=6228","og_site_name":"Sarmiento24h","article_publisher":"https:\/\/facebook.com\/s24hnoticias","article_published_time":"2026-01-06T09:06:13+00:00","og_image":[{"width":520,"height":390,"url":"https:\/\/sarmiento24h.com\/wp-content\/uploads\/2026\/01\/elvis-crespo-exalta-a-victor-roque-y-la-gran-manzana.jpg","type":"image\/jpeg"}],"author":"sarmiento24h@gmail.com","twitter_card":"summary_large_image","twitter_creator":"@sarmiento24h","twitter_site":"@sarmiento24h","twitter_misc":{"Escrito por":"sarmiento24h@gmail.com","Tiempo de lectura":"2 minutos"},"schema":{"@context":"https:\/\/schema.org","@graph":[{"@type":"Article","@id":"https:\/\/sarmiento24h.com\/?p=6228#article","isPartOf":{"@id":"https:\/\/sarmiento24h.com\/?p=6228"},"author":{"name":"sarmiento24h@gmail.com","@id":"https:\/\/sarmiento24h.com\/#\/schema\/person\/d653a59725ad629a7e0429af7b939d4d"},"headline":"Elvis Crespo exalta a V\u00edctor Roque y La Gran Manzana","datePublished":"2026-01-06T09:06:13+00:00","mainEntityOfPage":{"@id":"https:\/\/sarmiento24h.com\/?p=6228"},"wordCount":405,"publisher":{"@id":"https:\/\/sarmiento24h.com\/#organization"},"image":{"@id":"https:\/\/sarmiento24h.com\/?p=6228#primaryimage"},"thumbnailUrl":"https:\/\/sarmiento24h.com\/wp-content\/uploads\/2026\/01\/elvis-crespo-exalta-a-victor-roque-y-la-gran-manzana.jpg","articleSection":["Variedades"],"inLanguage":"es"},{"@type":"WebPage","@id":"https:\/\/sarmiento24h.com\/?p=6228","url":"https:\/\/sarmiento24h.com\/?p=6228","name":"Elvis Crespo exalta a V\u00edctor Roque y La Gran Manzana - Sarmiento24h","isPartOf":{"@id":"https:\/\/sarmiento24h.com\/#website"},"primaryImageOfPage":{"@id":"https:\/\/sarmiento24h.com\/?p=6228#primaryimage"},"image":{"@id":"https:\/\/sarmiento24h.com\/?p=6228#primaryimage"},"thumbnailUrl":"https:\/\/sarmiento24h.com\/wp-content\/uploads\/2026\/01\/elvis-crespo-exalta-a-victor-roque-y-la-gran-manzana.jpg","datePublished":"2026-01-06T09:06:13+00:00","breadcrumb":{"@id":"https:\/\/sarmiento24h.com\/?p=6228#breadcrumb"},"inLanguage":"es","potentialAction":[{"@type":"ReadAction","target":["https:\/\/sarmiento24h.com\/?p=6228"]}]},{"@type":"ImageObject","inLanguage":"es","@id":"https:\/\/sarmiento24h.com\/?p=6228#primaryimage","url":"https:\/\/sarmiento24h.com\/wp-content\/uploads\/2026\/01\/elvis-crespo-exalta-a-victor-roque-y-la-gran-manzana.jpg","contentUrl":"https:\/\/sarmiento24h.com\/wp-content\/uploads\/2026\/01\/elvis-crespo-exalta-a-victor-roque-y-la-gran-manzana.jpg","width":520,"height":390},{"@type":"BreadcrumbList","@id":"https:\/\/sarmiento24h.com\/?p=6228#breadcrumb","itemListElement":[{"@type":"ListItem","position":1,"name":"Home","item":"https:\/\/sarmiento24h.com\/"},{"@type":"ListItem","position":2,"name":"Elvis Crespo exalta a V\u00edctor Roque y La Gran Manzana"}]},{"@type":"WebSite","@id":"https:\/\/sarmiento24h.com\/#website","url":"https:\/\/sarmiento24h.com\/","name":"Sarmiento24h","description":"","publisher":{"@id":"https:\/\/sarmiento24h.com\/#organization"},"potentialAction":[{"@type":"SearchAction","target":{"@type":"EntryPoint","urlTemplate":"https:\/\/sarmiento24h.com\/?s={search_term_string}"},"query-input":{"@type":"PropertyValueSpecification","valueRequired":true,"valueName":"search_term_string"}}],"inLanguage":"es"},{"@type":"Organization","@id":"https:\/\/sarmiento24h.com\/#organization","name":"Sarmiento24h","url":"https:\/\/sarmiento24h.com\/","logo":{"@type":"ImageObject","inLanguage":"es","@id":"https:\/\/sarmiento24h.com\/#\/schema\/logo\/image\/","url":"https:\/\/sarmiento24h.com\/wp-content\/uploads\/2025\/12\/AddText_12-16-10.30.52.jpg","contentUrl":"https:\/\/sarmiento24h.com\/wp-content\/uploads\/2025\/12\/AddText_12-16-10.30.52.jpg","width":1220,"height":324,"caption":"Sarmiento24h"},"image":{"@id":"https:\/\/sarmiento24h.com\/#\/schema\/logo\/image\/"},"sameAs":["https:\/\/facebook.com\/s24hnoticias","https:\/\/x.com\/sarmiento24h"]},{"@type":"Person","@id":"https:\/\/sarmiento24h.com\/#\/schema\/person\/d653a59725ad629a7e0429af7b939d4d","name":"sarmiento24h@gmail.com","image":{"@type":"ImageObject","inLanguage":"es","@id":"https:\/\/sarmiento24h.com\/wp-content\/litespeed\/avatar\/d02cbc4e23c747e6659cd45907173c8f.jpg?ver=1777157796","url":"https:\/\/sarmiento24h.com\/wp-content\/litespeed\/avatar\/d02cbc4e23c747e6659cd45907173c8f.jpg?ver=1777157796","contentUrl":"https:\/\/sarmiento24h.com\/wp-content\/litespeed\/avatar\/d02cbc4e23c747e6659cd45907173c8f.jpg?ver=1777157796","caption":"sarmiento24h@gmail.com"},"sameAs":["https:\/\/sarmiento24h.com"],"url":"https:\/\/sarmiento24h.com\/?author=1"}]}},"jetpack_publicize_connections":[],"jetpack_featured_media_url":"https:\/\/sarmiento24h.com\/wp-content\/uploads\/2026\/01\/elvis-crespo-exalta-a-victor-roque-y-la-gran-manzana.jpg","jetpack_sharing_enabled":true,"_links":{"self":[{"href":"https:\/\/sarmiento24h.com\/index.php?rest_route=\/wp\/v2\/posts\/6228","targetHints":{"allow":["GET"]}}],"collection":[{"href":"https:\/\/sarmiento24h.com\/index.php?rest_route=\/wp\/v2\/posts"}],"about":[{"href":"https:\/\/sarmiento24h.com\/index.php?rest_route=\/wp\/v2\/types\/post"}],"author":[{"embeddable":true,"href":"https:\/\/sarmiento24h.com\/index.php?rest_route=\/wp\/v2\/users\/1"}],"replies":[{"embeddable":true,"href":"https:\/\/sarmiento24h.com\/index.php?rest_route=%2Fwp%2Fv2%2Fcomments&post=6228"}],"version-history":[{"count":0,"href":"https:\/\/sarmiento24h.com\/index.php?rest_route=\/wp\/v2\/posts\/6228\/revisions"}],"wp:featuredmedia":[{"embeddable":true,"href":"https:\/\/sarmiento24h.com\/index.php?rest_route=\/wp\/v2\/media\/6229"}],"wp:attachment":[{"href":"https:\/\/sarmiento24h.com\/index.php?rest_route=%2Fwp%2Fv2%2Fmedia&parent=6228"}],"wp:term":[{"taxonomy":"category","embeddable":true,"href":"https:\/\/sarmiento24h.com\/index.php?rest_route=%2Fwp%2Fv2%2Fcategories&post=6228"},{"taxonomy":"post_tag","embeddable":true,"href":"https:\/\/sarmiento24h.com\/index.php?rest_route=%2Fwp%2Fv2%2Ftags&post=6228"}],"curies":[{"name":"wp","href":"https:\/\/api.w.org\/{rel}","templated":true}]}}