{"id":63279,"date":"2026-03-15T11:16:52","date_gmt":"2026-03-15T11:16:52","guid":{"rendered":"http:\/\/almomento.net\/?p=1105289"},"modified":"2026-03-15T11:16:52","modified_gmt":"2026-03-15T11:16:52","slug":"minerd-celebro-en-sd-gala-nacional-carnaval-escolar-2026","status":"publish","type":"post","link":"https:\/\/sarmiento24h.com\/?p=63279","title":{"rendered":"MINERD celebr\u00f3 en SD \u00abGala Nacional Carnaval Escolar 2026\u00bb"},"content":{"rendered":"<p><!-- .entry-header --> <\/p>\n<div class=\"img_center\"> <a href=\"https:\/\/sarmiento24h.com\/wp-content\/uploads\/2026\/03\/minerd-celebro-en-sd-gala-nacional-carnaval-escolar-2026.jpg\" title=\"MINERD celebr\u00f3 en SD \u00abGala Nacional Carnaval Escolar 2026\u00bb\" data-toggle=\"lightbox\" class=\"thickbox\"><img decoding=\"async\" src=\"https:\/\/sarmiento24h.com\/wp-content\/uploads\/2026\/03\/minerd-celebro-en-sd-gala-nacional-carnaval-escolar-2026.jpg\" class=\"attachment-post-thumbnail size-post-thumbnail wp-post-image\" alt=\"imagen\" title=\"MINERD celebr\u00f3 en SD \u00abGala Nacional Carnaval Escolar 2026\u00bb\" data-toggle data-title=\"MINERD celebr\u00f3 en SD \u00abGala Nacional Carnaval Escolar 2026\u00bb\"><\/a> <\/div>\n<p>SANTO DOMINGO.- El Ministerio de Educaci\u00f3n de la Rep\u00fablica Dominicana (MINERD) realiz\u00f3 la Gala Nacional de Carnaval Escolar 2026, un evento que tuvo como protagonistas a m\u00e1s de 600 estudiantes de centros educativos p\u00fablicos de todo el pa\u00eds, quienes demostraron su talento, creatividad y compromiso con la cultura dominicana a trav\u00e9s de comparsas, coreograf\u00edas y vestuarios inspirados en las tradiciones carnavalescas.<\/p>\n<p>La actividad reuni\u00f3 delegaciones de todas las regionales y distritos educativos, junto a 200 docentes que acompa\u00f1aron a los estudiantes en la preparaci\u00f3n y presentaci\u00f3n de propuestas art\u00edsticas que reflejaron la identidad cultural de sus comunidades y el potencial creativo que se fomenta desde las escuelas.<\/p>\n<p>El evento comenz\u00f3 con la comparsa \u201cRa\u00edces\u201d,&nbsp; integrada por estudiantes de la Escuela Jes\u00fas de Nazaret, de la Regional 15 de Santo Domingo, quienes aportaron ritmo, color y dinamismo al inicio de la gala.<\/p>\n<div data-originalfontsize=\"12pt\" data-originalcomputedfontsize=\"16\"><img loading=\"lazy\" decoding=\"async\" class=\"alignleft wp-image-1105291\" src=\"https:\/\/sarmiento24h.com\/wp-content\/uploads\/2026\/03\/minerd-celebro-en-sd-gala-nacional-carnaval-escolar-2026-1.jpg\" alt width=\"492\" height=\"328\" srcset=\"https:\/\/sarmiento24h.com\/wp-content\/uploads\/2026\/03\/minerd-celebro-en-sd-gala-nacional-carnaval-escolar-2026-1.jpg 1024w, https:\/\/almomento.net\/wp-content\/uploads\/2026\/03\/IMG_9842-300x200.jpeg 300w, https:\/\/almomento.net\/wp-content\/uploads\/2026\/03\/IMG_9842-768x512.jpeg 768w, https:\/\/sarmiento24h.com\/wp-content\/uploads\/2026\/03\/minerd-celebro-en-sd-gala-nacional-carnaval-escolar-2026-2.jpg 1536w, https:\/\/sarmiento24h.com\/wp-content\/uploads\/2026\/03\/minerd-celebro-en-sd-gala-nacional-carnaval-escolar-2026-3.jpg 143w, https:\/\/sarmiento24h.com\/wp-content\/uploads\/2026\/03\/minerd-celebro-en-sd-gala-nacional-carnaval-escolar-2026-4.jpg 375w, https:\/\/almomento.net\/wp-content\/uploads\/2026\/03\/IMG_9842.jpeg 1600w\" sizes=\"auto, (max-width: 492px) 100vw, 492px\"><\/div>\n<p>Entre las comparsas presentadas se destacaron \u201cRitmo Montecriste\u00f1o\u201d, \u201cRa\u00edces de mi Provincia\u201d, \u201cLos Enmascarados del M\u00e1gico Sur\u201d, \u201cLos Esp\u00edritus del Yukayeke\u201d, \u201cMi Bella Quisqueya\u201d, \u201cRa\u00edces del Cibao\u201d, \u201cSembrando Tradici\u00f3n, Cosechando Cultura\u201d, \u201cBatutas en Carnaval\u201d, \u201cNagua, el Coraz\u00f3n del Mar\u201d, \u201cTrilog\u00eda Tropical\u201d, \u201cExplosi\u00f3n Cultural\u201d, \u201cTribu Arco\u00edris Ta\u00edna\u201d, \u201cGrito de la Naturaleza\u201d, \u201cCarnaval que Transforma\u201d y \u201cSoy el Carnaval\u201d.<\/p>\n<p>El encargado del Departamento de Cultura y Cultos del MINERD, Javiel Elena Morales, explic\u00f3 que este tipo de iniciativa fortalece el sentido de pertenencia de los estudiantes y promueve el amor por las manifestaciones art\u00edsticas desde los centros educativos.<\/p>\n<p>Destac\u00f3 que muchas de las comparsas y vestuarios fueron elaborados con materiales reciclados, lo que tambi\u00e9n fomenta la conciencia ambiental y evidencia c\u00f3mo la creatividad estudiantil puede integrarse con la educaci\u00f3n en valores y el cuidado de la naturaleza.<\/p>\n<p>La Gala Nacional de Carnaval Escolar forma parte de acciones impulsadas por el Ministerio de Educaci\u00f3n dentro de un modelo educativo promovido por el ministro Luis Miguel De Camps, orientado a fortalecer una formaci\u00f3n integral que articule el aprendizaje acad\u00e9mico con el desarrollo art\u00edstico, cultural y creativo de los estudiantes.<\/p>\n<p>sp-am<\/p>\n<div class=\"heateor_sss_sharing_container heateor_sss_horizontal_sharing\" data-heateor-sss-href=\"https:\/\/almomento.net\/ministerio-de-educacion-celebra-el-talento-y-la-creatividad-estudiantil-en-la-gala-nacional-de-carnaval-escolar-2026\/\">\n<p>Comp\u00e1rtelo en tus redes:<\/p>\n<\/div>\n<p> <!-- 468x60 --><br \/>\n<ins class=\"adsbygoogle\" data-ad-client=\"ca-pub-3511341636159665\" data-ad-slot=\"3538255450\"><\/ins> <!-- .entry-content --> <\/p>\n","protected":false},"excerpt":{"rendered":"<p>SANTO DOMINGO.- El Ministerio de Educaci\u00f3n de&#46;&#46;&#46;<\/p>\n","protected":false},"author":1,"featured_media":63280,"comment_status":"closed","ping_status":"closed","sticky":false,"template":"","format":"standard","meta":{"_jetpack_memberships_contains_paid_content":false,"footnotes":"","jetpack_publicize_message":"","jetpack_publicize_feature_enabled":true,"jetpack_social_post_already_shared":true,"jetpack_social_options":{"image_generator_settings":{"template":"highway","default_image_id":0,"font":"","enabled":false},"version":2}},"categories":[69],"tags":[],"class_list":["post-63279","post","type-post","status-publish","format-standard","has-post-thumbnail","hentry","category-portada"],"yoast_head":"<!-- This site is optimized with the Yoast SEO plugin v27.3 - https:\/\/yoast.com\/product\/yoast-seo-wordpress\/ -->\n<title>MINERD celebr\u00f3 en SD \u00abGala Nacional Carnaval Escolar 2026\u00bb - Sarmiento24h<\/title>\n<meta name=\"robots\" content=\"index, follow, max-snippet:-1, max-image-preview:large, max-video-preview:-1\" \/>\n<link rel=\"canonical\" href=\"https:\/\/sarmiento24h.com\/?p=63279\" \/>\n<meta property=\"og:locale\" content=\"es_ES\" \/>\n<meta property=\"og:type\" content=\"article\" \/>\n<meta property=\"og:title\" content=\"MINERD celebr\u00f3 en SD \u00abGala Nacional Carnaval Escolar 2026\u00bb - Sarmiento24h\" \/>\n<meta property=\"og:description\" content=\"SANTO DOMINGO.- El Ministerio de Educaci\u00f3n de&#046;&#046;&#046;\" \/>\n<meta property=\"og:url\" content=\"https:\/\/sarmiento24h.com\/?p=63279\" \/>\n<meta property=\"og:site_name\" content=\"Sarmiento24h\" \/>\n<meta property=\"article:publisher\" content=\"https:\/\/facebook.com\/s24hnoticias\" \/>\n<meta property=\"article:published_time\" content=\"2026-03-15T11:16:52+00:00\" \/>\n<meta property=\"og:image\" content=\"https:\/\/sarmiento24h.com\/wp-content\/uploads\/2026\/03\/minerd-celebro-en-sd-gala-nacional-carnaval-escolar-2026.jpg\" \/>\n\t<meta property=\"og:image:width\" content=\"1536\" \/>\n\t<meta property=\"og:image:height\" content=\"968\" \/>\n\t<meta property=\"og:image:type\" content=\"image\/jpeg\" \/>\n<meta name=\"author\" content=\"sarmiento24h@gmail.com\" \/>\n<meta name=\"twitter:card\" content=\"summary_large_image\" \/>\n<meta name=\"twitter:creator\" content=\"@sarmiento24h\" \/>\n<meta name=\"twitter:site\" content=\"@sarmiento24h\" \/>\n<meta name=\"twitter:label1\" content=\"Escrito por\" \/>\n\t<meta name=\"twitter:data1\" content=\"sarmiento24h@gmail.com\" \/>\n\t<meta name=\"twitter:label2\" content=\"Tiempo de lectura\" \/>\n\t<meta name=\"twitter:data2\" content=\"2 minutos\" \/>\n<script type=\"application\/ld+json\" class=\"yoast-schema-graph\">{\"@context\":\"https:\\\/\\\/schema.org\",\"@graph\":[{\"@type\":\"Article\",\"@id\":\"https:\\\/\\\/sarmiento24h.com\\\/?p=63279#article\",\"isPartOf\":{\"@id\":\"https:\\\/\\\/sarmiento24h.com\\\/?p=63279\"},\"author\":{\"name\":\"sarmiento24h@gmail.com\",\"@id\":\"https:\\\/\\\/sarmiento24h.com\\\/#\\\/schema\\\/person\\\/d653a59725ad629a7e0429af7b939d4d\"},\"headline\":\"MINERD celebr\u00f3 en SD \u00abGala Nacional Carnaval Escolar 2026\u00bb\",\"datePublished\":\"2026-03-15T11:16:52+00:00\",\"mainEntityOfPage\":{\"@id\":\"https:\\\/\\\/sarmiento24h.com\\\/?p=63279\"},\"wordCount\":370,\"publisher\":{\"@id\":\"https:\\\/\\\/sarmiento24h.com\\\/#organization\"},\"image\":{\"@id\":\"https:\\\/\\\/sarmiento24h.com\\\/?p=63279#primaryimage\"},\"thumbnailUrl\":\"https:\\\/\\\/sarmiento24h.com\\\/wp-content\\\/uploads\\\/2026\\\/03\\\/minerd-celebro-en-sd-gala-nacional-carnaval-escolar-2026.jpg\",\"articleSection\":[\"Portada\"],\"inLanguage\":\"es\"},{\"@type\":\"WebPage\",\"@id\":\"https:\\\/\\\/sarmiento24h.com\\\/?p=63279\",\"url\":\"https:\\\/\\\/sarmiento24h.com\\\/?p=63279\",\"name\":\"MINERD celebr\u00f3 en SD \u00abGala Nacional Carnaval Escolar 2026\u00bb - Sarmiento24h\",\"isPartOf\":{\"@id\":\"https:\\\/\\\/sarmiento24h.com\\\/#website\"},\"primaryImageOfPage\":{\"@id\":\"https:\\\/\\\/sarmiento24h.com\\\/?p=63279#primaryimage\"},\"image\":{\"@id\":\"https:\\\/\\\/sarmiento24h.com\\\/?p=63279#primaryimage\"},\"thumbnailUrl\":\"https:\\\/\\\/sarmiento24h.com\\\/wp-content\\\/uploads\\\/2026\\\/03\\\/minerd-celebro-en-sd-gala-nacional-carnaval-escolar-2026.jpg\",\"datePublished\":\"2026-03-15T11:16:52+00:00\",\"breadcrumb\":{\"@id\":\"https:\\\/\\\/sarmiento24h.com\\\/?p=63279#breadcrumb\"},\"inLanguage\":\"es\",\"potentialAction\":[{\"@type\":\"ReadAction\",\"target\":[\"https:\\\/\\\/sarmiento24h.com\\\/?p=63279\"]}]},{\"@type\":\"ImageObject\",\"inLanguage\":\"es\",\"@id\":\"https:\\\/\\\/sarmiento24h.com\\\/?p=63279#primaryimage\",\"url\":\"https:\\\/\\\/sarmiento24h.com\\\/wp-content\\\/uploads\\\/2026\\\/03\\\/minerd-celebro-en-sd-gala-nacional-carnaval-escolar-2026.jpg\",\"contentUrl\":\"https:\\\/\\\/sarmiento24h.com\\\/wp-content\\\/uploads\\\/2026\\\/03\\\/minerd-celebro-en-sd-gala-nacional-carnaval-escolar-2026.jpg\",\"width\":1536,\"height\":968},{\"@type\":\"BreadcrumbList\",\"@id\":\"https:\\\/\\\/sarmiento24h.com\\\/?p=63279#breadcrumb\",\"itemListElement\":[{\"@type\":\"ListItem\",\"position\":1,\"name\":\"Home\",\"item\":\"https:\\\/\\\/sarmiento24h.com\\\/\"},{\"@type\":\"ListItem\",\"position\":2,\"name\":\"MINERD celebr\u00f3 en SD \u00abGala Nacional Carnaval Escolar 2026\u00bb\"}]},{\"@type\":\"WebSite\",\"@id\":\"https:\\\/\\\/sarmiento24h.com\\\/#website\",\"url\":\"https:\\\/\\\/sarmiento24h.com\\\/\",\"name\":\"Sarmiento24h\",\"description\":\"\",\"publisher\":{\"@id\":\"https:\\\/\\\/sarmiento24h.com\\\/#organization\"},\"potentialAction\":[{\"@type\":\"SearchAction\",\"target\":{\"@type\":\"EntryPoint\",\"urlTemplate\":\"https:\\\/\\\/sarmiento24h.com\\\/?s={search_term_string}\"},\"query-input\":{\"@type\":\"PropertyValueSpecification\",\"valueRequired\":true,\"valueName\":\"search_term_string\"}}],\"inLanguage\":\"es\"},{\"@type\":\"Organization\",\"@id\":\"https:\\\/\\\/sarmiento24h.com\\\/#organization\",\"name\":\"Sarmiento24h\",\"url\":\"https:\\\/\\\/sarmiento24h.com\\\/\",\"logo\":{\"@type\":\"ImageObject\",\"inLanguage\":\"es\",\"@id\":\"https:\\\/\\\/sarmiento24h.com\\\/#\\\/schema\\\/logo\\\/image\\\/\",\"url\":\"https:\\\/\\\/sarmiento24h.com\\\/wp-content\\\/uploads\\\/2025\\\/12\\\/AddText_12-16-10.30.52.jpg\",\"contentUrl\":\"https:\\\/\\\/sarmiento24h.com\\\/wp-content\\\/uploads\\\/2025\\\/12\\\/AddText_12-16-10.30.52.jpg\",\"width\":1220,\"height\":324,\"caption\":\"Sarmiento24h\"},\"image\":{\"@id\":\"https:\\\/\\\/sarmiento24h.com\\\/#\\\/schema\\\/logo\\\/image\\\/\"},\"sameAs\":[\"https:\\\/\\\/facebook.com\\\/s24hnoticias\",\"https:\\\/\\\/x.com\\\/sarmiento24h\"]},{\"@type\":\"Person\",\"@id\":\"https:\\\/\\\/sarmiento24h.com\\\/#\\\/schema\\\/person\\\/d653a59725ad629a7e0429af7b939d4d\",\"name\":\"sarmiento24h@gmail.com\",\"image\":{\"@type\":\"ImageObject\",\"inLanguage\":\"es\",\"@id\":\"https:\\\/\\\/sarmiento24h.com\\\/wp-content\\\/litespeed\\\/avatar\\\/d02cbc4e23c747e6659cd45907173c8f.jpg?ver=1777157796\",\"url\":\"https:\\\/\\\/sarmiento24h.com\\\/wp-content\\\/litespeed\\\/avatar\\\/d02cbc4e23c747e6659cd45907173c8f.jpg?ver=1777157796\",\"contentUrl\":\"https:\\\/\\\/sarmiento24h.com\\\/wp-content\\\/litespeed\\\/avatar\\\/d02cbc4e23c747e6659cd45907173c8f.jpg?ver=1777157796\",\"caption\":\"sarmiento24h@gmail.com\"},\"sameAs\":[\"https:\\\/\\\/sarmiento24h.com\"],\"url\":\"https:\\\/\\\/sarmiento24h.com\\\/?author=1\"}]}<\/script>\n<!-- \/ Yoast SEO plugin. -->","yoast_head_json":{"title":"MINERD celebr\u00f3 en SD \u00abGala Nacional Carnaval Escolar 2026\u00bb - Sarmiento24h","robots":{"index":"index","follow":"follow","max-snippet":"max-snippet:-1","max-image-preview":"max-image-preview:large","max-video-preview":"max-video-preview:-1"},"canonical":"https:\/\/sarmiento24h.com\/?p=63279","og_locale":"es_ES","og_type":"article","og_title":"MINERD celebr\u00f3 en SD \u00abGala Nacional Carnaval Escolar 2026\u00bb - Sarmiento24h","og_description":"SANTO DOMINGO.- El Ministerio de Educaci\u00f3n de&#46;&#46;&#46;","og_url":"https:\/\/sarmiento24h.com\/?p=63279","og_site_name":"Sarmiento24h","article_publisher":"https:\/\/facebook.com\/s24hnoticias","article_published_time":"2026-03-15T11:16:52+00:00","og_image":[{"width":1536,"height":968,"url":"https:\/\/sarmiento24h.com\/wp-content\/uploads\/2026\/03\/minerd-celebro-en-sd-gala-nacional-carnaval-escolar-2026.jpg","type":"image\/jpeg"}],"author":"sarmiento24h@gmail.com","twitter_card":"summary_large_image","twitter_creator":"@sarmiento24h","twitter_site":"@sarmiento24h","twitter_misc":{"Escrito por":"sarmiento24h@gmail.com","Tiempo de lectura":"2 minutos"},"schema":{"@context":"https:\/\/schema.org","@graph":[{"@type":"Article","@id":"https:\/\/sarmiento24h.com\/?p=63279#article","isPartOf":{"@id":"https:\/\/sarmiento24h.com\/?p=63279"},"author":{"name":"sarmiento24h@gmail.com","@id":"https:\/\/sarmiento24h.com\/#\/schema\/person\/d653a59725ad629a7e0429af7b939d4d"},"headline":"MINERD celebr\u00f3 en SD \u00abGala Nacional Carnaval Escolar 2026\u00bb","datePublished":"2026-03-15T11:16:52+00:00","mainEntityOfPage":{"@id":"https:\/\/sarmiento24h.com\/?p=63279"},"wordCount":370,"publisher":{"@id":"https:\/\/sarmiento24h.com\/#organization"},"image":{"@id":"https:\/\/sarmiento24h.com\/?p=63279#primaryimage"},"thumbnailUrl":"https:\/\/sarmiento24h.com\/wp-content\/uploads\/2026\/03\/minerd-celebro-en-sd-gala-nacional-carnaval-escolar-2026.jpg","articleSection":["Portada"],"inLanguage":"es"},{"@type":"WebPage","@id":"https:\/\/sarmiento24h.com\/?p=63279","url":"https:\/\/sarmiento24h.com\/?p=63279","name":"MINERD celebr\u00f3 en SD \u00abGala Nacional Carnaval Escolar 2026\u00bb - Sarmiento24h","isPartOf":{"@id":"https:\/\/sarmiento24h.com\/#website"},"primaryImageOfPage":{"@id":"https:\/\/sarmiento24h.com\/?p=63279#primaryimage"},"image":{"@id":"https:\/\/sarmiento24h.com\/?p=63279#primaryimage"},"thumbnailUrl":"https:\/\/sarmiento24h.com\/wp-content\/uploads\/2026\/03\/minerd-celebro-en-sd-gala-nacional-carnaval-escolar-2026.jpg","datePublished":"2026-03-15T11:16:52+00:00","breadcrumb":{"@id":"https:\/\/sarmiento24h.com\/?p=63279#breadcrumb"},"inLanguage":"es","potentialAction":[{"@type":"ReadAction","target":["https:\/\/sarmiento24h.com\/?p=63279"]}]},{"@type":"ImageObject","inLanguage":"es","@id":"https:\/\/sarmiento24h.com\/?p=63279#primaryimage","url":"https:\/\/sarmiento24h.com\/wp-content\/uploads\/2026\/03\/minerd-celebro-en-sd-gala-nacional-carnaval-escolar-2026.jpg","contentUrl":"https:\/\/sarmiento24h.com\/wp-content\/uploads\/2026\/03\/minerd-celebro-en-sd-gala-nacional-carnaval-escolar-2026.jpg","width":1536,"height":968},{"@type":"BreadcrumbList","@id":"https:\/\/sarmiento24h.com\/?p=63279#breadcrumb","itemListElement":[{"@type":"ListItem","position":1,"name":"Home","item":"https:\/\/sarmiento24h.com\/"},{"@type":"ListItem","position":2,"name":"MINERD celebr\u00f3 en SD \u00abGala Nacional Carnaval Escolar 2026\u00bb"}]},{"@type":"WebSite","@id":"https:\/\/sarmiento24h.com\/#website","url":"https:\/\/sarmiento24h.com\/","name":"Sarmiento24h","description":"","publisher":{"@id":"https:\/\/sarmiento24h.com\/#organization"},"potentialAction":[{"@type":"SearchAction","target":{"@type":"EntryPoint","urlTemplate":"https:\/\/sarmiento24h.com\/?s={search_term_string}"},"query-input":{"@type":"PropertyValueSpecification","valueRequired":true,"valueName":"search_term_string"}}],"inLanguage":"es"},{"@type":"Organization","@id":"https:\/\/sarmiento24h.com\/#organization","name":"Sarmiento24h","url":"https:\/\/sarmiento24h.com\/","logo":{"@type":"ImageObject","inLanguage":"es","@id":"https:\/\/sarmiento24h.com\/#\/schema\/logo\/image\/","url":"https:\/\/sarmiento24h.com\/wp-content\/uploads\/2025\/12\/AddText_12-16-10.30.52.jpg","contentUrl":"https:\/\/sarmiento24h.com\/wp-content\/uploads\/2025\/12\/AddText_12-16-10.30.52.jpg","width":1220,"height":324,"caption":"Sarmiento24h"},"image":{"@id":"https:\/\/sarmiento24h.com\/#\/schema\/logo\/image\/"},"sameAs":["https:\/\/facebook.com\/s24hnoticias","https:\/\/x.com\/sarmiento24h"]},{"@type":"Person","@id":"https:\/\/sarmiento24h.com\/#\/schema\/person\/d653a59725ad629a7e0429af7b939d4d","name":"sarmiento24h@gmail.com","image":{"@type":"ImageObject","inLanguage":"es","@id":"https:\/\/sarmiento24h.com\/wp-content\/litespeed\/avatar\/d02cbc4e23c747e6659cd45907173c8f.jpg?ver=1777157796","url":"https:\/\/sarmiento24h.com\/wp-content\/litespeed\/avatar\/d02cbc4e23c747e6659cd45907173c8f.jpg?ver=1777157796","contentUrl":"https:\/\/sarmiento24h.com\/wp-content\/litespeed\/avatar\/d02cbc4e23c747e6659cd45907173c8f.jpg?ver=1777157796","caption":"sarmiento24h@gmail.com"},"sameAs":["https:\/\/sarmiento24h.com"],"url":"https:\/\/sarmiento24h.com\/?author=1"}]}},"jetpack_publicize_connections":[],"jetpack_featured_media_url":"https:\/\/sarmiento24h.com\/wp-content\/uploads\/2026\/03\/minerd-celebro-en-sd-gala-nacional-carnaval-escolar-2026.jpg","jetpack_sharing_enabled":true,"_links":{"self":[{"href":"https:\/\/sarmiento24h.com\/index.php?rest_route=\/wp\/v2\/posts\/63279","targetHints":{"allow":["GET"]}}],"collection":[{"href":"https:\/\/sarmiento24h.com\/index.php?rest_route=\/wp\/v2\/posts"}],"about":[{"href":"https:\/\/sarmiento24h.com\/index.php?rest_route=\/wp\/v2\/types\/post"}],"author":[{"embeddable":true,"href":"https:\/\/sarmiento24h.com\/index.php?rest_route=\/wp\/v2\/users\/1"}],"replies":[{"embeddable":true,"href":"https:\/\/sarmiento24h.com\/index.php?rest_route=%2Fwp%2Fv2%2Fcomments&post=63279"}],"version-history":[{"count":0,"href":"https:\/\/sarmiento24h.com\/index.php?rest_route=\/wp\/v2\/posts\/63279\/revisions"}],"wp:featuredmedia":[{"embeddable":true,"href":"https:\/\/sarmiento24h.com\/index.php?rest_route=\/wp\/v2\/media\/63280"}],"wp:attachment":[{"href":"https:\/\/sarmiento24h.com\/index.php?rest_route=%2Fwp%2Fv2%2Fmedia&parent=63279"}],"wp:term":[{"taxonomy":"category","embeddable":true,"href":"https:\/\/sarmiento24h.com\/index.php?rest_route=%2Fwp%2Fv2%2Fcategories&post=63279"},{"taxonomy":"post_tag","embeddable":true,"href":"https:\/\/sarmiento24h.com\/index.php?rest_route=%2Fwp%2Fv2%2Ftags&post=63279"}],"curies":[{"name":"wp","href":"https:\/\/api.w.org\/{rel}","templated":true}]}}