{"id":6373,"date":"2026-01-08T03:16:29","date_gmt":"2026-01-08T03:16:29","guid":{"rendered":"http:\/\/almomento.net\/?p=1090540"},"modified":"2026-01-08T03:16:29","modified_gmt":"2026-01-08T03:16:29","slug":"leonel-fernandez-en-contra-del-uso-de-la-fuerza-en-venezuela","status":"publish","type":"post","link":"https:\/\/sarmiento24h.com\/?p=6373","title":{"rendered":"Leonel Fern\u00e1ndez en contra del uso de la fuerza en Venezuela"},"content":{"rendered":"<p><!-- .entry-header --> <\/p>\n<div class=\"img_center\"> <a href=\"https:\/\/almomento.net\/wp-content\/uploads\/2026\/01\/leonel.jpg\" alt=\"Leonel Fern\u00e1ndez en contra del uso de la fuerza en Venezuela\" title=\"Leonel Fern\u00e1ndez en contra del uso de la fuerza en Venezuela\" data-toggle=\"lightbox\" class=\"thickbox\"><img decoding=\"async\" src=\"https:\/\/almomento.net\/wp-content\/uploads\/2026\/01\/leonel.jpg\" class=\"attachment-post-thumbnail size-post-thumbnail wp-post-image\" alt=\"imagen\" title=\"Leonel Fern\u00e1ndez en contra del uso de la fuerza en Venezuela\" data-toggle data-title=\"Leonel Fern\u00e1ndez en contra del uso de la fuerza en Venezuela\"><\/a><\/p>\n<p>Leonel Fern\u00e1ndez<\/p>\n<\/p><\/div>\n<p><iframe loading=\"lazy\" title=\"LEONEL FERN\u00c1NDEZ ROMPE EL SILENCIO Y HABLA DEL CASO DE VENEZUELA Y NICOL\u00c1S MADURO \" width=\"500\" height=\"281\" src=\"https:\/\/www.youtube.com\/embed\/j3K5bJPoqOk?feature=oembed\" frameborder=\"0\" allow=\"accelerometer; autoplay; clipboard-write; encrypted-media; gyroscope; picture-in-picture; web-share\" referrerpolicy=\"strict-origin-when-cross-origin\" allowfullscreen>[embedded content]<\/iframe><\/p>\n<p>Santo Domingo, 7 ene (EFE).- El expresidente dominicano Leonel Fern\u00e1ndez, quien ha sido observador de varios procesos electorales en Venezuela, se hizo eco este mi\u00e9rcoles de los mandamientos de las Naciones Unidas y la Organizaci\u00f3n de Estados Americanos (OEA), que proh\u00edben el uso de la fuerza por parte de un Estado sobre otro.<\/p>\n<p>Fern\u00e1ndez dijo adherirse a las advertencias del secretario general de la ONU, Antonio Guterres, quien expres\u00f3 su profunda preocupaci\u00f3n por una posible intensificaci\u00f3n de la inestabilidad en Venezuela y reiter\u00f3 la necesidad de respetar plenamente el derecho internacional y la prohibici\u00f3n del uso de la fuerza.<\/p>\n<p>El pol\u00edtico, quien pronunci\u00f3 una alocuci\u00f3n para referirse al proceso que atraviesa Venezuela a ra\u00edz de la captura del presidente Nicol\u00e1s Maduro por parte de Estados Unidos la madrugada del s\u00e1bado en Caracas, tambi\u00e9n se refiri\u00f3 a la condena de la operaci\u00f3n que han formulado gobiernos como los de Brasil, M\u00e9xico, Panam\u00e1 o Chile.<\/p>\n<p>Destac\u00f3 que su posici\u00f3n coincide con los pronunciamientos del papa Le\u00f3n XIV, quien manifest\u00f3 su preocupaci\u00f3n por la evoluci\u00f3n de la crisis venezolana y expres\u00f3 su deseo de que derive en \u00abun futuro sereno de colaboraci\u00f3n, estabilidad y concordia, con especial atenci\u00f3n a los m\u00e1s pobres\u00bb.<\/p>\n<p>Record\u00f3 que, desde 2002, ha estado involucrado en distintos esfuerzos de mediaci\u00f3n y observaci\u00f3n electoral en Venezuela, \u00absiempre con el objetivo de contribuir a la paz y la democracia\u00bb.<\/p>\n<p>Asegur\u00f3 que se opuso a la proclamaci\u00f3n de Maduro como ganador de las elecciones de 2024, debido a que no se hab\u00edan presentado las actas de escrutinio.<\/p>\n<p>\u00abEsa conclusi\u00f3n fue alcanzada luego de intercambios con el panel de expertos electorales de las Naciones Unidas, representantes del Centro Carter y con el excanciller de Brasil, Celso Amor\u00edn\u00bb, apunt\u00f3 Fern\u00e1ndez, quien gobern\u00f3 Rep\u00fablica Dominicana en los cuatrienios de 1996-2000, 2004-2008 y 2008-2012.<\/p>\n<p>El opositor dominicano sostuvo que la \u00fanica salida sostenible a la crisis en Venezuela pasa por el entendimiento entre los propios venezolanos, mediante mecanismos de consenso que permitan restablecer la convivencia democr\u00e1tica y crear condiciones para el progreso social y econ\u00f3mico.<\/p>\n<p>\u00abAspiramos a que por medio del di\u00e1logo y la b\u00fasqueda de consenso, se pueda arribar a una paz duradera que garantice la convivencia civilizada entre sus ciudadanos, premisa fundamental para el progreso y el bienestar\u00bb, expres\u00f3.<\/p>\n<p>En la operaci\u00f3n militar del s\u00e1bado pasado, tropas \u00e9lite estadounidenses capturaron a Maduro y a su esposa Cilia Flores. Ambos fueron presentados el lunes ante una corte en Nueva York bajo acusaciones de supuesto narcotr\u00e1fico.<\/p>\n<p>El secretario de Estado de Estados Unidos, Marco Rubio, dijo hoy ante el Congreso del pa\u00eds que el Gobierno del presidente Donald Trump planea ejecutar tres fases en Venezuela: estabilizaci\u00f3n, recuperaci\u00f3n y transici\u00f3n.<\/p>\n<p>Rubio adelant\u00f3 que EE.UU. tomar\u00e1 entre 30 y 50 millones de barriles de petr\u00f3leo venezolano, los vender\u00e1 en el mercado a precios internacionales y controlar\u00e1 la forma en que se distribuyan los ingresos obtenidos de esas transacciones.<\/p>\n<p dir=\"auto\">of-am<\/p>\n<div class=\"heateor_sss_sharing_container heateor_sss_horizontal_sharing\" data-heateor-sss-href=\"https:\/\/almomento.net\/leonel-fernandez-llama-evitar-escalada-violencia-en-venezuela\/\" readability=\"7\">\n<p>Comp\u00e1rtelo en tus redes:<\/p>\n<\/div>\n<p> <!-- 468x60 --><br \/>\n<ins class=\"adsbygoogle\" data-ad-client=\"ca-pub-3511341636159665\" data-ad-slot=\"3538255450\"><\/ins> <!-- .entry-content --> <\/p>\n","protected":false},"excerpt":{"rendered":"<p>Leonel Fern\u00e1ndez [embedded content] Santo Domingo, 7&#46;&#46;&#46;<\/p>\n","protected":false},"author":1,"featured_media":6374,"comment_status":"closed","ping_status":"closed","sticky":false,"template":"","format":"standard","meta":{"_jetpack_memberships_contains_paid_content":false,"footnotes":"","jetpack_publicize_message":"","jetpack_publicize_feature_enabled":true,"jetpack_social_post_already_shared":false,"jetpack_social_options":{"image_generator_settings":{"template":"highway","default_image_id":0,"font":"","enabled":false},"version":2}},"categories":[69],"tags":[],"class_list":["post-6373","post","type-post","status-publish","format-standard","has-post-thumbnail","hentry","category-portada"],"yoast_head":"<!-- This site is optimized with the Yoast SEO plugin v27.3 - https:\/\/yoast.com\/product\/yoast-seo-wordpress\/ -->\n<title>Leonel Fern\u00e1ndez en contra del uso de la fuerza en Venezuela - Sarmiento24h<\/title>\n<meta name=\"robots\" content=\"index, follow, max-snippet:-1, max-image-preview:large, max-video-preview:-1\" \/>\n<link rel=\"canonical\" href=\"https:\/\/sarmiento24h.com\/?p=6373\" \/>\n<meta property=\"og:locale\" content=\"es_ES\" \/>\n<meta property=\"og:type\" content=\"article\" \/>\n<meta property=\"og:title\" content=\"Leonel Fern\u00e1ndez en contra del uso de la fuerza en Venezuela - Sarmiento24h\" \/>\n<meta property=\"og:description\" content=\"Leonel Fern\u00e1ndez [embedded content] Santo Domingo, 7&#046;&#046;&#046;\" \/>\n<meta property=\"og:url\" content=\"https:\/\/sarmiento24h.com\/?p=6373\" \/>\n<meta property=\"og:site_name\" content=\"Sarmiento24h\" \/>\n<meta property=\"article:publisher\" content=\"https:\/\/facebook.com\/s24hnoticias\" \/>\n<meta property=\"article:published_time\" content=\"2026-01-08T03:16:29+00:00\" \/>\n<meta property=\"og:image\" content=\"https:\/\/sarmiento24h.com\/wp-content\/uploads\/2026\/01\/leonel-fernandez-en-contra-del-uso-de-la-fuerza-en-venezuela.jpg\" \/>\n\t<meta property=\"og:image:width\" content=\"600\" \/>\n\t<meta property=\"og:image:height\" content=\"338\" \/>\n\t<meta property=\"og:image:type\" content=\"image\/jpeg\" \/>\n<meta name=\"author\" content=\"sarmiento24h@gmail.com\" \/>\n<meta name=\"twitter:card\" content=\"summary_large_image\" \/>\n<meta name=\"twitter:creator\" content=\"@sarmiento24h\" \/>\n<meta name=\"twitter:site\" content=\"@sarmiento24h\" \/>\n<meta name=\"twitter:label1\" content=\"Escrito por\" \/>\n\t<meta name=\"twitter:data1\" content=\"sarmiento24h@gmail.com\" \/>\n\t<meta name=\"twitter:label2\" content=\"Tiempo de lectura\" \/>\n\t<meta name=\"twitter:data2\" content=\"3 minutos\" \/>\n<script type=\"application\/ld+json\" class=\"yoast-schema-graph\">{\"@context\":\"https:\\\/\\\/schema.org\",\"@graph\":[{\"@type\":\"Article\",\"@id\":\"https:\\\/\\\/sarmiento24h.com\\\/?p=6373#article\",\"isPartOf\":{\"@id\":\"https:\\\/\\\/sarmiento24h.com\\\/?p=6373\"},\"author\":{\"name\":\"sarmiento24h@gmail.com\",\"@id\":\"https:\\\/\\\/sarmiento24h.com\\\/#\\\/schema\\\/person\\\/d653a59725ad629a7e0429af7b939d4d\"},\"headline\":\"Leonel Fern\u00e1ndez en contra del uso de la fuerza en Venezuela\",\"datePublished\":\"2026-01-08T03:16:29+00:00\",\"mainEntityOfPage\":{\"@id\":\"https:\\\/\\\/sarmiento24h.com\\\/?p=6373\"},\"wordCount\":543,\"publisher\":{\"@id\":\"https:\\\/\\\/sarmiento24h.com\\\/#organization\"},\"image\":{\"@id\":\"https:\\\/\\\/sarmiento24h.com\\\/?p=6373#primaryimage\"},\"thumbnailUrl\":\"https:\\\/\\\/sarmiento24h.com\\\/wp-content\\\/uploads\\\/2026\\\/01\\\/leonel-fernandez-en-contra-del-uso-de-la-fuerza-en-venezuela.jpg\",\"articleSection\":[\"Portada\"],\"inLanguage\":\"es\"},{\"@type\":\"WebPage\",\"@id\":\"https:\\\/\\\/sarmiento24h.com\\\/?p=6373\",\"url\":\"https:\\\/\\\/sarmiento24h.com\\\/?p=6373\",\"name\":\"Leonel Fern\u00e1ndez en contra del uso de la fuerza en Venezuela - Sarmiento24h\",\"isPartOf\":{\"@id\":\"https:\\\/\\\/sarmiento24h.com\\\/#website\"},\"primaryImageOfPage\":{\"@id\":\"https:\\\/\\\/sarmiento24h.com\\\/?p=6373#primaryimage\"},\"image\":{\"@id\":\"https:\\\/\\\/sarmiento24h.com\\\/?p=6373#primaryimage\"},\"thumbnailUrl\":\"https:\\\/\\\/sarmiento24h.com\\\/wp-content\\\/uploads\\\/2026\\\/01\\\/leonel-fernandez-en-contra-del-uso-de-la-fuerza-en-venezuela.jpg\",\"datePublished\":\"2026-01-08T03:16:29+00:00\",\"breadcrumb\":{\"@id\":\"https:\\\/\\\/sarmiento24h.com\\\/?p=6373#breadcrumb\"},\"inLanguage\":\"es\",\"potentialAction\":[{\"@type\":\"ReadAction\",\"target\":[\"https:\\\/\\\/sarmiento24h.com\\\/?p=6373\"]}]},{\"@type\":\"ImageObject\",\"inLanguage\":\"es\",\"@id\":\"https:\\\/\\\/sarmiento24h.com\\\/?p=6373#primaryimage\",\"url\":\"https:\\\/\\\/sarmiento24h.com\\\/wp-content\\\/uploads\\\/2026\\\/01\\\/leonel-fernandez-en-contra-del-uso-de-la-fuerza-en-venezuela.jpg\",\"contentUrl\":\"https:\\\/\\\/sarmiento24h.com\\\/wp-content\\\/uploads\\\/2026\\\/01\\\/leonel-fernandez-en-contra-del-uso-de-la-fuerza-en-venezuela.jpg\",\"width\":600,\"height\":338},{\"@type\":\"BreadcrumbList\",\"@id\":\"https:\\\/\\\/sarmiento24h.com\\\/?p=6373#breadcrumb\",\"itemListElement\":[{\"@type\":\"ListItem\",\"position\":1,\"name\":\"Home\",\"item\":\"https:\\\/\\\/sarmiento24h.com\\\/\"},{\"@type\":\"ListItem\",\"position\":2,\"name\":\"Leonel Fern\u00e1ndez en contra del uso de la fuerza en Venezuela\"}]},{\"@type\":\"WebSite\",\"@id\":\"https:\\\/\\\/sarmiento24h.com\\\/#website\",\"url\":\"https:\\\/\\\/sarmiento24h.com\\\/\",\"name\":\"Sarmiento24h\",\"description\":\"\",\"publisher\":{\"@id\":\"https:\\\/\\\/sarmiento24h.com\\\/#organization\"},\"potentialAction\":[{\"@type\":\"SearchAction\",\"target\":{\"@type\":\"EntryPoint\",\"urlTemplate\":\"https:\\\/\\\/sarmiento24h.com\\\/?s={search_term_string}\"},\"query-input\":{\"@type\":\"PropertyValueSpecification\",\"valueRequired\":true,\"valueName\":\"search_term_string\"}}],\"inLanguage\":\"es\"},{\"@type\":\"Organization\",\"@id\":\"https:\\\/\\\/sarmiento24h.com\\\/#organization\",\"name\":\"Sarmiento24h\",\"url\":\"https:\\\/\\\/sarmiento24h.com\\\/\",\"logo\":{\"@type\":\"ImageObject\",\"inLanguage\":\"es\",\"@id\":\"https:\\\/\\\/sarmiento24h.com\\\/#\\\/schema\\\/logo\\\/image\\\/\",\"url\":\"https:\\\/\\\/sarmiento24h.com\\\/wp-content\\\/uploads\\\/2025\\\/12\\\/AddText_12-16-10.30.52.jpg\",\"contentUrl\":\"https:\\\/\\\/sarmiento24h.com\\\/wp-content\\\/uploads\\\/2025\\\/12\\\/AddText_12-16-10.30.52.jpg\",\"width\":1220,\"height\":324,\"caption\":\"Sarmiento24h\"},\"image\":{\"@id\":\"https:\\\/\\\/sarmiento24h.com\\\/#\\\/schema\\\/logo\\\/image\\\/\"},\"sameAs\":[\"https:\\\/\\\/facebook.com\\\/s24hnoticias\",\"https:\\\/\\\/x.com\\\/sarmiento24h\"]},{\"@type\":\"Person\",\"@id\":\"https:\\\/\\\/sarmiento24h.com\\\/#\\\/schema\\\/person\\\/d653a59725ad629a7e0429af7b939d4d\",\"name\":\"sarmiento24h@gmail.com\",\"image\":{\"@type\":\"ImageObject\",\"inLanguage\":\"es\",\"@id\":\"https:\\\/\\\/sarmiento24h.com\\\/wp-content\\\/litespeed\\\/avatar\\\/d02cbc4e23c747e6659cd45907173c8f.jpg?ver=1777157796\",\"url\":\"https:\\\/\\\/sarmiento24h.com\\\/wp-content\\\/litespeed\\\/avatar\\\/d02cbc4e23c747e6659cd45907173c8f.jpg?ver=1777157796\",\"contentUrl\":\"https:\\\/\\\/sarmiento24h.com\\\/wp-content\\\/litespeed\\\/avatar\\\/d02cbc4e23c747e6659cd45907173c8f.jpg?ver=1777157796\",\"caption\":\"sarmiento24h@gmail.com\"},\"sameAs\":[\"https:\\\/\\\/sarmiento24h.com\"],\"url\":\"https:\\\/\\\/sarmiento24h.com\\\/?author=1\"}]}<\/script>\n<!-- \/ Yoast SEO plugin. -->","yoast_head_json":{"title":"Leonel Fern\u00e1ndez en contra del uso de la fuerza en Venezuela - Sarmiento24h","robots":{"index":"index","follow":"follow","max-snippet":"max-snippet:-1","max-image-preview":"max-image-preview:large","max-video-preview":"max-video-preview:-1"},"canonical":"https:\/\/sarmiento24h.com\/?p=6373","og_locale":"es_ES","og_type":"article","og_title":"Leonel Fern\u00e1ndez en contra del uso de la fuerza en Venezuela - Sarmiento24h","og_description":"Leonel Fern\u00e1ndez [embedded content] Santo Domingo, 7&#46;&#46;&#46;","og_url":"https:\/\/sarmiento24h.com\/?p=6373","og_site_name":"Sarmiento24h","article_publisher":"https:\/\/facebook.com\/s24hnoticias","article_published_time":"2026-01-08T03:16:29+00:00","og_image":[{"width":600,"height":338,"url":"https:\/\/sarmiento24h.com\/wp-content\/uploads\/2026\/01\/leonel-fernandez-en-contra-del-uso-de-la-fuerza-en-venezuela.jpg","type":"image\/jpeg"}],"author":"sarmiento24h@gmail.com","twitter_card":"summary_large_image","twitter_creator":"@sarmiento24h","twitter_site":"@sarmiento24h","twitter_misc":{"Escrito por":"sarmiento24h@gmail.com","Tiempo de lectura":"3 minutos"},"schema":{"@context":"https:\/\/schema.org","@graph":[{"@type":"Article","@id":"https:\/\/sarmiento24h.com\/?p=6373#article","isPartOf":{"@id":"https:\/\/sarmiento24h.com\/?p=6373"},"author":{"name":"sarmiento24h@gmail.com","@id":"https:\/\/sarmiento24h.com\/#\/schema\/person\/d653a59725ad629a7e0429af7b939d4d"},"headline":"Leonel Fern\u00e1ndez en contra del uso de la fuerza en Venezuela","datePublished":"2026-01-08T03:16:29+00:00","mainEntityOfPage":{"@id":"https:\/\/sarmiento24h.com\/?p=6373"},"wordCount":543,"publisher":{"@id":"https:\/\/sarmiento24h.com\/#organization"},"image":{"@id":"https:\/\/sarmiento24h.com\/?p=6373#primaryimage"},"thumbnailUrl":"https:\/\/sarmiento24h.com\/wp-content\/uploads\/2026\/01\/leonel-fernandez-en-contra-del-uso-de-la-fuerza-en-venezuela.jpg","articleSection":["Portada"],"inLanguage":"es"},{"@type":"WebPage","@id":"https:\/\/sarmiento24h.com\/?p=6373","url":"https:\/\/sarmiento24h.com\/?p=6373","name":"Leonel Fern\u00e1ndez en contra del uso de la fuerza en Venezuela - Sarmiento24h","isPartOf":{"@id":"https:\/\/sarmiento24h.com\/#website"},"primaryImageOfPage":{"@id":"https:\/\/sarmiento24h.com\/?p=6373#primaryimage"},"image":{"@id":"https:\/\/sarmiento24h.com\/?p=6373#primaryimage"},"thumbnailUrl":"https:\/\/sarmiento24h.com\/wp-content\/uploads\/2026\/01\/leonel-fernandez-en-contra-del-uso-de-la-fuerza-en-venezuela.jpg","datePublished":"2026-01-08T03:16:29+00:00","breadcrumb":{"@id":"https:\/\/sarmiento24h.com\/?p=6373#breadcrumb"},"inLanguage":"es","potentialAction":[{"@type":"ReadAction","target":["https:\/\/sarmiento24h.com\/?p=6373"]}]},{"@type":"ImageObject","inLanguage":"es","@id":"https:\/\/sarmiento24h.com\/?p=6373#primaryimage","url":"https:\/\/sarmiento24h.com\/wp-content\/uploads\/2026\/01\/leonel-fernandez-en-contra-del-uso-de-la-fuerza-en-venezuela.jpg","contentUrl":"https:\/\/sarmiento24h.com\/wp-content\/uploads\/2026\/01\/leonel-fernandez-en-contra-del-uso-de-la-fuerza-en-venezuela.jpg","width":600,"height":338},{"@type":"BreadcrumbList","@id":"https:\/\/sarmiento24h.com\/?p=6373#breadcrumb","itemListElement":[{"@type":"ListItem","position":1,"name":"Home","item":"https:\/\/sarmiento24h.com\/"},{"@type":"ListItem","position":2,"name":"Leonel Fern\u00e1ndez en contra del uso de la fuerza en Venezuela"}]},{"@type":"WebSite","@id":"https:\/\/sarmiento24h.com\/#website","url":"https:\/\/sarmiento24h.com\/","name":"Sarmiento24h","description":"","publisher":{"@id":"https:\/\/sarmiento24h.com\/#organization"},"potentialAction":[{"@type":"SearchAction","target":{"@type":"EntryPoint","urlTemplate":"https:\/\/sarmiento24h.com\/?s={search_term_string}"},"query-input":{"@type":"PropertyValueSpecification","valueRequired":true,"valueName":"search_term_string"}}],"inLanguage":"es"},{"@type":"Organization","@id":"https:\/\/sarmiento24h.com\/#organization","name":"Sarmiento24h","url":"https:\/\/sarmiento24h.com\/","logo":{"@type":"ImageObject","inLanguage":"es","@id":"https:\/\/sarmiento24h.com\/#\/schema\/logo\/image\/","url":"https:\/\/sarmiento24h.com\/wp-content\/uploads\/2025\/12\/AddText_12-16-10.30.52.jpg","contentUrl":"https:\/\/sarmiento24h.com\/wp-content\/uploads\/2025\/12\/AddText_12-16-10.30.52.jpg","width":1220,"height":324,"caption":"Sarmiento24h"},"image":{"@id":"https:\/\/sarmiento24h.com\/#\/schema\/logo\/image\/"},"sameAs":["https:\/\/facebook.com\/s24hnoticias","https:\/\/x.com\/sarmiento24h"]},{"@type":"Person","@id":"https:\/\/sarmiento24h.com\/#\/schema\/person\/d653a59725ad629a7e0429af7b939d4d","name":"sarmiento24h@gmail.com","image":{"@type":"ImageObject","inLanguage":"es","@id":"https:\/\/sarmiento24h.com\/wp-content\/litespeed\/avatar\/d02cbc4e23c747e6659cd45907173c8f.jpg?ver=1777157796","url":"https:\/\/sarmiento24h.com\/wp-content\/litespeed\/avatar\/d02cbc4e23c747e6659cd45907173c8f.jpg?ver=1777157796","contentUrl":"https:\/\/sarmiento24h.com\/wp-content\/litespeed\/avatar\/d02cbc4e23c747e6659cd45907173c8f.jpg?ver=1777157796","caption":"sarmiento24h@gmail.com"},"sameAs":["https:\/\/sarmiento24h.com"],"url":"https:\/\/sarmiento24h.com\/?author=1"}]}},"jetpack_publicize_connections":[],"jetpack_featured_media_url":"https:\/\/sarmiento24h.com\/wp-content\/uploads\/2026\/01\/leonel-fernandez-en-contra-del-uso-de-la-fuerza-en-venezuela.jpg","jetpack_sharing_enabled":true,"_links":{"self":[{"href":"https:\/\/sarmiento24h.com\/index.php?rest_route=\/wp\/v2\/posts\/6373","targetHints":{"allow":["GET"]}}],"collection":[{"href":"https:\/\/sarmiento24h.com\/index.php?rest_route=\/wp\/v2\/posts"}],"about":[{"href":"https:\/\/sarmiento24h.com\/index.php?rest_route=\/wp\/v2\/types\/post"}],"author":[{"embeddable":true,"href":"https:\/\/sarmiento24h.com\/index.php?rest_route=\/wp\/v2\/users\/1"}],"replies":[{"embeddable":true,"href":"https:\/\/sarmiento24h.com\/index.php?rest_route=%2Fwp%2Fv2%2Fcomments&post=6373"}],"version-history":[{"count":0,"href":"https:\/\/sarmiento24h.com\/index.php?rest_route=\/wp\/v2\/posts\/6373\/revisions"}],"wp:featuredmedia":[{"embeddable":true,"href":"https:\/\/sarmiento24h.com\/index.php?rest_route=\/wp\/v2\/media\/6374"}],"wp:attachment":[{"href":"https:\/\/sarmiento24h.com\/index.php?rest_route=%2Fwp%2Fv2%2Fmedia&parent=6373"}],"wp:term":[{"taxonomy":"category","embeddable":true,"href":"https:\/\/sarmiento24h.com\/index.php?rest_route=%2Fwp%2Fv2%2Fcategories&post=6373"},{"taxonomy":"post_tag","embeddable":true,"href":"https:\/\/sarmiento24h.com\/index.php?rest_route=%2Fwp%2Fv2%2Ftags&post=6373"}],"curies":[{"name":"wp","href":"https:\/\/api.w.org\/{rel}","templated":true}]}}