{"id":6387,"date":"2026-01-08T05:16:45","date_gmt":"2026-01-08T05:16:45","guid":{"rendered":"http:\/\/almomento.net\/?p=1090618"},"modified":"2026-01-08T05:16:45","modified_gmt":"2026-01-08T05:16:45","slug":"julieta-prissell-anuncia-nueva-exposicion-en-el-museo-abreu","status":"publish","type":"post","link":"https:\/\/sarmiento24h.com\/?p=6387","title":{"rendered":"Julieta Prissell anuncia nueva exposici\u00f3n en el Museo Abreu"},"content":{"rendered":"<p><!-- .entry-header --> <\/p>\n<div class=\"img_center\"> <a href=\"https:\/\/almomento.net\/wp-content\/uploads\/2026\/01\/photo-2025-01-22-15-51-18.png\" alt=\"Julieta Prissell anuncia nueva exposici\u00f3n en el Museo Abreu\" title=\"Julieta Prissell anuncia nueva exposici\u00f3n en el Museo Abreu\" data-toggle=\"lightbox\" class=\"thickbox\"><img decoding=\"async\" src=\"https:\/\/almomento.net\/wp-content\/uploads\/2026\/01\/photo-2025-01-22-15-51-18.png\" class=\"attachment-post-thumbnail size-post-thumbnail wp-post-image\" alt=\"imagen\" title=\"Julieta Prissell anuncia nueva exposici\u00f3n en el Museo Abreu\" data-toggle data-title=\"Julieta Prissell anuncia nueva exposici\u00f3n en el Museo Abreu\"><\/a> <\/div>\n<p>PUNTA CANA, Rep\u00fablica Dominicana, &nbsp;\u2014 La reconocida artista dominicana Julieta Prissell anuncia la inauguraci\u00f3n de su nueva exposici\u00f3n individual el 14 de febrero de 2026, a las 7:00 p. m., en el Sal\u00f3n Imperial del Museo Abreu. La muestra se presenta en un momento clave de su trayectoria, marcado por una consolidaci\u00f3n conceptual y una proyecci\u00f3n internacional sostenida.<\/p>\n<p>Tras el cierre de 2025, Prissell inicia el nuevo a\u00f1o profundizando una etapa de madurez creativa respaldada por una agenda art\u00edstica rigurosa, en la que confluyen exposiciones relevantes, reconocimientos institucionales y un di\u00e1logo contempor\u00e1neo entre artes visuales, identidad y cultura. Su pr\u00e1ctica se distingue por una investigaci\u00f3n constante del cuerpo, la memoria y la materia como territorios simb\u00f3licos.<\/p>\n<p>Durante el verano de 2025, la artista present\u00f3 Conexiones Afrocaribe\u00f1as en el Teatro Regional UCNE de San Francisco de Macor\u00eds, en el marco de los Magazines Awards 2025. Esta exposici\u00f3n reafirm\u00f3 un cuerpo de obra centrado en la memoria hist\u00f3rica, la herencia cultural y la relaci\u00f3n entre cuerpo, territorio y pertenencia, marcando el inicio de una circulaci\u00f3n internacional decisiva para su carrera.<\/p>\n<p>Posteriormente, su trabajo fue exhibido en Berl\u00edn, Alemania, uno de los principales epicentros del arte contempor\u00e1neo europeo, con la exposici\u00f3n Mi tributo al merengue, realizada bajo los auspicios de la Embajada Dominicana en Alemania y RIMYA. La muestra gener\u00f3 una respuesta significativa del p\u00fablico y la cr\u00edtica, activando una lectura contempor\u00e1nea del merengue como archivo vivo de identidad, ritmo y memoria colectiva.<\/p>\n<p>A inicios de diciembre de 2025, Julieta Prissell fue reconocida como figura internacional del arte dominicano durante la primera edici\u00f3n de ART GABANGI, celebrada en el Museo Abreu, donde present\u00f3 una selecci\u00f3n de obras recientes que evidencian la solidez conceptual y formal de su pr\u00e1ctica art\u00edstica.<\/p>\n<p>Al respecto, Oscar Abreu, director del Museo Abreu y fundador de ART GABANGI, se\u00f1al\u00f3:<\/p>\n<p>\u201cLa obra de Julieta Prissell representa una voz clara, coherente y profundamente contempor\u00e1nea dentro del arte dominicano. Su crecimiento internacional no es circunstancial; es el resultado de una investigaci\u00f3n honesta, una mirada cr\u00edtica sobre la identidad y una disciplina art\u00edstica que se sostiene en el tiempo.\u201d<\/p>\n<p>M\u00e1s recientemente, en la ciudad de Chicago, Prissell particip\u00f3 en un encuentro cultural realizado en el Club LV, donde se present\u00f3 el mocktail PRI-PRI como gesto simb\u00f3lico de identidad y celebraci\u00f3n. En ese contexto, la artista comparti\u00f3 escena con la reconocida cantante urbana La Insuperable, en una velada que articul\u00f3 m\u00fasica, artes visuales y discurso femenino contempor\u00e1neo. De manera espont\u00e1nea, Prissell entreg\u00f3 una de sus obras a la artista, propiciando un intercambio en torno a la fuerza femenina, la identidad y la expresi\u00f3n emocional.<\/p>\n<p>La respuesta del p\u00fablico confirm\u00f3 el valor de estas convergencias interdisciplinarias, fortaleciendo los v\u00ednculos de la comunidad art\u00edstica latina en Chicago y ampliando el alcance cultural de su propuesta.<\/p>\n<p>El trabajo de Julieta Prissell ha despertado un inter\u00e9s sostenido entre curadores, coleccionistas y p\u00fablicos especializados. Su obra se inscribe en procesos rigurosos de reflexi\u00f3n, coherencia pl\u00e1stica y construcci\u00f3n simb\u00f3lica, alejados de tendencias ef\u00edmeras.<\/p>\n<p>Con su exposici\u00f3n programada en el Museo Abreu para febrero de 2026, este a\u00f1o se perfila como una etapa de expansi\u00f3n estrat\u00e9gica, nuevas colaboraciones y una consolidaci\u00f3n definitiva dentro del circuito internacional del arte contempor\u00e1neo.<\/p>\n<p>of-am<\/p>\n<div class=\"heateor_sss_sharing_container heateor_sss_horizontal_sharing\" data-heateor-sss-href=\"https:\/\/almomento.net\/julieta-prissell-anuncia-nueva-exposicion-en-el-museo-abreu\/\" readability=\"7\">\n<p>Comp\u00e1rtelo en tus redes:<\/p>\n<\/div>\n<p> <!-- 468x60 --><br \/>\n<ins class=\"adsbygoogle\" data-ad-client=\"ca-pub-3511341636159665\" data-ad-slot=\"3538255450\"><\/ins> <!-- .entry-content --> <\/p>\n","protected":false},"excerpt":{"rendered":"<p>PUNTA CANA, Rep\u00fablica Dominicana, &nbsp;\u2014 La reconocida&#46;&#46;&#46;<\/p>\n","protected":false},"author":1,"featured_media":6388,"comment_status":"closed","ping_status":"closed","sticky":false,"template":"","format":"standard","meta":{"_jetpack_memberships_contains_paid_content":false,"footnotes":"","jetpack_publicize_message":"","jetpack_publicize_feature_enabled":true,"jetpack_social_post_already_shared":false,"jetpack_social_options":{"image_generator_settings":{"template":"highway","default_image_id":0,"font":"","enabled":false},"version":2}},"categories":[45],"tags":[],"class_list":["post-6387","post","type-post","status-publish","format-standard","has-post-thumbnail","hentry","category-variedades"],"yoast_head":"<!-- This site is optimized with the Yoast SEO plugin v27.3 - https:\/\/yoast.com\/product\/yoast-seo-wordpress\/ -->\n<title>Julieta Prissell anuncia nueva exposici\u00f3n en el Museo Abreu - Sarmiento24h<\/title>\n<meta name=\"robots\" content=\"index, follow, max-snippet:-1, max-image-preview:large, max-video-preview:-1\" \/>\n<link rel=\"canonical\" href=\"https:\/\/sarmiento24h.com\/?p=6387\" \/>\n<meta property=\"og:locale\" content=\"es_ES\" \/>\n<meta property=\"og:type\" content=\"article\" \/>\n<meta property=\"og:title\" content=\"Julieta Prissell anuncia nueva exposici\u00f3n en el Museo Abreu - Sarmiento24h\" \/>\n<meta property=\"og:description\" content=\"PUNTA CANA, Rep\u00fablica Dominicana, &nbsp;\u2014 La reconocida&#046;&#046;&#046;\" \/>\n<meta property=\"og:url\" content=\"https:\/\/sarmiento24h.com\/?p=6387\" \/>\n<meta property=\"og:site_name\" content=\"Sarmiento24h\" \/>\n<meta property=\"article:publisher\" content=\"https:\/\/facebook.com\/s24hnoticias\" \/>\n<meta property=\"article:published_time\" content=\"2026-01-08T05:16:45+00:00\" \/>\n<meta property=\"og:image\" content=\"https:\/\/sarmiento24h.com\/wp-content\/uploads\/2026\/01\/julieta-prissell-anuncia-nueva-exposicion-en-el-museo-abreu.png\" \/>\n\t<meta property=\"og:image:width\" content=\"1150\" \/>\n\t<meta property=\"og:image:height\" content=\"746\" \/>\n\t<meta property=\"og:image:type\" content=\"image\/png\" \/>\n<meta name=\"author\" content=\"sarmiento24h@gmail.com\" \/>\n<meta name=\"twitter:card\" content=\"summary_large_image\" \/>\n<meta name=\"twitter:creator\" content=\"@sarmiento24h\" \/>\n<meta name=\"twitter:site\" content=\"@sarmiento24h\" \/>\n<meta name=\"twitter:label1\" content=\"Escrito por\" \/>\n\t<meta name=\"twitter:data1\" content=\"sarmiento24h@gmail.com\" \/>\n\t<meta name=\"twitter:label2\" content=\"Tiempo de lectura\" \/>\n\t<meta name=\"twitter:data2\" content=\"3 minutos\" \/>\n<script type=\"application\/ld+json\" class=\"yoast-schema-graph\">{\"@context\":\"https:\\\/\\\/schema.org\",\"@graph\":[{\"@type\":\"Article\",\"@id\":\"https:\\\/\\\/sarmiento24h.com\\\/?p=6387#article\",\"isPartOf\":{\"@id\":\"https:\\\/\\\/sarmiento24h.com\\\/?p=6387\"},\"author\":{\"name\":\"sarmiento24h@gmail.com\",\"@id\":\"https:\\\/\\\/sarmiento24h.com\\\/#\\\/schema\\\/person\\\/d653a59725ad629a7e0429af7b939d4d\"},\"headline\":\"Julieta Prissell anuncia nueva exposici\u00f3n en el Museo Abreu\",\"datePublished\":\"2026-01-08T05:16:45+00:00\",\"mainEntityOfPage\":{\"@id\":\"https:\\\/\\\/sarmiento24h.com\\\/?p=6387\"},\"wordCount\":593,\"publisher\":{\"@id\":\"https:\\\/\\\/sarmiento24h.com\\\/#organization\"},\"image\":{\"@id\":\"https:\\\/\\\/sarmiento24h.com\\\/?p=6387#primaryimage\"},\"thumbnailUrl\":\"https:\\\/\\\/sarmiento24h.com\\\/wp-content\\\/uploads\\\/2026\\\/01\\\/julieta-prissell-anuncia-nueva-exposicion-en-el-museo-abreu.png\",\"articleSection\":[\"Variedades\"],\"inLanguage\":\"es\"},{\"@type\":\"WebPage\",\"@id\":\"https:\\\/\\\/sarmiento24h.com\\\/?p=6387\",\"url\":\"https:\\\/\\\/sarmiento24h.com\\\/?p=6387\",\"name\":\"Julieta Prissell anuncia nueva exposici\u00f3n en el Museo Abreu - Sarmiento24h\",\"isPartOf\":{\"@id\":\"https:\\\/\\\/sarmiento24h.com\\\/#website\"},\"primaryImageOfPage\":{\"@id\":\"https:\\\/\\\/sarmiento24h.com\\\/?p=6387#primaryimage\"},\"image\":{\"@id\":\"https:\\\/\\\/sarmiento24h.com\\\/?p=6387#primaryimage\"},\"thumbnailUrl\":\"https:\\\/\\\/sarmiento24h.com\\\/wp-content\\\/uploads\\\/2026\\\/01\\\/julieta-prissell-anuncia-nueva-exposicion-en-el-museo-abreu.png\",\"datePublished\":\"2026-01-08T05:16:45+00:00\",\"breadcrumb\":{\"@id\":\"https:\\\/\\\/sarmiento24h.com\\\/?p=6387#breadcrumb\"},\"inLanguage\":\"es\",\"potentialAction\":[{\"@type\":\"ReadAction\",\"target\":[\"https:\\\/\\\/sarmiento24h.com\\\/?p=6387\"]}]},{\"@type\":\"ImageObject\",\"inLanguage\":\"es\",\"@id\":\"https:\\\/\\\/sarmiento24h.com\\\/?p=6387#primaryimage\",\"url\":\"https:\\\/\\\/sarmiento24h.com\\\/wp-content\\\/uploads\\\/2026\\\/01\\\/julieta-prissell-anuncia-nueva-exposicion-en-el-museo-abreu.png\",\"contentUrl\":\"https:\\\/\\\/sarmiento24h.com\\\/wp-content\\\/uploads\\\/2026\\\/01\\\/julieta-prissell-anuncia-nueva-exposicion-en-el-museo-abreu.png\",\"width\":1150,\"height\":746},{\"@type\":\"BreadcrumbList\",\"@id\":\"https:\\\/\\\/sarmiento24h.com\\\/?p=6387#breadcrumb\",\"itemListElement\":[{\"@type\":\"ListItem\",\"position\":1,\"name\":\"Home\",\"item\":\"https:\\\/\\\/sarmiento24h.com\\\/\"},{\"@type\":\"ListItem\",\"position\":2,\"name\":\"Julieta Prissell anuncia nueva exposici\u00f3n en el Museo Abreu\"}]},{\"@type\":\"WebSite\",\"@id\":\"https:\\\/\\\/sarmiento24h.com\\\/#website\",\"url\":\"https:\\\/\\\/sarmiento24h.com\\\/\",\"name\":\"Sarmiento24h\",\"description\":\"\",\"publisher\":{\"@id\":\"https:\\\/\\\/sarmiento24h.com\\\/#organization\"},\"potentialAction\":[{\"@type\":\"SearchAction\",\"target\":{\"@type\":\"EntryPoint\",\"urlTemplate\":\"https:\\\/\\\/sarmiento24h.com\\\/?s={search_term_string}\"},\"query-input\":{\"@type\":\"PropertyValueSpecification\",\"valueRequired\":true,\"valueName\":\"search_term_string\"}}],\"inLanguage\":\"es\"},{\"@type\":\"Organization\",\"@id\":\"https:\\\/\\\/sarmiento24h.com\\\/#organization\",\"name\":\"Sarmiento24h\",\"url\":\"https:\\\/\\\/sarmiento24h.com\\\/\",\"logo\":{\"@type\":\"ImageObject\",\"inLanguage\":\"es\",\"@id\":\"https:\\\/\\\/sarmiento24h.com\\\/#\\\/schema\\\/logo\\\/image\\\/\",\"url\":\"https:\\\/\\\/sarmiento24h.com\\\/wp-content\\\/uploads\\\/2025\\\/12\\\/AddText_12-16-10.30.52.jpg\",\"contentUrl\":\"https:\\\/\\\/sarmiento24h.com\\\/wp-content\\\/uploads\\\/2025\\\/12\\\/AddText_12-16-10.30.52.jpg\",\"width\":1220,\"height\":324,\"caption\":\"Sarmiento24h\"},\"image\":{\"@id\":\"https:\\\/\\\/sarmiento24h.com\\\/#\\\/schema\\\/logo\\\/image\\\/\"},\"sameAs\":[\"https:\\\/\\\/facebook.com\\\/s24hnoticias\",\"https:\\\/\\\/x.com\\\/sarmiento24h\"]},{\"@type\":\"Person\",\"@id\":\"https:\\\/\\\/sarmiento24h.com\\\/#\\\/schema\\\/person\\\/d653a59725ad629a7e0429af7b939d4d\",\"name\":\"sarmiento24h@gmail.com\",\"image\":{\"@type\":\"ImageObject\",\"inLanguage\":\"es\",\"@id\":\"https:\\\/\\\/sarmiento24h.com\\\/wp-content\\\/litespeed\\\/avatar\\\/d02cbc4e23c747e6659cd45907173c8f.jpg?ver=1777157796\",\"url\":\"https:\\\/\\\/sarmiento24h.com\\\/wp-content\\\/litespeed\\\/avatar\\\/d02cbc4e23c747e6659cd45907173c8f.jpg?ver=1777157796\",\"contentUrl\":\"https:\\\/\\\/sarmiento24h.com\\\/wp-content\\\/litespeed\\\/avatar\\\/d02cbc4e23c747e6659cd45907173c8f.jpg?ver=1777157796\",\"caption\":\"sarmiento24h@gmail.com\"},\"sameAs\":[\"https:\\\/\\\/sarmiento24h.com\"],\"url\":\"https:\\\/\\\/sarmiento24h.com\\\/?author=1\"}]}<\/script>\n<!-- \/ Yoast SEO plugin. -->","yoast_head_json":{"title":"Julieta Prissell anuncia nueva exposici\u00f3n en el Museo Abreu - Sarmiento24h","robots":{"index":"index","follow":"follow","max-snippet":"max-snippet:-1","max-image-preview":"max-image-preview:large","max-video-preview":"max-video-preview:-1"},"canonical":"https:\/\/sarmiento24h.com\/?p=6387","og_locale":"es_ES","og_type":"article","og_title":"Julieta Prissell anuncia nueva exposici\u00f3n en el Museo Abreu - Sarmiento24h","og_description":"PUNTA CANA, Rep\u00fablica Dominicana, &nbsp;\u2014 La reconocida&#46;&#46;&#46;","og_url":"https:\/\/sarmiento24h.com\/?p=6387","og_site_name":"Sarmiento24h","article_publisher":"https:\/\/facebook.com\/s24hnoticias","article_published_time":"2026-01-08T05:16:45+00:00","og_image":[{"width":1150,"height":746,"url":"https:\/\/sarmiento24h.com\/wp-content\/uploads\/2026\/01\/julieta-prissell-anuncia-nueva-exposicion-en-el-museo-abreu.png","type":"image\/png"}],"author":"sarmiento24h@gmail.com","twitter_card":"summary_large_image","twitter_creator":"@sarmiento24h","twitter_site":"@sarmiento24h","twitter_misc":{"Escrito por":"sarmiento24h@gmail.com","Tiempo de lectura":"3 minutos"},"schema":{"@context":"https:\/\/schema.org","@graph":[{"@type":"Article","@id":"https:\/\/sarmiento24h.com\/?p=6387#article","isPartOf":{"@id":"https:\/\/sarmiento24h.com\/?p=6387"},"author":{"name":"sarmiento24h@gmail.com","@id":"https:\/\/sarmiento24h.com\/#\/schema\/person\/d653a59725ad629a7e0429af7b939d4d"},"headline":"Julieta Prissell anuncia nueva exposici\u00f3n en el Museo Abreu","datePublished":"2026-01-08T05:16:45+00:00","mainEntityOfPage":{"@id":"https:\/\/sarmiento24h.com\/?p=6387"},"wordCount":593,"publisher":{"@id":"https:\/\/sarmiento24h.com\/#organization"},"image":{"@id":"https:\/\/sarmiento24h.com\/?p=6387#primaryimage"},"thumbnailUrl":"https:\/\/sarmiento24h.com\/wp-content\/uploads\/2026\/01\/julieta-prissell-anuncia-nueva-exposicion-en-el-museo-abreu.png","articleSection":["Variedades"],"inLanguage":"es"},{"@type":"WebPage","@id":"https:\/\/sarmiento24h.com\/?p=6387","url":"https:\/\/sarmiento24h.com\/?p=6387","name":"Julieta Prissell anuncia nueva exposici\u00f3n en el Museo Abreu - Sarmiento24h","isPartOf":{"@id":"https:\/\/sarmiento24h.com\/#website"},"primaryImageOfPage":{"@id":"https:\/\/sarmiento24h.com\/?p=6387#primaryimage"},"image":{"@id":"https:\/\/sarmiento24h.com\/?p=6387#primaryimage"},"thumbnailUrl":"https:\/\/sarmiento24h.com\/wp-content\/uploads\/2026\/01\/julieta-prissell-anuncia-nueva-exposicion-en-el-museo-abreu.png","datePublished":"2026-01-08T05:16:45+00:00","breadcrumb":{"@id":"https:\/\/sarmiento24h.com\/?p=6387#breadcrumb"},"inLanguage":"es","potentialAction":[{"@type":"ReadAction","target":["https:\/\/sarmiento24h.com\/?p=6387"]}]},{"@type":"ImageObject","inLanguage":"es","@id":"https:\/\/sarmiento24h.com\/?p=6387#primaryimage","url":"https:\/\/sarmiento24h.com\/wp-content\/uploads\/2026\/01\/julieta-prissell-anuncia-nueva-exposicion-en-el-museo-abreu.png","contentUrl":"https:\/\/sarmiento24h.com\/wp-content\/uploads\/2026\/01\/julieta-prissell-anuncia-nueva-exposicion-en-el-museo-abreu.png","width":1150,"height":746},{"@type":"BreadcrumbList","@id":"https:\/\/sarmiento24h.com\/?p=6387#breadcrumb","itemListElement":[{"@type":"ListItem","position":1,"name":"Home","item":"https:\/\/sarmiento24h.com\/"},{"@type":"ListItem","position":2,"name":"Julieta Prissell anuncia nueva exposici\u00f3n en el Museo Abreu"}]},{"@type":"WebSite","@id":"https:\/\/sarmiento24h.com\/#website","url":"https:\/\/sarmiento24h.com\/","name":"Sarmiento24h","description":"","publisher":{"@id":"https:\/\/sarmiento24h.com\/#organization"},"potentialAction":[{"@type":"SearchAction","target":{"@type":"EntryPoint","urlTemplate":"https:\/\/sarmiento24h.com\/?s={search_term_string}"},"query-input":{"@type":"PropertyValueSpecification","valueRequired":true,"valueName":"search_term_string"}}],"inLanguage":"es"},{"@type":"Organization","@id":"https:\/\/sarmiento24h.com\/#organization","name":"Sarmiento24h","url":"https:\/\/sarmiento24h.com\/","logo":{"@type":"ImageObject","inLanguage":"es","@id":"https:\/\/sarmiento24h.com\/#\/schema\/logo\/image\/","url":"https:\/\/sarmiento24h.com\/wp-content\/uploads\/2025\/12\/AddText_12-16-10.30.52.jpg","contentUrl":"https:\/\/sarmiento24h.com\/wp-content\/uploads\/2025\/12\/AddText_12-16-10.30.52.jpg","width":1220,"height":324,"caption":"Sarmiento24h"},"image":{"@id":"https:\/\/sarmiento24h.com\/#\/schema\/logo\/image\/"},"sameAs":["https:\/\/facebook.com\/s24hnoticias","https:\/\/x.com\/sarmiento24h"]},{"@type":"Person","@id":"https:\/\/sarmiento24h.com\/#\/schema\/person\/d653a59725ad629a7e0429af7b939d4d","name":"sarmiento24h@gmail.com","image":{"@type":"ImageObject","inLanguage":"es","@id":"https:\/\/sarmiento24h.com\/wp-content\/litespeed\/avatar\/d02cbc4e23c747e6659cd45907173c8f.jpg?ver=1777157796","url":"https:\/\/sarmiento24h.com\/wp-content\/litespeed\/avatar\/d02cbc4e23c747e6659cd45907173c8f.jpg?ver=1777157796","contentUrl":"https:\/\/sarmiento24h.com\/wp-content\/litespeed\/avatar\/d02cbc4e23c747e6659cd45907173c8f.jpg?ver=1777157796","caption":"sarmiento24h@gmail.com"},"sameAs":["https:\/\/sarmiento24h.com"],"url":"https:\/\/sarmiento24h.com\/?author=1"}]}},"jetpack_publicize_connections":[],"jetpack_featured_media_url":"https:\/\/sarmiento24h.com\/wp-content\/uploads\/2026\/01\/julieta-prissell-anuncia-nueva-exposicion-en-el-museo-abreu.png","jetpack_sharing_enabled":true,"_links":{"self":[{"href":"https:\/\/sarmiento24h.com\/index.php?rest_route=\/wp\/v2\/posts\/6387","targetHints":{"allow":["GET"]}}],"collection":[{"href":"https:\/\/sarmiento24h.com\/index.php?rest_route=\/wp\/v2\/posts"}],"about":[{"href":"https:\/\/sarmiento24h.com\/index.php?rest_route=\/wp\/v2\/types\/post"}],"author":[{"embeddable":true,"href":"https:\/\/sarmiento24h.com\/index.php?rest_route=\/wp\/v2\/users\/1"}],"replies":[{"embeddable":true,"href":"https:\/\/sarmiento24h.com\/index.php?rest_route=%2Fwp%2Fv2%2Fcomments&post=6387"}],"version-history":[{"count":0,"href":"https:\/\/sarmiento24h.com\/index.php?rest_route=\/wp\/v2\/posts\/6387\/revisions"}],"wp:featuredmedia":[{"embeddable":true,"href":"https:\/\/sarmiento24h.com\/index.php?rest_route=\/wp\/v2\/media\/6388"}],"wp:attachment":[{"href":"https:\/\/sarmiento24h.com\/index.php?rest_route=%2Fwp%2Fv2%2Fmedia&parent=6387"}],"wp:term":[{"taxonomy":"category","embeddable":true,"href":"https:\/\/sarmiento24h.com\/index.php?rest_route=%2Fwp%2Fv2%2Fcategories&post=6387"},{"taxonomy":"post_tag","embeddable":true,"href":"https:\/\/sarmiento24h.com\/index.php?rest_route=%2Fwp%2Fv2%2Ftags&post=6387"}],"curies":[{"name":"wp","href":"https:\/\/api.w.org\/{rel}","templated":true}]}}