{"id":6389,"date":"2026-01-08T05:16:53","date_gmt":"2026-01-08T05:16:53","guid":{"rendered":"http:\/\/almomento.net\/?p=1090615"},"modified":"2026-01-08T05:16:53","modified_gmt":"2026-01-08T05:16:53","slug":"coro-arquidiocesano-santiago-celebro-sus-35-anos-fundacion","status":"publish","type":"post","link":"https:\/\/sarmiento24h.com\/?p=6389","title":{"rendered":"Coro Arquidiocesano Santiago celebr\u00f3 sus 35 a\u00f1os fundacion"},"content":{"rendered":"<p><!-- .entry-header --> <\/p>\n<div class=\"img_center\"> <a href=\"https:\/\/almomento.net\/wp-content\/uploads\/2026\/01\/coro.png\" alt=\"Coro Arquidiocesano Santiago celebr\u00f3 sus 35 a\u00f1os fundacion\" title=\"Coro Arquidiocesano Santiago celebr\u00f3 sus 35 a\u00f1os fundacion\" data-toggle=\"lightbox\" class=\"thickbox\"><img decoding=\"async\" src=\"https:\/\/almomento.net\/wp-content\/uploads\/2026\/01\/coro.png\" class=\"attachment-post-thumbnail size-post-thumbnail wp-post-image\" alt=\"imagen\" title=\"Coro Arquidiocesano Santiago celebr\u00f3 sus 35 a\u00f1os fundacion\" data-toggle data-title=\"Coro Arquidiocesano Santiago celebr\u00f3 sus 35 a\u00f1os fundacion\"><\/a><\/p>\n<p>Coro Santiago<\/p>\n<\/p><\/div>\n<p>SANTIAGO DE LOS CABALLEROS.- &nbsp;Con un viaje musical que recorri\u00f3 varios g\u00e9neros y con &nbsp;los temas que identifican su dilatado repertorio, el Coro Arquidiocesano de Santiago present\u00f3 &nbsp; su \u00abConcierto de Gala 35 Aniversario, en la Catedral Metropolitana Santiago Ap\u00f3stol, bajo la direcci\u00f3n del maestro Alejandro Delgado.<\/p>\n<p>Las palabras de acogida fueron pronunciadas por el arzobispo metropolitano, monse\u00f1or H\u00e9ctor Rafael Rodr\u00edguez, quien resalt\u00f3 el legado musical del coro y de su director:\u201d \u00e9sta &nbsp;noche no solo es un encuentro con la m\u00fasica , tambi\u00e9n es una experiencia de fe , de comuni\u00f3n y memoria agradecida \u201c.<\/p>\n<p>El recital en v\u00edspera de la Epifan\u00eda del Se\u00f1or , deleit\u00f3 a la concurrencia en el templo cat\u00f3lico, con una selecci\u00f3n de composiciones de autores dominicanos y extranjeros, donde sobresalieron los temas del visionario fundador de la agrupaci\u00f3n coral, el Hermano Alfredo Morales.<\/p>\n<p>En cada interpretaci\u00f3n del Coro Arquidiocesano de Santiago &nbsp;la realiz\u00f3 con las 50 voces que lo integran( y &nbsp;algunas canciones fueron a cargo de sus solistas) &nbsp;en g\u00e9neros como el merengue, bolero, salsa, joropo, jazz y otras fusiones que han marcado la l\u00ednea musical de la entidad coral, dependencia de la Arquidi\u00f3cesis de Santiago de los Caballeros.<\/p>\n<p>Temas como `En busca de una nueva flor`, &nbsp; `Tiempo nuevo\u00ab, Oraci\u00f3n del padre al hijo\u00ab, `Variaciones sobre Palo Bonito \u00ab , rindieron homenaje al Hermano Alfredo, un sacerdote espa\u00f1ol que aport\u00f3 a la m\u00fasica liturgia de la ciudad de Santiago y el pa\u00eds, de acuerdo a las ponderaciones del maestro Delgado al m\u00fasico y religioso.<\/p>\n<p>Otras composiciones que formaron parte de la puesta en escena, fueron \u00ab Siempre habr\u00e1\u00ab, \u00ab Promesas de paz \u00ab &nbsp;y \u00abCaminante \u00ab de la autor\u00eda de Alejandro Delgado, as\u00ed como `Feliciana \u00ab de la musa de Juan Luis Guerra, pero con una adaptaci\u00f3n al g\u00e9nero jazz, que fue del agrado de los presentes.<\/p>\n<p>La velada con el acompa\u00f1amiento musical de destacados m\u00fasicos, &nbsp;tambi\u00e9n incluy\u00f3 `Palo Quemao`del maetro Luis Rivera, \u00ab Quien no sabe de amor \u00ab de Manuel Jim\u00e9nez, `El padre Antonio &nbsp;y el Monaguillo Andr\u00e9s\u00ab &nbsp;de Rub\u00e9n Blades; &nbsp;`Alma llavera \u00ab`, un joropo venezolano , \u00ab Por Amor \u00ab de Rafael Solano &nbsp;y `Aleluya &nbsp;al Mes\u00edas \u00ab &nbsp; de Georg &nbsp;Friedrich Handel , &nbsp;el cual cerr\u00f3 el concierto con un p\u00fablico de pies, como sostiene la costumbre desde 1745, &nbsp;a\u00f1o &nbsp;que se estren\u00f3 el cl\u00e1sico navide\u00f1o. La ovaci\u00f3n se dej\u00f3 sentir por los presentes, en demostraci\u00f3n de valoraci\u00f3n de la velada.<\/p>\n<p>En el concierto estuvieron adem\u00e1s presentes , el obispo Auxiliar , monse\u00f1or Amauri Rosario; &nbsp;quien bendijo la celebraci\u00f3n; la gobernadora provincial Rosa Santos, as\u00ed como el vicario de la Catedral, padre Regino Alfonso Collado, quien agradeci\u00f3 a todos los integrantes &nbsp; y a su director por la labor de llevar el Evangelio a trav\u00e9s de la m\u00fasica en tres d\u00e9cadas y media.<\/p>\n<p>La coordinadora &nbsp;del Coro, Pamela Delgado, agradeci\u00f3 el apoyo de &nbsp;la Arquidi\u00f3cesis de Santiago, a &nbsp;las empresas patrocinadoras y a los medios de comunicaci\u00f3n.<\/p>\n<p>El `Concierto de Gala 35 Aniversario\u00ab conducido por Apolinar Ramos e Ivelisse P\u00e9rez, &nbsp;celebr\u00f3 la historia musical que inici\u00f3 en el 18 de febrero de 1990, destac\u00e1ndose como el primero en su g\u00e9nero \u2013 m\u00fasica lit\u00fargica- en la Rep\u00fablica Dominicana .<\/p>\n<p>En cada 6 de &nbsp;enero el Coro celebra la Epifan\u00eda del Se\u00f1or o Fiestas de los Santos Reyes, &nbsp;con su tradicional &nbsp;concierto y en \u00e8sta ocasi\u00f3n &nbsp;adquiri\u00f3 &nbsp;un car\u00e1cter especial &nbsp;por la celebraci\u00f3n del aniversario.<\/p>\n<p>of-am<\/p>\n<div class=\"heateor_sss_sharing_container heateor_sss_horizontal_sharing\" data-heateor-sss-href=\"https:\/\/almomento.net\/coro-arquidiocesano-santiago-celebro-sus-35-anos-fundacion\/\" readability=\"7\">\n<p>Comp\u00e1rtelo en tus redes:<\/p>\n<\/div>\n<p> <!-- 468x60 --><br \/>\n<ins class=\"adsbygoogle\" data-ad-client=\"ca-pub-3511341636159665\" data-ad-slot=\"3538255450\"><\/ins> <!-- .entry-content --> <\/p>\n","protected":false},"excerpt":{"rendered":"<p>Coro Santiago SANTIAGO DE LOS CABALLEROS.- &nbsp;Con&#46;&#46;&#46;<\/p>\n","protected":false},"author":1,"featured_media":6390,"comment_status":"closed","ping_status":"closed","sticky":false,"template":"","format":"standard","meta":{"_jetpack_memberships_contains_paid_content":false,"footnotes":"","jetpack_publicize_message":"","jetpack_publicize_feature_enabled":true,"jetpack_social_post_already_shared":false,"jetpack_social_options":{"image_generator_settings":{"template":"highway","default_image_id":0,"font":"","enabled":false},"version":2}},"categories":[45],"tags":[],"class_list":["post-6389","post","type-post","status-publish","format-standard","has-post-thumbnail","hentry","category-variedades"],"yoast_head":"<!-- This site is optimized with the Yoast SEO plugin v27.3 - https:\/\/yoast.com\/product\/yoast-seo-wordpress\/ -->\n<title>Coro Arquidiocesano Santiago celebr\u00f3 sus 35 a\u00f1os fundacion - Sarmiento24h<\/title>\n<meta name=\"robots\" content=\"index, follow, max-snippet:-1, max-image-preview:large, max-video-preview:-1\" \/>\n<link rel=\"canonical\" href=\"https:\/\/sarmiento24h.com\/?p=6389\" \/>\n<meta property=\"og:locale\" content=\"es_ES\" \/>\n<meta property=\"og:type\" content=\"article\" \/>\n<meta property=\"og:title\" content=\"Coro Arquidiocesano Santiago celebr\u00f3 sus 35 a\u00f1os fundacion - Sarmiento24h\" \/>\n<meta property=\"og:description\" content=\"Coro Santiago SANTIAGO DE LOS CABALLEROS.- &nbsp;Con&#046;&#046;&#046;\" \/>\n<meta property=\"og:url\" content=\"https:\/\/sarmiento24h.com\/?p=6389\" \/>\n<meta property=\"og:site_name\" content=\"Sarmiento24h\" \/>\n<meta property=\"article:publisher\" content=\"https:\/\/facebook.com\/s24hnoticias\" \/>\n<meta property=\"article:published_time\" content=\"2026-01-08T05:16:53+00:00\" \/>\n<meta property=\"og:image\" content=\"https:\/\/sarmiento24h.com\/wp-content\/uploads\/2026\/01\/coro-arquidiocesano-santiago-celebro-sus-35-anos-fundacion.png\" \/>\n\t<meta property=\"og:image:width\" content=\"462\" \/>\n\t<meta property=\"og:image:height\" content=\"345\" \/>\n\t<meta property=\"og:image:type\" content=\"image\/png\" \/>\n<meta name=\"author\" content=\"sarmiento24h@gmail.com\" \/>\n<meta name=\"twitter:card\" content=\"summary_large_image\" \/>\n<meta name=\"twitter:creator\" content=\"@sarmiento24h\" \/>\n<meta name=\"twitter:site\" content=\"@sarmiento24h\" \/>\n<meta name=\"twitter:label1\" content=\"Escrito por\" \/>\n\t<meta name=\"twitter:data1\" content=\"sarmiento24h@gmail.com\" \/>\n\t<meta name=\"twitter:label2\" content=\"Tiempo de lectura\" \/>\n\t<meta name=\"twitter:data2\" content=\"3 minutos\" \/>\n<script type=\"application\/ld+json\" class=\"yoast-schema-graph\">{\"@context\":\"https:\\\/\\\/schema.org\",\"@graph\":[{\"@type\":\"Article\",\"@id\":\"https:\\\/\\\/sarmiento24h.com\\\/?p=6389#article\",\"isPartOf\":{\"@id\":\"https:\\\/\\\/sarmiento24h.com\\\/?p=6389\"},\"author\":{\"name\":\"sarmiento24h@gmail.com\",\"@id\":\"https:\\\/\\\/sarmiento24h.com\\\/#\\\/schema\\\/person\\\/d653a59725ad629a7e0429af7b939d4d\"},\"headline\":\"Coro Arquidiocesano Santiago celebr\u00f3 sus 35 a\u00f1os fundacion\",\"datePublished\":\"2026-01-08T05:16:53+00:00\",\"mainEntityOfPage\":{\"@id\":\"https:\\\/\\\/sarmiento24h.com\\\/?p=6389\"},\"wordCount\":642,\"publisher\":{\"@id\":\"https:\\\/\\\/sarmiento24h.com\\\/#organization\"},\"image\":{\"@id\":\"https:\\\/\\\/sarmiento24h.com\\\/?p=6389#primaryimage\"},\"thumbnailUrl\":\"https:\\\/\\\/sarmiento24h.com\\\/wp-content\\\/uploads\\\/2026\\\/01\\\/coro-arquidiocesano-santiago-celebro-sus-35-anos-fundacion.png\",\"articleSection\":[\"Variedades\"],\"inLanguage\":\"es\"},{\"@type\":\"WebPage\",\"@id\":\"https:\\\/\\\/sarmiento24h.com\\\/?p=6389\",\"url\":\"https:\\\/\\\/sarmiento24h.com\\\/?p=6389\",\"name\":\"Coro Arquidiocesano Santiago celebr\u00f3 sus 35 a\u00f1os fundacion - Sarmiento24h\",\"isPartOf\":{\"@id\":\"https:\\\/\\\/sarmiento24h.com\\\/#website\"},\"primaryImageOfPage\":{\"@id\":\"https:\\\/\\\/sarmiento24h.com\\\/?p=6389#primaryimage\"},\"image\":{\"@id\":\"https:\\\/\\\/sarmiento24h.com\\\/?p=6389#primaryimage\"},\"thumbnailUrl\":\"https:\\\/\\\/sarmiento24h.com\\\/wp-content\\\/uploads\\\/2026\\\/01\\\/coro-arquidiocesano-santiago-celebro-sus-35-anos-fundacion.png\",\"datePublished\":\"2026-01-08T05:16:53+00:00\",\"breadcrumb\":{\"@id\":\"https:\\\/\\\/sarmiento24h.com\\\/?p=6389#breadcrumb\"},\"inLanguage\":\"es\",\"potentialAction\":[{\"@type\":\"ReadAction\",\"target\":[\"https:\\\/\\\/sarmiento24h.com\\\/?p=6389\"]}]},{\"@type\":\"ImageObject\",\"inLanguage\":\"es\",\"@id\":\"https:\\\/\\\/sarmiento24h.com\\\/?p=6389#primaryimage\",\"url\":\"https:\\\/\\\/sarmiento24h.com\\\/wp-content\\\/uploads\\\/2026\\\/01\\\/coro-arquidiocesano-santiago-celebro-sus-35-anos-fundacion.png\",\"contentUrl\":\"https:\\\/\\\/sarmiento24h.com\\\/wp-content\\\/uploads\\\/2026\\\/01\\\/coro-arquidiocesano-santiago-celebro-sus-35-anos-fundacion.png\",\"width\":462,\"height\":345},{\"@type\":\"BreadcrumbList\",\"@id\":\"https:\\\/\\\/sarmiento24h.com\\\/?p=6389#breadcrumb\",\"itemListElement\":[{\"@type\":\"ListItem\",\"position\":1,\"name\":\"Home\",\"item\":\"https:\\\/\\\/sarmiento24h.com\\\/\"},{\"@type\":\"ListItem\",\"position\":2,\"name\":\"Coro Arquidiocesano Santiago celebr\u00f3 sus 35 a\u00f1os fundacion\"}]},{\"@type\":\"WebSite\",\"@id\":\"https:\\\/\\\/sarmiento24h.com\\\/#website\",\"url\":\"https:\\\/\\\/sarmiento24h.com\\\/\",\"name\":\"Sarmiento24h\",\"description\":\"\",\"publisher\":{\"@id\":\"https:\\\/\\\/sarmiento24h.com\\\/#organization\"},\"potentialAction\":[{\"@type\":\"SearchAction\",\"target\":{\"@type\":\"EntryPoint\",\"urlTemplate\":\"https:\\\/\\\/sarmiento24h.com\\\/?s={search_term_string}\"},\"query-input\":{\"@type\":\"PropertyValueSpecification\",\"valueRequired\":true,\"valueName\":\"search_term_string\"}}],\"inLanguage\":\"es\"},{\"@type\":\"Organization\",\"@id\":\"https:\\\/\\\/sarmiento24h.com\\\/#organization\",\"name\":\"Sarmiento24h\",\"url\":\"https:\\\/\\\/sarmiento24h.com\\\/\",\"logo\":{\"@type\":\"ImageObject\",\"inLanguage\":\"es\",\"@id\":\"https:\\\/\\\/sarmiento24h.com\\\/#\\\/schema\\\/logo\\\/image\\\/\",\"url\":\"https:\\\/\\\/sarmiento24h.com\\\/wp-content\\\/uploads\\\/2025\\\/12\\\/AddText_12-16-10.30.52.jpg\",\"contentUrl\":\"https:\\\/\\\/sarmiento24h.com\\\/wp-content\\\/uploads\\\/2025\\\/12\\\/AddText_12-16-10.30.52.jpg\",\"width\":1220,\"height\":324,\"caption\":\"Sarmiento24h\"},\"image\":{\"@id\":\"https:\\\/\\\/sarmiento24h.com\\\/#\\\/schema\\\/logo\\\/image\\\/\"},\"sameAs\":[\"https:\\\/\\\/facebook.com\\\/s24hnoticias\",\"https:\\\/\\\/x.com\\\/sarmiento24h\"]},{\"@type\":\"Person\",\"@id\":\"https:\\\/\\\/sarmiento24h.com\\\/#\\\/schema\\\/person\\\/d653a59725ad629a7e0429af7b939d4d\",\"name\":\"sarmiento24h@gmail.com\",\"image\":{\"@type\":\"ImageObject\",\"inLanguage\":\"es\",\"@id\":\"https:\\\/\\\/sarmiento24h.com\\\/wp-content\\\/litespeed\\\/avatar\\\/d02cbc4e23c747e6659cd45907173c8f.jpg?ver=1777157796\",\"url\":\"https:\\\/\\\/sarmiento24h.com\\\/wp-content\\\/litespeed\\\/avatar\\\/d02cbc4e23c747e6659cd45907173c8f.jpg?ver=1777157796\",\"contentUrl\":\"https:\\\/\\\/sarmiento24h.com\\\/wp-content\\\/litespeed\\\/avatar\\\/d02cbc4e23c747e6659cd45907173c8f.jpg?ver=1777157796\",\"caption\":\"sarmiento24h@gmail.com\"},\"sameAs\":[\"https:\\\/\\\/sarmiento24h.com\"],\"url\":\"https:\\\/\\\/sarmiento24h.com\\\/?author=1\"}]}<\/script>\n<!-- \/ Yoast SEO plugin. -->","yoast_head_json":{"title":"Coro Arquidiocesano Santiago celebr\u00f3 sus 35 a\u00f1os fundacion - Sarmiento24h","robots":{"index":"index","follow":"follow","max-snippet":"max-snippet:-1","max-image-preview":"max-image-preview:large","max-video-preview":"max-video-preview:-1"},"canonical":"https:\/\/sarmiento24h.com\/?p=6389","og_locale":"es_ES","og_type":"article","og_title":"Coro Arquidiocesano Santiago celebr\u00f3 sus 35 a\u00f1os fundacion - Sarmiento24h","og_description":"Coro Santiago SANTIAGO DE LOS CABALLEROS.- &nbsp;Con&#46;&#46;&#46;","og_url":"https:\/\/sarmiento24h.com\/?p=6389","og_site_name":"Sarmiento24h","article_publisher":"https:\/\/facebook.com\/s24hnoticias","article_published_time":"2026-01-08T05:16:53+00:00","og_image":[{"width":462,"height":345,"url":"https:\/\/sarmiento24h.com\/wp-content\/uploads\/2026\/01\/coro-arquidiocesano-santiago-celebro-sus-35-anos-fundacion.png","type":"image\/png"}],"author":"sarmiento24h@gmail.com","twitter_card":"summary_large_image","twitter_creator":"@sarmiento24h","twitter_site":"@sarmiento24h","twitter_misc":{"Escrito por":"sarmiento24h@gmail.com","Tiempo de lectura":"3 minutos"},"schema":{"@context":"https:\/\/schema.org","@graph":[{"@type":"Article","@id":"https:\/\/sarmiento24h.com\/?p=6389#article","isPartOf":{"@id":"https:\/\/sarmiento24h.com\/?p=6389"},"author":{"name":"sarmiento24h@gmail.com","@id":"https:\/\/sarmiento24h.com\/#\/schema\/person\/d653a59725ad629a7e0429af7b939d4d"},"headline":"Coro Arquidiocesano Santiago celebr\u00f3 sus 35 a\u00f1os fundacion","datePublished":"2026-01-08T05:16:53+00:00","mainEntityOfPage":{"@id":"https:\/\/sarmiento24h.com\/?p=6389"},"wordCount":642,"publisher":{"@id":"https:\/\/sarmiento24h.com\/#organization"},"image":{"@id":"https:\/\/sarmiento24h.com\/?p=6389#primaryimage"},"thumbnailUrl":"https:\/\/sarmiento24h.com\/wp-content\/uploads\/2026\/01\/coro-arquidiocesano-santiago-celebro-sus-35-anos-fundacion.png","articleSection":["Variedades"],"inLanguage":"es"},{"@type":"WebPage","@id":"https:\/\/sarmiento24h.com\/?p=6389","url":"https:\/\/sarmiento24h.com\/?p=6389","name":"Coro Arquidiocesano Santiago celebr\u00f3 sus 35 a\u00f1os fundacion - Sarmiento24h","isPartOf":{"@id":"https:\/\/sarmiento24h.com\/#website"},"primaryImageOfPage":{"@id":"https:\/\/sarmiento24h.com\/?p=6389#primaryimage"},"image":{"@id":"https:\/\/sarmiento24h.com\/?p=6389#primaryimage"},"thumbnailUrl":"https:\/\/sarmiento24h.com\/wp-content\/uploads\/2026\/01\/coro-arquidiocesano-santiago-celebro-sus-35-anos-fundacion.png","datePublished":"2026-01-08T05:16:53+00:00","breadcrumb":{"@id":"https:\/\/sarmiento24h.com\/?p=6389#breadcrumb"},"inLanguage":"es","potentialAction":[{"@type":"ReadAction","target":["https:\/\/sarmiento24h.com\/?p=6389"]}]},{"@type":"ImageObject","inLanguage":"es","@id":"https:\/\/sarmiento24h.com\/?p=6389#primaryimage","url":"https:\/\/sarmiento24h.com\/wp-content\/uploads\/2026\/01\/coro-arquidiocesano-santiago-celebro-sus-35-anos-fundacion.png","contentUrl":"https:\/\/sarmiento24h.com\/wp-content\/uploads\/2026\/01\/coro-arquidiocesano-santiago-celebro-sus-35-anos-fundacion.png","width":462,"height":345},{"@type":"BreadcrumbList","@id":"https:\/\/sarmiento24h.com\/?p=6389#breadcrumb","itemListElement":[{"@type":"ListItem","position":1,"name":"Home","item":"https:\/\/sarmiento24h.com\/"},{"@type":"ListItem","position":2,"name":"Coro Arquidiocesano Santiago celebr\u00f3 sus 35 a\u00f1os fundacion"}]},{"@type":"WebSite","@id":"https:\/\/sarmiento24h.com\/#website","url":"https:\/\/sarmiento24h.com\/","name":"Sarmiento24h","description":"","publisher":{"@id":"https:\/\/sarmiento24h.com\/#organization"},"potentialAction":[{"@type":"SearchAction","target":{"@type":"EntryPoint","urlTemplate":"https:\/\/sarmiento24h.com\/?s={search_term_string}"},"query-input":{"@type":"PropertyValueSpecification","valueRequired":true,"valueName":"search_term_string"}}],"inLanguage":"es"},{"@type":"Organization","@id":"https:\/\/sarmiento24h.com\/#organization","name":"Sarmiento24h","url":"https:\/\/sarmiento24h.com\/","logo":{"@type":"ImageObject","inLanguage":"es","@id":"https:\/\/sarmiento24h.com\/#\/schema\/logo\/image\/","url":"https:\/\/sarmiento24h.com\/wp-content\/uploads\/2025\/12\/AddText_12-16-10.30.52.jpg","contentUrl":"https:\/\/sarmiento24h.com\/wp-content\/uploads\/2025\/12\/AddText_12-16-10.30.52.jpg","width":1220,"height":324,"caption":"Sarmiento24h"},"image":{"@id":"https:\/\/sarmiento24h.com\/#\/schema\/logo\/image\/"},"sameAs":["https:\/\/facebook.com\/s24hnoticias","https:\/\/x.com\/sarmiento24h"]},{"@type":"Person","@id":"https:\/\/sarmiento24h.com\/#\/schema\/person\/d653a59725ad629a7e0429af7b939d4d","name":"sarmiento24h@gmail.com","image":{"@type":"ImageObject","inLanguage":"es","@id":"https:\/\/sarmiento24h.com\/wp-content\/litespeed\/avatar\/d02cbc4e23c747e6659cd45907173c8f.jpg?ver=1777157796","url":"https:\/\/sarmiento24h.com\/wp-content\/litespeed\/avatar\/d02cbc4e23c747e6659cd45907173c8f.jpg?ver=1777157796","contentUrl":"https:\/\/sarmiento24h.com\/wp-content\/litespeed\/avatar\/d02cbc4e23c747e6659cd45907173c8f.jpg?ver=1777157796","caption":"sarmiento24h@gmail.com"},"sameAs":["https:\/\/sarmiento24h.com"],"url":"https:\/\/sarmiento24h.com\/?author=1"}]}},"jetpack_publicize_connections":[],"jetpack_featured_media_url":"https:\/\/sarmiento24h.com\/wp-content\/uploads\/2026\/01\/coro-arquidiocesano-santiago-celebro-sus-35-anos-fundacion.png","jetpack_sharing_enabled":true,"_links":{"self":[{"href":"https:\/\/sarmiento24h.com\/index.php?rest_route=\/wp\/v2\/posts\/6389","targetHints":{"allow":["GET"]}}],"collection":[{"href":"https:\/\/sarmiento24h.com\/index.php?rest_route=\/wp\/v2\/posts"}],"about":[{"href":"https:\/\/sarmiento24h.com\/index.php?rest_route=\/wp\/v2\/types\/post"}],"author":[{"embeddable":true,"href":"https:\/\/sarmiento24h.com\/index.php?rest_route=\/wp\/v2\/users\/1"}],"replies":[{"embeddable":true,"href":"https:\/\/sarmiento24h.com\/index.php?rest_route=%2Fwp%2Fv2%2Fcomments&post=6389"}],"version-history":[{"count":0,"href":"https:\/\/sarmiento24h.com\/index.php?rest_route=\/wp\/v2\/posts\/6389\/revisions"}],"wp:featuredmedia":[{"embeddable":true,"href":"https:\/\/sarmiento24h.com\/index.php?rest_route=\/wp\/v2\/media\/6390"}],"wp:attachment":[{"href":"https:\/\/sarmiento24h.com\/index.php?rest_route=%2Fwp%2Fv2%2Fmedia&parent=6389"}],"wp:term":[{"taxonomy":"category","embeddable":true,"href":"https:\/\/sarmiento24h.com\/index.php?rest_route=%2Fwp%2Fv2%2Fcategories&post=6389"},{"taxonomy":"post_tag","embeddable":true,"href":"https:\/\/sarmiento24h.com\/index.php?rest_route=%2Fwp%2Fv2%2Ftags&post=6389"}],"curies":[{"name":"wp","href":"https:\/\/api.w.org\/{rel}","templated":true}]}}