{"id":6524,"date":"2026-01-09T10:56:15","date_gmt":"2026-01-09T10:56:15","guid":{"rendered":"http:\/\/almomento.net\/?p=1090884"},"modified":"2026-01-09T10:56:15","modified_gmt":"2026-01-09T10:56:15","slug":"izquierdistas-acusan-abinader-de-ser-parte-de-acciones-de-eeuu","status":"publish","type":"post","link":"https:\/\/sarmiento24h.com\/?p=6524","title":{"rendered":"Izquierdistas acusan Abinader de ser parte de acciones de EEUU"},"content":{"rendered":"<p><!-- .entry-header --> <\/p>\n<div class=\"img_center\" readability=\"8\"> <a href=\"https:\/\/almomento.net\/wp-content\/uploads\/2026\/01\/Miembros-de-la-Coordinadora-Popular-Nacional-CPN-reunidos-en-Santo-Domingo.jpg\" alt=\"Izquierdistas acusan Abinader de ser parte de acciones de EEUU\" title=\"Izquierdistas acusan Abinader de ser parte de acciones de EEUU\" data-toggle=\"lightbox\" class=\"thickbox\"><img decoding=\"async\" src=\"https:\/\/almomento.net\/wp-content\/uploads\/2026\/01\/Miembros-de-la-Coordinadora-Popular-Nacional-CPN-reunidos-en-Santo-Domingo.jpg\" class=\"attachment-post-thumbnail size-post-thumbnail wp-post-image\" alt=\"imagen\" title=\"Izquierdistas acusan Abinader de ser parte de acciones de EEUU\" data-toggle data-title=\"Izquierdistas acusan Abinader de ser parte de acciones de EEUU\"><\/a><\/p>\n<p>Miembros de la Coordinadora Popular Nacional (CPN), reunidos en Santo Domingo<\/p>\n<\/p><\/div>\n<p>Santo Domingo, 8 ene (EFE).- Militantes de partidos izquierdistas dominicanos acusaron este jueves al presidente del pa\u00eds, Luis Abinader, de ser parte de las acciones tomadas por Estados Unidos contra Venezuela, ya que ha concedido \u00e1reas de dos aeropuertos para operaciones militares estadounidenses.<\/p>\n<p>Adem\u00e1s, exigieron la \u00abliberaci\u00f3n inmediata\u00bb del presidente venezolano, Nicol\u00e1s Maduro, y de su esposa, Cilia Flores, capturados por fuerzas de Estados Unidos la madrugada del s\u00e1bado en Caracas.<\/p>\n<p>Agrupados por la <strong>Coordinadora Popular Nacional (CPN)<\/strong> los militantes lanzaron consignas contra el Gobierno estadounidense y Abinader, justo frente a la estatua del excoronel Francisco Caama\u00f1o, quien lider\u00f3 las fuerzas dominicanas que combatieron a las de Estados Unidos durante la intervenci\u00f3n de este \u00faltimo pa\u00eds en 1965.<\/p>\n<p>La Coordinadora record\u00f3, en un documento, que Abinader anunci\u00f3 recientemente un acuerdo que facilita el uso de bases militares y aeroportuarias dominicanas por parte de Estados Unidos, mientras el propio presidente estadounidense, Donald Trump, ha declarado que su ej\u00e9rcito ha utilizado m\u00e1s de 150 aeronaves desde al menos 20 bases para atacar a Venezuela, \u00abreconociendo sin pudor\u00bb que se trata de una guerra por el petr\u00f3leo.<\/p>\n<p>La agrupaci\u00f3n pol\u00edtica afirm\u00f3, en un documento, que cuando Abinader afirma que su gobierno \u00abno reconoce\u00bb al presidente Maduro, debe explicar al pa\u00eds si respalda entonces las declaraciones de Trump y de su secretario de Estado, Marcos Rubio, quienes han afirmado que EE.UU. ser\u00e1 quien \u00abdirija\u00bb a Venezuela.<\/p>\n<p>La entidad popular demand\u00f3 el rompimiento inmediato del acuerdo militar con Estados Unidos, advirtiendo que hoy el ataque es contra Venezuela, pero ma\u00f1ana podr\u00eda ser contra Cuba, Colombia, M\u00e9xico o cualquier otro pa\u00eds de la regi\u00f3n, tal como lo ha dicho el propio Trump, y como ya ocurri\u00f3 en la Rep\u00fablica Dominicana en abril de 1965.<\/p>\n<p><strong>IMPULSAR\u00c1 MOVILIZACIONES<\/strong><\/p>\n<p>La Coordinadora Popular Nacional (CPN) anunci\u00f3 que impulsar\u00e1 movilizaciones en la capital, la provincia de Santo Domingo y en pueblos del interior, para \u00abobligar\u00bb al presidente Abinader a rendir cuentas, defender la soberan\u00eda nacional y exigir la liberaci\u00f3n inmediata de Maduro y su esposa.<\/p>\n<p>Abinader anunci\u00f3 a finales de noviembre, en presencia del secretario de Guerra estadounidense, Pete Hegset, que su pa\u00eds acord\u00f3 conceder \u00abprovisionalmente\u00bb espacios en los aeropuertos de Las Am\u00e9ricas -el principal del pa\u00eds- y el militar de San Isidro, para que Estados Unidos apalanque su lucha contra el narcotr\u00e1fico en Latinoam\u00e9rica y el Caribe.EFE<\/p>\n<p>rsl\/<\/p>\n<div class=\"heateor_sss_sharing_container heateor_sss_horizontal_sharing\" data-heateor-sss-href=\"https:\/\/almomento.net\/izquierdistas-acusan-abinader-de-ser-parte-de-acciones-de-eeuu\/\" readability=\"7\">\n<p>Comp\u00e1rtelo en tus redes:<\/p>\n<\/div>\n<p> <!-- 468x60 --><br \/>\n<ins class=\"adsbygoogle\" data-ad-client=\"ca-pub-3511341636159665\" data-ad-slot=\"3538255450\"><\/ins> <!-- .entry-content --> <\/p>\n","protected":false},"excerpt":{"rendered":"<p>Miembros de la Coordinadora Popular Nacional (CPN),&#46;&#46;&#46;<\/p>\n","protected":false},"author":1,"featured_media":6525,"comment_status":"closed","ping_status":"closed","sticky":false,"template":"","format":"standard","meta":{"_jetpack_memberships_contains_paid_content":false,"footnotes":"","jetpack_publicize_message":"","jetpack_publicize_feature_enabled":true,"jetpack_social_post_already_shared":false,"jetpack_social_options":{"image_generator_settings":{"template":"highway","default_image_id":0,"font":"","enabled":false},"version":2}},"categories":[69],"tags":[],"class_list":["post-6524","post","type-post","status-publish","format-standard","has-post-thumbnail","hentry","category-portada"],"yoast_head":"<!-- This site is optimized with the Yoast SEO plugin v27.3 - https:\/\/yoast.com\/product\/yoast-seo-wordpress\/ -->\n<title>Izquierdistas acusan Abinader de ser parte de acciones de EEUU - Sarmiento24h<\/title>\n<meta name=\"robots\" content=\"index, follow, max-snippet:-1, max-image-preview:large, max-video-preview:-1\" \/>\n<link rel=\"canonical\" href=\"https:\/\/sarmiento24h.com\/?p=6524\" \/>\n<meta property=\"og:locale\" content=\"es_ES\" \/>\n<meta property=\"og:type\" content=\"article\" \/>\n<meta property=\"og:title\" content=\"Izquierdistas acusan Abinader de ser parte de acciones de EEUU - Sarmiento24h\" \/>\n<meta property=\"og:description\" content=\"Miembros de la Coordinadora Popular Nacional (CPN),&#046;&#046;&#046;\" \/>\n<meta property=\"og:url\" content=\"https:\/\/sarmiento24h.com\/?p=6524\" \/>\n<meta property=\"og:site_name\" content=\"Sarmiento24h\" \/>\n<meta property=\"article:publisher\" content=\"https:\/\/facebook.com\/s24hnoticias\" \/>\n<meta property=\"article:published_time\" content=\"2026-01-09T10:56:15+00:00\" \/>\n<meta property=\"og:image\" content=\"https:\/\/sarmiento24h.com\/wp-content\/uploads\/2026\/01\/izquierdistas-acusan-abinader-de-ser-parte-de-acciones-de-eeuu.jpg\" \/>\n\t<meta property=\"og:image:width\" content=\"780\" \/>\n\t<meta property=\"og:image:height\" content=\"470\" \/>\n\t<meta property=\"og:image:type\" content=\"image\/jpeg\" \/>\n<meta name=\"author\" content=\"sarmiento24h@gmail.com\" \/>\n<meta name=\"twitter:card\" content=\"summary_large_image\" \/>\n<meta name=\"twitter:creator\" content=\"@sarmiento24h\" \/>\n<meta name=\"twitter:site\" content=\"@sarmiento24h\" \/>\n<meta name=\"twitter:label1\" content=\"Escrito por\" \/>\n\t<meta name=\"twitter:data1\" content=\"sarmiento24h@gmail.com\" \/>\n\t<meta name=\"twitter:label2\" content=\"Tiempo de lectura\" \/>\n\t<meta name=\"twitter:data2\" content=\"2 minutos\" \/>\n<script type=\"application\/ld+json\" class=\"yoast-schema-graph\">{\"@context\":\"https:\\\/\\\/schema.org\",\"@graph\":[{\"@type\":\"Article\",\"@id\":\"https:\\\/\\\/sarmiento24h.com\\\/?p=6524#article\",\"isPartOf\":{\"@id\":\"https:\\\/\\\/sarmiento24h.com\\\/?p=6524\"},\"author\":{\"name\":\"sarmiento24h@gmail.com\",\"@id\":\"https:\\\/\\\/sarmiento24h.com\\\/#\\\/schema\\\/person\\\/d653a59725ad629a7e0429af7b939d4d\"},\"headline\":\"Izquierdistas acusan Abinader de ser parte de acciones de EEUU\",\"datePublished\":\"2026-01-09T10:56:15+00:00\",\"mainEntityOfPage\":{\"@id\":\"https:\\\/\\\/sarmiento24h.com\\\/?p=6524\"},\"wordCount\":439,\"publisher\":{\"@id\":\"https:\\\/\\\/sarmiento24h.com\\\/#organization\"},\"image\":{\"@id\":\"https:\\\/\\\/sarmiento24h.com\\\/?p=6524#primaryimage\"},\"thumbnailUrl\":\"https:\\\/\\\/sarmiento24h.com\\\/wp-content\\\/uploads\\\/2026\\\/01\\\/izquierdistas-acusan-abinader-de-ser-parte-de-acciones-de-eeuu.jpg\",\"articleSection\":[\"Portada\"],\"inLanguage\":\"es\"},{\"@type\":\"WebPage\",\"@id\":\"https:\\\/\\\/sarmiento24h.com\\\/?p=6524\",\"url\":\"https:\\\/\\\/sarmiento24h.com\\\/?p=6524\",\"name\":\"Izquierdistas acusan Abinader de ser parte de acciones de EEUU - Sarmiento24h\",\"isPartOf\":{\"@id\":\"https:\\\/\\\/sarmiento24h.com\\\/#website\"},\"primaryImageOfPage\":{\"@id\":\"https:\\\/\\\/sarmiento24h.com\\\/?p=6524#primaryimage\"},\"image\":{\"@id\":\"https:\\\/\\\/sarmiento24h.com\\\/?p=6524#primaryimage\"},\"thumbnailUrl\":\"https:\\\/\\\/sarmiento24h.com\\\/wp-content\\\/uploads\\\/2026\\\/01\\\/izquierdistas-acusan-abinader-de-ser-parte-de-acciones-de-eeuu.jpg\",\"datePublished\":\"2026-01-09T10:56:15+00:00\",\"breadcrumb\":{\"@id\":\"https:\\\/\\\/sarmiento24h.com\\\/?p=6524#breadcrumb\"},\"inLanguage\":\"es\",\"potentialAction\":[{\"@type\":\"ReadAction\",\"target\":[\"https:\\\/\\\/sarmiento24h.com\\\/?p=6524\"]}]},{\"@type\":\"ImageObject\",\"inLanguage\":\"es\",\"@id\":\"https:\\\/\\\/sarmiento24h.com\\\/?p=6524#primaryimage\",\"url\":\"https:\\\/\\\/sarmiento24h.com\\\/wp-content\\\/uploads\\\/2026\\\/01\\\/izquierdistas-acusan-abinader-de-ser-parte-de-acciones-de-eeuu.jpg\",\"contentUrl\":\"https:\\\/\\\/sarmiento24h.com\\\/wp-content\\\/uploads\\\/2026\\\/01\\\/izquierdistas-acusan-abinader-de-ser-parte-de-acciones-de-eeuu.jpg\",\"width\":780,\"height\":470},{\"@type\":\"BreadcrumbList\",\"@id\":\"https:\\\/\\\/sarmiento24h.com\\\/?p=6524#breadcrumb\",\"itemListElement\":[{\"@type\":\"ListItem\",\"position\":1,\"name\":\"Home\",\"item\":\"https:\\\/\\\/sarmiento24h.com\\\/\"},{\"@type\":\"ListItem\",\"position\":2,\"name\":\"Izquierdistas acusan Abinader de ser parte de acciones de EEUU\"}]},{\"@type\":\"WebSite\",\"@id\":\"https:\\\/\\\/sarmiento24h.com\\\/#website\",\"url\":\"https:\\\/\\\/sarmiento24h.com\\\/\",\"name\":\"Sarmiento24h\",\"description\":\"\",\"publisher\":{\"@id\":\"https:\\\/\\\/sarmiento24h.com\\\/#organization\"},\"potentialAction\":[{\"@type\":\"SearchAction\",\"target\":{\"@type\":\"EntryPoint\",\"urlTemplate\":\"https:\\\/\\\/sarmiento24h.com\\\/?s={search_term_string}\"},\"query-input\":{\"@type\":\"PropertyValueSpecification\",\"valueRequired\":true,\"valueName\":\"search_term_string\"}}],\"inLanguage\":\"es\"},{\"@type\":\"Organization\",\"@id\":\"https:\\\/\\\/sarmiento24h.com\\\/#organization\",\"name\":\"Sarmiento24h\",\"url\":\"https:\\\/\\\/sarmiento24h.com\\\/\",\"logo\":{\"@type\":\"ImageObject\",\"inLanguage\":\"es\",\"@id\":\"https:\\\/\\\/sarmiento24h.com\\\/#\\\/schema\\\/logo\\\/image\\\/\",\"url\":\"https:\\\/\\\/sarmiento24h.com\\\/wp-content\\\/uploads\\\/2025\\\/12\\\/AddText_12-16-10.30.52.jpg\",\"contentUrl\":\"https:\\\/\\\/sarmiento24h.com\\\/wp-content\\\/uploads\\\/2025\\\/12\\\/AddText_12-16-10.30.52.jpg\",\"width\":1220,\"height\":324,\"caption\":\"Sarmiento24h\"},\"image\":{\"@id\":\"https:\\\/\\\/sarmiento24h.com\\\/#\\\/schema\\\/logo\\\/image\\\/\"},\"sameAs\":[\"https:\\\/\\\/facebook.com\\\/s24hnoticias\",\"https:\\\/\\\/x.com\\\/sarmiento24h\"]},{\"@type\":\"Person\",\"@id\":\"https:\\\/\\\/sarmiento24h.com\\\/#\\\/schema\\\/person\\\/d653a59725ad629a7e0429af7b939d4d\",\"name\":\"sarmiento24h@gmail.com\",\"image\":{\"@type\":\"ImageObject\",\"inLanguage\":\"es\",\"@id\":\"https:\\\/\\\/sarmiento24h.com\\\/wp-content\\\/litespeed\\\/avatar\\\/d02cbc4e23c747e6659cd45907173c8f.jpg?ver=1776552964\",\"url\":\"https:\\\/\\\/sarmiento24h.com\\\/wp-content\\\/litespeed\\\/avatar\\\/d02cbc4e23c747e6659cd45907173c8f.jpg?ver=1776552964\",\"contentUrl\":\"https:\\\/\\\/sarmiento24h.com\\\/wp-content\\\/litespeed\\\/avatar\\\/d02cbc4e23c747e6659cd45907173c8f.jpg?ver=1776552964\",\"caption\":\"sarmiento24h@gmail.com\"},\"sameAs\":[\"https:\\\/\\\/sarmiento24h.com\"],\"url\":\"https:\\\/\\\/sarmiento24h.com\\\/?author=1\"}]}<\/script>\n<!-- \/ Yoast SEO plugin. -->","yoast_head_json":{"title":"Izquierdistas acusan Abinader de ser parte de acciones de EEUU - Sarmiento24h","robots":{"index":"index","follow":"follow","max-snippet":"max-snippet:-1","max-image-preview":"max-image-preview:large","max-video-preview":"max-video-preview:-1"},"canonical":"https:\/\/sarmiento24h.com\/?p=6524","og_locale":"es_ES","og_type":"article","og_title":"Izquierdistas acusan Abinader de ser parte de acciones de EEUU - Sarmiento24h","og_description":"Miembros de la Coordinadora Popular Nacional (CPN),&#46;&#46;&#46;","og_url":"https:\/\/sarmiento24h.com\/?p=6524","og_site_name":"Sarmiento24h","article_publisher":"https:\/\/facebook.com\/s24hnoticias","article_published_time":"2026-01-09T10:56:15+00:00","og_image":[{"width":780,"height":470,"url":"https:\/\/sarmiento24h.com\/wp-content\/uploads\/2026\/01\/izquierdistas-acusan-abinader-de-ser-parte-de-acciones-de-eeuu.jpg","type":"image\/jpeg"}],"author":"sarmiento24h@gmail.com","twitter_card":"summary_large_image","twitter_creator":"@sarmiento24h","twitter_site":"@sarmiento24h","twitter_misc":{"Escrito por":"sarmiento24h@gmail.com","Tiempo de lectura":"2 minutos"},"schema":{"@context":"https:\/\/schema.org","@graph":[{"@type":"Article","@id":"https:\/\/sarmiento24h.com\/?p=6524#article","isPartOf":{"@id":"https:\/\/sarmiento24h.com\/?p=6524"},"author":{"name":"sarmiento24h@gmail.com","@id":"https:\/\/sarmiento24h.com\/#\/schema\/person\/d653a59725ad629a7e0429af7b939d4d"},"headline":"Izquierdistas acusan Abinader de ser parte de acciones de EEUU","datePublished":"2026-01-09T10:56:15+00:00","mainEntityOfPage":{"@id":"https:\/\/sarmiento24h.com\/?p=6524"},"wordCount":439,"publisher":{"@id":"https:\/\/sarmiento24h.com\/#organization"},"image":{"@id":"https:\/\/sarmiento24h.com\/?p=6524#primaryimage"},"thumbnailUrl":"https:\/\/sarmiento24h.com\/wp-content\/uploads\/2026\/01\/izquierdistas-acusan-abinader-de-ser-parte-de-acciones-de-eeuu.jpg","articleSection":["Portada"],"inLanguage":"es"},{"@type":"WebPage","@id":"https:\/\/sarmiento24h.com\/?p=6524","url":"https:\/\/sarmiento24h.com\/?p=6524","name":"Izquierdistas acusan Abinader de ser parte de acciones de EEUU - Sarmiento24h","isPartOf":{"@id":"https:\/\/sarmiento24h.com\/#website"},"primaryImageOfPage":{"@id":"https:\/\/sarmiento24h.com\/?p=6524#primaryimage"},"image":{"@id":"https:\/\/sarmiento24h.com\/?p=6524#primaryimage"},"thumbnailUrl":"https:\/\/sarmiento24h.com\/wp-content\/uploads\/2026\/01\/izquierdistas-acusan-abinader-de-ser-parte-de-acciones-de-eeuu.jpg","datePublished":"2026-01-09T10:56:15+00:00","breadcrumb":{"@id":"https:\/\/sarmiento24h.com\/?p=6524#breadcrumb"},"inLanguage":"es","potentialAction":[{"@type":"ReadAction","target":["https:\/\/sarmiento24h.com\/?p=6524"]}]},{"@type":"ImageObject","inLanguage":"es","@id":"https:\/\/sarmiento24h.com\/?p=6524#primaryimage","url":"https:\/\/sarmiento24h.com\/wp-content\/uploads\/2026\/01\/izquierdistas-acusan-abinader-de-ser-parte-de-acciones-de-eeuu.jpg","contentUrl":"https:\/\/sarmiento24h.com\/wp-content\/uploads\/2026\/01\/izquierdistas-acusan-abinader-de-ser-parte-de-acciones-de-eeuu.jpg","width":780,"height":470},{"@type":"BreadcrumbList","@id":"https:\/\/sarmiento24h.com\/?p=6524#breadcrumb","itemListElement":[{"@type":"ListItem","position":1,"name":"Home","item":"https:\/\/sarmiento24h.com\/"},{"@type":"ListItem","position":2,"name":"Izquierdistas acusan Abinader de ser parte de acciones de EEUU"}]},{"@type":"WebSite","@id":"https:\/\/sarmiento24h.com\/#website","url":"https:\/\/sarmiento24h.com\/","name":"Sarmiento24h","description":"","publisher":{"@id":"https:\/\/sarmiento24h.com\/#organization"},"potentialAction":[{"@type":"SearchAction","target":{"@type":"EntryPoint","urlTemplate":"https:\/\/sarmiento24h.com\/?s={search_term_string}"},"query-input":{"@type":"PropertyValueSpecification","valueRequired":true,"valueName":"search_term_string"}}],"inLanguage":"es"},{"@type":"Organization","@id":"https:\/\/sarmiento24h.com\/#organization","name":"Sarmiento24h","url":"https:\/\/sarmiento24h.com\/","logo":{"@type":"ImageObject","inLanguage":"es","@id":"https:\/\/sarmiento24h.com\/#\/schema\/logo\/image\/","url":"https:\/\/sarmiento24h.com\/wp-content\/uploads\/2025\/12\/AddText_12-16-10.30.52.jpg","contentUrl":"https:\/\/sarmiento24h.com\/wp-content\/uploads\/2025\/12\/AddText_12-16-10.30.52.jpg","width":1220,"height":324,"caption":"Sarmiento24h"},"image":{"@id":"https:\/\/sarmiento24h.com\/#\/schema\/logo\/image\/"},"sameAs":["https:\/\/facebook.com\/s24hnoticias","https:\/\/x.com\/sarmiento24h"]},{"@type":"Person","@id":"https:\/\/sarmiento24h.com\/#\/schema\/person\/d653a59725ad629a7e0429af7b939d4d","name":"sarmiento24h@gmail.com","image":{"@type":"ImageObject","inLanguage":"es","@id":"https:\/\/sarmiento24h.com\/wp-content\/litespeed\/avatar\/d02cbc4e23c747e6659cd45907173c8f.jpg?ver=1776552964","url":"https:\/\/sarmiento24h.com\/wp-content\/litespeed\/avatar\/d02cbc4e23c747e6659cd45907173c8f.jpg?ver=1776552964","contentUrl":"https:\/\/sarmiento24h.com\/wp-content\/litespeed\/avatar\/d02cbc4e23c747e6659cd45907173c8f.jpg?ver=1776552964","caption":"sarmiento24h@gmail.com"},"sameAs":["https:\/\/sarmiento24h.com"],"url":"https:\/\/sarmiento24h.com\/?author=1"}]}},"jetpack_publicize_connections":[],"jetpack_featured_media_url":"https:\/\/sarmiento24h.com\/wp-content\/uploads\/2026\/01\/izquierdistas-acusan-abinader-de-ser-parte-de-acciones-de-eeuu.jpg","jetpack_sharing_enabled":true,"_links":{"self":[{"href":"https:\/\/sarmiento24h.com\/index.php?rest_route=\/wp\/v2\/posts\/6524","targetHints":{"allow":["GET"]}}],"collection":[{"href":"https:\/\/sarmiento24h.com\/index.php?rest_route=\/wp\/v2\/posts"}],"about":[{"href":"https:\/\/sarmiento24h.com\/index.php?rest_route=\/wp\/v2\/types\/post"}],"author":[{"embeddable":true,"href":"https:\/\/sarmiento24h.com\/index.php?rest_route=\/wp\/v2\/users\/1"}],"replies":[{"embeddable":true,"href":"https:\/\/sarmiento24h.com\/index.php?rest_route=%2Fwp%2Fv2%2Fcomments&post=6524"}],"version-history":[{"count":0,"href":"https:\/\/sarmiento24h.com\/index.php?rest_route=\/wp\/v2\/posts\/6524\/revisions"}],"wp:featuredmedia":[{"embeddable":true,"href":"https:\/\/sarmiento24h.com\/index.php?rest_route=\/wp\/v2\/media\/6525"}],"wp:attachment":[{"href":"https:\/\/sarmiento24h.com\/index.php?rest_route=%2Fwp%2Fv2%2Fmedia&parent=6524"}],"wp:term":[{"taxonomy":"category","embeddable":true,"href":"https:\/\/sarmiento24h.com\/index.php?rest_route=%2Fwp%2Fv2%2Fcategories&post=6524"},{"taxonomy":"post_tag","embeddable":true,"href":"https:\/\/sarmiento24h.com\/index.php?rest_route=%2Fwp%2Fv2%2Ftags&post=6524"}],"curies":[{"name":"wp","href":"https:\/\/api.w.org\/{rel}","templated":true}]}}