{"id":6528,"date":"2026-01-09T13:16:17","date_gmt":"2026-01-09T13:16:17","guid":{"rendered":"http:\/\/almomento.net\/?p=1090897"},"modified":"2026-01-09T13:16:17","modified_gmt":"2026-01-09T13:16:17","slug":"petro-afirma-que-su-futuro-politico-depende-de-trump","status":"publish","type":"post","link":"https:\/\/sarmiento24h.com\/?p=6528","title":{"rendered":"Petro afirma que su futuro pol\u00edtico \u00abdepende\u00bb de Trump"},"content":{"rendered":"<p><!-- .entry-header --> <\/p>\n<div class=\"img_center\"> <a href=\"https:\/\/almomento.net\/wp-content\/uploads\/2026\/01\/noeih7u5.png\" alt=\"Petro afirma que su futuro pol\u00edtico \u00abdepende\u00bb de Trump\" title=\"Petro afirma que su futuro pol\u00edtico \u00abdepende\u00bb de Trump\" data-toggle=\"lightbox\" class=\"thickbox\"><img decoding=\"async\" src=\"https:\/\/almomento.net\/wp-content\/uploads\/2026\/01\/noeih7u5.png\" class=\"attachment-post-thumbnail size-post-thumbnail wp-post-image\" alt=\"imagen\" title=\"Petro afirma que su futuro pol\u00edtico \u00abdepende\u00bb de Trump\" data-toggle data-title=\"Petro afirma que su futuro pol\u00edtico \u00abdepende\u00bb de Trump\"><\/a><\/p>\n<p>Gustavo Petro<\/p>\n<\/p><\/div>\n<p class=\"_aupe copyable-text x15bjb6t x1n2onr6\"><span class=\"_aupe copyable-text xkrh14z\">BOGOTA.- El presidente de Colombia, Gustavo Petro, afirm\u00f3 que su futuro pol\u00edtico \u00abdepende\u00bb de su hom\u00f3logo estadounidense, Donald Trump, y ha revelado que tras la captura de Nicol\u00e1s Maduro en Venezuela temi\u00f3 una \u00aboperaci\u00f3n militar\u00bb en su pa\u00eds.<\/span><\/p>\n<p class=\"_aupe copyable-text x15bjb6t x1n2onr6\"><span class=\"_aupe copyable-text xkrh14z\">As\u00ed lo ha dicho en una entrevista condedida a la cadena Telemundo 51, alegando que \u00abpodr\u00eda enfrentar una persecuci\u00f3n de la OFAC (Oficina de Control de Activos Extranjeros de Estados Unidos)\u00bb al abandonar la Presidencia de su pa\u00eds, que celebrar\u00e1 elecciones en mayo de 2026.<\/span><\/p>\n<p class=\"_aupe copyable-text x15bjb6t x1n2onr6\"><span class=\"_aupe copyable-text xkrh14z\">El mandatario ha se\u00f1alado que sufrir\u00eda \u00abuna par\u00e1lisis econ\u00f3mica (\u2026) si la OFAC existe, yo tengo que mover mi vida acorde a eso\u00bb. \u00abNo me queda dif\u00edcil, porque yo he vivido mucho mi vida, incluso viviendo en casa de amigos cuando me persegu\u00edan\u00bb, ha agregado en alusi\u00f3n a su pasado guerrillero.<\/span><\/p>\n<p class=\"_aupe copyable-text x15bjb6t x1n2onr6\"><span class=\"_aupe copyable-text xkrh14z\">Petro ha afirmado que si las sanciones emitidas el pasado octubre en su contra por el Tesoro de Estados Unidos \u00abse quitan, se mejora la relaci\u00f3n\u00bb entre Bogot\u00e1 y Washington, una declaraci\u00f3n que ha hecho un d\u00eda despu\u00e9s de mantener una conversaci\u00f3n telef\u00f3nica con el inquilino de la Casa Blanca, donde ser\u00e1 recibido pr\u00f3ximamente.<\/span><\/p>\n<p class=\"_aupe copyable-text x15bjb6t x1n2onr6\"><span class=\"_aupe copyable-text xkrh14z\">El presidente ha revelado por otra parte que consider\u00f3 que \u00abcorrer\u00eda la misma suerte\u00bb que Nicol\u00e1s Maduro, capturado el pasado fin de semana en un ataque de Estados Unidos sobre Caracas y trasladado posteriormente a Nueva York.<\/span><\/p>\n<p class=\"_aupe copyable-text x15bjb6t x1n2onr6\"><span class=\"_aupe copyable-text xkrh14z\">\u00abClaro, incluso me lo dijeron\u00bb, ha se\u00f1alado al ser preguntado al respecto, antes de afirmar que temi\u00f3 \u00abuna operaci\u00f3n, no sabemos cu\u00e1ndo, pero de tipo militar\u00bb.<\/span><\/p>\n<p class=\"_aupe copyable-text x15bjb6t x1n2onr6\"><span class=\"_aupe copyable-text xkrh14z\">Petro ha insistido en que \u00e9sta \u00abse estaba construyendo sobre Colombia\u00bb pero ha se\u00f1alado que \u00abes probable\u00bb que se haya detenido tras su llamada del mi\u00e9rcoles con Trump. \u00abSi alguien te est\u00e1 amenazando, trata de tenerle el dedo en el gatillo. Eso fue lo que, creo, se hizo\u00bb, ha puntualizado.<\/span><\/p>\n<div class=\"heateor_sss_sharing_container heateor_sss_horizontal_sharing\" data-heateor-sss-href=\"https:\/\/almomento.net\/petro-afirma-que-su-futuro-politico-depende-de-trump\/\" readability=\"7\">\n<p>Comp\u00e1rtelo en tus redes:<\/p>\n<\/div>\n<p> <!-- 468x60 --><br \/>\n<ins class=\"adsbygoogle\" data-ad-client=\"ca-pub-3511341636159665\" data-ad-slot=\"3538255450\"><\/ins> <!-- .entry-content --> <\/p>\n","protected":false},"excerpt":{"rendered":"<p>Gustavo Petro BOGOTA.- El presidente de Colombia,&#46;&#46;&#46;<\/p>\n","protected":false},"author":1,"featured_media":6529,"comment_status":"closed","ping_status":"closed","sticky":false,"template":"","format":"standard","meta":{"_jetpack_memberships_contains_paid_content":false,"footnotes":"","jetpack_publicize_message":"","jetpack_publicize_feature_enabled":true,"jetpack_social_post_already_shared":false,"jetpack_social_options":{"image_generator_settings":{"template":"highway","default_image_id":0,"font":"","enabled":false},"version":2}},"categories":[69],"tags":[],"class_list":["post-6528","post","type-post","status-publish","format-standard","has-post-thumbnail","hentry","category-portada"],"yoast_head":"<!-- This site is optimized with the Yoast SEO plugin v27.3 - https:\/\/yoast.com\/product\/yoast-seo-wordpress\/ -->\n<title>Petro afirma que su futuro pol\u00edtico \u00abdepende\u00bb de Trump - Sarmiento24h<\/title>\n<meta name=\"robots\" content=\"index, follow, max-snippet:-1, max-image-preview:large, max-video-preview:-1\" \/>\n<link rel=\"canonical\" href=\"https:\/\/sarmiento24h.com\/?p=6528\" \/>\n<meta property=\"og:locale\" content=\"es_ES\" \/>\n<meta property=\"og:type\" content=\"article\" \/>\n<meta property=\"og:title\" content=\"Petro afirma que su futuro pol\u00edtico \u00abdepende\u00bb de Trump - Sarmiento24h\" \/>\n<meta property=\"og:description\" content=\"Gustavo Petro BOGOTA.- El presidente de Colombia,&#046;&#046;&#046;\" \/>\n<meta property=\"og:url\" content=\"https:\/\/sarmiento24h.com\/?p=6528\" \/>\n<meta property=\"og:site_name\" content=\"Sarmiento24h\" \/>\n<meta property=\"article:publisher\" content=\"https:\/\/facebook.com\/s24hnoticias\" \/>\n<meta property=\"article:published_time\" content=\"2026-01-09T13:16:17+00:00\" \/>\n<meta property=\"og:image\" content=\"https:\/\/sarmiento24h.com\/wp-content\/uploads\/2026\/01\/petro-afirma-que-su-futuro-politico-depende-de-trump.png\" \/>\n\t<meta property=\"og:image:width\" content=\"767\" \/>\n\t<meta property=\"og:image:height\" content=\"478\" \/>\n\t<meta property=\"og:image:type\" content=\"image\/png\" \/>\n<meta name=\"author\" content=\"sarmiento24h@gmail.com\" \/>\n<meta name=\"twitter:card\" content=\"summary_large_image\" \/>\n<meta name=\"twitter:creator\" content=\"@sarmiento24h\" \/>\n<meta name=\"twitter:site\" content=\"@sarmiento24h\" \/>\n<meta name=\"twitter:label1\" content=\"Escrito por\" \/>\n\t<meta name=\"twitter:data1\" content=\"sarmiento24h@gmail.com\" \/>\n\t<meta name=\"twitter:label2\" content=\"Tiempo de lectura\" \/>\n\t<meta name=\"twitter:data2\" content=\"2 minutos\" \/>\n<script type=\"application\/ld+json\" class=\"yoast-schema-graph\">{\"@context\":\"https:\\\/\\\/schema.org\",\"@graph\":[{\"@type\":\"Article\",\"@id\":\"https:\\\/\\\/sarmiento24h.com\\\/?p=6528#article\",\"isPartOf\":{\"@id\":\"https:\\\/\\\/sarmiento24h.com\\\/?p=6528\"},\"author\":{\"name\":\"sarmiento24h@gmail.com\",\"@id\":\"https:\\\/\\\/sarmiento24h.com\\\/#\\\/schema\\\/person\\\/d653a59725ad629a7e0429af7b939d4d\"},\"headline\":\"Petro afirma que su futuro pol\u00edtico \u00abdepende\u00bb de Trump\",\"datePublished\":\"2026-01-09T13:16:17+00:00\",\"mainEntityOfPage\":{\"@id\":\"https:\\\/\\\/sarmiento24h.com\\\/?p=6528\"},\"wordCount\":345,\"publisher\":{\"@id\":\"https:\\\/\\\/sarmiento24h.com\\\/#organization\"},\"image\":{\"@id\":\"https:\\\/\\\/sarmiento24h.com\\\/?p=6528#primaryimage\"},\"thumbnailUrl\":\"https:\\\/\\\/sarmiento24h.com\\\/wp-content\\\/uploads\\\/2026\\\/01\\\/petro-afirma-que-su-futuro-politico-depende-de-trump.png\",\"articleSection\":[\"Portada\"],\"inLanguage\":\"es\"},{\"@type\":\"WebPage\",\"@id\":\"https:\\\/\\\/sarmiento24h.com\\\/?p=6528\",\"url\":\"https:\\\/\\\/sarmiento24h.com\\\/?p=6528\",\"name\":\"Petro afirma que su futuro pol\u00edtico \u00abdepende\u00bb de Trump - Sarmiento24h\",\"isPartOf\":{\"@id\":\"https:\\\/\\\/sarmiento24h.com\\\/#website\"},\"primaryImageOfPage\":{\"@id\":\"https:\\\/\\\/sarmiento24h.com\\\/?p=6528#primaryimage\"},\"image\":{\"@id\":\"https:\\\/\\\/sarmiento24h.com\\\/?p=6528#primaryimage\"},\"thumbnailUrl\":\"https:\\\/\\\/sarmiento24h.com\\\/wp-content\\\/uploads\\\/2026\\\/01\\\/petro-afirma-que-su-futuro-politico-depende-de-trump.png\",\"datePublished\":\"2026-01-09T13:16:17+00:00\",\"breadcrumb\":{\"@id\":\"https:\\\/\\\/sarmiento24h.com\\\/?p=6528#breadcrumb\"},\"inLanguage\":\"es\",\"potentialAction\":[{\"@type\":\"ReadAction\",\"target\":[\"https:\\\/\\\/sarmiento24h.com\\\/?p=6528\"]}]},{\"@type\":\"ImageObject\",\"inLanguage\":\"es\",\"@id\":\"https:\\\/\\\/sarmiento24h.com\\\/?p=6528#primaryimage\",\"url\":\"https:\\\/\\\/sarmiento24h.com\\\/wp-content\\\/uploads\\\/2026\\\/01\\\/petro-afirma-que-su-futuro-politico-depende-de-trump.png\",\"contentUrl\":\"https:\\\/\\\/sarmiento24h.com\\\/wp-content\\\/uploads\\\/2026\\\/01\\\/petro-afirma-que-su-futuro-politico-depende-de-trump.png\",\"width\":767,\"height\":478},{\"@type\":\"BreadcrumbList\",\"@id\":\"https:\\\/\\\/sarmiento24h.com\\\/?p=6528#breadcrumb\",\"itemListElement\":[{\"@type\":\"ListItem\",\"position\":1,\"name\":\"Home\",\"item\":\"https:\\\/\\\/sarmiento24h.com\\\/\"},{\"@type\":\"ListItem\",\"position\":2,\"name\":\"Petro afirma que su futuro pol\u00edtico \u00abdepende\u00bb de Trump\"}]},{\"@type\":\"WebSite\",\"@id\":\"https:\\\/\\\/sarmiento24h.com\\\/#website\",\"url\":\"https:\\\/\\\/sarmiento24h.com\\\/\",\"name\":\"Sarmiento24h\",\"description\":\"\",\"publisher\":{\"@id\":\"https:\\\/\\\/sarmiento24h.com\\\/#organization\"},\"potentialAction\":[{\"@type\":\"SearchAction\",\"target\":{\"@type\":\"EntryPoint\",\"urlTemplate\":\"https:\\\/\\\/sarmiento24h.com\\\/?s={search_term_string}\"},\"query-input\":{\"@type\":\"PropertyValueSpecification\",\"valueRequired\":true,\"valueName\":\"search_term_string\"}}],\"inLanguage\":\"es\"},{\"@type\":\"Organization\",\"@id\":\"https:\\\/\\\/sarmiento24h.com\\\/#organization\",\"name\":\"Sarmiento24h\",\"url\":\"https:\\\/\\\/sarmiento24h.com\\\/\",\"logo\":{\"@type\":\"ImageObject\",\"inLanguage\":\"es\",\"@id\":\"https:\\\/\\\/sarmiento24h.com\\\/#\\\/schema\\\/logo\\\/image\\\/\",\"url\":\"https:\\\/\\\/sarmiento24h.com\\\/wp-content\\\/uploads\\\/2025\\\/12\\\/AddText_12-16-10.30.52.jpg\",\"contentUrl\":\"https:\\\/\\\/sarmiento24h.com\\\/wp-content\\\/uploads\\\/2025\\\/12\\\/AddText_12-16-10.30.52.jpg\",\"width\":1220,\"height\":324,\"caption\":\"Sarmiento24h\"},\"image\":{\"@id\":\"https:\\\/\\\/sarmiento24h.com\\\/#\\\/schema\\\/logo\\\/image\\\/\"},\"sameAs\":[\"https:\\\/\\\/facebook.com\\\/s24hnoticias\",\"https:\\\/\\\/x.com\\\/sarmiento24h\"]},{\"@type\":\"Person\",\"@id\":\"https:\\\/\\\/sarmiento24h.com\\\/#\\\/schema\\\/person\\\/d653a59725ad629a7e0429af7b939d4d\",\"name\":\"sarmiento24h@gmail.com\",\"image\":{\"@type\":\"ImageObject\",\"inLanguage\":\"es\",\"@id\":\"https:\\\/\\\/sarmiento24h.com\\\/wp-content\\\/litespeed\\\/avatar\\\/d02cbc4e23c747e6659cd45907173c8f.jpg?ver=1776552964\",\"url\":\"https:\\\/\\\/sarmiento24h.com\\\/wp-content\\\/litespeed\\\/avatar\\\/d02cbc4e23c747e6659cd45907173c8f.jpg?ver=1776552964\",\"contentUrl\":\"https:\\\/\\\/sarmiento24h.com\\\/wp-content\\\/litespeed\\\/avatar\\\/d02cbc4e23c747e6659cd45907173c8f.jpg?ver=1776552964\",\"caption\":\"sarmiento24h@gmail.com\"},\"sameAs\":[\"https:\\\/\\\/sarmiento24h.com\"],\"url\":\"https:\\\/\\\/sarmiento24h.com\\\/?author=1\"}]}<\/script>\n<!-- \/ Yoast SEO plugin. -->","yoast_head_json":{"title":"Petro afirma que su futuro pol\u00edtico \u00abdepende\u00bb de Trump - Sarmiento24h","robots":{"index":"index","follow":"follow","max-snippet":"max-snippet:-1","max-image-preview":"max-image-preview:large","max-video-preview":"max-video-preview:-1"},"canonical":"https:\/\/sarmiento24h.com\/?p=6528","og_locale":"es_ES","og_type":"article","og_title":"Petro afirma que su futuro pol\u00edtico \u00abdepende\u00bb de Trump - Sarmiento24h","og_description":"Gustavo Petro BOGOTA.- El presidente de Colombia,&#46;&#46;&#46;","og_url":"https:\/\/sarmiento24h.com\/?p=6528","og_site_name":"Sarmiento24h","article_publisher":"https:\/\/facebook.com\/s24hnoticias","article_published_time":"2026-01-09T13:16:17+00:00","og_image":[{"width":767,"height":478,"url":"https:\/\/sarmiento24h.com\/wp-content\/uploads\/2026\/01\/petro-afirma-que-su-futuro-politico-depende-de-trump.png","type":"image\/png"}],"author":"sarmiento24h@gmail.com","twitter_card":"summary_large_image","twitter_creator":"@sarmiento24h","twitter_site":"@sarmiento24h","twitter_misc":{"Escrito por":"sarmiento24h@gmail.com","Tiempo de lectura":"2 minutos"},"schema":{"@context":"https:\/\/schema.org","@graph":[{"@type":"Article","@id":"https:\/\/sarmiento24h.com\/?p=6528#article","isPartOf":{"@id":"https:\/\/sarmiento24h.com\/?p=6528"},"author":{"name":"sarmiento24h@gmail.com","@id":"https:\/\/sarmiento24h.com\/#\/schema\/person\/d653a59725ad629a7e0429af7b939d4d"},"headline":"Petro afirma que su futuro pol\u00edtico \u00abdepende\u00bb de Trump","datePublished":"2026-01-09T13:16:17+00:00","mainEntityOfPage":{"@id":"https:\/\/sarmiento24h.com\/?p=6528"},"wordCount":345,"publisher":{"@id":"https:\/\/sarmiento24h.com\/#organization"},"image":{"@id":"https:\/\/sarmiento24h.com\/?p=6528#primaryimage"},"thumbnailUrl":"https:\/\/sarmiento24h.com\/wp-content\/uploads\/2026\/01\/petro-afirma-que-su-futuro-politico-depende-de-trump.png","articleSection":["Portada"],"inLanguage":"es"},{"@type":"WebPage","@id":"https:\/\/sarmiento24h.com\/?p=6528","url":"https:\/\/sarmiento24h.com\/?p=6528","name":"Petro afirma que su futuro pol\u00edtico \u00abdepende\u00bb de Trump - Sarmiento24h","isPartOf":{"@id":"https:\/\/sarmiento24h.com\/#website"},"primaryImageOfPage":{"@id":"https:\/\/sarmiento24h.com\/?p=6528#primaryimage"},"image":{"@id":"https:\/\/sarmiento24h.com\/?p=6528#primaryimage"},"thumbnailUrl":"https:\/\/sarmiento24h.com\/wp-content\/uploads\/2026\/01\/petro-afirma-que-su-futuro-politico-depende-de-trump.png","datePublished":"2026-01-09T13:16:17+00:00","breadcrumb":{"@id":"https:\/\/sarmiento24h.com\/?p=6528#breadcrumb"},"inLanguage":"es","potentialAction":[{"@type":"ReadAction","target":["https:\/\/sarmiento24h.com\/?p=6528"]}]},{"@type":"ImageObject","inLanguage":"es","@id":"https:\/\/sarmiento24h.com\/?p=6528#primaryimage","url":"https:\/\/sarmiento24h.com\/wp-content\/uploads\/2026\/01\/petro-afirma-que-su-futuro-politico-depende-de-trump.png","contentUrl":"https:\/\/sarmiento24h.com\/wp-content\/uploads\/2026\/01\/petro-afirma-que-su-futuro-politico-depende-de-trump.png","width":767,"height":478},{"@type":"BreadcrumbList","@id":"https:\/\/sarmiento24h.com\/?p=6528#breadcrumb","itemListElement":[{"@type":"ListItem","position":1,"name":"Home","item":"https:\/\/sarmiento24h.com\/"},{"@type":"ListItem","position":2,"name":"Petro afirma que su futuro pol\u00edtico \u00abdepende\u00bb de Trump"}]},{"@type":"WebSite","@id":"https:\/\/sarmiento24h.com\/#website","url":"https:\/\/sarmiento24h.com\/","name":"Sarmiento24h","description":"","publisher":{"@id":"https:\/\/sarmiento24h.com\/#organization"},"potentialAction":[{"@type":"SearchAction","target":{"@type":"EntryPoint","urlTemplate":"https:\/\/sarmiento24h.com\/?s={search_term_string}"},"query-input":{"@type":"PropertyValueSpecification","valueRequired":true,"valueName":"search_term_string"}}],"inLanguage":"es"},{"@type":"Organization","@id":"https:\/\/sarmiento24h.com\/#organization","name":"Sarmiento24h","url":"https:\/\/sarmiento24h.com\/","logo":{"@type":"ImageObject","inLanguage":"es","@id":"https:\/\/sarmiento24h.com\/#\/schema\/logo\/image\/","url":"https:\/\/sarmiento24h.com\/wp-content\/uploads\/2025\/12\/AddText_12-16-10.30.52.jpg","contentUrl":"https:\/\/sarmiento24h.com\/wp-content\/uploads\/2025\/12\/AddText_12-16-10.30.52.jpg","width":1220,"height":324,"caption":"Sarmiento24h"},"image":{"@id":"https:\/\/sarmiento24h.com\/#\/schema\/logo\/image\/"},"sameAs":["https:\/\/facebook.com\/s24hnoticias","https:\/\/x.com\/sarmiento24h"]},{"@type":"Person","@id":"https:\/\/sarmiento24h.com\/#\/schema\/person\/d653a59725ad629a7e0429af7b939d4d","name":"sarmiento24h@gmail.com","image":{"@type":"ImageObject","inLanguage":"es","@id":"https:\/\/sarmiento24h.com\/wp-content\/litespeed\/avatar\/d02cbc4e23c747e6659cd45907173c8f.jpg?ver=1776552964","url":"https:\/\/sarmiento24h.com\/wp-content\/litespeed\/avatar\/d02cbc4e23c747e6659cd45907173c8f.jpg?ver=1776552964","contentUrl":"https:\/\/sarmiento24h.com\/wp-content\/litespeed\/avatar\/d02cbc4e23c747e6659cd45907173c8f.jpg?ver=1776552964","caption":"sarmiento24h@gmail.com"},"sameAs":["https:\/\/sarmiento24h.com"],"url":"https:\/\/sarmiento24h.com\/?author=1"}]}},"jetpack_publicize_connections":[],"jetpack_featured_media_url":"https:\/\/sarmiento24h.com\/wp-content\/uploads\/2026\/01\/petro-afirma-que-su-futuro-politico-depende-de-trump.png","jetpack_sharing_enabled":true,"_links":{"self":[{"href":"https:\/\/sarmiento24h.com\/index.php?rest_route=\/wp\/v2\/posts\/6528","targetHints":{"allow":["GET"]}}],"collection":[{"href":"https:\/\/sarmiento24h.com\/index.php?rest_route=\/wp\/v2\/posts"}],"about":[{"href":"https:\/\/sarmiento24h.com\/index.php?rest_route=\/wp\/v2\/types\/post"}],"author":[{"embeddable":true,"href":"https:\/\/sarmiento24h.com\/index.php?rest_route=\/wp\/v2\/users\/1"}],"replies":[{"embeddable":true,"href":"https:\/\/sarmiento24h.com\/index.php?rest_route=%2Fwp%2Fv2%2Fcomments&post=6528"}],"version-history":[{"count":0,"href":"https:\/\/sarmiento24h.com\/index.php?rest_route=\/wp\/v2\/posts\/6528\/revisions"}],"wp:featuredmedia":[{"embeddable":true,"href":"https:\/\/sarmiento24h.com\/index.php?rest_route=\/wp\/v2\/media\/6529"}],"wp:attachment":[{"href":"https:\/\/sarmiento24h.com\/index.php?rest_route=%2Fwp%2Fv2%2Fmedia&parent=6528"}],"wp:term":[{"taxonomy":"category","embeddable":true,"href":"https:\/\/sarmiento24h.com\/index.php?rest_route=%2Fwp%2Fv2%2Fcategories&post=6528"},{"taxonomy":"post_tag","embeddable":true,"href":"https:\/\/sarmiento24h.com\/index.php?rest_route=%2Fwp%2Fv2%2Ftags&post=6528"}],"curies":[{"name":"wp","href":"https:\/\/api.w.org\/{rel}","templated":true}]}}