{"id":6550,"date":"2026-01-09T21:16:25","date_gmt":"2026-01-09T21:16:25","guid":{"rendered":"http:\/\/almomento.net\/?p=1091024"},"modified":"2026-01-09T21:16:25","modified_gmt":"2026-01-09T21:16:25","slug":"cancilller-advierte-a-trump-a-isla-cuba-la-vamos-a-defender","status":"publish","type":"post","link":"https:\/\/sarmiento24h.com\/?p=6550","title":{"rendered":"Cancilller advierte a Trump: \u00abA isla Cuba la vamos a defender\u00bb"},"content":{"rendered":"<p class=\"entry-content\"><!-- 468x60, creado 24\/12\/08 -->\n<\/p>\n<div class=\"entry-content\">\n<p>La Habana, 9 enero 2026 .- El Gobierno cubano asegur\u00f3 este viernes que no va a \u00abvender el pa\u00eds ni ceder ante la amenaza y el chantaje\u00bb de EE.UU. tras las declaraciones de Donald Trump sobre la isla luego de los ataques militares a Venezuela.<\/p>\n<p>El canciller Bruno Rodr\u00edguez hizo este pronunciamiento en redes sociales despu\u00e9s de participar en un acto de homenaje en Caracas a los que murieron en los ataques estadounidenses para capturar al presidente venezolano, Nicol\u00e1s Maduro, entre ellos 32 militares y personal de inteligencia cubanos.<\/p>\n<p>\u00abLos cubanos no estamos dispuestos a vender el pa\u00eds ni a ceder ante la amenaza y el chantaje, ni a renunciar a la prerrogativa inalienable con la que construimos nuestro propio destino, en paz con el resto del mundo\u00bb, escribi\u00f3.<\/p>\n<p>El canciller apostill\u00f3: \u00abA Cuba la vamos a defender. Quien nos conoce sabe que es un compromiso firme, categ\u00f3rico y demostrado\u00bb.<\/p>\n<p>En su opini\u00f3n, EE.UU. pretende \u00abimponer su voluntad sobre los derechos de Estados soberanos\u00bb y lleva 67 a\u00f1os aplicando la fuerza y la agresi\u00f3n contra Cuba, en referencia a las sanciones y su apoyo a diversas operaciones militares como la fracasada de Bah\u00eda de Cochinos (Gir\u00f3n).<\/p>\n<p><strong>RELACI\u00d3N ENTRE CUBA Y VENEZUELA<\/strong><\/p>\n<p>Rodr\u00edguez asegur\u00f3 este jueves que las revoluciones bolivariana y cubana \u00abser\u00e1n ejemplo para la liberaci\u00f3n de los pueblos\u00bb de Am\u00e9rica en el homenaje a los militares fallecidos en el ataque de EE.UU. contra Venezuela.<\/p>\n<p>\u00abLucharemos juntos y venceremos, la revoluci\u00f3n bolivariana y chavista y la revoluci\u00f3n cubana, en su destino y en su lucha com\u00fan, ser\u00e1n ejemplo para la liberaci\u00f3n de los pueblos de nuestra Am\u00e9rica\u00bb, afirm\u00f3.<\/p>\n<p>En los ataques estadounidenses fallecieron \u00abhasta ahora\u00bb 100 personas, entre civiles y militares, inform\u00f3 este mi\u00e9rcoles el ministro venezolano de Interior y Justicia, Diosdado Cabello.<\/p>\n<p>La visita del canciller cubano a Caracas fue el primer contacto de La Habana con Delcy Rodr\u00edguez como presidenta encargada de Venezuela ante la incertidumbre de que supondr\u00e1 para la isla la nueva situaci\u00f3n en el pa\u00eds suramericano.<\/p>\n<blockquote class=\"wp-embedded-content\" data-secret=\"hf2clmbqXV\">\n<p><a href=\"https:\/\/almomento.net\/1090797-2\/\">\u201cCuba pende de un hilo, est\u00e1 en serios problemas\u00bb, opina Trump<\/a><\/p>\n<\/blockquote><\/div>\n","protected":false},"excerpt":{"rendered":"<p>La Habana, 9 enero 2026 .- El&#46;&#46;&#46;<\/p>\n","protected":false},"author":1,"featured_media":0,"comment_status":"closed","ping_status":"closed","sticky":false,"template":"","format":"standard","meta":{"_jetpack_memberships_contains_paid_content":false,"footnotes":"","jetpack_publicize_message":"","jetpack_publicize_feature_enabled":true,"jetpack_social_post_already_shared":false,"jetpack_social_options":{"image_generator_settings":{"template":"highway","default_image_id":0,"font":"","enabled":false},"version":2}},"categories":[69],"tags":[],"class_list":["post-6550","post","type-post","status-publish","format-standard","hentry","category-portada"],"yoast_head":"<!-- This site is optimized with the Yoast SEO plugin v27.3 - https:\/\/yoast.com\/product\/yoast-seo-wordpress\/ -->\n<title>Cancilller advierte a Trump: \u00abA isla Cuba la vamos a defender\u00bb - Sarmiento24h<\/title>\n<meta name=\"robots\" content=\"index, follow, max-snippet:-1, max-image-preview:large, max-video-preview:-1\" \/>\n<link rel=\"canonical\" href=\"https:\/\/sarmiento24h.com\/?p=6550\" \/>\n<meta property=\"og:locale\" content=\"es_ES\" \/>\n<meta property=\"og:type\" content=\"article\" \/>\n<meta property=\"og:title\" content=\"Cancilller advierte a Trump: \u00abA isla Cuba la vamos a defender\u00bb - Sarmiento24h\" \/>\n<meta property=\"og:description\" content=\"La Habana, 9 enero 2026 .- El&#046;&#046;&#046;\" \/>\n<meta property=\"og:url\" content=\"https:\/\/sarmiento24h.com\/?p=6550\" \/>\n<meta property=\"og:site_name\" content=\"Sarmiento24h\" \/>\n<meta property=\"article:publisher\" content=\"https:\/\/facebook.com\/s24hnoticias\" \/>\n<meta property=\"article:published_time\" content=\"2026-01-09T21:16:25+00:00\" \/>\n<meta name=\"author\" content=\"sarmiento24h@gmail.com\" \/>\n<meta name=\"twitter:card\" content=\"summary_large_image\" \/>\n<meta name=\"twitter:creator\" content=\"@sarmiento24h\" \/>\n<meta name=\"twitter:site\" content=\"@sarmiento24h\" \/>\n<meta name=\"twitter:label1\" content=\"Escrito por\" \/>\n\t<meta name=\"twitter:data1\" content=\"sarmiento24h@gmail.com\" \/>\n\t<meta name=\"twitter:label2\" content=\"Tiempo de lectura\" \/>\n\t<meta name=\"twitter:data2\" content=\"2 minutos\" \/>\n<script type=\"application\/ld+json\" class=\"yoast-schema-graph\">{\"@context\":\"https:\\\/\\\/schema.org\",\"@graph\":[{\"@type\":\"Article\",\"@id\":\"https:\\\/\\\/sarmiento24h.com\\\/?p=6550#article\",\"isPartOf\":{\"@id\":\"https:\\\/\\\/sarmiento24h.com\\\/?p=6550\"},\"author\":{\"name\":\"sarmiento24h@gmail.com\",\"@id\":\"https:\\\/\\\/sarmiento24h.com\\\/#\\\/schema\\\/person\\\/d653a59725ad629a7e0429af7b939d4d\"},\"headline\":\"Cancilller advierte a Trump: \u00abA isla Cuba la vamos a defender\u00bb\",\"datePublished\":\"2026-01-09T21:16:25+00:00\",\"mainEntityOfPage\":{\"@id\":\"https:\\\/\\\/sarmiento24h.com\\\/?p=6550\"},\"wordCount\":377,\"publisher\":{\"@id\":\"https:\\\/\\\/sarmiento24h.com\\\/#organization\"},\"articleSection\":[\"Portada\"],\"inLanguage\":\"es\"},{\"@type\":\"WebPage\",\"@id\":\"https:\\\/\\\/sarmiento24h.com\\\/?p=6550\",\"url\":\"https:\\\/\\\/sarmiento24h.com\\\/?p=6550\",\"name\":\"Cancilller advierte a Trump: \u00abA isla Cuba la vamos a defender\u00bb - Sarmiento24h\",\"isPartOf\":{\"@id\":\"https:\\\/\\\/sarmiento24h.com\\\/#website\"},\"datePublished\":\"2026-01-09T21:16:25+00:00\",\"breadcrumb\":{\"@id\":\"https:\\\/\\\/sarmiento24h.com\\\/?p=6550#breadcrumb\"},\"inLanguage\":\"es\",\"potentialAction\":[{\"@type\":\"ReadAction\",\"target\":[\"https:\\\/\\\/sarmiento24h.com\\\/?p=6550\"]}]},{\"@type\":\"BreadcrumbList\",\"@id\":\"https:\\\/\\\/sarmiento24h.com\\\/?p=6550#breadcrumb\",\"itemListElement\":[{\"@type\":\"ListItem\",\"position\":1,\"name\":\"Home\",\"item\":\"https:\\\/\\\/sarmiento24h.com\\\/\"},{\"@type\":\"ListItem\",\"position\":2,\"name\":\"Cancilller advierte a Trump: \u00abA isla Cuba la vamos a defender\u00bb\"}]},{\"@type\":\"WebSite\",\"@id\":\"https:\\\/\\\/sarmiento24h.com\\\/#website\",\"url\":\"https:\\\/\\\/sarmiento24h.com\\\/\",\"name\":\"Sarmiento24h\",\"description\":\"\",\"publisher\":{\"@id\":\"https:\\\/\\\/sarmiento24h.com\\\/#organization\"},\"potentialAction\":[{\"@type\":\"SearchAction\",\"target\":{\"@type\":\"EntryPoint\",\"urlTemplate\":\"https:\\\/\\\/sarmiento24h.com\\\/?s={search_term_string}\"},\"query-input\":{\"@type\":\"PropertyValueSpecification\",\"valueRequired\":true,\"valueName\":\"search_term_string\"}}],\"inLanguage\":\"es\"},{\"@type\":\"Organization\",\"@id\":\"https:\\\/\\\/sarmiento24h.com\\\/#organization\",\"name\":\"Sarmiento24h\",\"url\":\"https:\\\/\\\/sarmiento24h.com\\\/\",\"logo\":{\"@type\":\"ImageObject\",\"inLanguage\":\"es\",\"@id\":\"https:\\\/\\\/sarmiento24h.com\\\/#\\\/schema\\\/logo\\\/image\\\/\",\"url\":\"https:\\\/\\\/sarmiento24h.com\\\/wp-content\\\/uploads\\\/2025\\\/12\\\/AddText_12-16-10.30.52.jpg\",\"contentUrl\":\"https:\\\/\\\/sarmiento24h.com\\\/wp-content\\\/uploads\\\/2025\\\/12\\\/AddText_12-16-10.30.52.jpg\",\"width\":1220,\"height\":324,\"caption\":\"Sarmiento24h\"},\"image\":{\"@id\":\"https:\\\/\\\/sarmiento24h.com\\\/#\\\/schema\\\/logo\\\/image\\\/\"},\"sameAs\":[\"https:\\\/\\\/facebook.com\\\/s24hnoticias\",\"https:\\\/\\\/x.com\\\/sarmiento24h\"]},{\"@type\":\"Person\",\"@id\":\"https:\\\/\\\/sarmiento24h.com\\\/#\\\/schema\\\/person\\\/d653a59725ad629a7e0429af7b939d4d\",\"name\":\"sarmiento24h@gmail.com\",\"image\":{\"@type\":\"ImageObject\",\"inLanguage\":\"es\",\"@id\":\"https:\\\/\\\/sarmiento24h.com\\\/wp-content\\\/litespeed\\\/avatar\\\/d02cbc4e23c747e6659cd45907173c8f.jpg?ver=1777157796\",\"url\":\"https:\\\/\\\/sarmiento24h.com\\\/wp-content\\\/litespeed\\\/avatar\\\/d02cbc4e23c747e6659cd45907173c8f.jpg?ver=1777157796\",\"contentUrl\":\"https:\\\/\\\/sarmiento24h.com\\\/wp-content\\\/litespeed\\\/avatar\\\/d02cbc4e23c747e6659cd45907173c8f.jpg?ver=1777157796\",\"caption\":\"sarmiento24h@gmail.com\"},\"sameAs\":[\"https:\\\/\\\/sarmiento24h.com\"],\"url\":\"https:\\\/\\\/sarmiento24h.com\\\/?author=1\"}]}<\/script>\n<!-- \/ Yoast SEO plugin. -->","yoast_head_json":{"title":"Cancilller advierte a Trump: \u00abA isla Cuba la vamos a defender\u00bb - Sarmiento24h","robots":{"index":"index","follow":"follow","max-snippet":"max-snippet:-1","max-image-preview":"max-image-preview:large","max-video-preview":"max-video-preview:-1"},"canonical":"https:\/\/sarmiento24h.com\/?p=6550","og_locale":"es_ES","og_type":"article","og_title":"Cancilller advierte a Trump: \u00abA isla Cuba la vamos a defender\u00bb - Sarmiento24h","og_description":"La Habana, 9 enero 2026 .- El&#46;&#46;&#46;","og_url":"https:\/\/sarmiento24h.com\/?p=6550","og_site_name":"Sarmiento24h","article_publisher":"https:\/\/facebook.com\/s24hnoticias","article_published_time":"2026-01-09T21:16:25+00:00","author":"sarmiento24h@gmail.com","twitter_card":"summary_large_image","twitter_creator":"@sarmiento24h","twitter_site":"@sarmiento24h","twitter_misc":{"Escrito por":"sarmiento24h@gmail.com","Tiempo de lectura":"2 minutos"},"schema":{"@context":"https:\/\/schema.org","@graph":[{"@type":"Article","@id":"https:\/\/sarmiento24h.com\/?p=6550#article","isPartOf":{"@id":"https:\/\/sarmiento24h.com\/?p=6550"},"author":{"name":"sarmiento24h@gmail.com","@id":"https:\/\/sarmiento24h.com\/#\/schema\/person\/d653a59725ad629a7e0429af7b939d4d"},"headline":"Cancilller advierte a Trump: \u00abA isla Cuba la vamos a defender\u00bb","datePublished":"2026-01-09T21:16:25+00:00","mainEntityOfPage":{"@id":"https:\/\/sarmiento24h.com\/?p=6550"},"wordCount":377,"publisher":{"@id":"https:\/\/sarmiento24h.com\/#organization"},"articleSection":["Portada"],"inLanguage":"es"},{"@type":"WebPage","@id":"https:\/\/sarmiento24h.com\/?p=6550","url":"https:\/\/sarmiento24h.com\/?p=6550","name":"Cancilller advierte a Trump: \u00abA isla Cuba la vamos a defender\u00bb - Sarmiento24h","isPartOf":{"@id":"https:\/\/sarmiento24h.com\/#website"},"datePublished":"2026-01-09T21:16:25+00:00","breadcrumb":{"@id":"https:\/\/sarmiento24h.com\/?p=6550#breadcrumb"},"inLanguage":"es","potentialAction":[{"@type":"ReadAction","target":["https:\/\/sarmiento24h.com\/?p=6550"]}]},{"@type":"BreadcrumbList","@id":"https:\/\/sarmiento24h.com\/?p=6550#breadcrumb","itemListElement":[{"@type":"ListItem","position":1,"name":"Home","item":"https:\/\/sarmiento24h.com\/"},{"@type":"ListItem","position":2,"name":"Cancilller advierte a Trump: \u00abA isla Cuba la vamos a defender\u00bb"}]},{"@type":"WebSite","@id":"https:\/\/sarmiento24h.com\/#website","url":"https:\/\/sarmiento24h.com\/","name":"Sarmiento24h","description":"","publisher":{"@id":"https:\/\/sarmiento24h.com\/#organization"},"potentialAction":[{"@type":"SearchAction","target":{"@type":"EntryPoint","urlTemplate":"https:\/\/sarmiento24h.com\/?s={search_term_string}"},"query-input":{"@type":"PropertyValueSpecification","valueRequired":true,"valueName":"search_term_string"}}],"inLanguage":"es"},{"@type":"Organization","@id":"https:\/\/sarmiento24h.com\/#organization","name":"Sarmiento24h","url":"https:\/\/sarmiento24h.com\/","logo":{"@type":"ImageObject","inLanguage":"es","@id":"https:\/\/sarmiento24h.com\/#\/schema\/logo\/image\/","url":"https:\/\/sarmiento24h.com\/wp-content\/uploads\/2025\/12\/AddText_12-16-10.30.52.jpg","contentUrl":"https:\/\/sarmiento24h.com\/wp-content\/uploads\/2025\/12\/AddText_12-16-10.30.52.jpg","width":1220,"height":324,"caption":"Sarmiento24h"},"image":{"@id":"https:\/\/sarmiento24h.com\/#\/schema\/logo\/image\/"},"sameAs":["https:\/\/facebook.com\/s24hnoticias","https:\/\/x.com\/sarmiento24h"]},{"@type":"Person","@id":"https:\/\/sarmiento24h.com\/#\/schema\/person\/d653a59725ad629a7e0429af7b939d4d","name":"sarmiento24h@gmail.com","image":{"@type":"ImageObject","inLanguage":"es","@id":"https:\/\/sarmiento24h.com\/wp-content\/litespeed\/avatar\/d02cbc4e23c747e6659cd45907173c8f.jpg?ver=1777157796","url":"https:\/\/sarmiento24h.com\/wp-content\/litespeed\/avatar\/d02cbc4e23c747e6659cd45907173c8f.jpg?ver=1777157796","contentUrl":"https:\/\/sarmiento24h.com\/wp-content\/litespeed\/avatar\/d02cbc4e23c747e6659cd45907173c8f.jpg?ver=1777157796","caption":"sarmiento24h@gmail.com"},"sameAs":["https:\/\/sarmiento24h.com"],"url":"https:\/\/sarmiento24h.com\/?author=1"}]}},"jetpack_publicize_connections":[],"jetpack_featured_media_url":"","jetpack_sharing_enabled":true,"_links":{"self":[{"href":"https:\/\/sarmiento24h.com\/index.php?rest_route=\/wp\/v2\/posts\/6550","targetHints":{"allow":["GET"]}}],"collection":[{"href":"https:\/\/sarmiento24h.com\/index.php?rest_route=\/wp\/v2\/posts"}],"about":[{"href":"https:\/\/sarmiento24h.com\/index.php?rest_route=\/wp\/v2\/types\/post"}],"author":[{"embeddable":true,"href":"https:\/\/sarmiento24h.com\/index.php?rest_route=\/wp\/v2\/users\/1"}],"replies":[{"embeddable":true,"href":"https:\/\/sarmiento24h.com\/index.php?rest_route=%2Fwp%2Fv2%2Fcomments&post=6550"}],"version-history":[{"count":0,"href":"https:\/\/sarmiento24h.com\/index.php?rest_route=\/wp\/v2\/posts\/6550\/revisions"}],"wp:attachment":[{"href":"https:\/\/sarmiento24h.com\/index.php?rest_route=%2Fwp%2Fv2%2Fmedia&parent=6550"}],"wp:term":[{"taxonomy":"category","embeddable":true,"href":"https:\/\/sarmiento24h.com\/index.php?rest_route=%2Fwp%2Fv2%2Fcategories&post=6550"},{"taxonomy":"post_tag","embeddable":true,"href":"https:\/\/sarmiento24h.com\/index.php?rest_route=%2Fwp%2Fv2%2Ftags&post=6550"}],"curies":[{"name":"wp","href":"https:\/\/api.w.org\/{rel}","templated":true}]}}