{"id":6581,"date":"2026-01-10T05:16:11","date_gmt":"2026-01-10T05:16:11","guid":{"rendered":"http:\/\/almomento.net\/?p=1090992"},"modified":"2026-01-10T05:16:11","modified_gmt":"2026-01-10T05:16:11","slug":"patricia-lapaix-es-electa-como-presidenta-de-la-camara-junior","status":"publish","type":"post","link":"https:\/\/sarmiento24h.com\/?p=6581","title":{"rendered":"Patricia Lapaix es electa como presidenta de la C\u00e1mara Junior"},"content":{"rendered":"<p><!-- .entry-header --> <\/p>\n<div class=\"img_center\"> <a href=\"https:\/\/almomento.net\/wp-content\/uploads\/2026\/01\/Patricia-Lapaix.jpg\" alt=\"Patricia Lapaix es electa como presidenta de la C\u00e1mara Junior\" title=\"Patricia Lapaix es electa como presidenta de la C\u00e1mara Junior\" data-toggle=\"lightbox\" class=\"thickbox\"><img decoding=\"async\" src=\"https:\/\/almomento.net\/wp-content\/uploads\/2026\/01\/Patricia-Lapaix.jpg\" class=\"attachment-post-thumbnail size-post-thumbnail wp-post-image\" alt=\"imagen\" title=\"Patricia Lapaix es electa como presidenta de la C\u00e1mara Junior\" data-toggle data-title=\"Patricia Lapaix es electa como presidenta de la C\u00e1mara Junior\"><\/a><\/p>\n<p>Patricia Lapaix<\/p>\n<\/p><\/div>\n<p>SANTO DOMINGO.- La C\u00e1mara Junior Internacional en Rep\u00fablica Dominicana (JCI RD) eligi\u00f3 a Patricia Lapaix como presidenta para el per\u00edodo 2026, para liderar una organizaci\u00f3n que articula a j\u00f3venes l\u00edderes comprometidos con el desarrollo social, el emprendimiento y la transformaci\u00f3n positiva del pa\u00eds.<\/p>\n<p>Lapaix, guiar\u00e1 a nueve organizaciones locales que conforman la JCI en el pa\u00eds, asegur\u00f3 que inaugura una etapa de continuidad y fortalecimiento institucional, alineada con el Plan de Acci\u00f3n Nacional e internacional 2026 de la JCI, el cual prioriza el desarrollo de liderazgo, la innovaci\u00f3n, la sostenibilidad con impacto social y el impulso al emprendimiento y los negocios. Bajo el lema \u201cLiderar, Conectar y Evolucionar\u201d.<\/p>\n<p>La presidenta de la JCI reafirm\u00f3 su compromiso con un liderazgo \u00e9tico y colaborativo, enfocado en transformar ideas en impacto real y ejecutar proyectos alineados con los Objetivos de Desarrollo Sostenible, promoviendo una JCI m\u00e1s influyente y conectada con las necesidades de las comunidades.<\/p>\n<p>Patricia Lapaix cuenta con una trayectoria destacada dentro de la organizaci\u00f3n, habiendo ocupado responsabilidades nacionales y locales que incluyen la Vicepresidencia Ejecutiva Nacional, la Secretar\u00eda Nacional, la Tesorer\u00eda Nacional y la Presidencia Local. Es experta en experiencia del cliente y transformaci\u00f3n digital, licenciada en Contabilidad, con experiencia en el sector p\u00fablico y privado, lo que aporta una visi\u00f3n estrat\u00e9gica orientada a resultados, eficiencia institucional e innovaci\u00f3n.<\/p>\n<p><strong>Equipo JCI RD<\/strong><\/p>\n<p>La gesti\u00f3n 2026 contar\u00e1 con un Comit\u00e9 Ejecutivo Nacional integrado, adem\u00e1s de la presidenta Patricia Lapaix, por Jill de Sena como Pasado Presidente Inmediato; Yiliany Cid y Ambar Guillermo como Vicepresidentas Ejecutivas Nacionales; Melina Espinal, Eduardo Reynoso y Claritza Valdez como Vicepresidentes Nacionales; Ram\u00f3n Emilio L\u00f3pez como Tesorero Nacional; Jerilee Batista como Asesora Legal; Ana Montero como Secretaria Nacional; y Edward de Jes\u00fas como Asistente Ejecutivo.<\/p>\n<p>Asimismo, el equipo de Directores Nacionales estar\u00e1 conformado por Ismael Elivo en Capacitaciones; Milaydy P\u00e9rez en Marketing y Relaciones P\u00fablicas; Sailin Sierra en Comunidad; Sharina N\u00fa\u00f1ez en Supervisi\u00f3n de Eventos; Amanda De Los Santos en Crecimiento; Kelvin Ortega en Internacionalismo; Yamilca Alvarado en Recursos; Felipe Ram\u00edrez en Negocios; Andr\u00e9s Sarita en Planes Estrat\u00e9gicos; Roc\u00edo L\u00f3pez en Deberes Humanos; Oliver Pe\u00f1a en Junior Club; Frandy Hierro en Sostenibilidad; y Miguel Ot\u00e1\u00f1ez como Director de Reputaci\u00f3n y Cohesi\u00f3n Social.<\/p>\n<p>En esa direcci\u00f3n, la l\u00edder de la JCI Rep\u00fablica Dominicana explic\u00f3 que \u201ceste equipo se inscribe dentro de los lideres j\u00f3venes que tienen una visi\u00f3n de un mundo donde la cohesi\u00f3n social, la construcci\u00f3n de paz traigan oportunidades de desarrollo de liderazgo que empoderen a los j\u00f3venes para crear cambios positivos, fortaleciendo su impacto en las comunidades desde un liderazgo responsable en el presente que asegure sostenibilidad futura\u201d.<\/p>\n<p><strong>Organizaciones locales<\/strong><\/p>\n<p>La JCI en el pa\u00eds est\u00e1 conformada por una red de organizaciones locales que articulan el liderazgo juvenil en distintos puntos del pa\u00eds, entre las que se encuentran JCI Jaycees 72, JCI Femenina Santo Domingo, JCI 80 INC, JCI Santiago, JCI Puerto Plata, JCI Moca 84, JCI Bonao, JCI Santo Domingo Oriental y JCI La Vega, las cuales desarrollan programas de formaci\u00f3n, acci\u00f3n comunitaria, emprendimiento e impacto social, contribuyendo de manera activa al desarrollo sostenible y al fortalecimiento del liderazgo joven en la Rep\u00fablica Dominicana.<\/p>\n<p>of-am<\/p>\n<div class=\"heateor_sss_sharing_container heateor_sss_horizontal_sharing\" data-heateor-sss-href=\"https:\/\/almomento.net\/patricia-lapaix-es-electa-como-presidenta-de-la-camara-junior\/\" readability=\"7\">\n<p>Comp\u00e1rtelo en tus redes:<\/p>\n<\/div>\n<p> <!-- 468x60 --><br \/>\n<ins class=\"adsbygoogle\" data-ad-client=\"ca-pub-3511341636159665\" data-ad-slot=\"3538255450\"><\/ins> <!-- .entry-content --> <\/p>\n","protected":false},"excerpt":{"rendered":"<p>Patricia Lapaix SANTO DOMINGO.- La C\u00e1mara Junior&#46;&#46;&#46;<\/p>\n","protected":false},"author":1,"featured_media":6582,"comment_status":"closed","ping_status":"closed","sticky":false,"template":"","format":"standard","meta":{"_jetpack_memberships_contains_paid_content":false,"footnotes":"","jetpack_publicize_message":"","jetpack_publicize_feature_enabled":true,"jetpack_social_post_already_shared":false,"jetpack_social_options":{"image_generator_settings":{"template":"highway","default_image_id":0,"font":"","enabled":false},"version":2}},"categories":[45],"tags":[],"class_list":["post-6581","post","type-post","status-publish","format-standard","has-post-thumbnail","hentry","category-variedades"],"yoast_head":"<!-- This site is optimized with the Yoast SEO plugin v27.3 - https:\/\/yoast.com\/product\/yoast-seo-wordpress\/ -->\n<title>Patricia Lapaix es electa como presidenta de la C\u00e1mara Junior - Sarmiento24h<\/title>\n<meta name=\"robots\" content=\"index, follow, max-snippet:-1, max-image-preview:large, max-video-preview:-1\" \/>\n<link rel=\"canonical\" href=\"https:\/\/sarmiento24h.com\/?p=6581\" \/>\n<meta property=\"og:locale\" content=\"es_ES\" \/>\n<meta property=\"og:type\" content=\"article\" \/>\n<meta property=\"og:title\" content=\"Patricia Lapaix es electa como presidenta de la C\u00e1mara Junior - Sarmiento24h\" \/>\n<meta property=\"og:description\" content=\"Patricia Lapaix SANTO DOMINGO.- La C\u00e1mara Junior&#046;&#046;&#046;\" \/>\n<meta property=\"og:url\" content=\"https:\/\/sarmiento24h.com\/?p=6581\" \/>\n<meta property=\"og:site_name\" content=\"Sarmiento24h\" \/>\n<meta property=\"article:publisher\" content=\"https:\/\/facebook.com\/s24hnoticias\" \/>\n<meta property=\"article:published_time\" content=\"2026-01-10T05:16:11+00:00\" \/>\n<meta property=\"og:image\" content=\"https:\/\/sarmiento24h.com\/wp-content\/uploads\/2026\/01\/patricia-lapaix-es-electa-como-presidenta-de-la-camara-junior.jpg\" \/>\n\t<meta property=\"og:image:width\" content=\"651\" \/>\n\t<meta property=\"og:image:height\" content=\"564\" \/>\n\t<meta property=\"og:image:type\" content=\"image\/jpeg\" \/>\n<meta name=\"author\" content=\"sarmiento24h@gmail.com\" \/>\n<meta name=\"twitter:card\" content=\"summary_large_image\" \/>\n<meta name=\"twitter:creator\" content=\"@sarmiento24h\" \/>\n<meta name=\"twitter:site\" content=\"@sarmiento24h\" \/>\n<meta name=\"twitter:label1\" content=\"Escrito por\" \/>\n\t<meta name=\"twitter:data1\" content=\"sarmiento24h@gmail.com\" \/>\n\t<meta name=\"twitter:label2\" content=\"Tiempo de lectura\" \/>\n\t<meta name=\"twitter:data2\" content=\"3 minutos\" \/>\n<script type=\"application\/ld+json\" class=\"yoast-schema-graph\">{\"@context\":\"https:\\\/\\\/schema.org\",\"@graph\":[{\"@type\":\"Article\",\"@id\":\"https:\\\/\\\/sarmiento24h.com\\\/?p=6581#article\",\"isPartOf\":{\"@id\":\"https:\\\/\\\/sarmiento24h.com\\\/?p=6581\"},\"author\":{\"name\":\"sarmiento24h@gmail.com\",\"@id\":\"https:\\\/\\\/sarmiento24h.com\\\/#\\\/schema\\\/person\\\/d653a59725ad629a7e0429af7b939d4d\"},\"headline\":\"Patricia Lapaix es electa como presidenta de la C\u00e1mara Junior\",\"datePublished\":\"2026-01-10T05:16:11+00:00\",\"mainEntityOfPage\":{\"@id\":\"https:\\\/\\\/sarmiento24h.com\\\/?p=6581\"},\"wordCount\":584,\"publisher\":{\"@id\":\"https:\\\/\\\/sarmiento24h.com\\\/#organization\"},\"image\":{\"@id\":\"https:\\\/\\\/sarmiento24h.com\\\/?p=6581#primaryimage\"},\"thumbnailUrl\":\"https:\\\/\\\/sarmiento24h.com\\\/wp-content\\\/uploads\\\/2026\\\/01\\\/patricia-lapaix-es-electa-como-presidenta-de-la-camara-junior.jpg\",\"articleSection\":[\"Variedades\"],\"inLanguage\":\"es\"},{\"@type\":\"WebPage\",\"@id\":\"https:\\\/\\\/sarmiento24h.com\\\/?p=6581\",\"url\":\"https:\\\/\\\/sarmiento24h.com\\\/?p=6581\",\"name\":\"Patricia Lapaix es electa como presidenta de la C\u00e1mara Junior - Sarmiento24h\",\"isPartOf\":{\"@id\":\"https:\\\/\\\/sarmiento24h.com\\\/#website\"},\"primaryImageOfPage\":{\"@id\":\"https:\\\/\\\/sarmiento24h.com\\\/?p=6581#primaryimage\"},\"image\":{\"@id\":\"https:\\\/\\\/sarmiento24h.com\\\/?p=6581#primaryimage\"},\"thumbnailUrl\":\"https:\\\/\\\/sarmiento24h.com\\\/wp-content\\\/uploads\\\/2026\\\/01\\\/patricia-lapaix-es-electa-como-presidenta-de-la-camara-junior.jpg\",\"datePublished\":\"2026-01-10T05:16:11+00:00\",\"breadcrumb\":{\"@id\":\"https:\\\/\\\/sarmiento24h.com\\\/?p=6581#breadcrumb\"},\"inLanguage\":\"es\",\"potentialAction\":[{\"@type\":\"ReadAction\",\"target\":[\"https:\\\/\\\/sarmiento24h.com\\\/?p=6581\"]}]},{\"@type\":\"ImageObject\",\"inLanguage\":\"es\",\"@id\":\"https:\\\/\\\/sarmiento24h.com\\\/?p=6581#primaryimage\",\"url\":\"https:\\\/\\\/sarmiento24h.com\\\/wp-content\\\/uploads\\\/2026\\\/01\\\/patricia-lapaix-es-electa-como-presidenta-de-la-camara-junior.jpg\",\"contentUrl\":\"https:\\\/\\\/sarmiento24h.com\\\/wp-content\\\/uploads\\\/2026\\\/01\\\/patricia-lapaix-es-electa-como-presidenta-de-la-camara-junior.jpg\",\"width\":651,\"height\":564},{\"@type\":\"BreadcrumbList\",\"@id\":\"https:\\\/\\\/sarmiento24h.com\\\/?p=6581#breadcrumb\",\"itemListElement\":[{\"@type\":\"ListItem\",\"position\":1,\"name\":\"Home\",\"item\":\"https:\\\/\\\/sarmiento24h.com\\\/\"},{\"@type\":\"ListItem\",\"position\":2,\"name\":\"Patricia Lapaix es electa como presidenta de la C\u00e1mara Junior\"}]},{\"@type\":\"WebSite\",\"@id\":\"https:\\\/\\\/sarmiento24h.com\\\/#website\",\"url\":\"https:\\\/\\\/sarmiento24h.com\\\/\",\"name\":\"Sarmiento24h\",\"description\":\"\",\"publisher\":{\"@id\":\"https:\\\/\\\/sarmiento24h.com\\\/#organization\"},\"potentialAction\":[{\"@type\":\"SearchAction\",\"target\":{\"@type\":\"EntryPoint\",\"urlTemplate\":\"https:\\\/\\\/sarmiento24h.com\\\/?s={search_term_string}\"},\"query-input\":{\"@type\":\"PropertyValueSpecification\",\"valueRequired\":true,\"valueName\":\"search_term_string\"}}],\"inLanguage\":\"es\"},{\"@type\":\"Organization\",\"@id\":\"https:\\\/\\\/sarmiento24h.com\\\/#organization\",\"name\":\"Sarmiento24h\",\"url\":\"https:\\\/\\\/sarmiento24h.com\\\/\",\"logo\":{\"@type\":\"ImageObject\",\"inLanguage\":\"es\",\"@id\":\"https:\\\/\\\/sarmiento24h.com\\\/#\\\/schema\\\/logo\\\/image\\\/\",\"url\":\"https:\\\/\\\/sarmiento24h.com\\\/wp-content\\\/uploads\\\/2025\\\/12\\\/AddText_12-16-10.30.52.jpg\",\"contentUrl\":\"https:\\\/\\\/sarmiento24h.com\\\/wp-content\\\/uploads\\\/2025\\\/12\\\/AddText_12-16-10.30.52.jpg\",\"width\":1220,\"height\":324,\"caption\":\"Sarmiento24h\"},\"image\":{\"@id\":\"https:\\\/\\\/sarmiento24h.com\\\/#\\\/schema\\\/logo\\\/image\\\/\"},\"sameAs\":[\"https:\\\/\\\/facebook.com\\\/s24hnoticias\",\"https:\\\/\\\/x.com\\\/sarmiento24h\"]},{\"@type\":\"Person\",\"@id\":\"https:\\\/\\\/sarmiento24h.com\\\/#\\\/schema\\\/person\\\/d653a59725ad629a7e0429af7b939d4d\",\"name\":\"sarmiento24h@gmail.com\",\"image\":{\"@type\":\"ImageObject\",\"inLanguage\":\"es\",\"@id\":\"https:\\\/\\\/sarmiento24h.com\\\/wp-content\\\/litespeed\\\/avatar\\\/d02cbc4e23c747e6659cd45907173c8f.jpg?ver=1777157796\",\"url\":\"https:\\\/\\\/sarmiento24h.com\\\/wp-content\\\/litespeed\\\/avatar\\\/d02cbc4e23c747e6659cd45907173c8f.jpg?ver=1777157796\",\"contentUrl\":\"https:\\\/\\\/sarmiento24h.com\\\/wp-content\\\/litespeed\\\/avatar\\\/d02cbc4e23c747e6659cd45907173c8f.jpg?ver=1777157796\",\"caption\":\"sarmiento24h@gmail.com\"},\"sameAs\":[\"https:\\\/\\\/sarmiento24h.com\"],\"url\":\"https:\\\/\\\/sarmiento24h.com\\\/?author=1\"}]}<\/script>\n<!-- \/ Yoast SEO plugin. -->","yoast_head_json":{"title":"Patricia Lapaix es electa como presidenta de la C\u00e1mara Junior - Sarmiento24h","robots":{"index":"index","follow":"follow","max-snippet":"max-snippet:-1","max-image-preview":"max-image-preview:large","max-video-preview":"max-video-preview:-1"},"canonical":"https:\/\/sarmiento24h.com\/?p=6581","og_locale":"es_ES","og_type":"article","og_title":"Patricia Lapaix es electa como presidenta de la C\u00e1mara Junior - Sarmiento24h","og_description":"Patricia Lapaix SANTO DOMINGO.- La C\u00e1mara Junior&#46;&#46;&#46;","og_url":"https:\/\/sarmiento24h.com\/?p=6581","og_site_name":"Sarmiento24h","article_publisher":"https:\/\/facebook.com\/s24hnoticias","article_published_time":"2026-01-10T05:16:11+00:00","og_image":[{"width":651,"height":564,"url":"https:\/\/sarmiento24h.com\/wp-content\/uploads\/2026\/01\/patricia-lapaix-es-electa-como-presidenta-de-la-camara-junior.jpg","type":"image\/jpeg"}],"author":"sarmiento24h@gmail.com","twitter_card":"summary_large_image","twitter_creator":"@sarmiento24h","twitter_site":"@sarmiento24h","twitter_misc":{"Escrito por":"sarmiento24h@gmail.com","Tiempo de lectura":"3 minutos"},"schema":{"@context":"https:\/\/schema.org","@graph":[{"@type":"Article","@id":"https:\/\/sarmiento24h.com\/?p=6581#article","isPartOf":{"@id":"https:\/\/sarmiento24h.com\/?p=6581"},"author":{"name":"sarmiento24h@gmail.com","@id":"https:\/\/sarmiento24h.com\/#\/schema\/person\/d653a59725ad629a7e0429af7b939d4d"},"headline":"Patricia Lapaix es electa como presidenta de la C\u00e1mara Junior","datePublished":"2026-01-10T05:16:11+00:00","mainEntityOfPage":{"@id":"https:\/\/sarmiento24h.com\/?p=6581"},"wordCount":584,"publisher":{"@id":"https:\/\/sarmiento24h.com\/#organization"},"image":{"@id":"https:\/\/sarmiento24h.com\/?p=6581#primaryimage"},"thumbnailUrl":"https:\/\/sarmiento24h.com\/wp-content\/uploads\/2026\/01\/patricia-lapaix-es-electa-como-presidenta-de-la-camara-junior.jpg","articleSection":["Variedades"],"inLanguage":"es"},{"@type":"WebPage","@id":"https:\/\/sarmiento24h.com\/?p=6581","url":"https:\/\/sarmiento24h.com\/?p=6581","name":"Patricia Lapaix es electa como presidenta de la C\u00e1mara Junior - Sarmiento24h","isPartOf":{"@id":"https:\/\/sarmiento24h.com\/#website"},"primaryImageOfPage":{"@id":"https:\/\/sarmiento24h.com\/?p=6581#primaryimage"},"image":{"@id":"https:\/\/sarmiento24h.com\/?p=6581#primaryimage"},"thumbnailUrl":"https:\/\/sarmiento24h.com\/wp-content\/uploads\/2026\/01\/patricia-lapaix-es-electa-como-presidenta-de-la-camara-junior.jpg","datePublished":"2026-01-10T05:16:11+00:00","breadcrumb":{"@id":"https:\/\/sarmiento24h.com\/?p=6581#breadcrumb"},"inLanguage":"es","potentialAction":[{"@type":"ReadAction","target":["https:\/\/sarmiento24h.com\/?p=6581"]}]},{"@type":"ImageObject","inLanguage":"es","@id":"https:\/\/sarmiento24h.com\/?p=6581#primaryimage","url":"https:\/\/sarmiento24h.com\/wp-content\/uploads\/2026\/01\/patricia-lapaix-es-electa-como-presidenta-de-la-camara-junior.jpg","contentUrl":"https:\/\/sarmiento24h.com\/wp-content\/uploads\/2026\/01\/patricia-lapaix-es-electa-como-presidenta-de-la-camara-junior.jpg","width":651,"height":564},{"@type":"BreadcrumbList","@id":"https:\/\/sarmiento24h.com\/?p=6581#breadcrumb","itemListElement":[{"@type":"ListItem","position":1,"name":"Home","item":"https:\/\/sarmiento24h.com\/"},{"@type":"ListItem","position":2,"name":"Patricia Lapaix es electa como presidenta de la C\u00e1mara Junior"}]},{"@type":"WebSite","@id":"https:\/\/sarmiento24h.com\/#website","url":"https:\/\/sarmiento24h.com\/","name":"Sarmiento24h","description":"","publisher":{"@id":"https:\/\/sarmiento24h.com\/#organization"},"potentialAction":[{"@type":"SearchAction","target":{"@type":"EntryPoint","urlTemplate":"https:\/\/sarmiento24h.com\/?s={search_term_string}"},"query-input":{"@type":"PropertyValueSpecification","valueRequired":true,"valueName":"search_term_string"}}],"inLanguage":"es"},{"@type":"Organization","@id":"https:\/\/sarmiento24h.com\/#organization","name":"Sarmiento24h","url":"https:\/\/sarmiento24h.com\/","logo":{"@type":"ImageObject","inLanguage":"es","@id":"https:\/\/sarmiento24h.com\/#\/schema\/logo\/image\/","url":"https:\/\/sarmiento24h.com\/wp-content\/uploads\/2025\/12\/AddText_12-16-10.30.52.jpg","contentUrl":"https:\/\/sarmiento24h.com\/wp-content\/uploads\/2025\/12\/AddText_12-16-10.30.52.jpg","width":1220,"height":324,"caption":"Sarmiento24h"},"image":{"@id":"https:\/\/sarmiento24h.com\/#\/schema\/logo\/image\/"},"sameAs":["https:\/\/facebook.com\/s24hnoticias","https:\/\/x.com\/sarmiento24h"]},{"@type":"Person","@id":"https:\/\/sarmiento24h.com\/#\/schema\/person\/d653a59725ad629a7e0429af7b939d4d","name":"sarmiento24h@gmail.com","image":{"@type":"ImageObject","inLanguage":"es","@id":"https:\/\/sarmiento24h.com\/wp-content\/litespeed\/avatar\/d02cbc4e23c747e6659cd45907173c8f.jpg?ver=1777157796","url":"https:\/\/sarmiento24h.com\/wp-content\/litespeed\/avatar\/d02cbc4e23c747e6659cd45907173c8f.jpg?ver=1777157796","contentUrl":"https:\/\/sarmiento24h.com\/wp-content\/litespeed\/avatar\/d02cbc4e23c747e6659cd45907173c8f.jpg?ver=1777157796","caption":"sarmiento24h@gmail.com"},"sameAs":["https:\/\/sarmiento24h.com"],"url":"https:\/\/sarmiento24h.com\/?author=1"}]}},"jetpack_publicize_connections":[],"jetpack_featured_media_url":"https:\/\/sarmiento24h.com\/wp-content\/uploads\/2026\/01\/patricia-lapaix-es-electa-como-presidenta-de-la-camara-junior.jpg","jetpack_sharing_enabled":true,"_links":{"self":[{"href":"https:\/\/sarmiento24h.com\/index.php?rest_route=\/wp\/v2\/posts\/6581","targetHints":{"allow":["GET"]}}],"collection":[{"href":"https:\/\/sarmiento24h.com\/index.php?rest_route=\/wp\/v2\/posts"}],"about":[{"href":"https:\/\/sarmiento24h.com\/index.php?rest_route=\/wp\/v2\/types\/post"}],"author":[{"embeddable":true,"href":"https:\/\/sarmiento24h.com\/index.php?rest_route=\/wp\/v2\/users\/1"}],"replies":[{"embeddable":true,"href":"https:\/\/sarmiento24h.com\/index.php?rest_route=%2Fwp%2Fv2%2Fcomments&post=6581"}],"version-history":[{"count":0,"href":"https:\/\/sarmiento24h.com\/index.php?rest_route=\/wp\/v2\/posts\/6581\/revisions"}],"wp:featuredmedia":[{"embeddable":true,"href":"https:\/\/sarmiento24h.com\/index.php?rest_route=\/wp\/v2\/media\/6582"}],"wp:attachment":[{"href":"https:\/\/sarmiento24h.com\/index.php?rest_route=%2Fwp%2Fv2%2Fmedia&parent=6581"}],"wp:term":[{"taxonomy":"category","embeddable":true,"href":"https:\/\/sarmiento24h.com\/index.php?rest_route=%2Fwp%2Fv2%2Fcategories&post=6581"},{"taxonomy":"post_tag","embeddable":true,"href":"https:\/\/sarmiento24h.com\/index.php?rest_route=%2Fwp%2Fv2%2Ftags&post=6581"}],"curies":[{"name":"wp","href":"https:\/\/api.w.org\/{rel}","templated":true}]}}