{"id":66838,"date":"2026-03-17T05:07:00","date_gmt":"2026-03-17T05:07:00","guid":{"rendered":"http:\/\/almomento.net\/?p=1105703"},"modified":"2026-03-17T05:07:00","modified_gmt":"2026-03-17T05:07:00","slug":"centro-cultural-br-anuncia-concierto-patricia-pereyra","status":"publish","type":"post","link":"https:\/\/sarmiento24h.com\/?p=66838","title":{"rendered":"Centro Cultural BR anuncia concierto Patricia Pereyra"},"content":{"rendered":"<p><!-- .entry-header --> <\/p>\n<div class=\"img_center\"> <a href=\"https:\/\/sarmiento24h.com\/wp-content\/uploads\/2026\/03\/centro-cultural-br-anuncia-concierto-patricia-pereyra.jpg\" title=\"Centro Cultural BR anuncia concierto Patricia Pereyra\" data-toggle=\"lightbox\" class=\"thickbox\"><img decoding=\"async\" src=\"https:\/\/sarmiento24h.com\/wp-content\/uploads\/2026\/03\/centro-cultural-br-anuncia-concierto-patricia-pereyra.jpg\" class=\"attachment-post-thumbnail size-post-thumbnail wp-post-image\" alt=\"imagen\" title=\"Centro Cultural BR anuncia concierto Patricia Pereyra\" data-toggle data-title=\"Centro Cultural BR anuncia concierto Patricia Pereyra\"><\/a><\/p>\n<p>Patricia Pereyra<\/p>\n<\/p><\/div>\n<p><strong>SANTIAGO DE LOS CABALLEROS.\u2013<\/strong>&nbsp;El Centro Cultural Banreservas Santiago anunci\u00f3 la presentaci\u00f3n del concierto \u201cPat Pereyra &amp; banda\u201d, una velada musical que reunir\u00e1 a destacados m\u00fasicos dominicanos bajo la voz de una de las int\u00e9rpretes m\u00e1s singulares del jazz y el blues en el pa\u00eds.<\/p>\n<p>El espect\u00e1culo se realizar\u00e1 el viernes 20 de marzo, a las 7:00 de la noche, en la sede del Centro Cultural Banreservas Santiago, ubicada en la calle 30 de Marzo, esquina M\u00e1ximo G\u00f3mez, en el centro hist\u00f3rico de la ciudad.<\/p>\n<p>La presentaci\u00f3n estar\u00e1 encabezada por Pat Pereyra, nombre art\u00edstico de la cantante y compositora Patricia Mercedes Mar\u00eda Maximina Pereyra Contreras, nacida en Santiago de los Caballeros y reconocida por su propuesta musical que fusiona g\u00e9neros como jazz, blues, rock y ritmos del mundo.<\/p>\n<p>La cantante estar\u00e1 acompa\u00f1ada por una banda integrada por los destacados m\u00fasicos Rafelito Mirabal, Isaac Hern\u00e1ndez, Ivanova Casimiro, Edwards Olivo, Smarly Belliard y Gonzalo Fr\u00f3meta, quienes aportar\u00e1n su talento instrumental a una propuesta sonora que combina virtuosismo y sensibilidad art\u00edstica. La direcci\u00f3n musical del concierto estar\u00e1 a cargo del reconocido pianista y compositor dominicano Rafelito Mirabal.<\/p>\n<p>Durante la velada, el p\u00fablico podr\u00e1 disfrutar de algunas de las composiciones m\u00e1s representativas de la artista, entre ellas \u201cSer\u00e1\u201d, \u201cAgua clara\u201d, \u201c\u00c1ngel\u201d, \u201cAzul\u201d y \u201cEl canto de la ciguapa\u201d, entre otras piezas que forman parte de su repertorio.<\/p>\n<p>Este concierto forma parte de una serie de presentaciones musicales que Banreservas desarrollar\u00e1 a trav\u00e9s de sus centros culturales en Santo Domingo y Santiago, con el objetivo de impulsar y difundir el talento art\u00edstico nacional.<\/p>\n<p>\u201cEsta iniciativa inici\u00f3 el pasado mes de diciembre con el concierto \u2018Los Merengues del Terror Luis D\u00edas\u2019, a cargo del reconocido m\u00fasico Jos\u00e9 Duluc, y ahora retomamos esta programaci\u00f3n con Patricia Pereyra, en busca de seguir promoviendo la m\u00fasica dominicana y ofrecer al p\u00fablico propuestas art\u00edsticas de calidad\u201d, expres\u00f3 Gladialisa Pereyra, gerente del Centro Cultural Banreservas Zona Norte.<\/p>\n<p>Pereyra inici\u00f3 su trayectoria en la d\u00e9cada de 1980 y ha participado en importantes escenarios y festivales musicales dentro y fuera del pa\u00eds. En 1989 grab\u00f3 junto al guitarrista Juan Francisco Ord\u00f3\u00f1ez el \u00e1lbum \u201cCabaret Azul\u201d, considerado posteriormente entre los 100 discos esenciales de la m\u00fasica dominicana, seg\u00fan la Asociaci\u00f3n de Cronistas de Arte (Acroarte). A lo largo de su carrera ha desarrollado una propuesta art\u00edstica de fuerte identidad, caracterizada por la fusi\u00f3n de estilos y la intensidad interpretativa.<\/p>\n<p>of-am<\/p>\n<div class=\"heateor_sss_sharing_container heateor_sss_horizontal_sharing\" data-heateor-sss-href=\"https:\/\/almomento.net\/centro-cultural-br-anuncia-concierto-patricia-pereyra\/\">\n<p>Comp\u00e1rtelo en tus redes:<\/p>\n<\/div>\n<p> <!-- 468x60 --><br \/>\n<ins class=\"adsbygoogle\" data-ad-client=\"ca-pub-3511341636159665\" data-ad-slot=\"3538255450\"><\/ins> <!-- .entry-content --> <\/p>\n","protected":false},"excerpt":{"rendered":"<p>Patricia Pereyra SANTIAGO DE LOS CABALLEROS.\u2013&nbsp;El Centro&#46;&#46;&#46;<\/p>\n","protected":false},"author":1,"featured_media":66839,"comment_status":"closed","ping_status":"closed","sticky":false,"template":"","format":"standard","meta":{"_jetpack_memberships_contains_paid_content":false,"footnotes":"","jetpack_publicize_message":"","jetpack_publicize_feature_enabled":true,"jetpack_social_post_already_shared":true,"jetpack_social_options":{"image_generator_settings":{"template":"highway","default_image_id":0,"font":"","enabled":false},"version":2}},"categories":[45],"tags":[],"class_list":["post-66838","post","type-post","status-publish","format-standard","has-post-thumbnail","hentry","category-variedades"],"yoast_head":"<!-- This site is optimized with the Yoast SEO plugin v27.3 - https:\/\/yoast.com\/product\/yoast-seo-wordpress\/ -->\n<title>Centro Cultural BR anuncia concierto Patricia Pereyra - Sarmiento24h<\/title>\n<meta name=\"robots\" content=\"index, follow, max-snippet:-1, max-image-preview:large, max-video-preview:-1\" \/>\n<link rel=\"canonical\" href=\"https:\/\/sarmiento24h.com\/?p=66838\" \/>\n<meta property=\"og:locale\" content=\"es_ES\" \/>\n<meta property=\"og:type\" content=\"article\" \/>\n<meta property=\"og:title\" content=\"Centro Cultural BR anuncia concierto Patricia Pereyra - Sarmiento24h\" \/>\n<meta property=\"og:description\" content=\"Patricia Pereyra SANTIAGO DE LOS CABALLEROS.\u2013&nbsp;El Centro&#046;&#046;&#046;\" \/>\n<meta property=\"og:url\" content=\"https:\/\/sarmiento24h.com\/?p=66838\" \/>\n<meta property=\"og:site_name\" content=\"Sarmiento24h\" \/>\n<meta property=\"article:publisher\" content=\"https:\/\/facebook.com\/s24hnoticias\" \/>\n<meta property=\"article:published_time\" content=\"2026-03-17T05:07:00+00:00\" \/>\n<meta property=\"og:image\" content=\"https:\/\/sarmiento24h.com\/wp-content\/uploads\/2026\/03\/centro-cultural-br-anuncia-concierto-patricia-pereyra.jpg\" \/>\n\t<meta property=\"og:image:width\" content=\"600\" \/>\n\t<meta property=\"og:image:height\" content=\"398\" \/>\n\t<meta property=\"og:image:type\" content=\"image\/jpeg\" \/>\n<meta name=\"author\" content=\"sarmiento24h@gmail.com\" \/>\n<meta name=\"twitter:card\" content=\"summary_large_image\" \/>\n<meta name=\"twitter:creator\" content=\"@sarmiento24h\" \/>\n<meta name=\"twitter:site\" content=\"@sarmiento24h\" \/>\n<meta name=\"twitter:label1\" content=\"Escrito por\" \/>\n\t<meta name=\"twitter:data1\" content=\"sarmiento24h@gmail.com\" \/>\n\t<meta name=\"twitter:label2\" content=\"Tiempo de lectura\" \/>\n\t<meta name=\"twitter:data2\" content=\"2 minutos\" \/>\n<script type=\"application\/ld+json\" class=\"yoast-schema-graph\">{\"@context\":\"https:\\\/\\\/schema.org\",\"@graph\":[{\"@type\":\"Article\",\"@id\":\"https:\\\/\\\/sarmiento24h.com\\\/?p=66838#article\",\"isPartOf\":{\"@id\":\"https:\\\/\\\/sarmiento24h.com\\\/?p=66838\"},\"author\":{\"name\":\"sarmiento24h@gmail.com\",\"@id\":\"https:\\\/\\\/sarmiento24h.com\\\/#\\\/schema\\\/person\\\/d653a59725ad629a7e0429af7b939d4d\"},\"headline\":\"Centro Cultural BR anuncia concierto Patricia Pereyra\",\"datePublished\":\"2026-03-17T05:07:00+00:00\",\"mainEntityOfPage\":{\"@id\":\"https:\\\/\\\/sarmiento24h.com\\\/?p=66838\"},\"wordCount\":443,\"publisher\":{\"@id\":\"https:\\\/\\\/sarmiento24h.com\\\/#organization\"},\"image\":{\"@id\":\"https:\\\/\\\/sarmiento24h.com\\\/?p=66838#primaryimage\"},\"thumbnailUrl\":\"https:\\\/\\\/sarmiento24h.com\\\/wp-content\\\/uploads\\\/2026\\\/03\\\/centro-cultural-br-anuncia-concierto-patricia-pereyra.jpg\",\"articleSection\":[\"Variedades\"],\"inLanguage\":\"es\"},{\"@type\":\"WebPage\",\"@id\":\"https:\\\/\\\/sarmiento24h.com\\\/?p=66838\",\"url\":\"https:\\\/\\\/sarmiento24h.com\\\/?p=66838\",\"name\":\"Centro Cultural BR anuncia concierto Patricia Pereyra - Sarmiento24h\",\"isPartOf\":{\"@id\":\"https:\\\/\\\/sarmiento24h.com\\\/#website\"},\"primaryImageOfPage\":{\"@id\":\"https:\\\/\\\/sarmiento24h.com\\\/?p=66838#primaryimage\"},\"image\":{\"@id\":\"https:\\\/\\\/sarmiento24h.com\\\/?p=66838#primaryimage\"},\"thumbnailUrl\":\"https:\\\/\\\/sarmiento24h.com\\\/wp-content\\\/uploads\\\/2026\\\/03\\\/centro-cultural-br-anuncia-concierto-patricia-pereyra.jpg\",\"datePublished\":\"2026-03-17T05:07:00+00:00\",\"breadcrumb\":{\"@id\":\"https:\\\/\\\/sarmiento24h.com\\\/?p=66838#breadcrumb\"},\"inLanguage\":\"es\",\"potentialAction\":[{\"@type\":\"ReadAction\",\"target\":[\"https:\\\/\\\/sarmiento24h.com\\\/?p=66838\"]}]},{\"@type\":\"ImageObject\",\"inLanguage\":\"es\",\"@id\":\"https:\\\/\\\/sarmiento24h.com\\\/?p=66838#primaryimage\",\"url\":\"https:\\\/\\\/sarmiento24h.com\\\/wp-content\\\/uploads\\\/2026\\\/03\\\/centro-cultural-br-anuncia-concierto-patricia-pereyra.jpg\",\"contentUrl\":\"https:\\\/\\\/sarmiento24h.com\\\/wp-content\\\/uploads\\\/2026\\\/03\\\/centro-cultural-br-anuncia-concierto-patricia-pereyra.jpg\",\"width\":600,\"height\":398},{\"@type\":\"BreadcrumbList\",\"@id\":\"https:\\\/\\\/sarmiento24h.com\\\/?p=66838#breadcrumb\",\"itemListElement\":[{\"@type\":\"ListItem\",\"position\":1,\"name\":\"Home\",\"item\":\"https:\\\/\\\/sarmiento24h.com\\\/\"},{\"@type\":\"ListItem\",\"position\":2,\"name\":\"Centro Cultural BR anuncia concierto Patricia Pereyra\"}]},{\"@type\":\"WebSite\",\"@id\":\"https:\\\/\\\/sarmiento24h.com\\\/#website\",\"url\":\"https:\\\/\\\/sarmiento24h.com\\\/\",\"name\":\"Sarmiento24h\",\"description\":\"\",\"publisher\":{\"@id\":\"https:\\\/\\\/sarmiento24h.com\\\/#organization\"},\"potentialAction\":[{\"@type\":\"SearchAction\",\"target\":{\"@type\":\"EntryPoint\",\"urlTemplate\":\"https:\\\/\\\/sarmiento24h.com\\\/?s={search_term_string}\"},\"query-input\":{\"@type\":\"PropertyValueSpecification\",\"valueRequired\":true,\"valueName\":\"search_term_string\"}}],\"inLanguage\":\"es\"},{\"@type\":\"Organization\",\"@id\":\"https:\\\/\\\/sarmiento24h.com\\\/#organization\",\"name\":\"Sarmiento24h\",\"url\":\"https:\\\/\\\/sarmiento24h.com\\\/\",\"logo\":{\"@type\":\"ImageObject\",\"inLanguage\":\"es\",\"@id\":\"https:\\\/\\\/sarmiento24h.com\\\/#\\\/schema\\\/logo\\\/image\\\/\",\"url\":\"https:\\\/\\\/sarmiento24h.com\\\/wp-content\\\/uploads\\\/2025\\\/12\\\/AddText_12-16-10.30.52.jpg\",\"contentUrl\":\"https:\\\/\\\/sarmiento24h.com\\\/wp-content\\\/uploads\\\/2025\\\/12\\\/AddText_12-16-10.30.52.jpg\",\"width\":1220,\"height\":324,\"caption\":\"Sarmiento24h\"},\"image\":{\"@id\":\"https:\\\/\\\/sarmiento24h.com\\\/#\\\/schema\\\/logo\\\/image\\\/\"},\"sameAs\":[\"https:\\\/\\\/facebook.com\\\/s24hnoticias\",\"https:\\\/\\\/x.com\\\/sarmiento24h\"]},{\"@type\":\"Person\",\"@id\":\"https:\\\/\\\/sarmiento24h.com\\\/#\\\/schema\\\/person\\\/d653a59725ad629a7e0429af7b939d4d\",\"name\":\"sarmiento24h@gmail.com\",\"image\":{\"@type\":\"ImageObject\",\"inLanguage\":\"es\",\"@id\":\"https:\\\/\\\/sarmiento24h.com\\\/wp-content\\\/litespeed\\\/avatar\\\/d02cbc4e23c747e6659cd45907173c8f.jpg?ver=1777157796\",\"url\":\"https:\\\/\\\/sarmiento24h.com\\\/wp-content\\\/litespeed\\\/avatar\\\/d02cbc4e23c747e6659cd45907173c8f.jpg?ver=1777157796\",\"contentUrl\":\"https:\\\/\\\/sarmiento24h.com\\\/wp-content\\\/litespeed\\\/avatar\\\/d02cbc4e23c747e6659cd45907173c8f.jpg?ver=1777157796\",\"caption\":\"sarmiento24h@gmail.com\"},\"sameAs\":[\"https:\\\/\\\/sarmiento24h.com\"],\"url\":\"https:\\\/\\\/sarmiento24h.com\\\/?author=1\"}]}<\/script>\n<!-- \/ Yoast SEO plugin. -->","yoast_head_json":{"title":"Centro Cultural BR anuncia concierto Patricia Pereyra - Sarmiento24h","robots":{"index":"index","follow":"follow","max-snippet":"max-snippet:-1","max-image-preview":"max-image-preview:large","max-video-preview":"max-video-preview:-1"},"canonical":"https:\/\/sarmiento24h.com\/?p=66838","og_locale":"es_ES","og_type":"article","og_title":"Centro Cultural BR anuncia concierto Patricia Pereyra - Sarmiento24h","og_description":"Patricia Pereyra SANTIAGO DE LOS CABALLEROS.\u2013&nbsp;El Centro&#46;&#46;&#46;","og_url":"https:\/\/sarmiento24h.com\/?p=66838","og_site_name":"Sarmiento24h","article_publisher":"https:\/\/facebook.com\/s24hnoticias","article_published_time":"2026-03-17T05:07:00+00:00","og_image":[{"width":600,"height":398,"url":"https:\/\/sarmiento24h.com\/wp-content\/uploads\/2026\/03\/centro-cultural-br-anuncia-concierto-patricia-pereyra.jpg","type":"image\/jpeg"}],"author":"sarmiento24h@gmail.com","twitter_card":"summary_large_image","twitter_creator":"@sarmiento24h","twitter_site":"@sarmiento24h","twitter_misc":{"Escrito por":"sarmiento24h@gmail.com","Tiempo de lectura":"2 minutos"},"schema":{"@context":"https:\/\/schema.org","@graph":[{"@type":"Article","@id":"https:\/\/sarmiento24h.com\/?p=66838#article","isPartOf":{"@id":"https:\/\/sarmiento24h.com\/?p=66838"},"author":{"name":"sarmiento24h@gmail.com","@id":"https:\/\/sarmiento24h.com\/#\/schema\/person\/d653a59725ad629a7e0429af7b939d4d"},"headline":"Centro Cultural BR anuncia concierto Patricia Pereyra","datePublished":"2026-03-17T05:07:00+00:00","mainEntityOfPage":{"@id":"https:\/\/sarmiento24h.com\/?p=66838"},"wordCount":443,"publisher":{"@id":"https:\/\/sarmiento24h.com\/#organization"},"image":{"@id":"https:\/\/sarmiento24h.com\/?p=66838#primaryimage"},"thumbnailUrl":"https:\/\/sarmiento24h.com\/wp-content\/uploads\/2026\/03\/centro-cultural-br-anuncia-concierto-patricia-pereyra.jpg","articleSection":["Variedades"],"inLanguage":"es"},{"@type":"WebPage","@id":"https:\/\/sarmiento24h.com\/?p=66838","url":"https:\/\/sarmiento24h.com\/?p=66838","name":"Centro Cultural BR anuncia concierto Patricia Pereyra - Sarmiento24h","isPartOf":{"@id":"https:\/\/sarmiento24h.com\/#website"},"primaryImageOfPage":{"@id":"https:\/\/sarmiento24h.com\/?p=66838#primaryimage"},"image":{"@id":"https:\/\/sarmiento24h.com\/?p=66838#primaryimage"},"thumbnailUrl":"https:\/\/sarmiento24h.com\/wp-content\/uploads\/2026\/03\/centro-cultural-br-anuncia-concierto-patricia-pereyra.jpg","datePublished":"2026-03-17T05:07:00+00:00","breadcrumb":{"@id":"https:\/\/sarmiento24h.com\/?p=66838#breadcrumb"},"inLanguage":"es","potentialAction":[{"@type":"ReadAction","target":["https:\/\/sarmiento24h.com\/?p=66838"]}]},{"@type":"ImageObject","inLanguage":"es","@id":"https:\/\/sarmiento24h.com\/?p=66838#primaryimage","url":"https:\/\/sarmiento24h.com\/wp-content\/uploads\/2026\/03\/centro-cultural-br-anuncia-concierto-patricia-pereyra.jpg","contentUrl":"https:\/\/sarmiento24h.com\/wp-content\/uploads\/2026\/03\/centro-cultural-br-anuncia-concierto-patricia-pereyra.jpg","width":600,"height":398},{"@type":"BreadcrumbList","@id":"https:\/\/sarmiento24h.com\/?p=66838#breadcrumb","itemListElement":[{"@type":"ListItem","position":1,"name":"Home","item":"https:\/\/sarmiento24h.com\/"},{"@type":"ListItem","position":2,"name":"Centro Cultural BR anuncia concierto Patricia Pereyra"}]},{"@type":"WebSite","@id":"https:\/\/sarmiento24h.com\/#website","url":"https:\/\/sarmiento24h.com\/","name":"Sarmiento24h","description":"","publisher":{"@id":"https:\/\/sarmiento24h.com\/#organization"},"potentialAction":[{"@type":"SearchAction","target":{"@type":"EntryPoint","urlTemplate":"https:\/\/sarmiento24h.com\/?s={search_term_string}"},"query-input":{"@type":"PropertyValueSpecification","valueRequired":true,"valueName":"search_term_string"}}],"inLanguage":"es"},{"@type":"Organization","@id":"https:\/\/sarmiento24h.com\/#organization","name":"Sarmiento24h","url":"https:\/\/sarmiento24h.com\/","logo":{"@type":"ImageObject","inLanguage":"es","@id":"https:\/\/sarmiento24h.com\/#\/schema\/logo\/image\/","url":"https:\/\/sarmiento24h.com\/wp-content\/uploads\/2025\/12\/AddText_12-16-10.30.52.jpg","contentUrl":"https:\/\/sarmiento24h.com\/wp-content\/uploads\/2025\/12\/AddText_12-16-10.30.52.jpg","width":1220,"height":324,"caption":"Sarmiento24h"},"image":{"@id":"https:\/\/sarmiento24h.com\/#\/schema\/logo\/image\/"},"sameAs":["https:\/\/facebook.com\/s24hnoticias","https:\/\/x.com\/sarmiento24h"]},{"@type":"Person","@id":"https:\/\/sarmiento24h.com\/#\/schema\/person\/d653a59725ad629a7e0429af7b939d4d","name":"sarmiento24h@gmail.com","image":{"@type":"ImageObject","inLanguage":"es","@id":"https:\/\/sarmiento24h.com\/wp-content\/litespeed\/avatar\/d02cbc4e23c747e6659cd45907173c8f.jpg?ver=1777157796","url":"https:\/\/sarmiento24h.com\/wp-content\/litespeed\/avatar\/d02cbc4e23c747e6659cd45907173c8f.jpg?ver=1777157796","contentUrl":"https:\/\/sarmiento24h.com\/wp-content\/litespeed\/avatar\/d02cbc4e23c747e6659cd45907173c8f.jpg?ver=1777157796","caption":"sarmiento24h@gmail.com"},"sameAs":["https:\/\/sarmiento24h.com"],"url":"https:\/\/sarmiento24h.com\/?author=1"}]}},"jetpack_publicize_connections":[],"jetpack_featured_media_url":"https:\/\/sarmiento24h.com\/wp-content\/uploads\/2026\/03\/centro-cultural-br-anuncia-concierto-patricia-pereyra.jpg","jetpack_sharing_enabled":true,"_links":{"self":[{"href":"https:\/\/sarmiento24h.com\/index.php?rest_route=\/wp\/v2\/posts\/66838","targetHints":{"allow":["GET"]}}],"collection":[{"href":"https:\/\/sarmiento24h.com\/index.php?rest_route=\/wp\/v2\/posts"}],"about":[{"href":"https:\/\/sarmiento24h.com\/index.php?rest_route=\/wp\/v2\/types\/post"}],"author":[{"embeddable":true,"href":"https:\/\/sarmiento24h.com\/index.php?rest_route=\/wp\/v2\/users\/1"}],"replies":[{"embeddable":true,"href":"https:\/\/sarmiento24h.com\/index.php?rest_route=%2Fwp%2Fv2%2Fcomments&post=66838"}],"version-history":[{"count":0,"href":"https:\/\/sarmiento24h.com\/index.php?rest_route=\/wp\/v2\/posts\/66838\/revisions"}],"wp:featuredmedia":[{"embeddable":true,"href":"https:\/\/sarmiento24h.com\/index.php?rest_route=\/wp\/v2\/media\/66839"}],"wp:attachment":[{"href":"https:\/\/sarmiento24h.com\/index.php?rest_route=%2Fwp%2Fv2%2Fmedia&parent=66838"}],"wp:term":[{"taxonomy":"category","embeddable":true,"href":"https:\/\/sarmiento24h.com\/index.php?rest_route=%2Fwp%2Fv2%2Fcategories&post=66838"},{"taxonomy":"post_tag","embeddable":true,"href":"https:\/\/sarmiento24h.com\/index.php?rest_route=%2Fwp%2Fv2%2Ftags&post=66838"}],"curies":[{"name":"wp","href":"https:\/\/api.w.org\/{rel}","templated":true}]}}