{"id":66911,"date":"2026-03-17T05:27:45","date_gmt":"2026-03-17T05:27:45","guid":{"rendered":"http:\/\/almomento.net\/?p=1105748"},"modified":"2026-03-17T05:27:45","modified_gmt":"2026-03-17T05:27:45","slug":"mas-de-40-autores-participaran-en-festival-mar-de-palabras","status":"publish","type":"post","link":"https:\/\/sarmiento24h.com\/?p=66911","title":{"rendered":"M\u00e1s de 40 autores participar\u00e1n en\u00a0Festival \u00abMar de Palabras\u00bb"},"content":{"rendered":"<p><!-- .entry-header --> <\/p>\n<div class=\"img_center\"> <a href=\"https:\/\/sarmiento24h.com\/wp-content\/uploads\/2026\/03\/mas-de-40-autores-participaran-en-festival-mar-de-palabras.jpg\" title=\"M\u00e1s de 40 autores participar\u00e1n en&nbsp;Festival \u00abMar de Palabras\u00bb\" data-toggle=\"lightbox\" class=\"thickbox\"><img decoding=\"async\" src=\"https:\/\/sarmiento24h.com\/wp-content\/uploads\/2026\/03\/mas-de-40-autores-participaran-en-festival-mar-de-palabras.jpg\" class=\"attachment-post-thumbnail size-post-thumbnail wp-post-image\" alt=\"imagen\" title=\"M\u00e1s de 40 autores participar\u00e1n en&nbsp;Festival \u00abMar de Palabras\u00bb\" data-toggle data-title=\"M\u00e1s de 40 autores participar\u00e1n en&nbsp;Festival \u00abMar de Palabras\u00bb\"><\/a><\/p>\n<p>Minerva del Risco en la inauguraci\u00f3n de la primera edici\u00f3n de Mar de Palabras.<\/p>\n<\/p><\/div>\n<p>SANTO DOMINGO. \u2013<strong>&nbsp;<\/strong>La segunda edici\u00f3n del festival literario Mar de Palabras, organizado por la Fundaci\u00f3n Ren\u00e9 del Risco Berm\u00fadez, se celebrar\u00e1 del 19 al 21 de junio en la Ciudad Colonial de Santo Domingo con la participaci\u00f3n de m\u00e1s de 40 autores nacionales e internacionales.<\/p>\n<p>La directora general de Mar de Palabras, Minerva del Risco, adelant\u00f3 que para esta fiesta de la literatura y el pensamiento vendr\u00e1n a la Rep\u00fablica Dominicana escritores como el mexicano Jorge Volpi, autor de obras como Una novela criminal (2018) y La invenci\u00f3n de todas las cosas (2024).<\/p>\n<p>Tambi\u00e9n la escritora y guionista argentina Claudia Pi\u00f1eiro, autora, entre otras, de la novela Elena sabe (2007), que inspir\u00f3 la pel\u00edcula hom\u00f3nima de Netflix de 2023, y de la reciente La muerte ajena (2025)<\/p>\n<p>Asimismo, coment\u00f3 que participar\u00e1 el escritor y antrop\u00f3logo colombiano Carlos Gran\u00e9s, autor del aclamado ensayo Delirio americano (2022), sobre la historia de Am\u00e9rica Latina en el siglo pasado.<\/p>\n<p><strong>PROGRAMA OFICIAL ESTAR\u00c1 DISPONIBLE PR\u00d3XIMAMENTE<\/strong><\/p>\n<p>La directora ejecutiva del festival, Yulissa \u00c1lvarez Caro, dijo que el programa del festival estar\u00e1 disponible pr\u00f3ximamente en su p\u00e1gina web oficial,&nbsp;<a href=\"https:\/\/www.mardepalabras.com\/\" data-saferedirecturl=\"https:\/\/www.google.com\/url?q=https:\/\/www.mardepalabras.com&amp;source=gmail&amp;ust=1773792153702000&amp;usg=AOvVaw0n7bJUv2gH5smAJi1-fpsP\">www.mardepalabras.com<\/a>, donde los interesados podr\u00e1n inscribirse.<\/p>\n<p>Invit\u00f3 a seguir las actualizaciones en las redes sociales: MarDePalabrasFestival en Instagram, MarDePalabrasRD en X, y Festival Mar de Palabras en Facebook.<\/p>\n<p>La primera edici\u00f3n de Mar de Palabras se celebr\u00f3 a finales de junio de 2025.<\/p>\n<p>El evento se realiza con apoyo del Ministerio de Turismo, Banreservas, Consorcio Energ\u00e9tico Punta Cana-Macao (CEPM), Instituto Dominicano de las Telecomunicaciones (INDOTEL) y el Instituto 512 (i512).<\/p>\n<p>La Fundaci\u00f3n Ren\u00e9 del Risco Berm\u00fadez es una organizaci\u00f3n sin fines de lucro dedicada al fomento de la lectura, el intercambio acad\u00e9mico y la organizaci\u00f3n de eventos culturales.<\/p>\n<p>agl\/of-am<\/p>\n<div class=\"heateor_sss_sharing_container heateor_sss_horizontal_sharing\" data-heateor-sss-href=\"https:\/\/almomento.net\/mas-de-40-autores-participaran-en-festival-mar-de-palabras\/\">\n<p>Comp\u00e1rtelo en tus redes:<\/p>\n<\/div>\n<p> <!-- 468x60 --><br \/>\n<ins class=\"adsbygoogle\" data-ad-client=\"ca-pub-3511341636159665\" data-ad-slot=\"3538255450\"><\/ins> <!-- .entry-content --> <\/p>\n","protected":false},"excerpt":{"rendered":"<p>Minerva del Risco en la inauguraci\u00f3n de&#46;&#46;&#46;<\/p>\n","protected":false},"author":1,"featured_media":66912,"comment_status":"closed","ping_status":"closed","sticky":false,"template":"","format":"standard","meta":{"_jetpack_memberships_contains_paid_content":false,"footnotes":"","jetpack_publicize_message":"","jetpack_publicize_feature_enabled":true,"jetpack_social_post_already_shared":true,"jetpack_social_options":{"image_generator_settings":{"template":"highway","default_image_id":0,"font":"","enabled":false},"version":2}},"categories":[45],"tags":[],"class_list":["post-66911","post","type-post","status-publish","format-standard","has-post-thumbnail","hentry","category-variedades"],"yoast_head":"<!-- This site is optimized with the Yoast SEO plugin v27.3 - https:\/\/yoast.com\/product\/yoast-seo-wordpress\/ -->\n<title>M\u00e1s de 40 autores participar\u00e1n en\u00a0Festival \u00abMar de Palabras\u00bb - Sarmiento24h<\/title>\n<meta name=\"robots\" content=\"index, follow, max-snippet:-1, max-image-preview:large, max-video-preview:-1\" \/>\n<link rel=\"canonical\" href=\"https:\/\/sarmiento24h.com\/?p=66911\" \/>\n<meta property=\"og:locale\" content=\"es_ES\" \/>\n<meta property=\"og:type\" content=\"article\" \/>\n<meta property=\"og:title\" content=\"M\u00e1s de 40 autores participar\u00e1n en\u00a0Festival \u00abMar de Palabras\u00bb - Sarmiento24h\" \/>\n<meta property=\"og:description\" content=\"Minerva del Risco en la inauguraci\u00f3n de&#046;&#046;&#046;\" \/>\n<meta property=\"og:url\" content=\"https:\/\/sarmiento24h.com\/?p=66911\" \/>\n<meta property=\"og:site_name\" content=\"Sarmiento24h\" \/>\n<meta property=\"article:publisher\" content=\"https:\/\/facebook.com\/s24hnoticias\" \/>\n<meta property=\"article:published_time\" content=\"2026-03-17T05:27:45+00:00\" \/>\n<meta property=\"og:image\" content=\"https:\/\/sarmiento24h.com\/wp-content\/uploads\/2026\/03\/mas-de-40-autores-participaran-en-festival-mar-de-palabras.jpg\" \/>\n\t<meta property=\"og:image:width\" content=\"623\" \/>\n\t<meta property=\"og:image:height\" content=\"415\" \/>\n\t<meta property=\"og:image:type\" content=\"image\/jpeg\" \/>\n<meta name=\"author\" content=\"sarmiento24h@gmail.com\" \/>\n<meta name=\"twitter:card\" content=\"summary_large_image\" \/>\n<meta name=\"twitter:creator\" content=\"@sarmiento24h\" \/>\n<meta name=\"twitter:site\" content=\"@sarmiento24h\" \/>\n<meta name=\"twitter:label1\" content=\"Escrito por\" \/>\n\t<meta name=\"twitter:data1\" content=\"sarmiento24h@gmail.com\" \/>\n\t<meta name=\"twitter:label2\" content=\"Tiempo de lectura\" \/>\n\t<meta name=\"twitter:data2\" content=\"2 minutos\" \/>\n<script type=\"application\/ld+json\" class=\"yoast-schema-graph\">{\"@context\":\"https:\\\/\\\/schema.org\",\"@graph\":[{\"@type\":\"Article\",\"@id\":\"https:\\\/\\\/sarmiento24h.com\\\/?p=66911#article\",\"isPartOf\":{\"@id\":\"https:\\\/\\\/sarmiento24h.com\\\/?p=66911\"},\"author\":{\"name\":\"sarmiento24h@gmail.com\",\"@id\":\"https:\\\/\\\/sarmiento24h.com\\\/#\\\/schema\\\/person\\\/d653a59725ad629a7e0429af7b939d4d\"},\"headline\":\"M\u00e1s de 40 autores participar\u00e1n en\u00a0Festival \u00abMar de Palabras\u00bb\",\"datePublished\":\"2026-03-17T05:27:45+00:00\",\"mainEntityOfPage\":{\"@id\":\"https:\\\/\\\/sarmiento24h.com\\\/?p=66911\"},\"wordCount\":333,\"publisher\":{\"@id\":\"https:\\\/\\\/sarmiento24h.com\\\/#organization\"},\"image\":{\"@id\":\"https:\\\/\\\/sarmiento24h.com\\\/?p=66911#primaryimage\"},\"thumbnailUrl\":\"https:\\\/\\\/sarmiento24h.com\\\/wp-content\\\/uploads\\\/2026\\\/03\\\/mas-de-40-autores-participaran-en-festival-mar-de-palabras.jpg\",\"articleSection\":[\"Variedades\"],\"inLanguage\":\"es\"},{\"@type\":\"WebPage\",\"@id\":\"https:\\\/\\\/sarmiento24h.com\\\/?p=66911\",\"url\":\"https:\\\/\\\/sarmiento24h.com\\\/?p=66911\",\"name\":\"M\u00e1s de 40 autores participar\u00e1n en\u00a0Festival \u00abMar de Palabras\u00bb - Sarmiento24h\",\"isPartOf\":{\"@id\":\"https:\\\/\\\/sarmiento24h.com\\\/#website\"},\"primaryImageOfPage\":{\"@id\":\"https:\\\/\\\/sarmiento24h.com\\\/?p=66911#primaryimage\"},\"image\":{\"@id\":\"https:\\\/\\\/sarmiento24h.com\\\/?p=66911#primaryimage\"},\"thumbnailUrl\":\"https:\\\/\\\/sarmiento24h.com\\\/wp-content\\\/uploads\\\/2026\\\/03\\\/mas-de-40-autores-participaran-en-festival-mar-de-palabras.jpg\",\"datePublished\":\"2026-03-17T05:27:45+00:00\",\"breadcrumb\":{\"@id\":\"https:\\\/\\\/sarmiento24h.com\\\/?p=66911#breadcrumb\"},\"inLanguage\":\"es\",\"potentialAction\":[{\"@type\":\"ReadAction\",\"target\":[\"https:\\\/\\\/sarmiento24h.com\\\/?p=66911\"]}]},{\"@type\":\"ImageObject\",\"inLanguage\":\"es\",\"@id\":\"https:\\\/\\\/sarmiento24h.com\\\/?p=66911#primaryimage\",\"url\":\"https:\\\/\\\/sarmiento24h.com\\\/wp-content\\\/uploads\\\/2026\\\/03\\\/mas-de-40-autores-participaran-en-festival-mar-de-palabras.jpg\",\"contentUrl\":\"https:\\\/\\\/sarmiento24h.com\\\/wp-content\\\/uploads\\\/2026\\\/03\\\/mas-de-40-autores-participaran-en-festival-mar-de-palabras.jpg\",\"width\":623,\"height\":415},{\"@type\":\"BreadcrumbList\",\"@id\":\"https:\\\/\\\/sarmiento24h.com\\\/?p=66911#breadcrumb\",\"itemListElement\":[{\"@type\":\"ListItem\",\"position\":1,\"name\":\"Home\",\"item\":\"https:\\\/\\\/sarmiento24h.com\\\/\"},{\"@type\":\"ListItem\",\"position\":2,\"name\":\"M\u00e1s de 40 autores participar\u00e1n en\u00a0Festival \u00abMar de Palabras\u00bb\"}]},{\"@type\":\"WebSite\",\"@id\":\"https:\\\/\\\/sarmiento24h.com\\\/#website\",\"url\":\"https:\\\/\\\/sarmiento24h.com\\\/\",\"name\":\"Sarmiento24h\",\"description\":\"\",\"publisher\":{\"@id\":\"https:\\\/\\\/sarmiento24h.com\\\/#organization\"},\"potentialAction\":[{\"@type\":\"SearchAction\",\"target\":{\"@type\":\"EntryPoint\",\"urlTemplate\":\"https:\\\/\\\/sarmiento24h.com\\\/?s={search_term_string}\"},\"query-input\":{\"@type\":\"PropertyValueSpecification\",\"valueRequired\":true,\"valueName\":\"search_term_string\"}}],\"inLanguage\":\"es\"},{\"@type\":\"Organization\",\"@id\":\"https:\\\/\\\/sarmiento24h.com\\\/#organization\",\"name\":\"Sarmiento24h\",\"url\":\"https:\\\/\\\/sarmiento24h.com\\\/\",\"logo\":{\"@type\":\"ImageObject\",\"inLanguage\":\"es\",\"@id\":\"https:\\\/\\\/sarmiento24h.com\\\/#\\\/schema\\\/logo\\\/image\\\/\",\"url\":\"https:\\\/\\\/sarmiento24h.com\\\/wp-content\\\/uploads\\\/2025\\\/12\\\/AddText_12-16-10.30.52.jpg\",\"contentUrl\":\"https:\\\/\\\/sarmiento24h.com\\\/wp-content\\\/uploads\\\/2025\\\/12\\\/AddText_12-16-10.30.52.jpg\",\"width\":1220,\"height\":324,\"caption\":\"Sarmiento24h\"},\"image\":{\"@id\":\"https:\\\/\\\/sarmiento24h.com\\\/#\\\/schema\\\/logo\\\/image\\\/\"},\"sameAs\":[\"https:\\\/\\\/facebook.com\\\/s24hnoticias\",\"https:\\\/\\\/x.com\\\/sarmiento24h\"]},{\"@type\":\"Person\",\"@id\":\"https:\\\/\\\/sarmiento24h.com\\\/#\\\/schema\\\/person\\\/d653a59725ad629a7e0429af7b939d4d\",\"name\":\"sarmiento24h@gmail.com\",\"image\":{\"@type\":\"ImageObject\",\"inLanguage\":\"es\",\"@id\":\"https:\\\/\\\/sarmiento24h.com\\\/wp-content\\\/litespeed\\\/avatar\\\/d02cbc4e23c747e6659cd45907173c8f.jpg?ver=1777157796\",\"url\":\"https:\\\/\\\/sarmiento24h.com\\\/wp-content\\\/litespeed\\\/avatar\\\/d02cbc4e23c747e6659cd45907173c8f.jpg?ver=1777157796\",\"contentUrl\":\"https:\\\/\\\/sarmiento24h.com\\\/wp-content\\\/litespeed\\\/avatar\\\/d02cbc4e23c747e6659cd45907173c8f.jpg?ver=1777157796\",\"caption\":\"sarmiento24h@gmail.com\"},\"sameAs\":[\"https:\\\/\\\/sarmiento24h.com\"],\"url\":\"https:\\\/\\\/sarmiento24h.com\\\/?author=1\"}]}<\/script>\n<!-- \/ Yoast SEO plugin. -->","yoast_head_json":{"title":"M\u00e1s de 40 autores participar\u00e1n en\u00a0Festival \u00abMar de Palabras\u00bb - Sarmiento24h","robots":{"index":"index","follow":"follow","max-snippet":"max-snippet:-1","max-image-preview":"max-image-preview:large","max-video-preview":"max-video-preview:-1"},"canonical":"https:\/\/sarmiento24h.com\/?p=66911","og_locale":"es_ES","og_type":"article","og_title":"M\u00e1s de 40 autores participar\u00e1n en\u00a0Festival \u00abMar de Palabras\u00bb - Sarmiento24h","og_description":"Minerva del Risco en la inauguraci\u00f3n de&#46;&#46;&#46;","og_url":"https:\/\/sarmiento24h.com\/?p=66911","og_site_name":"Sarmiento24h","article_publisher":"https:\/\/facebook.com\/s24hnoticias","article_published_time":"2026-03-17T05:27:45+00:00","og_image":[{"width":623,"height":415,"url":"https:\/\/sarmiento24h.com\/wp-content\/uploads\/2026\/03\/mas-de-40-autores-participaran-en-festival-mar-de-palabras.jpg","type":"image\/jpeg"}],"author":"sarmiento24h@gmail.com","twitter_card":"summary_large_image","twitter_creator":"@sarmiento24h","twitter_site":"@sarmiento24h","twitter_misc":{"Escrito por":"sarmiento24h@gmail.com","Tiempo de lectura":"2 minutos"},"schema":{"@context":"https:\/\/schema.org","@graph":[{"@type":"Article","@id":"https:\/\/sarmiento24h.com\/?p=66911#article","isPartOf":{"@id":"https:\/\/sarmiento24h.com\/?p=66911"},"author":{"name":"sarmiento24h@gmail.com","@id":"https:\/\/sarmiento24h.com\/#\/schema\/person\/d653a59725ad629a7e0429af7b939d4d"},"headline":"M\u00e1s de 40 autores participar\u00e1n en\u00a0Festival \u00abMar de Palabras\u00bb","datePublished":"2026-03-17T05:27:45+00:00","mainEntityOfPage":{"@id":"https:\/\/sarmiento24h.com\/?p=66911"},"wordCount":333,"publisher":{"@id":"https:\/\/sarmiento24h.com\/#organization"},"image":{"@id":"https:\/\/sarmiento24h.com\/?p=66911#primaryimage"},"thumbnailUrl":"https:\/\/sarmiento24h.com\/wp-content\/uploads\/2026\/03\/mas-de-40-autores-participaran-en-festival-mar-de-palabras.jpg","articleSection":["Variedades"],"inLanguage":"es"},{"@type":"WebPage","@id":"https:\/\/sarmiento24h.com\/?p=66911","url":"https:\/\/sarmiento24h.com\/?p=66911","name":"M\u00e1s de 40 autores participar\u00e1n en\u00a0Festival \u00abMar de Palabras\u00bb - Sarmiento24h","isPartOf":{"@id":"https:\/\/sarmiento24h.com\/#website"},"primaryImageOfPage":{"@id":"https:\/\/sarmiento24h.com\/?p=66911#primaryimage"},"image":{"@id":"https:\/\/sarmiento24h.com\/?p=66911#primaryimage"},"thumbnailUrl":"https:\/\/sarmiento24h.com\/wp-content\/uploads\/2026\/03\/mas-de-40-autores-participaran-en-festival-mar-de-palabras.jpg","datePublished":"2026-03-17T05:27:45+00:00","breadcrumb":{"@id":"https:\/\/sarmiento24h.com\/?p=66911#breadcrumb"},"inLanguage":"es","potentialAction":[{"@type":"ReadAction","target":["https:\/\/sarmiento24h.com\/?p=66911"]}]},{"@type":"ImageObject","inLanguage":"es","@id":"https:\/\/sarmiento24h.com\/?p=66911#primaryimage","url":"https:\/\/sarmiento24h.com\/wp-content\/uploads\/2026\/03\/mas-de-40-autores-participaran-en-festival-mar-de-palabras.jpg","contentUrl":"https:\/\/sarmiento24h.com\/wp-content\/uploads\/2026\/03\/mas-de-40-autores-participaran-en-festival-mar-de-palabras.jpg","width":623,"height":415},{"@type":"BreadcrumbList","@id":"https:\/\/sarmiento24h.com\/?p=66911#breadcrumb","itemListElement":[{"@type":"ListItem","position":1,"name":"Home","item":"https:\/\/sarmiento24h.com\/"},{"@type":"ListItem","position":2,"name":"M\u00e1s de 40 autores participar\u00e1n en\u00a0Festival \u00abMar de Palabras\u00bb"}]},{"@type":"WebSite","@id":"https:\/\/sarmiento24h.com\/#website","url":"https:\/\/sarmiento24h.com\/","name":"Sarmiento24h","description":"","publisher":{"@id":"https:\/\/sarmiento24h.com\/#organization"},"potentialAction":[{"@type":"SearchAction","target":{"@type":"EntryPoint","urlTemplate":"https:\/\/sarmiento24h.com\/?s={search_term_string}"},"query-input":{"@type":"PropertyValueSpecification","valueRequired":true,"valueName":"search_term_string"}}],"inLanguage":"es"},{"@type":"Organization","@id":"https:\/\/sarmiento24h.com\/#organization","name":"Sarmiento24h","url":"https:\/\/sarmiento24h.com\/","logo":{"@type":"ImageObject","inLanguage":"es","@id":"https:\/\/sarmiento24h.com\/#\/schema\/logo\/image\/","url":"https:\/\/sarmiento24h.com\/wp-content\/uploads\/2025\/12\/AddText_12-16-10.30.52.jpg","contentUrl":"https:\/\/sarmiento24h.com\/wp-content\/uploads\/2025\/12\/AddText_12-16-10.30.52.jpg","width":1220,"height":324,"caption":"Sarmiento24h"},"image":{"@id":"https:\/\/sarmiento24h.com\/#\/schema\/logo\/image\/"},"sameAs":["https:\/\/facebook.com\/s24hnoticias","https:\/\/x.com\/sarmiento24h"]},{"@type":"Person","@id":"https:\/\/sarmiento24h.com\/#\/schema\/person\/d653a59725ad629a7e0429af7b939d4d","name":"sarmiento24h@gmail.com","image":{"@type":"ImageObject","inLanguage":"es","@id":"https:\/\/sarmiento24h.com\/wp-content\/litespeed\/avatar\/d02cbc4e23c747e6659cd45907173c8f.jpg?ver=1777157796","url":"https:\/\/sarmiento24h.com\/wp-content\/litespeed\/avatar\/d02cbc4e23c747e6659cd45907173c8f.jpg?ver=1777157796","contentUrl":"https:\/\/sarmiento24h.com\/wp-content\/litespeed\/avatar\/d02cbc4e23c747e6659cd45907173c8f.jpg?ver=1777157796","caption":"sarmiento24h@gmail.com"},"sameAs":["https:\/\/sarmiento24h.com"],"url":"https:\/\/sarmiento24h.com\/?author=1"}]}},"jetpack_publicize_connections":[],"jetpack_featured_media_url":"https:\/\/sarmiento24h.com\/wp-content\/uploads\/2026\/03\/mas-de-40-autores-participaran-en-festival-mar-de-palabras.jpg","jetpack_sharing_enabled":true,"_links":{"self":[{"href":"https:\/\/sarmiento24h.com\/index.php?rest_route=\/wp\/v2\/posts\/66911","targetHints":{"allow":["GET"]}}],"collection":[{"href":"https:\/\/sarmiento24h.com\/index.php?rest_route=\/wp\/v2\/posts"}],"about":[{"href":"https:\/\/sarmiento24h.com\/index.php?rest_route=\/wp\/v2\/types\/post"}],"author":[{"embeddable":true,"href":"https:\/\/sarmiento24h.com\/index.php?rest_route=\/wp\/v2\/users\/1"}],"replies":[{"embeddable":true,"href":"https:\/\/sarmiento24h.com\/index.php?rest_route=%2Fwp%2Fv2%2Fcomments&post=66911"}],"version-history":[{"count":0,"href":"https:\/\/sarmiento24h.com\/index.php?rest_route=\/wp\/v2\/posts\/66911\/revisions"}],"wp:featuredmedia":[{"embeddable":true,"href":"https:\/\/sarmiento24h.com\/index.php?rest_route=\/wp\/v2\/media\/66912"}],"wp:attachment":[{"href":"https:\/\/sarmiento24h.com\/index.php?rest_route=%2Fwp%2Fv2%2Fmedia&parent=66911"}],"wp:term":[{"taxonomy":"category","embeddable":true,"href":"https:\/\/sarmiento24h.com\/index.php?rest_route=%2Fwp%2Fv2%2Fcategories&post=66911"},{"taxonomy":"post_tag","embeddable":true,"href":"https:\/\/sarmiento24h.com\/index.php?rest_route=%2Fwp%2Fv2%2Ftags&post=66911"}],"curies":[{"name":"wp","href":"https:\/\/api.w.org\/{rel}","templated":true}]}}