{"id":6719,"date":"2026-01-11T21:16:05","date_gmt":"2026-01-11T21:16:05","guid":{"rendered":"http:\/\/almomento.net\/?p=1091333"},"modified":"2026-01-11T21:16:05","modified_gmt":"2026-01-11T21:16:05","slug":"trasladan-presos-tras-atentado-de-subdirectora-carcel-de-rafey","status":"publish","type":"post","link":"https:\/\/sarmiento24h.com\/?p=6719","title":{"rendered":"Trasladan presos tras atentado de subdirectora c\u00e1rcel de Rafey"},"content":{"rendered":"<p><!-- .entry-header --> <\/p>\n<div class=\"img_center\"> <a href=\"https:\/\/almomento.net\/wp-content\/uploads\/2026\/01\/carcel.png\" alt=\"Trasladan presos tras atentado de subdirectora c\u00e1rcel de Rafey\" title=\"Trasladan presos tras atentado de subdirectora c\u00e1rcel de Rafey\" data-toggle=\"lightbox\" class=\"thickbox\"><img decoding=\"async\" src=\"https:\/\/almomento.net\/wp-content\/uploads\/2026\/01\/carcel.png\" class=\"attachment-post-thumbnail size-post-thumbnail wp-post-image\" alt=\"imagen\" title=\"Trasladan presos tras atentado de subdirectora c\u00e1rcel de Rafey\" data-toggle data-title=\"Trasladan presos tras atentado de subdirectora c\u00e1rcel de Rafey\"><\/a><\/p>\n<p>C\u00e1rcel de Rafey<\/p>\n<\/p><\/div>\n<p>SANTIAGO DE LOS CABALLEROS.- La Direcci\u00f3n de Servicios Penitenciarios inform\u00f3 este domingo que las autoridades de la Polic\u00eda y el Ministerio P\u00fablica invesrigan el supuesto atentado contra al subdirector de la c\u00e1rcel de Rafaey-Hombres, Laura Ricardo.<\/p>\n<p>El hecho deriv\u00f3 en la muerte del chofer Crecencio Nolasco Cruz como da\u00f1o colateral.<\/p>\n<p>El titular de la entidad, Roberto Santana, dijo que tras la requisa fueron trasladados 20 privados de libertad hacia otros centros.<\/p>\n<p>Sostuvo que no pueden \u00abadelantar conjeturas\u00bb sobre el ataque a Ricardo el pasado viernes.<\/p>\n<p>Aclar\u00f3 que estos movimientos forman parte de los procedimientos rutinarios del sistema y no est\u00e1n vinculados de manera directa con el atentado.<\/p>\n<p>\u00abSiempre se hacen traslados, ya sea por \u00f3rdenes judiciales, razones de seguridad o situaciones familiares. Eso no necesariamente tiene que ver con lo ocurrido anoche (el viernes)\u00bb, afirm\u00f3.<\/p>\n<p><strong>RECHAZA MALATRATOS&nbsp;&nbsp;<\/strong><\/p>\n<p>Neg\u00f3 supuestos maltratos durante la mudanza de internos y asegur\u00f3 que existe un protocolo que garantiza la comunicaci\u00f3n de los reclusos con sus familiares.<\/p>\n<p>\u00abEl privado de libertad tiene derecho a llamar y decir hacia d\u00f3nde va. Aqu\u00ed no hay maltrato; quien alegue eso debe demostrarlo\u00bb, afirm\u00f3.<\/p>\n<p><strong>FAMILIARES EXPRESAN DESCONTENTO<\/strong><\/p>\n<p>Sin embargo, familiares de internos trasladados expresaron inconformidad con la intervenci\u00f3n.<\/p>\n<p>Dayana, esposa de uno de los presos trasladados, relat\u00f3 que su pareja fue trasladada sin que se le permitiera realizar una llamada telef\u00f3nica ni se les informara el destino.<\/p>\n<p>A su juicio, la medida estar\u00eda relacionada con el atentado contra la subdirectora penitenciaria. \u00abNo se sabe a d\u00f3nde los llevan ni por qu\u00e9 raz\u00f3n en un d\u00eda como hoy. No hemos recibido ninguna informaci\u00f3n\u00bb, expres\u00f3.<\/p>\n<p><strong>DESPLIEGUE TRAS ATENTADO<\/strong><\/p>\n<p>El atentado que motiv\u00f3 el despliegue de seguridad ocurri\u00f3 cuando el viernes por la noche, encapuchados a bordo de una motocicleta dispararon contra una yipeta en la que se desplazaba Laura Ricardo, quien result\u00f3 ilesa.<\/p>\n<p>Durante el ataque fue alcanzado por un tiro el chofer del transporte p\u00fablico Crecencio Nolasco Cruz, conductor de la ruta F, quien falleci\u00f3 posteriormente en el hospital regional universitario Jos\u00e9 Mar\u00eda Cabral y B\u00e1ez.<\/p>\n<p><strong>ATAQUE REVIVE VIOLENCIA EN EL PENAL<\/strong><\/p>\n<p>El ataque revive antecedentes de violencia vinculados al sistema penitenciario de Rafey.<\/p>\n<p>En enero de 2019, el recluso Ra\u00fal Alfonso Bonilla de la Cruz, seg\u00fan las investigaciones del Ministerio P\u00fablico, habr\u00eda ordenado un atentado contra agentes penitenciarios del recinto, ataque en el que muri\u00f3 el subdirector de seguridad George Adonis Adames Castro y result\u00f3 herido el agente Junior Arismendy Francisco Mej\u00eda.<\/p>\n<p>Hasta el momento, las autoridades no han emitido un informe oficial sobre avances en la investigaci\u00f3n del atentado contra la subdirectora penitenciaria, mientras se mantienen las medidas de seguridad en el CCR Rafey Hombres.<\/p>\n<p class=\"adL\">of-am<\/p>\n<div class=\"heateor_sss_sharing_container heateor_sss_horizontal_sharing\" data-heateor-sss-href=\"https:\/\/almomento.net\/trasladan-presos-tras-atentado-de-subdirectora-carcel-de-rafey\/\" readability=\"7\">\n<p>Comp\u00e1rtelo en tus redes:<\/p>\n<\/div>\n<p> <!-- 468x60 --><br \/>\n<ins class=\"adsbygoogle\" data-ad-client=\"ca-pub-3511341636159665\" data-ad-slot=\"3538255450\"><\/ins> <!-- .entry-content --> <\/p>\n","protected":false},"excerpt":{"rendered":"<p>C\u00e1rcel de Rafey SANTIAGO DE LOS CABALLEROS.-&#46;&#46;&#46;<\/p>\n","protected":false},"author":1,"featured_media":6720,"comment_status":"closed","ping_status":"closed","sticky":false,"template":"","format":"standard","meta":{"_jetpack_memberships_contains_paid_content":false,"footnotes":"","jetpack_publicize_message":"","jetpack_publicize_feature_enabled":true,"jetpack_social_post_already_shared":false,"jetpack_social_options":{"image_generator_settings":{"template":"highway","default_image_id":0,"font":"","enabled":false},"version":2}},"categories":[69],"tags":[],"class_list":["post-6719","post","type-post","status-publish","format-standard","has-post-thumbnail","hentry","category-portada"],"yoast_head":"<!-- This site is optimized with the Yoast SEO plugin v27.3 - https:\/\/yoast.com\/product\/yoast-seo-wordpress\/ -->\n<title>Trasladan presos tras atentado de subdirectora c\u00e1rcel de Rafey - Sarmiento24h<\/title>\n<meta name=\"robots\" content=\"index, follow, max-snippet:-1, max-image-preview:large, max-video-preview:-1\" \/>\n<link rel=\"canonical\" href=\"https:\/\/sarmiento24h.com\/?p=6719\" \/>\n<meta property=\"og:locale\" content=\"es_ES\" \/>\n<meta property=\"og:type\" content=\"article\" \/>\n<meta property=\"og:title\" content=\"Trasladan presos tras atentado de subdirectora c\u00e1rcel de Rafey - Sarmiento24h\" \/>\n<meta property=\"og:description\" content=\"C\u00e1rcel de Rafey SANTIAGO DE LOS CABALLEROS.-&#046;&#046;&#046;\" \/>\n<meta property=\"og:url\" content=\"https:\/\/sarmiento24h.com\/?p=6719\" \/>\n<meta property=\"og:site_name\" content=\"Sarmiento24h\" \/>\n<meta property=\"article:publisher\" content=\"https:\/\/facebook.com\/s24hnoticias\" \/>\n<meta property=\"article:published_time\" content=\"2026-01-11T21:16:05+00:00\" \/>\n<meta property=\"og:image\" content=\"https:\/\/sarmiento24h.com\/wp-content\/uploads\/2026\/01\/trasladan-presos-tras-atentado-de-subdirectora-carcel-de-rafey.png\" \/>\n\t<meta property=\"og:image:width\" content=\"613\" \/>\n\t<meta property=\"og:image:height\" content=\"345\" \/>\n\t<meta property=\"og:image:type\" content=\"image\/png\" \/>\n<meta name=\"author\" content=\"sarmiento24h@gmail.com\" \/>\n<meta name=\"twitter:card\" content=\"summary_large_image\" \/>\n<meta name=\"twitter:creator\" content=\"@sarmiento24h\" \/>\n<meta name=\"twitter:site\" content=\"@sarmiento24h\" \/>\n<meta name=\"twitter:label1\" content=\"Escrito por\" \/>\n\t<meta name=\"twitter:data1\" content=\"sarmiento24h@gmail.com\" \/>\n\t<meta name=\"twitter:label2\" content=\"Tiempo de lectura\" \/>\n\t<meta name=\"twitter:data2\" content=\"2 minutos\" \/>\n<script type=\"application\/ld+json\" class=\"yoast-schema-graph\">{\"@context\":\"https:\\\/\\\/schema.org\",\"@graph\":[{\"@type\":\"Article\",\"@id\":\"https:\\\/\\\/sarmiento24h.com\\\/?p=6719#article\",\"isPartOf\":{\"@id\":\"https:\\\/\\\/sarmiento24h.com\\\/?p=6719\"},\"author\":{\"name\":\"sarmiento24h@gmail.com\",\"@id\":\"https:\\\/\\\/sarmiento24h.com\\\/#\\\/schema\\\/person\\\/d653a59725ad629a7e0429af7b939d4d\"},\"headline\":\"Trasladan presos tras atentado de subdirectora c\u00e1rcel de Rafey\",\"datePublished\":\"2026-01-11T21:16:05+00:00\",\"mainEntityOfPage\":{\"@id\":\"https:\\\/\\\/sarmiento24h.com\\\/?p=6719\"},\"wordCount\":481,\"publisher\":{\"@id\":\"https:\\\/\\\/sarmiento24h.com\\\/#organization\"},\"image\":{\"@id\":\"https:\\\/\\\/sarmiento24h.com\\\/?p=6719#primaryimage\"},\"thumbnailUrl\":\"https:\\\/\\\/sarmiento24h.com\\\/wp-content\\\/uploads\\\/2026\\\/01\\\/trasladan-presos-tras-atentado-de-subdirectora-carcel-de-rafey.png\",\"articleSection\":[\"Portada\"],\"inLanguage\":\"es\"},{\"@type\":\"WebPage\",\"@id\":\"https:\\\/\\\/sarmiento24h.com\\\/?p=6719\",\"url\":\"https:\\\/\\\/sarmiento24h.com\\\/?p=6719\",\"name\":\"Trasladan presos tras atentado de subdirectora c\u00e1rcel de Rafey - Sarmiento24h\",\"isPartOf\":{\"@id\":\"https:\\\/\\\/sarmiento24h.com\\\/#website\"},\"primaryImageOfPage\":{\"@id\":\"https:\\\/\\\/sarmiento24h.com\\\/?p=6719#primaryimage\"},\"image\":{\"@id\":\"https:\\\/\\\/sarmiento24h.com\\\/?p=6719#primaryimage\"},\"thumbnailUrl\":\"https:\\\/\\\/sarmiento24h.com\\\/wp-content\\\/uploads\\\/2026\\\/01\\\/trasladan-presos-tras-atentado-de-subdirectora-carcel-de-rafey.png\",\"datePublished\":\"2026-01-11T21:16:05+00:00\",\"breadcrumb\":{\"@id\":\"https:\\\/\\\/sarmiento24h.com\\\/?p=6719#breadcrumb\"},\"inLanguage\":\"es\",\"potentialAction\":[{\"@type\":\"ReadAction\",\"target\":[\"https:\\\/\\\/sarmiento24h.com\\\/?p=6719\"]}]},{\"@type\":\"ImageObject\",\"inLanguage\":\"es\",\"@id\":\"https:\\\/\\\/sarmiento24h.com\\\/?p=6719#primaryimage\",\"url\":\"https:\\\/\\\/sarmiento24h.com\\\/wp-content\\\/uploads\\\/2026\\\/01\\\/trasladan-presos-tras-atentado-de-subdirectora-carcel-de-rafey.png\",\"contentUrl\":\"https:\\\/\\\/sarmiento24h.com\\\/wp-content\\\/uploads\\\/2026\\\/01\\\/trasladan-presos-tras-atentado-de-subdirectora-carcel-de-rafey.png\",\"width\":613,\"height\":345},{\"@type\":\"BreadcrumbList\",\"@id\":\"https:\\\/\\\/sarmiento24h.com\\\/?p=6719#breadcrumb\",\"itemListElement\":[{\"@type\":\"ListItem\",\"position\":1,\"name\":\"Home\",\"item\":\"https:\\\/\\\/sarmiento24h.com\\\/\"},{\"@type\":\"ListItem\",\"position\":2,\"name\":\"Trasladan presos tras atentado de subdirectora c\u00e1rcel de Rafey\"}]},{\"@type\":\"WebSite\",\"@id\":\"https:\\\/\\\/sarmiento24h.com\\\/#website\",\"url\":\"https:\\\/\\\/sarmiento24h.com\\\/\",\"name\":\"Sarmiento24h\",\"description\":\"\",\"publisher\":{\"@id\":\"https:\\\/\\\/sarmiento24h.com\\\/#organization\"},\"potentialAction\":[{\"@type\":\"SearchAction\",\"target\":{\"@type\":\"EntryPoint\",\"urlTemplate\":\"https:\\\/\\\/sarmiento24h.com\\\/?s={search_term_string}\"},\"query-input\":{\"@type\":\"PropertyValueSpecification\",\"valueRequired\":true,\"valueName\":\"search_term_string\"}}],\"inLanguage\":\"es\"},{\"@type\":\"Organization\",\"@id\":\"https:\\\/\\\/sarmiento24h.com\\\/#organization\",\"name\":\"Sarmiento24h\",\"url\":\"https:\\\/\\\/sarmiento24h.com\\\/\",\"logo\":{\"@type\":\"ImageObject\",\"inLanguage\":\"es\",\"@id\":\"https:\\\/\\\/sarmiento24h.com\\\/#\\\/schema\\\/logo\\\/image\\\/\",\"url\":\"https:\\\/\\\/sarmiento24h.com\\\/wp-content\\\/uploads\\\/2025\\\/12\\\/AddText_12-16-10.30.52.jpg\",\"contentUrl\":\"https:\\\/\\\/sarmiento24h.com\\\/wp-content\\\/uploads\\\/2025\\\/12\\\/AddText_12-16-10.30.52.jpg\",\"width\":1220,\"height\":324,\"caption\":\"Sarmiento24h\"},\"image\":{\"@id\":\"https:\\\/\\\/sarmiento24h.com\\\/#\\\/schema\\\/logo\\\/image\\\/\"},\"sameAs\":[\"https:\\\/\\\/facebook.com\\\/s24hnoticias\",\"https:\\\/\\\/x.com\\\/sarmiento24h\"]},{\"@type\":\"Person\",\"@id\":\"https:\\\/\\\/sarmiento24h.com\\\/#\\\/schema\\\/person\\\/d653a59725ad629a7e0429af7b939d4d\",\"name\":\"sarmiento24h@gmail.com\",\"image\":{\"@type\":\"ImageObject\",\"inLanguage\":\"es\",\"@id\":\"https:\\\/\\\/sarmiento24h.com\\\/wp-content\\\/litespeed\\\/avatar\\\/d02cbc4e23c747e6659cd45907173c8f.jpg?ver=1777157796\",\"url\":\"https:\\\/\\\/sarmiento24h.com\\\/wp-content\\\/litespeed\\\/avatar\\\/d02cbc4e23c747e6659cd45907173c8f.jpg?ver=1777157796\",\"contentUrl\":\"https:\\\/\\\/sarmiento24h.com\\\/wp-content\\\/litespeed\\\/avatar\\\/d02cbc4e23c747e6659cd45907173c8f.jpg?ver=1777157796\",\"caption\":\"sarmiento24h@gmail.com\"},\"sameAs\":[\"https:\\\/\\\/sarmiento24h.com\"],\"url\":\"https:\\\/\\\/sarmiento24h.com\\\/?author=1\"}]}<\/script>\n<!-- \/ Yoast SEO plugin. -->","yoast_head_json":{"title":"Trasladan presos tras atentado de subdirectora c\u00e1rcel de Rafey - Sarmiento24h","robots":{"index":"index","follow":"follow","max-snippet":"max-snippet:-1","max-image-preview":"max-image-preview:large","max-video-preview":"max-video-preview:-1"},"canonical":"https:\/\/sarmiento24h.com\/?p=6719","og_locale":"es_ES","og_type":"article","og_title":"Trasladan presos tras atentado de subdirectora c\u00e1rcel de Rafey - Sarmiento24h","og_description":"C\u00e1rcel de Rafey SANTIAGO DE LOS CABALLEROS.-&#46;&#46;&#46;","og_url":"https:\/\/sarmiento24h.com\/?p=6719","og_site_name":"Sarmiento24h","article_publisher":"https:\/\/facebook.com\/s24hnoticias","article_published_time":"2026-01-11T21:16:05+00:00","og_image":[{"width":613,"height":345,"url":"https:\/\/sarmiento24h.com\/wp-content\/uploads\/2026\/01\/trasladan-presos-tras-atentado-de-subdirectora-carcel-de-rafey.png","type":"image\/png"}],"author":"sarmiento24h@gmail.com","twitter_card":"summary_large_image","twitter_creator":"@sarmiento24h","twitter_site":"@sarmiento24h","twitter_misc":{"Escrito por":"sarmiento24h@gmail.com","Tiempo de lectura":"2 minutos"},"schema":{"@context":"https:\/\/schema.org","@graph":[{"@type":"Article","@id":"https:\/\/sarmiento24h.com\/?p=6719#article","isPartOf":{"@id":"https:\/\/sarmiento24h.com\/?p=6719"},"author":{"name":"sarmiento24h@gmail.com","@id":"https:\/\/sarmiento24h.com\/#\/schema\/person\/d653a59725ad629a7e0429af7b939d4d"},"headline":"Trasladan presos tras atentado de subdirectora c\u00e1rcel de Rafey","datePublished":"2026-01-11T21:16:05+00:00","mainEntityOfPage":{"@id":"https:\/\/sarmiento24h.com\/?p=6719"},"wordCount":481,"publisher":{"@id":"https:\/\/sarmiento24h.com\/#organization"},"image":{"@id":"https:\/\/sarmiento24h.com\/?p=6719#primaryimage"},"thumbnailUrl":"https:\/\/sarmiento24h.com\/wp-content\/uploads\/2026\/01\/trasladan-presos-tras-atentado-de-subdirectora-carcel-de-rafey.png","articleSection":["Portada"],"inLanguage":"es"},{"@type":"WebPage","@id":"https:\/\/sarmiento24h.com\/?p=6719","url":"https:\/\/sarmiento24h.com\/?p=6719","name":"Trasladan presos tras atentado de subdirectora c\u00e1rcel de Rafey - Sarmiento24h","isPartOf":{"@id":"https:\/\/sarmiento24h.com\/#website"},"primaryImageOfPage":{"@id":"https:\/\/sarmiento24h.com\/?p=6719#primaryimage"},"image":{"@id":"https:\/\/sarmiento24h.com\/?p=6719#primaryimage"},"thumbnailUrl":"https:\/\/sarmiento24h.com\/wp-content\/uploads\/2026\/01\/trasladan-presos-tras-atentado-de-subdirectora-carcel-de-rafey.png","datePublished":"2026-01-11T21:16:05+00:00","breadcrumb":{"@id":"https:\/\/sarmiento24h.com\/?p=6719#breadcrumb"},"inLanguage":"es","potentialAction":[{"@type":"ReadAction","target":["https:\/\/sarmiento24h.com\/?p=6719"]}]},{"@type":"ImageObject","inLanguage":"es","@id":"https:\/\/sarmiento24h.com\/?p=6719#primaryimage","url":"https:\/\/sarmiento24h.com\/wp-content\/uploads\/2026\/01\/trasladan-presos-tras-atentado-de-subdirectora-carcel-de-rafey.png","contentUrl":"https:\/\/sarmiento24h.com\/wp-content\/uploads\/2026\/01\/trasladan-presos-tras-atentado-de-subdirectora-carcel-de-rafey.png","width":613,"height":345},{"@type":"BreadcrumbList","@id":"https:\/\/sarmiento24h.com\/?p=6719#breadcrumb","itemListElement":[{"@type":"ListItem","position":1,"name":"Home","item":"https:\/\/sarmiento24h.com\/"},{"@type":"ListItem","position":2,"name":"Trasladan presos tras atentado de subdirectora c\u00e1rcel de Rafey"}]},{"@type":"WebSite","@id":"https:\/\/sarmiento24h.com\/#website","url":"https:\/\/sarmiento24h.com\/","name":"Sarmiento24h","description":"","publisher":{"@id":"https:\/\/sarmiento24h.com\/#organization"},"potentialAction":[{"@type":"SearchAction","target":{"@type":"EntryPoint","urlTemplate":"https:\/\/sarmiento24h.com\/?s={search_term_string}"},"query-input":{"@type":"PropertyValueSpecification","valueRequired":true,"valueName":"search_term_string"}}],"inLanguage":"es"},{"@type":"Organization","@id":"https:\/\/sarmiento24h.com\/#organization","name":"Sarmiento24h","url":"https:\/\/sarmiento24h.com\/","logo":{"@type":"ImageObject","inLanguage":"es","@id":"https:\/\/sarmiento24h.com\/#\/schema\/logo\/image\/","url":"https:\/\/sarmiento24h.com\/wp-content\/uploads\/2025\/12\/AddText_12-16-10.30.52.jpg","contentUrl":"https:\/\/sarmiento24h.com\/wp-content\/uploads\/2025\/12\/AddText_12-16-10.30.52.jpg","width":1220,"height":324,"caption":"Sarmiento24h"},"image":{"@id":"https:\/\/sarmiento24h.com\/#\/schema\/logo\/image\/"},"sameAs":["https:\/\/facebook.com\/s24hnoticias","https:\/\/x.com\/sarmiento24h"]},{"@type":"Person","@id":"https:\/\/sarmiento24h.com\/#\/schema\/person\/d653a59725ad629a7e0429af7b939d4d","name":"sarmiento24h@gmail.com","image":{"@type":"ImageObject","inLanguage":"es","@id":"https:\/\/sarmiento24h.com\/wp-content\/litespeed\/avatar\/d02cbc4e23c747e6659cd45907173c8f.jpg?ver=1777157796","url":"https:\/\/sarmiento24h.com\/wp-content\/litespeed\/avatar\/d02cbc4e23c747e6659cd45907173c8f.jpg?ver=1777157796","contentUrl":"https:\/\/sarmiento24h.com\/wp-content\/litespeed\/avatar\/d02cbc4e23c747e6659cd45907173c8f.jpg?ver=1777157796","caption":"sarmiento24h@gmail.com"},"sameAs":["https:\/\/sarmiento24h.com"],"url":"https:\/\/sarmiento24h.com\/?author=1"}]}},"jetpack_publicize_connections":[],"jetpack_featured_media_url":"https:\/\/sarmiento24h.com\/wp-content\/uploads\/2026\/01\/trasladan-presos-tras-atentado-de-subdirectora-carcel-de-rafey.png","jetpack_sharing_enabled":true,"_links":{"self":[{"href":"https:\/\/sarmiento24h.com\/index.php?rest_route=\/wp\/v2\/posts\/6719","targetHints":{"allow":["GET"]}}],"collection":[{"href":"https:\/\/sarmiento24h.com\/index.php?rest_route=\/wp\/v2\/posts"}],"about":[{"href":"https:\/\/sarmiento24h.com\/index.php?rest_route=\/wp\/v2\/types\/post"}],"author":[{"embeddable":true,"href":"https:\/\/sarmiento24h.com\/index.php?rest_route=\/wp\/v2\/users\/1"}],"replies":[{"embeddable":true,"href":"https:\/\/sarmiento24h.com\/index.php?rest_route=%2Fwp%2Fv2%2Fcomments&post=6719"}],"version-history":[{"count":0,"href":"https:\/\/sarmiento24h.com\/index.php?rest_route=\/wp\/v2\/posts\/6719\/revisions"}],"wp:featuredmedia":[{"embeddable":true,"href":"https:\/\/sarmiento24h.com\/index.php?rest_route=\/wp\/v2\/media\/6720"}],"wp:attachment":[{"href":"https:\/\/sarmiento24h.com\/index.php?rest_route=%2Fwp%2Fv2%2Fmedia&parent=6719"}],"wp:term":[{"taxonomy":"category","embeddable":true,"href":"https:\/\/sarmiento24h.com\/index.php?rest_route=%2Fwp%2Fv2%2Fcategories&post=6719"},{"taxonomy":"post_tag","embeddable":true,"href":"https:\/\/sarmiento24h.com\/index.php?rest_route=%2Fwp%2Fv2%2Ftags&post=6719"}],"curies":[{"name":"wp","href":"https:\/\/api.w.org\/{rel}","templated":true}]}}