{"id":6809,"date":"2026-01-12T20:06:08","date_gmt":"2026-01-12T20:06:08","guid":{"rendered":"http:\/\/almomento.net\/?p=1091494"},"modified":"2026-01-12T20:06:08","modified_gmt":"2026-01-12T20:06:08","slug":"dice-registro-de-crecimiento-de-rd-en-el-2025-seria-de-solo-2","status":"publish","type":"post","link":"https:\/\/sarmiento24h.com\/?p=6809","title":{"rendered":"Dice registro de crecimiento de RD en el 2025 ser\u00eda de s\u00f3lo 2 %"},"content":{"rendered":"<p><!-- .entry-header --> <\/p>\n<div class=\"img_center\"> <a href=\"https:\/\/almomento.net\/wp-content\/uploads\/2026\/01\/a95eadf8-a759-4a35-848f-19c8628fc0dd.jpg\" alt=\"Dice registro de crecimiento de RD en el 2025 ser\u00eda de s\u00f3lo 2 %\" title=\"Dice registro de crecimiento de RD en el 2025 ser\u00eda de s\u00f3lo 2 %\" data-toggle=\"lightbox\" class=\"thickbox\"><img decoding=\"async\" src=\"https:\/\/almomento.net\/wp-content\/uploads\/2026\/01\/a95eadf8-a759-4a35-848f-19c8628fc0dd.jpg\" class=\"attachment-post-thumbnail size-post-thumbnail wp-post-image\" alt=\"imagen\" title=\"Dice registro de crecimiento de RD en el 2025 ser\u00eda de s\u00f3lo 2 %\" data-toggle data-title=\"Dice registro de crecimiento de RD en el 2025 ser\u00eda de s\u00f3lo 2 %\"><\/a><\/p>\n<p>Luis Reyes<\/p>\n<\/p><\/div>\n<p class=\"_aupe copyable-text x15bjb6t x1n2onr6\"><span class=\"_aupe copyable-text xkrh14z\">SANTO DOMINGO.- El economista Luis Reyes sostuvo que el crecimiento de la econom\u00eda de la <\/span><span class=\"_aupe copyable-text xkrh14z\">Rep\u00fablica Dominicana correspondiente al&nbsp; a\u00f1o 2025 ser\u00eda cercano al 2 %, muy por debajo de su potencial hist\u00f3rico y de las proyecciones oficiales.<\/span><\/p>\n<p class=\"_aupe copyable-text x15bjb6t x1n2onr6\"><span class=\"_aupe copyable-text xkrh14z\">Aunque dicho crecimiento no ha sido a\u00fan debidamente notificado, Reyes, quien es un exdirector general de Presupuesto, dijo&nbsp; que la situaci\u00f3n que se prev\u00e9 refleja problemas estructurales internos,&nbsp; m\u00e1s que factores externos coyunturales.<\/span><\/p>\n<p class=\"_aupe copyable-text x15bjb6t x1n2onr6\"><span class=\"_aupe copyable-text xkrh14z\">Afirm\u00f3 que este bajo desempe\u00f1o econ\u00f3mico debe generar una profunda reflexi\u00f3n en las autoridades, ya que coloca al pa\u00eds entre las econom\u00edas de menor crecimiento de Am\u00e9rica Latina, en contraste con otras naciones de tama\u00f1o similar que muestran mayor dinamismo.<\/span><\/p>\n<p><strong>PROYECCIONES \u00abPOCO PROBABLES\u00bb<\/strong><\/p>\n<p class=\"_aupe copyable-text x15bjb6t x1n2onr6\"><span class=\"_aupe copyable-text xkrh14z\">Explic\u00f3 que, aunque organismos internacionales como la CEPAL han proyectado un crecimiento de 2.9 % para la econom\u00eda dominicana, los datos acumulados entre enero y noviembre indican una expansi\u00f3n de apenas 2 %, lo que hace poco probable que el resultado final del a\u00f1o alcance la cifra estimada. <\/span><\/p>\n<p class=\"_aupe copyable-text x15bjb6t x1n2onr6\"><span class=\"_aupe copyable-text xkrh14z\">Se\u00f1al\u00f3 que se produzca ese nivel de crecimiento ser\u00eda necesario un desempe\u00f1o extraordinario en diciembre, algo que considera poco realista desde el punto de vista t\u00e9cnico.<\/span><\/p>\n<p class=\"_aupe copyable-text x15bjb6t x1n2onr6\"><span class=\"_aupe copyable-text xkrh14z\">Estas consideraciones fueron expuestas por Reyes&nbsp; al ser entrevistado en el programa Propuesta de la Noche por el periodista Manuel Jim\u00e9nez, transmitido por Teleimpacto.&nbsp; <\/span><\/p>\n<p class=\"_aupe copyable-text x15bjb6t x1n2onr6\"><span class=\"_aupe copyable-text xkrh14z\">El exfuncionario analiz\u00f3 en detalle el comportamiento de la econom\u00eda dominicana en 2025 y sus perspectivas inmediatas. <\/span><\/p>\n<p><strong>RESALTA PREOCUPACI\u00d3N&nbsp;<\/strong><\/p>\n<p class=\"_aupe copyable-text x15bjb6t x1n2onr6\"><span class=\"_aupe copyable-text xkrh14z\">Opin\u00f3 que la desaceleraci\u00f3n del crecimiento resulta particularmente preocupante debido a que, durante las \u00faltimas dos o tres d\u00e9cadas, el pa\u00eds se hab\u00eda caracterizado por crecer de manera sostenida en torno a su potencial, estimado entre 4.5 % y 5 % anual.<\/span><\/p>\n<p class=\"_aupe copyable-text x15bjb6t x1n2onr6\"><span class=\"_aupe copyable-text xkrh14z\">Reyes sostuvo que una de las principales causas del bajo crecimiento ha sido la reducida inversi\u00f3n p\u00fablica, la cual cumple un rol clave como motor de la actividad econ\u00f3mica y como se\u00f1al de confianza para la inversi\u00f3n privada.&nbsp;<\/span><\/p>\n<p>sp-am<\/p>\n<div class=\"heateor_sss_sharing_container heateor_sss_horizontal_sharing\" data-heateor-sss-href=\"https:\/\/almomento.net\/ve-rd-concluira-2025-con-un-crecimiento-cercano-al-2\/\" readability=\"7\">\n<p>Comp\u00e1rtelo en tus redes:<\/p>\n<\/div>\n<p> <!-- 468x60 --><br \/>\n<ins class=\"adsbygoogle\" data-ad-client=\"ca-pub-3511341636159665\" data-ad-slot=\"3538255450\"><\/ins> <!-- .entry-content --> <\/p>\n","protected":false},"excerpt":{"rendered":"<p>Luis Reyes SANTO DOMINGO.- El economista Luis&#46;&#46;&#46;<\/p>\n","protected":false},"author":1,"featured_media":6810,"comment_status":"closed","ping_status":"closed","sticky":false,"template":"","format":"standard","meta":{"_jetpack_memberships_contains_paid_content":false,"footnotes":"","jetpack_publicize_message":"","jetpack_publicize_feature_enabled":true,"jetpack_social_post_already_shared":false,"jetpack_social_options":{"image_generator_settings":{"template":"highway","default_image_id":0,"font":"","enabled":false},"version":2}},"categories":[69],"tags":[],"class_list":["post-6809","post","type-post","status-publish","format-standard","has-post-thumbnail","hentry","category-portada"],"yoast_head":"<!-- This site is optimized with the Yoast SEO plugin v27.3 - https:\/\/yoast.com\/product\/yoast-seo-wordpress\/ -->\n<title>Dice registro de crecimiento de RD en el 2025 ser\u00eda de s\u00f3lo 2 % - Sarmiento24h<\/title>\n<meta name=\"robots\" content=\"index, follow, max-snippet:-1, max-image-preview:large, max-video-preview:-1\" \/>\n<link rel=\"canonical\" href=\"https:\/\/sarmiento24h.com\/?p=6809\" \/>\n<meta property=\"og:locale\" content=\"es_ES\" \/>\n<meta property=\"og:type\" content=\"article\" \/>\n<meta property=\"og:title\" content=\"Dice registro de crecimiento de RD en el 2025 ser\u00eda de s\u00f3lo 2 % - Sarmiento24h\" \/>\n<meta property=\"og:description\" content=\"Luis Reyes SANTO DOMINGO.- El economista Luis&#046;&#046;&#046;\" \/>\n<meta property=\"og:url\" content=\"https:\/\/sarmiento24h.com\/?p=6809\" \/>\n<meta property=\"og:site_name\" content=\"Sarmiento24h\" \/>\n<meta property=\"article:publisher\" content=\"https:\/\/facebook.com\/s24hnoticias\" \/>\n<meta property=\"article:published_time\" content=\"2026-01-12T20:06:08+00:00\" \/>\n<meta property=\"og:image\" content=\"https:\/\/sarmiento24h.com\/wp-content\/uploads\/2026\/01\/dice-registro-de-crecimiento-de-rd-en-el-2025-seria-de-solo-2.jpg\" \/>\n\t<meta property=\"og:image:width\" content=\"875\" \/>\n\t<meta property=\"og:image:height\" content=\"627\" \/>\n\t<meta property=\"og:image:type\" content=\"image\/jpeg\" \/>\n<meta name=\"author\" content=\"sarmiento24h@gmail.com\" \/>\n<meta name=\"twitter:card\" content=\"summary_large_image\" \/>\n<meta name=\"twitter:creator\" content=\"@sarmiento24h\" \/>\n<meta name=\"twitter:site\" content=\"@sarmiento24h\" \/>\n<meta name=\"twitter:label1\" content=\"Escrito por\" \/>\n\t<meta name=\"twitter:data1\" content=\"sarmiento24h@gmail.com\" \/>\n\t<meta name=\"twitter:label2\" content=\"Tiempo de lectura\" \/>\n\t<meta name=\"twitter:data2\" content=\"2 minutos\" \/>\n<script type=\"application\/ld+json\" class=\"yoast-schema-graph\">{\"@context\":\"https:\\\/\\\/schema.org\",\"@graph\":[{\"@type\":\"Article\",\"@id\":\"https:\\\/\\\/sarmiento24h.com\\\/?p=6809#article\",\"isPartOf\":{\"@id\":\"https:\\\/\\\/sarmiento24h.com\\\/?p=6809\"},\"author\":{\"name\":\"sarmiento24h@gmail.com\",\"@id\":\"https:\\\/\\\/sarmiento24h.com\\\/#\\\/schema\\\/person\\\/d653a59725ad629a7e0429af7b939d4d\"},\"headline\":\"Dice registro de crecimiento de RD en el 2025 ser\u00eda de s\u00f3lo 2 %\",\"datePublished\":\"2026-01-12T20:06:08+00:00\",\"mainEntityOfPage\":{\"@id\":\"https:\\\/\\\/sarmiento24h.com\\\/?p=6809\"},\"wordCount\":362,\"publisher\":{\"@id\":\"https:\\\/\\\/sarmiento24h.com\\\/#organization\"},\"image\":{\"@id\":\"https:\\\/\\\/sarmiento24h.com\\\/?p=6809#primaryimage\"},\"thumbnailUrl\":\"https:\\\/\\\/sarmiento24h.com\\\/wp-content\\\/uploads\\\/2026\\\/01\\\/dice-registro-de-crecimiento-de-rd-en-el-2025-seria-de-solo-2.jpg\",\"articleSection\":[\"Portada\"],\"inLanguage\":\"es\"},{\"@type\":\"WebPage\",\"@id\":\"https:\\\/\\\/sarmiento24h.com\\\/?p=6809\",\"url\":\"https:\\\/\\\/sarmiento24h.com\\\/?p=6809\",\"name\":\"Dice registro de crecimiento de RD en el 2025 ser\u00eda de s\u00f3lo 2 % - Sarmiento24h\",\"isPartOf\":{\"@id\":\"https:\\\/\\\/sarmiento24h.com\\\/#website\"},\"primaryImageOfPage\":{\"@id\":\"https:\\\/\\\/sarmiento24h.com\\\/?p=6809#primaryimage\"},\"image\":{\"@id\":\"https:\\\/\\\/sarmiento24h.com\\\/?p=6809#primaryimage\"},\"thumbnailUrl\":\"https:\\\/\\\/sarmiento24h.com\\\/wp-content\\\/uploads\\\/2026\\\/01\\\/dice-registro-de-crecimiento-de-rd-en-el-2025-seria-de-solo-2.jpg\",\"datePublished\":\"2026-01-12T20:06:08+00:00\",\"breadcrumb\":{\"@id\":\"https:\\\/\\\/sarmiento24h.com\\\/?p=6809#breadcrumb\"},\"inLanguage\":\"es\",\"potentialAction\":[{\"@type\":\"ReadAction\",\"target\":[\"https:\\\/\\\/sarmiento24h.com\\\/?p=6809\"]}]},{\"@type\":\"ImageObject\",\"inLanguage\":\"es\",\"@id\":\"https:\\\/\\\/sarmiento24h.com\\\/?p=6809#primaryimage\",\"url\":\"https:\\\/\\\/sarmiento24h.com\\\/wp-content\\\/uploads\\\/2026\\\/01\\\/dice-registro-de-crecimiento-de-rd-en-el-2025-seria-de-solo-2.jpg\",\"contentUrl\":\"https:\\\/\\\/sarmiento24h.com\\\/wp-content\\\/uploads\\\/2026\\\/01\\\/dice-registro-de-crecimiento-de-rd-en-el-2025-seria-de-solo-2.jpg\",\"width\":875,\"height\":627},{\"@type\":\"BreadcrumbList\",\"@id\":\"https:\\\/\\\/sarmiento24h.com\\\/?p=6809#breadcrumb\",\"itemListElement\":[{\"@type\":\"ListItem\",\"position\":1,\"name\":\"Home\",\"item\":\"https:\\\/\\\/sarmiento24h.com\\\/\"},{\"@type\":\"ListItem\",\"position\":2,\"name\":\"Dice registro de crecimiento de RD en el 2025 ser\u00eda de s\u00f3lo 2 %\"}]},{\"@type\":\"WebSite\",\"@id\":\"https:\\\/\\\/sarmiento24h.com\\\/#website\",\"url\":\"https:\\\/\\\/sarmiento24h.com\\\/\",\"name\":\"Sarmiento24h\",\"description\":\"\",\"publisher\":{\"@id\":\"https:\\\/\\\/sarmiento24h.com\\\/#organization\"},\"potentialAction\":[{\"@type\":\"SearchAction\",\"target\":{\"@type\":\"EntryPoint\",\"urlTemplate\":\"https:\\\/\\\/sarmiento24h.com\\\/?s={search_term_string}\"},\"query-input\":{\"@type\":\"PropertyValueSpecification\",\"valueRequired\":true,\"valueName\":\"search_term_string\"}}],\"inLanguage\":\"es\"},{\"@type\":\"Organization\",\"@id\":\"https:\\\/\\\/sarmiento24h.com\\\/#organization\",\"name\":\"Sarmiento24h\",\"url\":\"https:\\\/\\\/sarmiento24h.com\\\/\",\"logo\":{\"@type\":\"ImageObject\",\"inLanguage\":\"es\",\"@id\":\"https:\\\/\\\/sarmiento24h.com\\\/#\\\/schema\\\/logo\\\/image\\\/\",\"url\":\"https:\\\/\\\/sarmiento24h.com\\\/wp-content\\\/uploads\\\/2025\\\/12\\\/AddText_12-16-10.30.52.jpg\",\"contentUrl\":\"https:\\\/\\\/sarmiento24h.com\\\/wp-content\\\/uploads\\\/2025\\\/12\\\/AddText_12-16-10.30.52.jpg\",\"width\":1220,\"height\":324,\"caption\":\"Sarmiento24h\"},\"image\":{\"@id\":\"https:\\\/\\\/sarmiento24h.com\\\/#\\\/schema\\\/logo\\\/image\\\/\"},\"sameAs\":[\"https:\\\/\\\/facebook.com\\\/s24hnoticias\",\"https:\\\/\\\/x.com\\\/sarmiento24h\"]},{\"@type\":\"Person\",\"@id\":\"https:\\\/\\\/sarmiento24h.com\\\/#\\\/schema\\\/person\\\/d653a59725ad629a7e0429af7b939d4d\",\"name\":\"sarmiento24h@gmail.com\",\"image\":{\"@type\":\"ImageObject\",\"inLanguage\":\"es\",\"@id\":\"https:\\\/\\\/sarmiento24h.com\\\/wp-content\\\/litespeed\\\/avatar\\\/d02cbc4e23c747e6659cd45907173c8f.jpg?ver=1777157796\",\"url\":\"https:\\\/\\\/sarmiento24h.com\\\/wp-content\\\/litespeed\\\/avatar\\\/d02cbc4e23c747e6659cd45907173c8f.jpg?ver=1777157796\",\"contentUrl\":\"https:\\\/\\\/sarmiento24h.com\\\/wp-content\\\/litespeed\\\/avatar\\\/d02cbc4e23c747e6659cd45907173c8f.jpg?ver=1777157796\",\"caption\":\"sarmiento24h@gmail.com\"},\"sameAs\":[\"https:\\\/\\\/sarmiento24h.com\"],\"url\":\"https:\\\/\\\/sarmiento24h.com\\\/?author=1\"}]}<\/script>\n<!-- \/ Yoast SEO plugin. -->","yoast_head_json":{"title":"Dice registro de crecimiento de RD en el 2025 ser\u00eda de s\u00f3lo 2 % - Sarmiento24h","robots":{"index":"index","follow":"follow","max-snippet":"max-snippet:-1","max-image-preview":"max-image-preview:large","max-video-preview":"max-video-preview:-1"},"canonical":"https:\/\/sarmiento24h.com\/?p=6809","og_locale":"es_ES","og_type":"article","og_title":"Dice registro de crecimiento de RD en el 2025 ser\u00eda de s\u00f3lo 2 % - Sarmiento24h","og_description":"Luis Reyes SANTO DOMINGO.- El economista Luis&#46;&#46;&#46;","og_url":"https:\/\/sarmiento24h.com\/?p=6809","og_site_name":"Sarmiento24h","article_publisher":"https:\/\/facebook.com\/s24hnoticias","article_published_time":"2026-01-12T20:06:08+00:00","og_image":[{"width":875,"height":627,"url":"https:\/\/sarmiento24h.com\/wp-content\/uploads\/2026\/01\/dice-registro-de-crecimiento-de-rd-en-el-2025-seria-de-solo-2.jpg","type":"image\/jpeg"}],"author":"sarmiento24h@gmail.com","twitter_card":"summary_large_image","twitter_creator":"@sarmiento24h","twitter_site":"@sarmiento24h","twitter_misc":{"Escrito por":"sarmiento24h@gmail.com","Tiempo de lectura":"2 minutos"},"schema":{"@context":"https:\/\/schema.org","@graph":[{"@type":"Article","@id":"https:\/\/sarmiento24h.com\/?p=6809#article","isPartOf":{"@id":"https:\/\/sarmiento24h.com\/?p=6809"},"author":{"name":"sarmiento24h@gmail.com","@id":"https:\/\/sarmiento24h.com\/#\/schema\/person\/d653a59725ad629a7e0429af7b939d4d"},"headline":"Dice registro de crecimiento de RD en el 2025 ser\u00eda de s\u00f3lo 2 %","datePublished":"2026-01-12T20:06:08+00:00","mainEntityOfPage":{"@id":"https:\/\/sarmiento24h.com\/?p=6809"},"wordCount":362,"publisher":{"@id":"https:\/\/sarmiento24h.com\/#organization"},"image":{"@id":"https:\/\/sarmiento24h.com\/?p=6809#primaryimage"},"thumbnailUrl":"https:\/\/sarmiento24h.com\/wp-content\/uploads\/2026\/01\/dice-registro-de-crecimiento-de-rd-en-el-2025-seria-de-solo-2.jpg","articleSection":["Portada"],"inLanguage":"es"},{"@type":"WebPage","@id":"https:\/\/sarmiento24h.com\/?p=6809","url":"https:\/\/sarmiento24h.com\/?p=6809","name":"Dice registro de crecimiento de RD en el 2025 ser\u00eda de s\u00f3lo 2 % - Sarmiento24h","isPartOf":{"@id":"https:\/\/sarmiento24h.com\/#website"},"primaryImageOfPage":{"@id":"https:\/\/sarmiento24h.com\/?p=6809#primaryimage"},"image":{"@id":"https:\/\/sarmiento24h.com\/?p=6809#primaryimage"},"thumbnailUrl":"https:\/\/sarmiento24h.com\/wp-content\/uploads\/2026\/01\/dice-registro-de-crecimiento-de-rd-en-el-2025-seria-de-solo-2.jpg","datePublished":"2026-01-12T20:06:08+00:00","breadcrumb":{"@id":"https:\/\/sarmiento24h.com\/?p=6809#breadcrumb"},"inLanguage":"es","potentialAction":[{"@type":"ReadAction","target":["https:\/\/sarmiento24h.com\/?p=6809"]}]},{"@type":"ImageObject","inLanguage":"es","@id":"https:\/\/sarmiento24h.com\/?p=6809#primaryimage","url":"https:\/\/sarmiento24h.com\/wp-content\/uploads\/2026\/01\/dice-registro-de-crecimiento-de-rd-en-el-2025-seria-de-solo-2.jpg","contentUrl":"https:\/\/sarmiento24h.com\/wp-content\/uploads\/2026\/01\/dice-registro-de-crecimiento-de-rd-en-el-2025-seria-de-solo-2.jpg","width":875,"height":627},{"@type":"BreadcrumbList","@id":"https:\/\/sarmiento24h.com\/?p=6809#breadcrumb","itemListElement":[{"@type":"ListItem","position":1,"name":"Home","item":"https:\/\/sarmiento24h.com\/"},{"@type":"ListItem","position":2,"name":"Dice registro de crecimiento de RD en el 2025 ser\u00eda de s\u00f3lo 2 %"}]},{"@type":"WebSite","@id":"https:\/\/sarmiento24h.com\/#website","url":"https:\/\/sarmiento24h.com\/","name":"Sarmiento24h","description":"","publisher":{"@id":"https:\/\/sarmiento24h.com\/#organization"},"potentialAction":[{"@type":"SearchAction","target":{"@type":"EntryPoint","urlTemplate":"https:\/\/sarmiento24h.com\/?s={search_term_string}"},"query-input":{"@type":"PropertyValueSpecification","valueRequired":true,"valueName":"search_term_string"}}],"inLanguage":"es"},{"@type":"Organization","@id":"https:\/\/sarmiento24h.com\/#organization","name":"Sarmiento24h","url":"https:\/\/sarmiento24h.com\/","logo":{"@type":"ImageObject","inLanguage":"es","@id":"https:\/\/sarmiento24h.com\/#\/schema\/logo\/image\/","url":"https:\/\/sarmiento24h.com\/wp-content\/uploads\/2025\/12\/AddText_12-16-10.30.52.jpg","contentUrl":"https:\/\/sarmiento24h.com\/wp-content\/uploads\/2025\/12\/AddText_12-16-10.30.52.jpg","width":1220,"height":324,"caption":"Sarmiento24h"},"image":{"@id":"https:\/\/sarmiento24h.com\/#\/schema\/logo\/image\/"},"sameAs":["https:\/\/facebook.com\/s24hnoticias","https:\/\/x.com\/sarmiento24h"]},{"@type":"Person","@id":"https:\/\/sarmiento24h.com\/#\/schema\/person\/d653a59725ad629a7e0429af7b939d4d","name":"sarmiento24h@gmail.com","image":{"@type":"ImageObject","inLanguage":"es","@id":"https:\/\/sarmiento24h.com\/wp-content\/litespeed\/avatar\/d02cbc4e23c747e6659cd45907173c8f.jpg?ver=1777157796","url":"https:\/\/sarmiento24h.com\/wp-content\/litespeed\/avatar\/d02cbc4e23c747e6659cd45907173c8f.jpg?ver=1777157796","contentUrl":"https:\/\/sarmiento24h.com\/wp-content\/litespeed\/avatar\/d02cbc4e23c747e6659cd45907173c8f.jpg?ver=1777157796","caption":"sarmiento24h@gmail.com"},"sameAs":["https:\/\/sarmiento24h.com"],"url":"https:\/\/sarmiento24h.com\/?author=1"}]}},"jetpack_publicize_connections":[],"jetpack_featured_media_url":"https:\/\/sarmiento24h.com\/wp-content\/uploads\/2026\/01\/dice-registro-de-crecimiento-de-rd-en-el-2025-seria-de-solo-2.jpg","jetpack_sharing_enabled":true,"_links":{"self":[{"href":"https:\/\/sarmiento24h.com\/index.php?rest_route=\/wp\/v2\/posts\/6809","targetHints":{"allow":["GET"]}}],"collection":[{"href":"https:\/\/sarmiento24h.com\/index.php?rest_route=\/wp\/v2\/posts"}],"about":[{"href":"https:\/\/sarmiento24h.com\/index.php?rest_route=\/wp\/v2\/types\/post"}],"author":[{"embeddable":true,"href":"https:\/\/sarmiento24h.com\/index.php?rest_route=\/wp\/v2\/users\/1"}],"replies":[{"embeddable":true,"href":"https:\/\/sarmiento24h.com\/index.php?rest_route=%2Fwp%2Fv2%2Fcomments&post=6809"}],"version-history":[{"count":0,"href":"https:\/\/sarmiento24h.com\/index.php?rest_route=\/wp\/v2\/posts\/6809\/revisions"}],"wp:featuredmedia":[{"embeddable":true,"href":"https:\/\/sarmiento24h.com\/index.php?rest_route=\/wp\/v2\/media\/6810"}],"wp:attachment":[{"href":"https:\/\/sarmiento24h.com\/index.php?rest_route=%2Fwp%2Fv2%2Fmedia&parent=6809"}],"wp:term":[{"taxonomy":"category","embeddable":true,"href":"https:\/\/sarmiento24h.com\/index.php?rest_route=%2Fwp%2Fv2%2Fcategories&post=6809"},{"taxonomy":"post_tag","embeddable":true,"href":"https:\/\/sarmiento24h.com\/index.php?rest_route=%2Fwp%2Fv2%2Ftags&post=6809"}],"curies":[{"name":"wp","href":"https:\/\/api.w.org\/{rel}","templated":true}]}}