{"id":68885,"date":"2026-03-18T05:07:14","date_gmt":"2026-03-18T05:07:14","guid":{"rendered":"http:\/\/almomento.net\/?p=1105892"},"modified":"2026-03-18T05:07:14","modified_gmt":"2026-03-18T05:07:14","slug":"mesa-dialogo-anuncia-semana-concienciacion-sobre-autismo","status":"publish","type":"post","link":"https:\/\/sarmiento24h.com\/?p=68885","title":{"rendered":"Mesa Di\u00e1logo anuncia Semana Concienciaci\u00f3n sobre Autismo"},"content":{"rendered":"<p><!-- .entry-header --> <\/p>\n<div class=\"img_center\"> <a href=\"https:\/\/sarmiento24h.com\/wp-content\/uploads\/2026\/03\/mesa-dialogo-anuncia-semana-concienciacion-sobre-autismo.png\" title=\"Mesa Di\u00e1logo anuncia Semana Concienciaci\u00f3n sobre Autismo\" data-toggle=\"lightbox\" class=\"thickbox\"><img decoding=\"async\" src=\"https:\/\/sarmiento24h.com\/wp-content\/uploads\/2026\/03\/mesa-dialogo-anuncia-semana-concienciacion-sobre-autismo.png\" class=\"attachment-post-thumbnail size-post-thumbnail wp-post-image\" alt=\"imagen\" title=\"Mesa Di\u00e1logo anuncia Semana Concienciaci\u00f3n sobre Autismo\" data-toggle data-title=\"Mesa Di\u00e1logo anuncia Semana Concienciaci\u00f3n sobre Autismo\"><\/a><\/p>\n<p>Semana de Concienciacio\u0301n sobre el Autismo.<\/p>\n<\/p><\/div>\n<p>SANTO DOMINGO. \u2013 La Mesa de Di\u00e1logo por el Autismo anunci\u00f3 la realizaci\u00f3n de la&nbsp;3ra Semana de Concienciaci\u00f3n sobre el Autismo, la que tendr\u00e1 lugar del&nbsp;jueves 26 al s\u00e1bado 28 de marzo de 2026 en \u00c1gora Mall.<\/p>\n<p>La agenda de la cita est\u00e1 integrada por exposiciones art\u00edsticas, orientaci\u00f3n familiar y debates sobre temas de actualidad relacionados con el espectro autista.<\/p>\n<p>Bajo el lema&nbsp;\u201cCuando el arte habla, el mundo escucha\u201d, esta edici\u00f3n busca profundizar la sensibilizaci\u00f3n ciudadana, promover el respeto a la diversidad y generar informaci\u00f3n accesible para familias, educadores, empresas y profesionales de la salud.<\/p>\n<p>La Semana tiene lugar en v\u00edsperas del&nbsp;2 de abril, D\u00eda Mundial de la Concienciaci\u00f3n sobre el Autismo.<\/p>\n<p><strong>SURA reafirma su compromiso con la inclusi\u00f3n social<\/strong><\/p>\n<p>Como parte de su modelo de&nbsp;Gesti\u00f3n Responsable y Desarrollo Sostenible,&nbsp;Seguros SURA&nbsp;se integra como aliado estrat\u00e9gico de esta iniciativa.<\/p>\n<p>La firma reafirma as\u00ed su compromiso con proyectos que promuevan la&nbsp;equidad, la accesibilidad y la construcci\u00f3n de entornos m\u00e1s seguros y emp\u00e1ticos&nbsp;para todas las personas.<\/p>\n<p>En esta ocasi\u00f3n, la compa\u00f1\u00eda&nbsp;se suma por primera vez como aliada de la Mesa de Di\u00e1logo por el Autismo, fortaleciendo su apoyo a iniciativas que impulsan la inclusi\u00f3n y el bienestar de las personas en esta situaci\u00f3n.<\/p>\n<p>\u201cComo empresa que gestiona tendencias y riesgos, creemos que la verdadera inclusi\u00f3n se construye escuchando, aprendiendo y actuando junto a quienes transforman la realidad d\u00eda a d\u00eda\u00a8, destac\u00f3 James Garc\u00eda, presidente ejecutivo de Seguros SURA.<\/p>\n<p><strong>ARTE QUE CONECTA<\/strong><\/p>\n<p>En la inauguraci\u00f3n ser\u00e1 presentada la exposici\u00f3n&nbsp;\u201cAlto Relieve: a dos voces\u201d, del joven artista&nbsp;Fernando Gabriel Quiroz Flavi\u00e1, de 16 a\u00f1os, quien vive con condici\u00f3n de autismo.<\/p>\n<p>agl\/of-am<\/p>\n<div class=\"heateor_sss_sharing_container heateor_sss_horizontal_sharing\" data-heateor-sss-href=\"https:\/\/almomento.net\/mesa-dialogo-anuncia-semana-concienciacion-sobre-autismo\/\">\n<p>Comp\u00e1rtelo en tus redes:<\/p>\n<\/div>\n<p> <!-- 468x60 --><br \/>\n<ins class=\"adsbygoogle\" data-ad-client=\"ca-pub-3511341636159665\" data-ad-slot=\"3538255450\"><\/ins> <!-- .entry-content --> <\/p>\n","protected":false},"excerpt":{"rendered":"<p>Semana de Concienciacio\u0301n sobre el Autismo. SANTO&#46;&#46;&#46;<\/p>\n","protected":false},"author":1,"featured_media":68886,"comment_status":"closed","ping_status":"closed","sticky":false,"template":"","format":"standard","meta":{"_jetpack_memberships_contains_paid_content":false,"footnotes":"","jetpack_publicize_message":"","jetpack_publicize_feature_enabled":true,"jetpack_social_post_already_shared":true,"jetpack_social_options":{"image_generator_settings":{"template":"highway","default_image_id":0,"font":"","enabled":false},"version":2}},"categories":[64],"tags":[],"class_list":["post-68885","post","type-post","status-publish","format-standard","has-post-thumbnail","hentry","category-salud"],"yoast_head":"<!-- This site is optimized with the Yoast SEO plugin v27.3 - https:\/\/yoast.com\/product\/yoast-seo-wordpress\/ -->\n<title>Mesa Di\u00e1logo anuncia Semana Concienciaci\u00f3n sobre Autismo - Sarmiento24h<\/title>\n<meta name=\"robots\" content=\"index, follow, max-snippet:-1, max-image-preview:large, max-video-preview:-1\" \/>\n<link rel=\"canonical\" href=\"https:\/\/sarmiento24h.com\/?p=68885\" \/>\n<meta property=\"og:locale\" content=\"es_ES\" \/>\n<meta property=\"og:type\" content=\"article\" \/>\n<meta property=\"og:title\" content=\"Mesa Di\u00e1logo anuncia Semana Concienciaci\u00f3n sobre Autismo - Sarmiento24h\" \/>\n<meta property=\"og:description\" content=\"Semana de Concienciacio\u0301n sobre el Autismo. SANTO&#046;&#046;&#046;\" \/>\n<meta property=\"og:url\" content=\"https:\/\/sarmiento24h.com\/?p=68885\" \/>\n<meta property=\"og:site_name\" content=\"Sarmiento24h\" \/>\n<meta property=\"article:publisher\" content=\"https:\/\/facebook.com\/s24hnoticias\" \/>\n<meta property=\"article:published_time\" content=\"2026-03-18T05:07:14+00:00\" \/>\n<meta property=\"og:image\" content=\"https:\/\/sarmiento24h.com\/wp-content\/uploads\/2026\/03\/mesa-dialogo-anuncia-semana-concienciacion-sobre-autismo.png\" \/>\n\t<meta property=\"og:image:width\" content=\"608\" \/>\n\t<meta property=\"og:image:height\" content=\"332\" \/>\n\t<meta property=\"og:image:type\" content=\"image\/png\" \/>\n<meta name=\"author\" content=\"sarmiento24h@gmail.com\" \/>\n<meta name=\"twitter:card\" content=\"summary_large_image\" \/>\n<meta name=\"twitter:creator\" content=\"@sarmiento24h\" \/>\n<meta name=\"twitter:site\" content=\"@sarmiento24h\" \/>\n<meta name=\"twitter:label1\" content=\"Escrito por\" \/>\n\t<meta name=\"twitter:data1\" content=\"sarmiento24h@gmail.com\" \/>\n\t<meta name=\"twitter:label2\" content=\"Tiempo de lectura\" \/>\n\t<meta name=\"twitter:data2\" content=\"2 minutos\" \/>\n<script type=\"application\/ld+json\" class=\"yoast-schema-graph\">{\"@context\":\"https:\\\/\\\/schema.org\",\"@graph\":[{\"@type\":\"Article\",\"@id\":\"https:\\\/\\\/sarmiento24h.com\\\/?p=68885#article\",\"isPartOf\":{\"@id\":\"https:\\\/\\\/sarmiento24h.com\\\/?p=68885\"},\"author\":{\"name\":\"sarmiento24h@gmail.com\",\"@id\":\"https:\\\/\\\/sarmiento24h.com\\\/#\\\/schema\\\/person\\\/d653a59725ad629a7e0429af7b939d4d\"},\"headline\":\"Mesa Di\u00e1logo anuncia Semana Concienciaci\u00f3n sobre Autismo\",\"datePublished\":\"2026-03-18T05:07:14+00:00\",\"mainEntityOfPage\":{\"@id\":\"https:\\\/\\\/sarmiento24h.com\\\/?p=68885\"},\"wordCount\":336,\"publisher\":{\"@id\":\"https:\\\/\\\/sarmiento24h.com\\\/#organization\"},\"image\":{\"@id\":\"https:\\\/\\\/sarmiento24h.com\\\/?p=68885#primaryimage\"},\"thumbnailUrl\":\"https:\\\/\\\/sarmiento24h.com\\\/wp-content\\\/uploads\\\/2026\\\/03\\\/mesa-dialogo-anuncia-semana-concienciacion-sobre-autismo.png\",\"articleSection\":[\"Salud\"],\"inLanguage\":\"es\"},{\"@type\":\"WebPage\",\"@id\":\"https:\\\/\\\/sarmiento24h.com\\\/?p=68885\",\"url\":\"https:\\\/\\\/sarmiento24h.com\\\/?p=68885\",\"name\":\"Mesa Di\u00e1logo anuncia Semana Concienciaci\u00f3n sobre Autismo - Sarmiento24h\",\"isPartOf\":{\"@id\":\"https:\\\/\\\/sarmiento24h.com\\\/#website\"},\"primaryImageOfPage\":{\"@id\":\"https:\\\/\\\/sarmiento24h.com\\\/?p=68885#primaryimage\"},\"image\":{\"@id\":\"https:\\\/\\\/sarmiento24h.com\\\/?p=68885#primaryimage\"},\"thumbnailUrl\":\"https:\\\/\\\/sarmiento24h.com\\\/wp-content\\\/uploads\\\/2026\\\/03\\\/mesa-dialogo-anuncia-semana-concienciacion-sobre-autismo.png\",\"datePublished\":\"2026-03-18T05:07:14+00:00\",\"breadcrumb\":{\"@id\":\"https:\\\/\\\/sarmiento24h.com\\\/?p=68885#breadcrumb\"},\"inLanguage\":\"es\",\"potentialAction\":[{\"@type\":\"ReadAction\",\"target\":[\"https:\\\/\\\/sarmiento24h.com\\\/?p=68885\"]}]},{\"@type\":\"ImageObject\",\"inLanguage\":\"es\",\"@id\":\"https:\\\/\\\/sarmiento24h.com\\\/?p=68885#primaryimage\",\"url\":\"https:\\\/\\\/sarmiento24h.com\\\/wp-content\\\/uploads\\\/2026\\\/03\\\/mesa-dialogo-anuncia-semana-concienciacion-sobre-autismo.png\",\"contentUrl\":\"https:\\\/\\\/sarmiento24h.com\\\/wp-content\\\/uploads\\\/2026\\\/03\\\/mesa-dialogo-anuncia-semana-concienciacion-sobre-autismo.png\",\"width\":608,\"height\":332},{\"@type\":\"BreadcrumbList\",\"@id\":\"https:\\\/\\\/sarmiento24h.com\\\/?p=68885#breadcrumb\",\"itemListElement\":[{\"@type\":\"ListItem\",\"position\":1,\"name\":\"Home\",\"item\":\"https:\\\/\\\/sarmiento24h.com\\\/\"},{\"@type\":\"ListItem\",\"position\":2,\"name\":\"Mesa Di\u00e1logo anuncia Semana Concienciaci\u00f3n sobre Autismo\"}]},{\"@type\":\"WebSite\",\"@id\":\"https:\\\/\\\/sarmiento24h.com\\\/#website\",\"url\":\"https:\\\/\\\/sarmiento24h.com\\\/\",\"name\":\"Sarmiento24h\",\"description\":\"\",\"publisher\":{\"@id\":\"https:\\\/\\\/sarmiento24h.com\\\/#organization\"},\"potentialAction\":[{\"@type\":\"SearchAction\",\"target\":{\"@type\":\"EntryPoint\",\"urlTemplate\":\"https:\\\/\\\/sarmiento24h.com\\\/?s={search_term_string}\"},\"query-input\":{\"@type\":\"PropertyValueSpecification\",\"valueRequired\":true,\"valueName\":\"search_term_string\"}}],\"inLanguage\":\"es\"},{\"@type\":\"Organization\",\"@id\":\"https:\\\/\\\/sarmiento24h.com\\\/#organization\",\"name\":\"Sarmiento24h\",\"url\":\"https:\\\/\\\/sarmiento24h.com\\\/\",\"logo\":{\"@type\":\"ImageObject\",\"inLanguage\":\"es\",\"@id\":\"https:\\\/\\\/sarmiento24h.com\\\/#\\\/schema\\\/logo\\\/image\\\/\",\"url\":\"https:\\\/\\\/sarmiento24h.com\\\/wp-content\\\/uploads\\\/2025\\\/12\\\/AddText_12-16-10.30.52.jpg\",\"contentUrl\":\"https:\\\/\\\/sarmiento24h.com\\\/wp-content\\\/uploads\\\/2025\\\/12\\\/AddText_12-16-10.30.52.jpg\",\"width\":1220,\"height\":324,\"caption\":\"Sarmiento24h\"},\"image\":{\"@id\":\"https:\\\/\\\/sarmiento24h.com\\\/#\\\/schema\\\/logo\\\/image\\\/\"},\"sameAs\":[\"https:\\\/\\\/facebook.com\\\/s24hnoticias\",\"https:\\\/\\\/x.com\\\/sarmiento24h\"]},{\"@type\":\"Person\",\"@id\":\"https:\\\/\\\/sarmiento24h.com\\\/#\\\/schema\\\/person\\\/d653a59725ad629a7e0429af7b939d4d\",\"name\":\"sarmiento24h@gmail.com\",\"image\":{\"@type\":\"ImageObject\",\"inLanguage\":\"es\",\"@id\":\"https:\\\/\\\/sarmiento24h.com\\\/wp-content\\\/litespeed\\\/avatar\\\/d02cbc4e23c747e6659cd45907173c8f.jpg?ver=1777762632\",\"url\":\"https:\\\/\\\/sarmiento24h.com\\\/wp-content\\\/litespeed\\\/avatar\\\/d02cbc4e23c747e6659cd45907173c8f.jpg?ver=1777762632\",\"contentUrl\":\"https:\\\/\\\/sarmiento24h.com\\\/wp-content\\\/litespeed\\\/avatar\\\/d02cbc4e23c747e6659cd45907173c8f.jpg?ver=1777762632\",\"caption\":\"sarmiento24h@gmail.com\"},\"sameAs\":[\"https:\\\/\\\/sarmiento24h.com\"],\"url\":\"https:\\\/\\\/sarmiento24h.com\\\/?author=1\"}]}<\/script>\n<!-- \/ Yoast SEO plugin. -->","yoast_head_json":{"title":"Mesa Di\u00e1logo anuncia Semana Concienciaci\u00f3n sobre Autismo - Sarmiento24h","robots":{"index":"index","follow":"follow","max-snippet":"max-snippet:-1","max-image-preview":"max-image-preview:large","max-video-preview":"max-video-preview:-1"},"canonical":"https:\/\/sarmiento24h.com\/?p=68885","og_locale":"es_ES","og_type":"article","og_title":"Mesa Di\u00e1logo anuncia Semana Concienciaci\u00f3n sobre Autismo - Sarmiento24h","og_description":"Semana de Concienciacio\u0301n sobre el Autismo. SANTO&#46;&#46;&#46;","og_url":"https:\/\/sarmiento24h.com\/?p=68885","og_site_name":"Sarmiento24h","article_publisher":"https:\/\/facebook.com\/s24hnoticias","article_published_time":"2026-03-18T05:07:14+00:00","og_image":[{"width":608,"height":332,"url":"https:\/\/sarmiento24h.com\/wp-content\/uploads\/2026\/03\/mesa-dialogo-anuncia-semana-concienciacion-sobre-autismo.png","type":"image\/png"}],"author":"sarmiento24h@gmail.com","twitter_card":"summary_large_image","twitter_creator":"@sarmiento24h","twitter_site":"@sarmiento24h","twitter_misc":{"Escrito por":"sarmiento24h@gmail.com","Tiempo de lectura":"2 minutos"},"schema":{"@context":"https:\/\/schema.org","@graph":[{"@type":"Article","@id":"https:\/\/sarmiento24h.com\/?p=68885#article","isPartOf":{"@id":"https:\/\/sarmiento24h.com\/?p=68885"},"author":{"name":"sarmiento24h@gmail.com","@id":"https:\/\/sarmiento24h.com\/#\/schema\/person\/d653a59725ad629a7e0429af7b939d4d"},"headline":"Mesa Di\u00e1logo anuncia Semana Concienciaci\u00f3n sobre Autismo","datePublished":"2026-03-18T05:07:14+00:00","mainEntityOfPage":{"@id":"https:\/\/sarmiento24h.com\/?p=68885"},"wordCount":336,"publisher":{"@id":"https:\/\/sarmiento24h.com\/#organization"},"image":{"@id":"https:\/\/sarmiento24h.com\/?p=68885#primaryimage"},"thumbnailUrl":"https:\/\/sarmiento24h.com\/wp-content\/uploads\/2026\/03\/mesa-dialogo-anuncia-semana-concienciacion-sobre-autismo.png","articleSection":["Salud"],"inLanguage":"es"},{"@type":"WebPage","@id":"https:\/\/sarmiento24h.com\/?p=68885","url":"https:\/\/sarmiento24h.com\/?p=68885","name":"Mesa Di\u00e1logo anuncia Semana Concienciaci\u00f3n sobre Autismo - Sarmiento24h","isPartOf":{"@id":"https:\/\/sarmiento24h.com\/#website"},"primaryImageOfPage":{"@id":"https:\/\/sarmiento24h.com\/?p=68885#primaryimage"},"image":{"@id":"https:\/\/sarmiento24h.com\/?p=68885#primaryimage"},"thumbnailUrl":"https:\/\/sarmiento24h.com\/wp-content\/uploads\/2026\/03\/mesa-dialogo-anuncia-semana-concienciacion-sobre-autismo.png","datePublished":"2026-03-18T05:07:14+00:00","breadcrumb":{"@id":"https:\/\/sarmiento24h.com\/?p=68885#breadcrumb"},"inLanguage":"es","potentialAction":[{"@type":"ReadAction","target":["https:\/\/sarmiento24h.com\/?p=68885"]}]},{"@type":"ImageObject","inLanguage":"es","@id":"https:\/\/sarmiento24h.com\/?p=68885#primaryimage","url":"https:\/\/sarmiento24h.com\/wp-content\/uploads\/2026\/03\/mesa-dialogo-anuncia-semana-concienciacion-sobre-autismo.png","contentUrl":"https:\/\/sarmiento24h.com\/wp-content\/uploads\/2026\/03\/mesa-dialogo-anuncia-semana-concienciacion-sobre-autismo.png","width":608,"height":332},{"@type":"BreadcrumbList","@id":"https:\/\/sarmiento24h.com\/?p=68885#breadcrumb","itemListElement":[{"@type":"ListItem","position":1,"name":"Home","item":"https:\/\/sarmiento24h.com\/"},{"@type":"ListItem","position":2,"name":"Mesa Di\u00e1logo anuncia Semana Concienciaci\u00f3n sobre Autismo"}]},{"@type":"WebSite","@id":"https:\/\/sarmiento24h.com\/#website","url":"https:\/\/sarmiento24h.com\/","name":"Sarmiento24h","description":"","publisher":{"@id":"https:\/\/sarmiento24h.com\/#organization"},"potentialAction":[{"@type":"SearchAction","target":{"@type":"EntryPoint","urlTemplate":"https:\/\/sarmiento24h.com\/?s={search_term_string}"},"query-input":{"@type":"PropertyValueSpecification","valueRequired":true,"valueName":"search_term_string"}}],"inLanguage":"es"},{"@type":"Organization","@id":"https:\/\/sarmiento24h.com\/#organization","name":"Sarmiento24h","url":"https:\/\/sarmiento24h.com\/","logo":{"@type":"ImageObject","inLanguage":"es","@id":"https:\/\/sarmiento24h.com\/#\/schema\/logo\/image\/","url":"https:\/\/sarmiento24h.com\/wp-content\/uploads\/2025\/12\/AddText_12-16-10.30.52.jpg","contentUrl":"https:\/\/sarmiento24h.com\/wp-content\/uploads\/2025\/12\/AddText_12-16-10.30.52.jpg","width":1220,"height":324,"caption":"Sarmiento24h"},"image":{"@id":"https:\/\/sarmiento24h.com\/#\/schema\/logo\/image\/"},"sameAs":["https:\/\/facebook.com\/s24hnoticias","https:\/\/x.com\/sarmiento24h"]},{"@type":"Person","@id":"https:\/\/sarmiento24h.com\/#\/schema\/person\/d653a59725ad629a7e0429af7b939d4d","name":"sarmiento24h@gmail.com","image":{"@type":"ImageObject","inLanguage":"es","@id":"https:\/\/sarmiento24h.com\/wp-content\/litespeed\/avatar\/d02cbc4e23c747e6659cd45907173c8f.jpg?ver=1777762632","url":"https:\/\/sarmiento24h.com\/wp-content\/litespeed\/avatar\/d02cbc4e23c747e6659cd45907173c8f.jpg?ver=1777762632","contentUrl":"https:\/\/sarmiento24h.com\/wp-content\/litespeed\/avatar\/d02cbc4e23c747e6659cd45907173c8f.jpg?ver=1777762632","caption":"sarmiento24h@gmail.com"},"sameAs":["https:\/\/sarmiento24h.com"],"url":"https:\/\/sarmiento24h.com\/?author=1"}]}},"jetpack_publicize_connections":[],"jetpack_featured_media_url":"https:\/\/sarmiento24h.com\/wp-content\/uploads\/2026\/03\/mesa-dialogo-anuncia-semana-concienciacion-sobre-autismo.png","jetpack_sharing_enabled":true,"_links":{"self":[{"href":"https:\/\/sarmiento24h.com\/index.php?rest_route=\/wp\/v2\/posts\/68885","targetHints":{"allow":["GET"]}}],"collection":[{"href":"https:\/\/sarmiento24h.com\/index.php?rest_route=\/wp\/v2\/posts"}],"about":[{"href":"https:\/\/sarmiento24h.com\/index.php?rest_route=\/wp\/v2\/types\/post"}],"author":[{"embeddable":true,"href":"https:\/\/sarmiento24h.com\/index.php?rest_route=\/wp\/v2\/users\/1"}],"replies":[{"embeddable":true,"href":"https:\/\/sarmiento24h.com\/index.php?rest_route=%2Fwp%2Fv2%2Fcomments&post=68885"}],"version-history":[{"count":0,"href":"https:\/\/sarmiento24h.com\/index.php?rest_route=\/wp\/v2\/posts\/68885\/revisions"}],"wp:featuredmedia":[{"embeddable":true,"href":"https:\/\/sarmiento24h.com\/index.php?rest_route=\/wp\/v2\/media\/68886"}],"wp:attachment":[{"href":"https:\/\/sarmiento24h.com\/index.php?rest_route=%2Fwp%2Fv2%2Fmedia&parent=68885"}],"wp:term":[{"taxonomy":"category","embeddable":true,"href":"https:\/\/sarmiento24h.com\/index.php?rest_route=%2Fwp%2Fv2%2Fcategories&post=68885"},{"taxonomy":"post_tag","embeddable":true,"href":"https:\/\/sarmiento24h.com\/index.php?rest_route=%2Fwp%2Fv2%2Ftags&post=68885"}],"curies":[{"name":"wp","href":"https:\/\/api.w.org\/{rel}","templated":true}]}}