{"id":6923,"date":"2026-01-13T17:06:16","date_gmt":"2026-01-13T17:06:16","guid":{"rendered":"http:\/\/almomento.net\/?p=1091744"},"modified":"2026-01-13T17:06:16","modified_gmt":"2026-01-13T17:06:16","slug":"abinader-da-seguimiento-a-la-docencia-educacion-moral-y-civica","status":"publish","type":"post","link":"https:\/\/sarmiento24h.com\/?p=6923","title":{"rendered":"Abinader da seguimiento a la docencia Educaci\u00f3n Moral y C\u00edvica"},"content":{"rendered":"<p><!-- .entry-header --> <\/p>\n<div class=\"img_center\"> <a href=\"https:\/\/almomento.net\/wp-content\/uploads\/2026\/01\/ef2a2739-4108-4092-917e-3e7d58897967.jpg\" alt=\"Abinader da seguimiento a la docencia Educaci\u00f3n Moral y C\u00edvica\" title=\"Abinader da seguimiento a la docencia Educaci\u00f3n Moral y C\u00edvica\" data-toggle=\"lightbox\" class=\"thickbox\"><img decoding=\"async\" src=\"https:\/\/almomento.net\/wp-content\/uploads\/2026\/01\/ef2a2739-4108-4092-917e-3e7d58897967.jpg\" class=\"attachment-post-thumbnail size-post-thumbnail wp-post-image\" alt=\"imagen\" title=\"Abinader da seguimiento a la docencia Educaci\u00f3n Moral y C\u00edvica\" data-toggle data-title=\"Abinader da seguimiento a la docencia Educaci\u00f3n Moral y C\u00edvica\"><\/a> <\/div>\n<p>SANTO DOMINGO.- El presidente Luis Abinader fungi\u00f3 este martes como docente al impartir una clase de Moral, C\u00edvica y \u00c9tica Ciudadana a estudiantes de quinto grado del liceo Germ\u00e1n Mart\u00ednez y indic\u00f3 que \u00abesta materia debe colocarse adelante en el sistema educativo porque permite formar mejores compa\u00f1eros, mejores parejas, mejores ciudadanos y mejores dominicanos\u00bb.<\/p>\n<p>El mandatario destac\u00f3 la importancia de reintegrar la ense\u00f1anza de la moral, la c\u00edvica y la \u00e9tica ciudadana como pilares fundamentales para la formaci\u00f3n de ciudadanos responsables.<\/p>\n<p>Sostuvo que \u00abes necesario renovar los valores para que sean esos principios los que construyan una Rep\u00fablica Dominicana de mejor calidad de vida donde la inmensa mayor\u00eda realmente respete las leyes, las normas de convivencia y nuestra Constituci\u00f3n, y sobre todo la dignidad de la sociedad\u00bb.<\/p>\n<p>Previo al inicio de la docencia, Abinader dijo que durante la planificaci\u00f3n de este a\u00f1o escolar, se estableci\u00f3 que los principales funcionarios y personalidades del pa\u00eds \u00abvinieran a dar estas clases, para que la gente supiera lo importante, lo necesario y lo vital que es la moral y la c\u00edvica\u00bb.<\/p>\n<p>Sostuvo que \u00absin la moral y sin la c\u00edvica no hay ninguno de los otros conocimientos\u00bb.<\/p>\n<p>Agreg\u00f3 que espera que, en alg\u00fan momento, el ministro de Educaci\u00f3n, Luis Miguel De Camps, sea profesor y que la vicepresidenta tambi\u00e9n participe. \u201cYa hoy me dijo la primera dama que ella quer\u00eda ser profesora tambi\u00e9n\u201d, indic\u00f3.<\/p>\n<p>Dijo que \u00abse har\u00e1 lo necesario para que la gente conozca la importancia de esta materia que ha sido reintegrada para la educaci\u00f3n de los j\u00f3venes\u00bb.<\/p>\n<p>Destac\u00f3 que la integridad, la honestidad y el respeto a las normas son valores esenciales para el ejercicio de cualquier profesi\u00f3n y para la convivencia social, se\u00f1alando que el conocimiento acad\u00e9mico pierde valor si no est\u00e1 acompa\u00f1ado de principios \u00e9ticos.<\/p>\n<p>\u201cLa integridad, la moral, la c\u00edvica, la honestidad, la \u00e9tica, es la que te asegura el conocimiento de las otras materias, de los otros conocimientos. Y esa es la importancia de tener esa integridad, de fortalecer la moral y la c\u00edvica\u201d, expres\u00f3.<\/p>\n<div class=\"heateor_sss_sharing_container heateor_sss_horizontal_sharing\" data-heateor-sss-href=\"https:\/\/almomento.net\/abinader-da-seguimiento-a-la-docencia-educacion-moral-y-civica\/\" readability=\"7\">\n<p>Comp\u00e1rtelo en tus redes:<\/p>\n<\/div>\n<p> <!-- 468x60 --><br \/>\n<ins class=\"adsbygoogle\" data-ad-client=\"ca-pub-3511341636159665\" data-ad-slot=\"3538255450\"><\/ins> <!-- .entry-content --> <\/p>\n","protected":false},"excerpt":{"rendered":"<p>SANTO DOMINGO.- El presidente Luis Abinader fungi\u00f3&#46;&#46;&#46;<\/p>\n","protected":false},"author":1,"featured_media":6924,"comment_status":"closed","ping_status":"closed","sticky":false,"template":"","format":"standard","meta":{"_jetpack_memberships_contains_paid_content":false,"footnotes":"","jetpack_publicize_message":"","jetpack_publicize_feature_enabled":true,"jetpack_social_post_already_shared":false,"jetpack_social_options":{"image_generator_settings":{"template":"highway","default_image_id":0,"font":"","enabled":false},"version":2}},"categories":[69],"tags":[],"class_list":["post-6923","post","type-post","status-publish","format-standard","has-post-thumbnail","hentry","category-portada"],"yoast_head":"<!-- This site is optimized with the Yoast SEO plugin v27.3 - https:\/\/yoast.com\/product\/yoast-seo-wordpress\/ -->\n<title>Abinader da seguimiento a la docencia Educaci\u00f3n Moral y C\u00edvica - Sarmiento24h<\/title>\n<meta name=\"robots\" content=\"index, follow, max-snippet:-1, max-image-preview:large, max-video-preview:-1\" \/>\n<link rel=\"canonical\" href=\"https:\/\/sarmiento24h.com\/?p=6923\" \/>\n<meta property=\"og:locale\" content=\"es_ES\" \/>\n<meta property=\"og:type\" content=\"article\" \/>\n<meta property=\"og:title\" content=\"Abinader da seguimiento a la docencia Educaci\u00f3n Moral y C\u00edvica - Sarmiento24h\" \/>\n<meta property=\"og:description\" content=\"SANTO DOMINGO.- El presidente Luis Abinader fungi\u00f3&#046;&#046;&#046;\" \/>\n<meta property=\"og:url\" content=\"https:\/\/sarmiento24h.com\/?p=6923\" \/>\n<meta property=\"og:site_name\" content=\"Sarmiento24h\" \/>\n<meta property=\"article:publisher\" content=\"https:\/\/facebook.com\/s24hnoticias\" \/>\n<meta property=\"article:published_time\" content=\"2026-01-13T17:06:16+00:00\" \/>\n<meta property=\"og:image\" content=\"https:\/\/sarmiento24h.com\/wp-content\/uploads\/2026\/01\/abinader-da-seguimiento-a-la-docencia-educacion-moral-y-civica.jpg\" \/>\n\t<meta property=\"og:image:width\" content=\"1280\" \/>\n\t<meta property=\"og:image:height\" content=\"854\" \/>\n\t<meta property=\"og:image:type\" content=\"image\/jpeg\" \/>\n<meta name=\"author\" content=\"sarmiento24h@gmail.com\" \/>\n<meta name=\"twitter:card\" content=\"summary_large_image\" \/>\n<meta name=\"twitter:creator\" content=\"@sarmiento24h\" \/>\n<meta name=\"twitter:site\" content=\"@sarmiento24h\" \/>\n<meta name=\"twitter:label1\" content=\"Escrito por\" \/>\n\t<meta name=\"twitter:data1\" content=\"sarmiento24h@gmail.com\" \/>\n\t<meta name=\"twitter:label2\" content=\"Tiempo de lectura\" \/>\n\t<meta name=\"twitter:data2\" content=\"2 minutos\" \/>\n<script type=\"application\/ld+json\" class=\"yoast-schema-graph\">{\"@context\":\"https:\\\/\\\/schema.org\",\"@graph\":[{\"@type\":\"Article\",\"@id\":\"https:\\\/\\\/sarmiento24h.com\\\/?p=6923#article\",\"isPartOf\":{\"@id\":\"https:\\\/\\\/sarmiento24h.com\\\/?p=6923\"},\"author\":{\"name\":\"sarmiento24h@gmail.com\",\"@id\":\"https:\\\/\\\/sarmiento24h.com\\\/#\\\/schema\\\/person\\\/d653a59725ad629a7e0429af7b939d4d\"},\"headline\":\"Abinader da seguimiento a la docencia Educaci\u00f3n Moral y C\u00edvica\",\"datePublished\":\"2026-01-13T17:06:16+00:00\",\"mainEntityOfPage\":{\"@id\":\"https:\\\/\\\/sarmiento24h.com\\\/?p=6923\"},\"wordCount\":384,\"publisher\":{\"@id\":\"https:\\\/\\\/sarmiento24h.com\\\/#organization\"},\"image\":{\"@id\":\"https:\\\/\\\/sarmiento24h.com\\\/?p=6923#primaryimage\"},\"thumbnailUrl\":\"https:\\\/\\\/sarmiento24h.com\\\/wp-content\\\/uploads\\\/2026\\\/01\\\/abinader-da-seguimiento-a-la-docencia-educacion-moral-y-civica.jpg\",\"articleSection\":[\"Portada\"],\"inLanguage\":\"es\"},{\"@type\":\"WebPage\",\"@id\":\"https:\\\/\\\/sarmiento24h.com\\\/?p=6923\",\"url\":\"https:\\\/\\\/sarmiento24h.com\\\/?p=6923\",\"name\":\"Abinader da seguimiento a la docencia Educaci\u00f3n Moral y C\u00edvica - Sarmiento24h\",\"isPartOf\":{\"@id\":\"https:\\\/\\\/sarmiento24h.com\\\/#website\"},\"primaryImageOfPage\":{\"@id\":\"https:\\\/\\\/sarmiento24h.com\\\/?p=6923#primaryimage\"},\"image\":{\"@id\":\"https:\\\/\\\/sarmiento24h.com\\\/?p=6923#primaryimage\"},\"thumbnailUrl\":\"https:\\\/\\\/sarmiento24h.com\\\/wp-content\\\/uploads\\\/2026\\\/01\\\/abinader-da-seguimiento-a-la-docencia-educacion-moral-y-civica.jpg\",\"datePublished\":\"2026-01-13T17:06:16+00:00\",\"breadcrumb\":{\"@id\":\"https:\\\/\\\/sarmiento24h.com\\\/?p=6923#breadcrumb\"},\"inLanguage\":\"es\",\"potentialAction\":[{\"@type\":\"ReadAction\",\"target\":[\"https:\\\/\\\/sarmiento24h.com\\\/?p=6923\"]}]},{\"@type\":\"ImageObject\",\"inLanguage\":\"es\",\"@id\":\"https:\\\/\\\/sarmiento24h.com\\\/?p=6923#primaryimage\",\"url\":\"https:\\\/\\\/sarmiento24h.com\\\/wp-content\\\/uploads\\\/2026\\\/01\\\/abinader-da-seguimiento-a-la-docencia-educacion-moral-y-civica.jpg\",\"contentUrl\":\"https:\\\/\\\/sarmiento24h.com\\\/wp-content\\\/uploads\\\/2026\\\/01\\\/abinader-da-seguimiento-a-la-docencia-educacion-moral-y-civica.jpg\",\"width\":1280,\"height\":854},{\"@type\":\"BreadcrumbList\",\"@id\":\"https:\\\/\\\/sarmiento24h.com\\\/?p=6923#breadcrumb\",\"itemListElement\":[{\"@type\":\"ListItem\",\"position\":1,\"name\":\"Home\",\"item\":\"https:\\\/\\\/sarmiento24h.com\\\/\"},{\"@type\":\"ListItem\",\"position\":2,\"name\":\"Abinader da seguimiento a la docencia Educaci\u00f3n Moral y C\u00edvica\"}]},{\"@type\":\"WebSite\",\"@id\":\"https:\\\/\\\/sarmiento24h.com\\\/#website\",\"url\":\"https:\\\/\\\/sarmiento24h.com\\\/\",\"name\":\"Sarmiento24h\",\"description\":\"\",\"publisher\":{\"@id\":\"https:\\\/\\\/sarmiento24h.com\\\/#organization\"},\"potentialAction\":[{\"@type\":\"SearchAction\",\"target\":{\"@type\":\"EntryPoint\",\"urlTemplate\":\"https:\\\/\\\/sarmiento24h.com\\\/?s={search_term_string}\"},\"query-input\":{\"@type\":\"PropertyValueSpecification\",\"valueRequired\":true,\"valueName\":\"search_term_string\"}}],\"inLanguage\":\"es\"},{\"@type\":\"Organization\",\"@id\":\"https:\\\/\\\/sarmiento24h.com\\\/#organization\",\"name\":\"Sarmiento24h\",\"url\":\"https:\\\/\\\/sarmiento24h.com\\\/\",\"logo\":{\"@type\":\"ImageObject\",\"inLanguage\":\"es\",\"@id\":\"https:\\\/\\\/sarmiento24h.com\\\/#\\\/schema\\\/logo\\\/image\\\/\",\"url\":\"https:\\\/\\\/sarmiento24h.com\\\/wp-content\\\/uploads\\\/2025\\\/12\\\/AddText_12-16-10.30.52.jpg\",\"contentUrl\":\"https:\\\/\\\/sarmiento24h.com\\\/wp-content\\\/uploads\\\/2025\\\/12\\\/AddText_12-16-10.30.52.jpg\",\"width\":1220,\"height\":324,\"caption\":\"Sarmiento24h\"},\"image\":{\"@id\":\"https:\\\/\\\/sarmiento24h.com\\\/#\\\/schema\\\/logo\\\/image\\\/\"},\"sameAs\":[\"https:\\\/\\\/facebook.com\\\/s24hnoticias\",\"https:\\\/\\\/x.com\\\/sarmiento24h\"]},{\"@type\":\"Person\",\"@id\":\"https:\\\/\\\/sarmiento24h.com\\\/#\\\/schema\\\/person\\\/d653a59725ad629a7e0429af7b939d4d\",\"name\":\"sarmiento24h@gmail.com\",\"image\":{\"@type\":\"ImageObject\",\"inLanguage\":\"es\",\"@id\":\"https:\\\/\\\/sarmiento24h.com\\\/wp-content\\\/litespeed\\\/avatar\\\/d02cbc4e23c747e6659cd45907173c8f.jpg?ver=1777157796\",\"url\":\"https:\\\/\\\/sarmiento24h.com\\\/wp-content\\\/litespeed\\\/avatar\\\/d02cbc4e23c747e6659cd45907173c8f.jpg?ver=1777157796\",\"contentUrl\":\"https:\\\/\\\/sarmiento24h.com\\\/wp-content\\\/litespeed\\\/avatar\\\/d02cbc4e23c747e6659cd45907173c8f.jpg?ver=1777157796\",\"caption\":\"sarmiento24h@gmail.com\"},\"sameAs\":[\"https:\\\/\\\/sarmiento24h.com\"],\"url\":\"https:\\\/\\\/sarmiento24h.com\\\/?author=1\"}]}<\/script>\n<!-- \/ Yoast SEO plugin. -->","yoast_head_json":{"title":"Abinader da seguimiento a la docencia Educaci\u00f3n Moral y C\u00edvica - Sarmiento24h","robots":{"index":"index","follow":"follow","max-snippet":"max-snippet:-1","max-image-preview":"max-image-preview:large","max-video-preview":"max-video-preview:-1"},"canonical":"https:\/\/sarmiento24h.com\/?p=6923","og_locale":"es_ES","og_type":"article","og_title":"Abinader da seguimiento a la docencia Educaci\u00f3n Moral y C\u00edvica - Sarmiento24h","og_description":"SANTO DOMINGO.- El presidente Luis Abinader fungi\u00f3&#46;&#46;&#46;","og_url":"https:\/\/sarmiento24h.com\/?p=6923","og_site_name":"Sarmiento24h","article_publisher":"https:\/\/facebook.com\/s24hnoticias","article_published_time":"2026-01-13T17:06:16+00:00","og_image":[{"width":1280,"height":854,"url":"https:\/\/sarmiento24h.com\/wp-content\/uploads\/2026\/01\/abinader-da-seguimiento-a-la-docencia-educacion-moral-y-civica.jpg","type":"image\/jpeg"}],"author":"sarmiento24h@gmail.com","twitter_card":"summary_large_image","twitter_creator":"@sarmiento24h","twitter_site":"@sarmiento24h","twitter_misc":{"Escrito por":"sarmiento24h@gmail.com","Tiempo de lectura":"2 minutos"},"schema":{"@context":"https:\/\/schema.org","@graph":[{"@type":"Article","@id":"https:\/\/sarmiento24h.com\/?p=6923#article","isPartOf":{"@id":"https:\/\/sarmiento24h.com\/?p=6923"},"author":{"name":"sarmiento24h@gmail.com","@id":"https:\/\/sarmiento24h.com\/#\/schema\/person\/d653a59725ad629a7e0429af7b939d4d"},"headline":"Abinader da seguimiento a la docencia Educaci\u00f3n Moral y C\u00edvica","datePublished":"2026-01-13T17:06:16+00:00","mainEntityOfPage":{"@id":"https:\/\/sarmiento24h.com\/?p=6923"},"wordCount":384,"publisher":{"@id":"https:\/\/sarmiento24h.com\/#organization"},"image":{"@id":"https:\/\/sarmiento24h.com\/?p=6923#primaryimage"},"thumbnailUrl":"https:\/\/sarmiento24h.com\/wp-content\/uploads\/2026\/01\/abinader-da-seguimiento-a-la-docencia-educacion-moral-y-civica.jpg","articleSection":["Portada"],"inLanguage":"es"},{"@type":"WebPage","@id":"https:\/\/sarmiento24h.com\/?p=6923","url":"https:\/\/sarmiento24h.com\/?p=6923","name":"Abinader da seguimiento a la docencia Educaci\u00f3n Moral y C\u00edvica - Sarmiento24h","isPartOf":{"@id":"https:\/\/sarmiento24h.com\/#website"},"primaryImageOfPage":{"@id":"https:\/\/sarmiento24h.com\/?p=6923#primaryimage"},"image":{"@id":"https:\/\/sarmiento24h.com\/?p=6923#primaryimage"},"thumbnailUrl":"https:\/\/sarmiento24h.com\/wp-content\/uploads\/2026\/01\/abinader-da-seguimiento-a-la-docencia-educacion-moral-y-civica.jpg","datePublished":"2026-01-13T17:06:16+00:00","breadcrumb":{"@id":"https:\/\/sarmiento24h.com\/?p=6923#breadcrumb"},"inLanguage":"es","potentialAction":[{"@type":"ReadAction","target":["https:\/\/sarmiento24h.com\/?p=6923"]}]},{"@type":"ImageObject","inLanguage":"es","@id":"https:\/\/sarmiento24h.com\/?p=6923#primaryimage","url":"https:\/\/sarmiento24h.com\/wp-content\/uploads\/2026\/01\/abinader-da-seguimiento-a-la-docencia-educacion-moral-y-civica.jpg","contentUrl":"https:\/\/sarmiento24h.com\/wp-content\/uploads\/2026\/01\/abinader-da-seguimiento-a-la-docencia-educacion-moral-y-civica.jpg","width":1280,"height":854},{"@type":"BreadcrumbList","@id":"https:\/\/sarmiento24h.com\/?p=6923#breadcrumb","itemListElement":[{"@type":"ListItem","position":1,"name":"Home","item":"https:\/\/sarmiento24h.com\/"},{"@type":"ListItem","position":2,"name":"Abinader da seguimiento a la docencia Educaci\u00f3n Moral y C\u00edvica"}]},{"@type":"WebSite","@id":"https:\/\/sarmiento24h.com\/#website","url":"https:\/\/sarmiento24h.com\/","name":"Sarmiento24h","description":"","publisher":{"@id":"https:\/\/sarmiento24h.com\/#organization"},"potentialAction":[{"@type":"SearchAction","target":{"@type":"EntryPoint","urlTemplate":"https:\/\/sarmiento24h.com\/?s={search_term_string}"},"query-input":{"@type":"PropertyValueSpecification","valueRequired":true,"valueName":"search_term_string"}}],"inLanguage":"es"},{"@type":"Organization","@id":"https:\/\/sarmiento24h.com\/#organization","name":"Sarmiento24h","url":"https:\/\/sarmiento24h.com\/","logo":{"@type":"ImageObject","inLanguage":"es","@id":"https:\/\/sarmiento24h.com\/#\/schema\/logo\/image\/","url":"https:\/\/sarmiento24h.com\/wp-content\/uploads\/2025\/12\/AddText_12-16-10.30.52.jpg","contentUrl":"https:\/\/sarmiento24h.com\/wp-content\/uploads\/2025\/12\/AddText_12-16-10.30.52.jpg","width":1220,"height":324,"caption":"Sarmiento24h"},"image":{"@id":"https:\/\/sarmiento24h.com\/#\/schema\/logo\/image\/"},"sameAs":["https:\/\/facebook.com\/s24hnoticias","https:\/\/x.com\/sarmiento24h"]},{"@type":"Person","@id":"https:\/\/sarmiento24h.com\/#\/schema\/person\/d653a59725ad629a7e0429af7b939d4d","name":"sarmiento24h@gmail.com","image":{"@type":"ImageObject","inLanguage":"es","@id":"https:\/\/sarmiento24h.com\/wp-content\/litespeed\/avatar\/d02cbc4e23c747e6659cd45907173c8f.jpg?ver=1777157796","url":"https:\/\/sarmiento24h.com\/wp-content\/litespeed\/avatar\/d02cbc4e23c747e6659cd45907173c8f.jpg?ver=1777157796","contentUrl":"https:\/\/sarmiento24h.com\/wp-content\/litespeed\/avatar\/d02cbc4e23c747e6659cd45907173c8f.jpg?ver=1777157796","caption":"sarmiento24h@gmail.com"},"sameAs":["https:\/\/sarmiento24h.com"],"url":"https:\/\/sarmiento24h.com\/?author=1"}]}},"jetpack_publicize_connections":[],"jetpack_featured_media_url":"https:\/\/sarmiento24h.com\/wp-content\/uploads\/2026\/01\/abinader-da-seguimiento-a-la-docencia-educacion-moral-y-civica.jpg","jetpack_sharing_enabled":true,"_links":{"self":[{"href":"https:\/\/sarmiento24h.com\/index.php?rest_route=\/wp\/v2\/posts\/6923","targetHints":{"allow":["GET"]}}],"collection":[{"href":"https:\/\/sarmiento24h.com\/index.php?rest_route=\/wp\/v2\/posts"}],"about":[{"href":"https:\/\/sarmiento24h.com\/index.php?rest_route=\/wp\/v2\/types\/post"}],"author":[{"embeddable":true,"href":"https:\/\/sarmiento24h.com\/index.php?rest_route=\/wp\/v2\/users\/1"}],"replies":[{"embeddable":true,"href":"https:\/\/sarmiento24h.com\/index.php?rest_route=%2Fwp%2Fv2%2Fcomments&post=6923"}],"version-history":[{"count":0,"href":"https:\/\/sarmiento24h.com\/index.php?rest_route=\/wp\/v2\/posts\/6923\/revisions"}],"wp:featuredmedia":[{"embeddable":true,"href":"https:\/\/sarmiento24h.com\/index.php?rest_route=\/wp\/v2\/media\/6924"}],"wp:attachment":[{"href":"https:\/\/sarmiento24h.com\/index.php?rest_route=%2Fwp%2Fv2%2Fmedia&parent=6923"}],"wp:term":[{"taxonomy":"category","embeddable":true,"href":"https:\/\/sarmiento24h.com\/index.php?rest_route=%2Fwp%2Fv2%2Fcategories&post=6923"},{"taxonomy":"post_tag","embeddable":true,"href":"https:\/\/sarmiento24h.com\/index.php?rest_route=%2Fwp%2Fv2%2Ftags&post=6923"}],"curies":[{"name":"wp","href":"https:\/\/api.w.org\/{rel}","templated":true}]}}