{"id":6927,"date":"2026-01-13T18:06:39","date_gmt":"2026-01-13T18:06:39","guid":{"rendered":"http:\/\/almomento.net\/?p=1091715"},"modified":"2026-01-13T18:06:39","modified_gmt":"2026-01-13T18:06:39","slug":"espana-piden-ir-hasta-el-final-en-denuncia-contra-julio-iglesias","status":"publish","type":"post","link":"https:\/\/sarmiento24h.com\/?p=6927","title":{"rendered":"ESPA\u00d1A: Piden \u2018ir hasta el final\u2019 en denuncia contra Julio Iglesias"},"content":{"rendered":"<p><!-- .entry-header --> <\/p>\n<div class=\"img_center\"> <a href=\"https:\/\/almomento.net\/wp-content\/uploads\/2026\/01\/zxwxz90g.png\" alt=\"ESPA\u00d1A: Piden \u2018ir hasta el final\u2019 en denuncia contra Julio Iglesias\" title=\"ESPA\u00d1A: Piden \u2018ir hasta el final\u2019 en denuncia contra Julio Iglesias\" data-toggle=\"lightbox\" class=\"thickbox\"><img decoding=\"async\" src=\"https:\/\/almomento.net\/wp-content\/uploads\/2026\/01\/zxwxz90g.png\" class=\"attachment-post-thumbnail size-post-thumbnail wp-post-image\" alt=\"imagen\" title=\"ESPA\u00d1A: Piden \u2018ir hasta el final\u2019 en denuncia contra Julio Iglesias\" data-toggle data-title=\"ESPA\u00d1A: Piden \u2018ir hasta el final\u2019 en denuncia contra Julio Iglesias\"><\/a><\/p>\n<p>Elma Saiz<\/p>\n<\/p><\/div>\n<p class=\"_aupe copyable-text x15bjb6t x1n2onr6\"><span class=\"_aupe copyable-text xkrh14z\">MADRID.- El gobierno espa\u00f1ol aboga por llegar \u00abhasta el final\u00bb en la investigaci\u00f3n sobre las denuncias de dos exempleadas del cantante Julio Iglesias que le acusan de acoso y agresi\u00f3n sexual para que no quede \u00abning\u00fan espacio de impunidad\u00bb.<\/span><\/p>\n<p class=\"_aupe copyable-text x15bjb6t x1n2onr6\"><span class=\"_aupe copyable-text xkrh14z\">\u00abNo vamos a mirar hacia otro lado\u00bb, dijo la portavoz del gobierno y ministra de Inclusi\u00f3n, Seguridad Social y Migraciones, Elma Saiz, en la rueda de prensa tras el Consejo de Ministros y tras otorgar veracidad a las informaciones que hoy publican el peri\u00f3dico digital <\/span><span class=\"_aupe copyable-text xkrh14z\">eldiario.es<\/span><span class=\"_aupe copyable-text xkrh14z\"> y la cadena de TV Univisi\u00f3n Noticias en Estados Unidos.<\/span><\/p>\n<p class=\"_aupe copyable-text x15bjb6t x1n2onr6\"><span class=\"_aupe copyable-text xkrh14z\">Seg\u00fan la investigaci\u00f3n de estos medios, dos mujeres que trabajaron para Julio Iglesias, una como empleada de hogar y otra como fisioterapeuta, han denunciado presuntos casos de acoso y agresi\u00f3n sexual en 2021 por parte del cantante.<\/span><\/p>\n<p class=\"_aupe copyable-text x15bjb6t x1n2onr6\"><span class=\"_aupe copyable-text xkrh14z\">Los hechos habr\u00edan ocurrido en las casas de Julio Iglesias en Rep\u00fablica Dominicana, Bahamas y Espa\u00f1a, y tanto los medios que publican la informaci\u00f3n como EFE han tratado de obtener la versi\u00f3n del entorno del cantante sin \u00e9xito.<\/span><\/p>\n<p class=\"_aupe copyable-text x15bjb6t x1n2onr6\"><span class=\"_aupe copyable-text xkrh14z\">La portavoz del Ejecutivo espa\u00f1ol pidi\u00f3 que no haya \u00abning\u00fan espacio de impunidad en ning\u00fan \u00e1mbito de la sociedad\u00bb y record\u00f3 el compromiso \u00abcontundente, firme y rotundo del Gobierno de Espa\u00f1a ante cualquier violencia, acoso o agresi\u00f3n contra las mujeres\u00bb, aunque no aclar\u00f3 si el Gobierno retirar\u00e1 la Medalla de Oro al M\u00e9rito en la Bellas Artes que recibi\u00f3 Julio Iglesias en 2010.<\/span><\/p>\n<p class=\"_aupe copyable-text x15bjb6t x1n2onr6\"><span class=\"_aupe copyable-text xkrh14z\">La Ministra de Igualdad, Ana Redondo, por su parte recalc\u00f3 en X que \u00abante el machismo, no se puede mirar para otro lado porque la negaci\u00f3n intensifica el problema\u00bb y confi\u00f3 en que \u00abse investigue y se llegue hasta el final\u00bb.<\/span><\/p>\n<p class=\"_aupe copyable-text x15bjb6t x1n2onr6\"><span class=\"_aupe copyable-text xkrh14z\">\u00abSin cuestionar la presunci\u00f3n de inocencia, en Espa\u00f1a la ley protege a las v\u00edctimas. Cuando no hay consentimiento, hay agresi\u00f3n\u00bb, incidi\u00f3 Redondo, al tiempo que la portavoz del Gobierno se\u00f1al\u00f3 que, pese a no haber le\u00eddo en profundidad las informaciones, el trabajo period\u00edstico le merece mucho respeto.<\/span><\/p>\n<p class=\"_aupe copyable-text x15bjb6t x1n2onr6\"><span class=\"_aupe copyable-text xkrh14z\">Por su parte, Redondo a\u00f1adi\u00f3 que \u00abse puede ser un excelente cantante y un excelente artista, pero tener un lado muy oscuro, muy machista, un lado realmente preocupante\u00bb y agradeci\u00f3 a las mujeres que alzan la voz contra estas actitudes.<\/span><\/p>\n<p class=\"_aupe copyable-text x15bjb6t x1n2onr6\"><strong><span class=\"_aupe copyable-text xkrh14z\">Apoyo de la presidenta madrile\u00f1a<\/span><\/strong><\/p>\n<p class=\"_aupe copyable-text x15bjb6t x1n2onr6\"><span class=\"_aupe copyable-text xkrh14z\">Al otro lado, la presidenta de la Comunidad de Madrid, Isabel D\u00edaz Ayuso, del conservador Partido Popular, ha mostrado su apoyo al cantante y lo ha defendido.<\/span><\/p>\n<p class=\"_aupe copyable-text x15bjb6t x1n2onr6\"><span class=\"_aupe copyable-text xkrh14z\">\u00abLas mujeres violadas y atacadas est\u00e1n en Ir\u00e1n, con el silencio c\u00f3mplice de la ultraizquierda. La Comunidad de Madrid jam\u00e1s contribuir\u00e1 al desprestigio de los artistas y menos al del cantante m\u00e1s universal de todos: Julio Iglesias\u00bb, ha escrito Ayuso en X, en unos comentarios muy criticados por la izquierda espa\u00f1ola.<\/span><\/p>\n<p class=\"_aupe copyable-text x15bjb6t x1n2onr6\"><span class=\"_aupe copyable-text xkrh14z\">As\u00ed, la presidenta madrile\u00f1a la ministra de Juventud e Infancia, Sira Rego, de Izquierda Unida, asegur\u00f3 que Ayuso representa \u00abun machismo repugnante que pregona impunidad para los blancos poderosos y sometimiento para las mujeres y la gente trabajadora\u00bb.<\/span><\/p>\n<p class=\"_aupe copyable-text x15bjb6t x1n2onr6\"><span class=\"_aupe copyable-text xkrh14z\">La Fiscal\u00eda de la Audiencia Nacional ya ha abierto diligencias para tratar de determinar el alcance de la denuncia presentada el pasado 5 de enero y, en su caso, la competencia de la Audiencia Nacional para investigar estos hechos.<\/span><\/p>\n<div class=\"heateor_sss_sharing_container heateor_sss_horizontal_sharing\" data-heateor-sss-href=\"https:\/\/almomento.net\/espana-piden-ir-hasta-el-final-en-denuncia-contra-julio-iglesias\/\" readability=\"7\">\n<p>Comp\u00e1rtelo en tus redes:<\/p>\n<\/div>\n<p> <!-- 468x60 --><br \/>\n<ins class=\"adsbygoogle\" data-ad-client=\"ca-pub-3511341636159665\" data-ad-slot=\"3538255450\"><\/ins> <!-- .entry-content --> <\/p>\n","protected":false},"excerpt":{"rendered":"<p>Elma Saiz MADRID.- El gobierno espa\u00f1ol aboga&#46;&#46;&#46;<\/p>\n","protected":false},"author":1,"featured_media":6928,"comment_status":"closed","ping_status":"closed","sticky":false,"template":"","format":"standard","meta":{"_jetpack_memberships_contains_paid_content":false,"footnotes":"","jetpack_publicize_message":"","jetpack_publicize_feature_enabled":true,"jetpack_social_post_already_shared":false,"jetpack_social_options":{"image_generator_settings":{"template":"highway","default_image_id":0,"font":"","enabled":false},"version":2}},"categories":[69],"tags":[],"class_list":["post-6927","post","type-post","status-publish","format-standard","has-post-thumbnail","hentry","category-portada"],"yoast_head":"<!-- This site is optimized with the Yoast SEO plugin v27.3 - https:\/\/yoast.com\/product\/yoast-seo-wordpress\/ -->\n<title>ESPA\u00d1A: Piden \u2018ir hasta el final\u2019 en denuncia contra Julio Iglesias - Sarmiento24h<\/title>\n<meta name=\"robots\" content=\"index, follow, max-snippet:-1, max-image-preview:large, max-video-preview:-1\" \/>\n<link rel=\"canonical\" href=\"https:\/\/sarmiento24h.com\/?p=6927\" \/>\n<meta property=\"og:locale\" content=\"es_ES\" \/>\n<meta property=\"og:type\" content=\"article\" \/>\n<meta property=\"og:title\" content=\"ESPA\u00d1A: Piden \u2018ir hasta el final\u2019 en denuncia contra Julio Iglesias - Sarmiento24h\" \/>\n<meta property=\"og:description\" content=\"Elma Saiz MADRID.- El gobierno espa\u00f1ol aboga&#046;&#046;&#046;\" \/>\n<meta property=\"og:url\" content=\"https:\/\/sarmiento24h.com\/?p=6927\" \/>\n<meta property=\"og:site_name\" content=\"Sarmiento24h\" \/>\n<meta property=\"article:publisher\" content=\"https:\/\/facebook.com\/s24hnoticias\" \/>\n<meta property=\"article:published_time\" content=\"2026-01-13T18:06:39+00:00\" \/>\n<meta property=\"og:image\" content=\"https:\/\/sarmiento24h.com\/wp-content\/uploads\/2026\/01\/espana-piden-ir-hasta-el-final-en-denuncia-contra-julio-iglesias.png\" \/>\n\t<meta property=\"og:image:width\" content=\"1200\" \/>\n\t<meta property=\"og:image:height\" content=\"840\" \/>\n\t<meta property=\"og:image:type\" content=\"image\/png\" \/>\n<meta name=\"author\" content=\"sarmiento24h@gmail.com\" \/>\n<meta name=\"twitter:card\" content=\"summary_large_image\" \/>\n<meta name=\"twitter:creator\" content=\"@sarmiento24h\" \/>\n<meta name=\"twitter:site\" content=\"@sarmiento24h\" \/>\n<meta name=\"twitter:label1\" content=\"Escrito por\" \/>\n\t<meta name=\"twitter:data1\" content=\"sarmiento24h@gmail.com\" \/>\n\t<meta name=\"twitter:label2\" content=\"Tiempo de lectura\" \/>\n\t<meta name=\"twitter:data2\" content=\"3 minutos\" \/>\n<script type=\"application\/ld+json\" class=\"yoast-schema-graph\">{\"@context\":\"https:\\\/\\\/schema.org\",\"@graph\":[{\"@type\":\"Article\",\"@id\":\"https:\\\/\\\/sarmiento24h.com\\\/?p=6927#article\",\"isPartOf\":{\"@id\":\"https:\\\/\\\/sarmiento24h.com\\\/?p=6927\"},\"author\":{\"name\":\"sarmiento24h@gmail.com\",\"@id\":\"https:\\\/\\\/sarmiento24h.com\\\/#\\\/schema\\\/person\\\/d653a59725ad629a7e0429af7b939d4d\"},\"headline\":\"ESPA\u00d1A: Piden \u2018ir hasta el final\u2019 en denuncia contra Julio Iglesias\",\"datePublished\":\"2026-01-13T18:06:39+00:00\",\"mainEntityOfPage\":{\"@id\":\"https:\\\/\\\/sarmiento24h.com\\\/?p=6927\"},\"wordCount\":579,\"publisher\":{\"@id\":\"https:\\\/\\\/sarmiento24h.com\\\/#organization\"},\"image\":{\"@id\":\"https:\\\/\\\/sarmiento24h.com\\\/?p=6927#primaryimage\"},\"thumbnailUrl\":\"https:\\\/\\\/sarmiento24h.com\\\/wp-content\\\/uploads\\\/2026\\\/01\\\/espana-piden-ir-hasta-el-final-en-denuncia-contra-julio-iglesias.png\",\"articleSection\":[\"Portada\"],\"inLanguage\":\"es\"},{\"@type\":\"WebPage\",\"@id\":\"https:\\\/\\\/sarmiento24h.com\\\/?p=6927\",\"url\":\"https:\\\/\\\/sarmiento24h.com\\\/?p=6927\",\"name\":\"ESPA\u00d1A: Piden \u2018ir hasta el final\u2019 en denuncia contra Julio Iglesias - Sarmiento24h\",\"isPartOf\":{\"@id\":\"https:\\\/\\\/sarmiento24h.com\\\/#website\"},\"primaryImageOfPage\":{\"@id\":\"https:\\\/\\\/sarmiento24h.com\\\/?p=6927#primaryimage\"},\"image\":{\"@id\":\"https:\\\/\\\/sarmiento24h.com\\\/?p=6927#primaryimage\"},\"thumbnailUrl\":\"https:\\\/\\\/sarmiento24h.com\\\/wp-content\\\/uploads\\\/2026\\\/01\\\/espana-piden-ir-hasta-el-final-en-denuncia-contra-julio-iglesias.png\",\"datePublished\":\"2026-01-13T18:06:39+00:00\",\"breadcrumb\":{\"@id\":\"https:\\\/\\\/sarmiento24h.com\\\/?p=6927#breadcrumb\"},\"inLanguage\":\"es\",\"potentialAction\":[{\"@type\":\"ReadAction\",\"target\":[\"https:\\\/\\\/sarmiento24h.com\\\/?p=6927\"]}]},{\"@type\":\"ImageObject\",\"inLanguage\":\"es\",\"@id\":\"https:\\\/\\\/sarmiento24h.com\\\/?p=6927#primaryimage\",\"url\":\"https:\\\/\\\/sarmiento24h.com\\\/wp-content\\\/uploads\\\/2026\\\/01\\\/espana-piden-ir-hasta-el-final-en-denuncia-contra-julio-iglesias.png\",\"contentUrl\":\"https:\\\/\\\/sarmiento24h.com\\\/wp-content\\\/uploads\\\/2026\\\/01\\\/espana-piden-ir-hasta-el-final-en-denuncia-contra-julio-iglesias.png\",\"width\":1200,\"height\":840},{\"@type\":\"BreadcrumbList\",\"@id\":\"https:\\\/\\\/sarmiento24h.com\\\/?p=6927#breadcrumb\",\"itemListElement\":[{\"@type\":\"ListItem\",\"position\":1,\"name\":\"Home\",\"item\":\"https:\\\/\\\/sarmiento24h.com\\\/\"},{\"@type\":\"ListItem\",\"position\":2,\"name\":\"ESPA\u00d1A: Piden \u2018ir hasta el final\u2019 en denuncia contra Julio Iglesias\"}]},{\"@type\":\"WebSite\",\"@id\":\"https:\\\/\\\/sarmiento24h.com\\\/#website\",\"url\":\"https:\\\/\\\/sarmiento24h.com\\\/\",\"name\":\"Sarmiento24h\",\"description\":\"\",\"publisher\":{\"@id\":\"https:\\\/\\\/sarmiento24h.com\\\/#organization\"},\"potentialAction\":[{\"@type\":\"SearchAction\",\"target\":{\"@type\":\"EntryPoint\",\"urlTemplate\":\"https:\\\/\\\/sarmiento24h.com\\\/?s={search_term_string}\"},\"query-input\":{\"@type\":\"PropertyValueSpecification\",\"valueRequired\":true,\"valueName\":\"search_term_string\"}}],\"inLanguage\":\"es\"},{\"@type\":\"Organization\",\"@id\":\"https:\\\/\\\/sarmiento24h.com\\\/#organization\",\"name\":\"Sarmiento24h\",\"url\":\"https:\\\/\\\/sarmiento24h.com\\\/\",\"logo\":{\"@type\":\"ImageObject\",\"inLanguage\":\"es\",\"@id\":\"https:\\\/\\\/sarmiento24h.com\\\/#\\\/schema\\\/logo\\\/image\\\/\",\"url\":\"https:\\\/\\\/sarmiento24h.com\\\/wp-content\\\/uploads\\\/2025\\\/12\\\/AddText_12-16-10.30.52.jpg\",\"contentUrl\":\"https:\\\/\\\/sarmiento24h.com\\\/wp-content\\\/uploads\\\/2025\\\/12\\\/AddText_12-16-10.30.52.jpg\",\"width\":1220,\"height\":324,\"caption\":\"Sarmiento24h\"},\"image\":{\"@id\":\"https:\\\/\\\/sarmiento24h.com\\\/#\\\/schema\\\/logo\\\/image\\\/\"},\"sameAs\":[\"https:\\\/\\\/facebook.com\\\/s24hnoticias\",\"https:\\\/\\\/x.com\\\/sarmiento24h\"]},{\"@type\":\"Person\",\"@id\":\"https:\\\/\\\/sarmiento24h.com\\\/#\\\/schema\\\/person\\\/d653a59725ad629a7e0429af7b939d4d\",\"name\":\"sarmiento24h@gmail.com\",\"image\":{\"@type\":\"ImageObject\",\"inLanguage\":\"es\",\"@id\":\"https:\\\/\\\/sarmiento24h.com\\\/wp-content\\\/litespeed\\\/avatar\\\/d02cbc4e23c747e6659cd45907173c8f.jpg?ver=1777157796\",\"url\":\"https:\\\/\\\/sarmiento24h.com\\\/wp-content\\\/litespeed\\\/avatar\\\/d02cbc4e23c747e6659cd45907173c8f.jpg?ver=1777157796\",\"contentUrl\":\"https:\\\/\\\/sarmiento24h.com\\\/wp-content\\\/litespeed\\\/avatar\\\/d02cbc4e23c747e6659cd45907173c8f.jpg?ver=1777157796\",\"caption\":\"sarmiento24h@gmail.com\"},\"sameAs\":[\"https:\\\/\\\/sarmiento24h.com\"],\"url\":\"https:\\\/\\\/sarmiento24h.com\\\/?author=1\"}]}<\/script>\n<!-- \/ Yoast SEO plugin. -->","yoast_head_json":{"title":"ESPA\u00d1A: Piden \u2018ir hasta el final\u2019 en denuncia contra Julio Iglesias - Sarmiento24h","robots":{"index":"index","follow":"follow","max-snippet":"max-snippet:-1","max-image-preview":"max-image-preview:large","max-video-preview":"max-video-preview:-1"},"canonical":"https:\/\/sarmiento24h.com\/?p=6927","og_locale":"es_ES","og_type":"article","og_title":"ESPA\u00d1A: Piden \u2018ir hasta el final\u2019 en denuncia contra Julio Iglesias - Sarmiento24h","og_description":"Elma Saiz MADRID.- El gobierno espa\u00f1ol aboga&#46;&#46;&#46;","og_url":"https:\/\/sarmiento24h.com\/?p=6927","og_site_name":"Sarmiento24h","article_publisher":"https:\/\/facebook.com\/s24hnoticias","article_published_time":"2026-01-13T18:06:39+00:00","og_image":[{"width":1200,"height":840,"url":"https:\/\/sarmiento24h.com\/wp-content\/uploads\/2026\/01\/espana-piden-ir-hasta-el-final-en-denuncia-contra-julio-iglesias.png","type":"image\/png"}],"author":"sarmiento24h@gmail.com","twitter_card":"summary_large_image","twitter_creator":"@sarmiento24h","twitter_site":"@sarmiento24h","twitter_misc":{"Escrito por":"sarmiento24h@gmail.com","Tiempo de lectura":"3 minutos"},"schema":{"@context":"https:\/\/schema.org","@graph":[{"@type":"Article","@id":"https:\/\/sarmiento24h.com\/?p=6927#article","isPartOf":{"@id":"https:\/\/sarmiento24h.com\/?p=6927"},"author":{"name":"sarmiento24h@gmail.com","@id":"https:\/\/sarmiento24h.com\/#\/schema\/person\/d653a59725ad629a7e0429af7b939d4d"},"headline":"ESPA\u00d1A: Piden \u2018ir hasta el final\u2019 en denuncia contra Julio Iglesias","datePublished":"2026-01-13T18:06:39+00:00","mainEntityOfPage":{"@id":"https:\/\/sarmiento24h.com\/?p=6927"},"wordCount":579,"publisher":{"@id":"https:\/\/sarmiento24h.com\/#organization"},"image":{"@id":"https:\/\/sarmiento24h.com\/?p=6927#primaryimage"},"thumbnailUrl":"https:\/\/sarmiento24h.com\/wp-content\/uploads\/2026\/01\/espana-piden-ir-hasta-el-final-en-denuncia-contra-julio-iglesias.png","articleSection":["Portada"],"inLanguage":"es"},{"@type":"WebPage","@id":"https:\/\/sarmiento24h.com\/?p=6927","url":"https:\/\/sarmiento24h.com\/?p=6927","name":"ESPA\u00d1A: Piden \u2018ir hasta el final\u2019 en denuncia contra Julio Iglesias - Sarmiento24h","isPartOf":{"@id":"https:\/\/sarmiento24h.com\/#website"},"primaryImageOfPage":{"@id":"https:\/\/sarmiento24h.com\/?p=6927#primaryimage"},"image":{"@id":"https:\/\/sarmiento24h.com\/?p=6927#primaryimage"},"thumbnailUrl":"https:\/\/sarmiento24h.com\/wp-content\/uploads\/2026\/01\/espana-piden-ir-hasta-el-final-en-denuncia-contra-julio-iglesias.png","datePublished":"2026-01-13T18:06:39+00:00","breadcrumb":{"@id":"https:\/\/sarmiento24h.com\/?p=6927#breadcrumb"},"inLanguage":"es","potentialAction":[{"@type":"ReadAction","target":["https:\/\/sarmiento24h.com\/?p=6927"]}]},{"@type":"ImageObject","inLanguage":"es","@id":"https:\/\/sarmiento24h.com\/?p=6927#primaryimage","url":"https:\/\/sarmiento24h.com\/wp-content\/uploads\/2026\/01\/espana-piden-ir-hasta-el-final-en-denuncia-contra-julio-iglesias.png","contentUrl":"https:\/\/sarmiento24h.com\/wp-content\/uploads\/2026\/01\/espana-piden-ir-hasta-el-final-en-denuncia-contra-julio-iglesias.png","width":1200,"height":840},{"@type":"BreadcrumbList","@id":"https:\/\/sarmiento24h.com\/?p=6927#breadcrumb","itemListElement":[{"@type":"ListItem","position":1,"name":"Home","item":"https:\/\/sarmiento24h.com\/"},{"@type":"ListItem","position":2,"name":"ESPA\u00d1A: Piden \u2018ir hasta el final\u2019 en denuncia contra Julio Iglesias"}]},{"@type":"WebSite","@id":"https:\/\/sarmiento24h.com\/#website","url":"https:\/\/sarmiento24h.com\/","name":"Sarmiento24h","description":"","publisher":{"@id":"https:\/\/sarmiento24h.com\/#organization"},"potentialAction":[{"@type":"SearchAction","target":{"@type":"EntryPoint","urlTemplate":"https:\/\/sarmiento24h.com\/?s={search_term_string}"},"query-input":{"@type":"PropertyValueSpecification","valueRequired":true,"valueName":"search_term_string"}}],"inLanguage":"es"},{"@type":"Organization","@id":"https:\/\/sarmiento24h.com\/#organization","name":"Sarmiento24h","url":"https:\/\/sarmiento24h.com\/","logo":{"@type":"ImageObject","inLanguage":"es","@id":"https:\/\/sarmiento24h.com\/#\/schema\/logo\/image\/","url":"https:\/\/sarmiento24h.com\/wp-content\/uploads\/2025\/12\/AddText_12-16-10.30.52.jpg","contentUrl":"https:\/\/sarmiento24h.com\/wp-content\/uploads\/2025\/12\/AddText_12-16-10.30.52.jpg","width":1220,"height":324,"caption":"Sarmiento24h"},"image":{"@id":"https:\/\/sarmiento24h.com\/#\/schema\/logo\/image\/"},"sameAs":["https:\/\/facebook.com\/s24hnoticias","https:\/\/x.com\/sarmiento24h"]},{"@type":"Person","@id":"https:\/\/sarmiento24h.com\/#\/schema\/person\/d653a59725ad629a7e0429af7b939d4d","name":"sarmiento24h@gmail.com","image":{"@type":"ImageObject","inLanguage":"es","@id":"https:\/\/sarmiento24h.com\/wp-content\/litespeed\/avatar\/d02cbc4e23c747e6659cd45907173c8f.jpg?ver=1777157796","url":"https:\/\/sarmiento24h.com\/wp-content\/litespeed\/avatar\/d02cbc4e23c747e6659cd45907173c8f.jpg?ver=1777157796","contentUrl":"https:\/\/sarmiento24h.com\/wp-content\/litespeed\/avatar\/d02cbc4e23c747e6659cd45907173c8f.jpg?ver=1777157796","caption":"sarmiento24h@gmail.com"},"sameAs":["https:\/\/sarmiento24h.com"],"url":"https:\/\/sarmiento24h.com\/?author=1"}]}},"jetpack_publicize_connections":[],"jetpack_featured_media_url":"https:\/\/sarmiento24h.com\/wp-content\/uploads\/2026\/01\/espana-piden-ir-hasta-el-final-en-denuncia-contra-julio-iglesias.png","jetpack_sharing_enabled":true,"_links":{"self":[{"href":"https:\/\/sarmiento24h.com\/index.php?rest_route=\/wp\/v2\/posts\/6927","targetHints":{"allow":["GET"]}}],"collection":[{"href":"https:\/\/sarmiento24h.com\/index.php?rest_route=\/wp\/v2\/posts"}],"about":[{"href":"https:\/\/sarmiento24h.com\/index.php?rest_route=\/wp\/v2\/types\/post"}],"author":[{"embeddable":true,"href":"https:\/\/sarmiento24h.com\/index.php?rest_route=\/wp\/v2\/users\/1"}],"replies":[{"embeddable":true,"href":"https:\/\/sarmiento24h.com\/index.php?rest_route=%2Fwp%2Fv2%2Fcomments&post=6927"}],"version-history":[{"count":0,"href":"https:\/\/sarmiento24h.com\/index.php?rest_route=\/wp\/v2\/posts\/6927\/revisions"}],"wp:featuredmedia":[{"embeddable":true,"href":"https:\/\/sarmiento24h.com\/index.php?rest_route=\/wp\/v2\/media\/6928"}],"wp:attachment":[{"href":"https:\/\/sarmiento24h.com\/index.php?rest_route=%2Fwp%2Fv2%2Fmedia&parent=6927"}],"wp:term":[{"taxonomy":"category","embeddable":true,"href":"https:\/\/sarmiento24h.com\/index.php?rest_route=%2Fwp%2Fv2%2Fcategories&post=6927"},{"taxonomy":"post_tag","embeddable":true,"href":"https:\/\/sarmiento24h.com\/index.php?rest_route=%2Fwp%2Fv2%2Ftags&post=6927"}],"curies":[{"name":"wp","href":"https:\/\/api.w.org\/{rel}","templated":true}]}}