{"id":70046,"date":"2026-03-18T20:06:58","date_gmt":"2026-03-18T20:06:58","guid":{"rendered":"https:\/\/qpasa.com\/?p=107105"},"modified":"2026-03-18T20:06:58","modified_gmt":"2026-03-18T20:06:58","slug":"estrenan-documental-sobre-bob-lazar-y-su-historia-dentro-de-area-51","status":"publish","type":"post","link":"https:\/\/sarmiento24h.com\/?p=70046","title":{"rendered":"Estrenan documental sobre Bob Lazar y su historia dentro de Area 51"},"content":{"rendered":"<p>El nombre de Bob Lazar vuelve a aparecer en conversaciones sobre ciencia, secretos militares y fen\u00f3menos no identificados. Esta vez, lo hace con el estreno de un documental que retoma su historia y busca mostrar, con mayor detalle, lo que afirm\u00f3 haber vivido dentro de una instalaci\u00f3n vinculada a Area 51.<\/p>\n<p>Su relato no es nuevo. A finales de los a\u00f1os 80, Lazar asegur\u00f3 haber sido reclutado para trabajar en un lugar conocido como S4, donde, seg\u00fan dijo, particip\u00f3 en el an\u00e1lisis de tecnolog\u00eda que no parec\u00eda creada por humanos. Desde entonces, su historia ha sido discutida, cuestionada y tambi\u00e9n defendida por distintos sectores.<\/p>\n<h2 class=\"wp-block-heading\" id=\"h-el-documental-que-vuelve-a-poner-su-historia-en-el-centro\">El documental que vuelve a poner su historia en el centro<\/h2>\n<p>La producci\u00f3n <em>S4 The Bob Lazar Story<\/em>, dirigida por Luigi Vendittelli, reconstruye el testimonio de Lazar a trav\u00e9s de recreaciones, material de archivo y entrevistas. La propuesta busca trasladar a la pantalla los detalles que durante a\u00f1os solo se conoc\u00edan por sus declaraciones.<\/p>\n<p>El documental no se plantea como una confirmaci\u00f3n definitiva de lo ocurrido. Su enfoque est\u00e1 en mostrar la versi\u00f3n de Lazar con un mayor nivel de detalle visual, permitiendo que el espectador entienda c\u00f3mo describi\u00f3 ese supuesto entorno de trabajo.<\/p>\n<p>Este tipo de reconstrucci\u00f3n ha generado inter\u00e9s porque ofrece una forma distinta de acercarse a una historia que, durante d\u00e9cadas, se ha movido entre entrevistas, teor\u00edas y fragmentos de informaci\u00f3n.<\/p>\n<figure class=\"wp-block-image size-full\"><a href=\"https:\/\/sarmiento24h.com\/wp-content\/uploads\/2026\/03\/estrenan-documental-sobre-bob-lazar-y-su-historia-dentro-de-area-51.jpg\"><img fetchpriority=\"high\" decoding=\"async\" width=\"927\" height=\"659\" src=\"https:\/\/sarmiento24h.com\/wp-content\/uploads\/2026\/03\/estrenan-documental-sobre-bob-lazar-y-su-historia-dentro-de-area-51.jpg\" alt class=\"wp-image-107108 lazyload\" data-sizes=\"auto\" data-eio-rwidth=\"927\" data-eio-rheight=\"659\" srcset=\"https:\/\/sarmiento24h.com\/wp-content\/uploads\/2026\/03\/estrenan-documental-sobre-bob-lazar-y-su-historia-dentro-de-area-51.jpg 927w, https:\/\/sarmiento24h.com\/wp-content\/uploads\/2026\/03\/estrenan-documental-sobre-bob-lazar-y-su-historia-dentro-de-area-51-1.jpg 300w, https:\/\/sarmiento24h.com\/wp-content\/uploads\/2026\/03\/estrenan-documental-sobre-bob-lazar-y-su-historia-dentro-de-area-51-2.jpg 768w, https:\/\/sarmiento24h.com\/wp-content\/uploads\/2026\/03\/estrenan-documental-sobre-bob-lazar-y-su-historia-dentro-de-area-51-3.jpg 591w, https:\/\/sarmiento24h.com\/wp-content\/uploads\/2026\/03\/estrenan-documental-sobre-bob-lazar-y-su-historia-dentro-de-area-51-4.jpg 150w, https:\/\/sarmiento24h.com\/wp-content\/uploads\/2026\/03\/estrenan-documental-sobre-bob-lazar-y-su-historia-dentro-de-area-51-5.jpg 600w, https:\/\/sarmiento24h.com\/wp-content\/uploads\/2026\/03\/estrenan-documental-sobre-bob-lazar-y-su-historia-dentro-de-area-51-6.jpg 696w\"><noscript><img fetchpriority=\"high\" decoding=\"async\" width=\"927\" height=\"659\" src=\"https:\/\/sarmiento24h.com\/wp-content\/uploads\/2026\/03\/estrenan-documental-sobre-bob-lazar-y-su-historia-dentro-de-area-51.jpg\" alt class=\"wp-image-107108\" srcset=\"https:\/\/sarmiento24h.com\/wp-content\/uploads\/2026\/03\/estrenan-documental-sobre-bob-lazar-y-su-historia-dentro-de-area-51.jpg 927w, https:\/\/sarmiento24h.com\/wp-content\/uploads\/2026\/03\/estrenan-documental-sobre-bob-lazar-y-su-historia-dentro-de-area-51-1.jpg 300w, https:\/\/sarmiento24h.com\/wp-content\/uploads\/2026\/03\/estrenan-documental-sobre-bob-lazar-y-su-historia-dentro-de-area-51-2.jpg 768w, https:\/\/sarmiento24h.com\/wp-content\/uploads\/2026\/03\/estrenan-documental-sobre-bob-lazar-y-su-historia-dentro-de-area-51-3.jpg 591w, https:\/\/sarmiento24h.com\/wp-content\/uploads\/2026\/03\/estrenan-documental-sobre-bob-lazar-y-su-historia-dentro-de-area-51-4.jpg 150w, https:\/\/sarmiento24h.com\/wp-content\/uploads\/2026\/03\/estrenan-documental-sobre-bob-lazar-y-su-historia-dentro-de-area-51-5.jpg 600w, https:\/\/sarmiento24h.com\/wp-content\/uploads\/2026\/03\/estrenan-documental-sobre-bob-lazar-y-su-historia-dentro-de-area-51-6.jpg 696w\" sizes=\"(max-width: 927px) 100vw, 927px\" data-eio=\"l\"><\/noscript><\/a><\/figure>\n<h2 class=\"wp-block-heading\" id=\"h-quien-es-bob-lazar-y-por-que-su-historia-sigue-vigente\">Qui\u00e9n es Bob Lazar y por qu\u00e9 su historia sigue vigente<\/h2>\n<p>Bob Lazar se dio a conocer p\u00fablicamente en 1989, cuando habl\u00f3 por primera vez sobre su supuesto trabajo en instalaciones cercanas a Area 51. Desde entonces, su nombre ha estado asociado a una de las narrativas m\u00e1s conocidas sobre tecnolog\u00eda no humana y programas secretos.<\/p>\n<p>Se ha presentado como f\u00edsico y ha sostenido que particip\u00f3 en tareas relacionadas con ingenier\u00eda inversa. Sin embargo, su perfil tambi\u00e9n ha sido objeto de an\u00e1lisis y cuestionamientos, especialmente en lo relacionado con su formaci\u00f3n acad\u00e9mica y trayectoria profesional.<\/p>\n<p>A pesar de esto, su historia ha logrado mantenerse en el tiempo. Para muchos, esto se debe a la consistencia de su relato. Para otros, a la falta de pruebas concluyentes que permitan confirmarlo o descartarlo por completo.<\/p>\n<h2 class=\"wp-block-heading\" id=\"h-que-dijo-sobre-la-instalacion-s4\">Qu\u00e9 dijo sobre la instalaci\u00f3n S4<\/h2>\n<p>Seg\u00fan su testimonio, S4 era una instalaci\u00f3n altamente restringida ubicada cerca de Area 51. Lazar asegur\u00f3 que en ese lugar se estudiaban sistemas de propulsi\u00f3n de origen no humano mediante procesos de an\u00e1lisis t\u00e9cnico.<\/p>\n<p>Tambi\u00e9n describi\u00f3 veh\u00edculos con formas poco convencionales y tecnolog\u00edas que, seg\u00fan dijo, no coincid\u00edan con los desarrollos conocidos en ese momento. Parte de su relato incluye detalles sobre el funcionamiento de estos sistemas, lo que ha sido uno de los aspectos m\u00e1s discutidos por quienes analizan su historia.<\/p>\n<p><span class=\"td-adspot-title\">&#8211; Patrocinado &#8211;<\/span><br \/>\n<!-- popi2 --><br \/>\n<ins class=\"adsbygoogle\" data-ad-client=\"ca-pub-1729935282101551\" data-ad-slot=\"2133646425\" data-ad-format=\"auto\" data-full-width-responsive=\"true\"><\/ins>\n<\/p>\n<p>Estas afirmaciones han sido clave para que su caso se mantenga como uno de los m\u00e1s citados cuando se habla de este tipo de temas.<\/p>\n<h2 class=\"wp-block-heading\" id=\"h-entre-el-interes-y-el-escepticismo\">Entre el inter\u00e9s y el escepticismo<\/h2>\n<p>El caso de Bob Lazar genera reacciones distintas. Hay quienes consideran que su relato merece atenci\u00f3n por los elementos que plantea y por el contexto en el que surgi\u00f3. Tambi\u00e9n hay quienes lo ven con escepticismo debido a la falta de evidencia verificable.<\/p>\n<p>Investigadores y especialistas han se\u00f1alado inconsistencias en algunos aspectos de su historia. Al mismo tiempo, el inter\u00e9s por fen\u00f3menos a\u00e9reos no identificados ha crecido en los \u00faltimos a\u00f1os, lo que ha llevado a revisar relatos antiguos desde nuevas perspectivas.<\/p>\n<p>En ese escenario, la historia de Lazar sigue siendo una referencia constante, independientemente de la postura que se tenga frente a sus declaraciones.<\/p>\n<h2 class=\"wp-block-heading\" id=\"h-un-contexto-que-vuelve-relevante-este-tipo-de-historias\">Un contexto que vuelve relevante este tipo de historias<\/h2>\n<p>El aumento de reportes y an\u00e1lisis sobre fen\u00f3menos no identificados ha reactivado el inter\u00e9s por casos que durante a\u00f1os permanecieron en segundo plano. Esto ha hecho que figuras como Bob Lazar vuelvan a aparecer en medios y contenidos documentales.<\/p>\n<p>El documental llega en un momento en el que el p\u00fablico muestra una mayor curiosidad por estos temas, aunque con una mirada m\u00e1s cr\u00edtica y anal\u00edtica. Esa combinaci\u00f3n ha permitido que historias como esta sigan teniendo espacio.<\/p>\n<h2 class=\"wp-block-heading\" id=\"h-cuando-y-donde-se-podra-ver\">Cu\u00e1ndo y d\u00f3nde se podr\u00e1 ver<\/h2>\n<p>El documental <em>S4 The Bob Lazar Story<\/em> tiene previsto su estreno el 3 de abril de 2026 y estar\u00e1 disponible en Amazon a nivel mundial.<\/p>\n<p>Su lanzamiento representa una nueva etapa para un caso que, m\u00e1s de 30 a\u00f1os despu\u00e9s, contin\u00faa generando preguntas y manteniendo el inter\u00e9s del p\u00fablico.<\/p>\n<p><span class=\"td-adspot-title\">&#8211; Patrocinado &#8211;<\/span><br \/>\n<!-- popi2 --><br \/>\n<ins class=\"adsbygoogle\" data-ad-client=\"ca-pub-1729935282101551\" data-ad-slot=\"2133646425\" data-ad-format=\"auto\" data-full-width-responsive=\"true\"><\/ins>\n<\/p>\n<h2 class=\"wp-block-heading\" id=\"h-una-historia-que-sigue-abierta\">Una historia que sigue abierta<\/h2>\n<p>Bob Lazar sigue siendo una figura que divide opiniones. Su relato ha influido en la forma en que muchas personas perciben Area 51 y los posibles secretos asociados a este tipo de instalaciones.<\/p>\n<p>El documental no busca cerrar el debate. M\u00e1s bien, lo reabre desde una propuesta visual que permite revisar su historia con nuevos elementos.<\/p>\n<p>En un tema donde las certezas son limitadas y las preguntas siguen presentes, su testimonio contin\u00faa siendo parte de una conversaci\u00f3n que parece lejos de terminar.<\/p>\n","protected":false},"excerpt":{"rendered":"<p>El nombre de Bob Lazar vuelve a&#46;&#46;&#46;<\/p>\n","protected":false},"author":1,"featured_media":70047,"comment_status":"closed","ping_status":"closed","sticky":false,"template":"","format":"standard","meta":{"_jetpack_memberships_contains_paid_content":false,"footnotes":"","jetpack_publicize_message":"","jetpack_publicize_feature_enabled":true,"jetpack_social_post_already_shared":true,"jetpack_social_options":{"image_generator_settings":{"template":"highway","default_image_id":0,"font":"","enabled":false},"version":2}},"categories":[59,55,73],"tags":[],"class_list":["post-70046","post","type-post","status-publish","format-standard","has-post-thumbnail","hentry","category-actualidad","category-entretenimiento","category-videos"],"yoast_head":"<!-- This site is optimized with the Yoast SEO plugin v27.3 - https:\/\/yoast.com\/product\/yoast-seo-wordpress\/ -->\n<title>Estrenan documental sobre Bob Lazar y su historia dentro de Area 51 - Sarmiento24h<\/title>\n<meta name=\"robots\" content=\"index, follow, max-snippet:-1, max-image-preview:large, max-video-preview:-1\" \/>\n<link rel=\"canonical\" href=\"https:\/\/sarmiento24h.com\/?p=70046\" \/>\n<meta property=\"og:locale\" content=\"es_ES\" \/>\n<meta property=\"og:type\" content=\"article\" \/>\n<meta property=\"og:title\" content=\"Estrenan documental sobre Bob Lazar y su historia dentro de Area 51 - Sarmiento24h\" \/>\n<meta property=\"og:description\" content=\"El nombre de Bob Lazar vuelve a&#046;&#046;&#046;\" \/>\n<meta property=\"og:url\" content=\"https:\/\/sarmiento24h.com\/?p=70046\" \/>\n<meta property=\"og:site_name\" content=\"Sarmiento24h\" \/>\n<meta property=\"article:publisher\" content=\"https:\/\/facebook.com\/s24hnoticias\" \/>\n<meta property=\"article:published_time\" content=\"2026-03-18T20:06:58+00:00\" \/>\n<meta property=\"og:image\" content=\"https:\/\/sarmiento24h.com\/wp-content\/uploads\/2026\/03\/estrenan-documental-sobre-bob-lazar-y-su-historia-dentro-de-area-51.jpg\" \/>\n\t<meta property=\"og:image:width\" content=\"927\" \/>\n\t<meta property=\"og:image:height\" content=\"659\" \/>\n\t<meta property=\"og:image:type\" content=\"image\/jpeg\" \/>\n<meta name=\"author\" content=\"sarmiento24h@gmail.com\" \/>\n<meta name=\"twitter:card\" content=\"summary_large_image\" \/>\n<meta name=\"twitter:creator\" content=\"@sarmiento24h\" \/>\n<meta name=\"twitter:site\" content=\"@sarmiento24h\" \/>\n<meta name=\"twitter:label1\" content=\"Escrito por\" \/>\n\t<meta name=\"twitter:data1\" content=\"sarmiento24h@gmail.com\" \/>\n\t<meta name=\"twitter:label2\" content=\"Tiempo de lectura\" \/>\n\t<meta name=\"twitter:data2\" content=\"4 minutos\" \/>\n<script type=\"application\/ld+json\" class=\"yoast-schema-graph\">{\"@context\":\"https:\\\/\\\/schema.org\",\"@graph\":[{\"@type\":\"Article\",\"@id\":\"https:\\\/\\\/sarmiento24h.com\\\/?p=70046#article\",\"isPartOf\":{\"@id\":\"https:\\\/\\\/sarmiento24h.com\\\/?p=70046\"},\"author\":{\"name\":\"sarmiento24h@gmail.com\",\"@id\":\"https:\\\/\\\/sarmiento24h.com\\\/#\\\/schema\\\/person\\\/d653a59725ad629a7e0429af7b939d4d\"},\"headline\":\"Estrenan documental sobre Bob Lazar y su historia dentro de Area 51\",\"datePublished\":\"2026-03-18T20:06:58+00:00\",\"mainEntityOfPage\":{\"@id\":\"https:\\\/\\\/sarmiento24h.com\\\/?p=70046\"},\"wordCount\":891,\"publisher\":{\"@id\":\"https:\\\/\\\/sarmiento24h.com\\\/#organization\"},\"image\":{\"@id\":\"https:\\\/\\\/sarmiento24h.com\\\/?p=70046#primaryimage\"},\"thumbnailUrl\":\"https:\\\/\\\/sarmiento24h.com\\\/wp-content\\\/uploads\\\/2026\\\/03\\\/estrenan-documental-sobre-bob-lazar-y-su-historia-dentro-de-area-51.jpg\",\"articleSection\":[\"Actualidad\",\"Entretenimiento\",\"Videos\"],\"inLanguage\":\"es\"},{\"@type\":\"WebPage\",\"@id\":\"https:\\\/\\\/sarmiento24h.com\\\/?p=70046\",\"url\":\"https:\\\/\\\/sarmiento24h.com\\\/?p=70046\",\"name\":\"Estrenan documental sobre Bob Lazar y su historia dentro de Area 51 - Sarmiento24h\",\"isPartOf\":{\"@id\":\"https:\\\/\\\/sarmiento24h.com\\\/#website\"},\"primaryImageOfPage\":{\"@id\":\"https:\\\/\\\/sarmiento24h.com\\\/?p=70046#primaryimage\"},\"image\":{\"@id\":\"https:\\\/\\\/sarmiento24h.com\\\/?p=70046#primaryimage\"},\"thumbnailUrl\":\"https:\\\/\\\/sarmiento24h.com\\\/wp-content\\\/uploads\\\/2026\\\/03\\\/estrenan-documental-sobre-bob-lazar-y-su-historia-dentro-de-area-51.jpg\",\"datePublished\":\"2026-03-18T20:06:58+00:00\",\"breadcrumb\":{\"@id\":\"https:\\\/\\\/sarmiento24h.com\\\/?p=70046#breadcrumb\"},\"inLanguage\":\"es\",\"potentialAction\":[{\"@type\":\"ReadAction\",\"target\":[\"https:\\\/\\\/sarmiento24h.com\\\/?p=70046\"]}]},{\"@type\":\"ImageObject\",\"inLanguage\":\"es\",\"@id\":\"https:\\\/\\\/sarmiento24h.com\\\/?p=70046#primaryimage\",\"url\":\"https:\\\/\\\/sarmiento24h.com\\\/wp-content\\\/uploads\\\/2026\\\/03\\\/estrenan-documental-sobre-bob-lazar-y-su-historia-dentro-de-area-51.jpg\",\"contentUrl\":\"https:\\\/\\\/sarmiento24h.com\\\/wp-content\\\/uploads\\\/2026\\\/03\\\/estrenan-documental-sobre-bob-lazar-y-su-historia-dentro-de-area-51.jpg\",\"width\":927,\"height\":659},{\"@type\":\"BreadcrumbList\",\"@id\":\"https:\\\/\\\/sarmiento24h.com\\\/?p=70046#breadcrumb\",\"itemListElement\":[{\"@type\":\"ListItem\",\"position\":1,\"name\":\"Home\",\"item\":\"https:\\\/\\\/sarmiento24h.com\\\/\"},{\"@type\":\"ListItem\",\"position\":2,\"name\":\"Estrenan documental sobre Bob Lazar y su historia dentro de Area 51\"}]},{\"@type\":\"WebSite\",\"@id\":\"https:\\\/\\\/sarmiento24h.com\\\/#website\",\"url\":\"https:\\\/\\\/sarmiento24h.com\\\/\",\"name\":\"Sarmiento24h\",\"description\":\"\",\"publisher\":{\"@id\":\"https:\\\/\\\/sarmiento24h.com\\\/#organization\"},\"potentialAction\":[{\"@type\":\"SearchAction\",\"target\":{\"@type\":\"EntryPoint\",\"urlTemplate\":\"https:\\\/\\\/sarmiento24h.com\\\/?s={search_term_string}\"},\"query-input\":{\"@type\":\"PropertyValueSpecification\",\"valueRequired\":true,\"valueName\":\"search_term_string\"}}],\"inLanguage\":\"es\"},{\"@type\":\"Organization\",\"@id\":\"https:\\\/\\\/sarmiento24h.com\\\/#organization\",\"name\":\"Sarmiento24h\",\"url\":\"https:\\\/\\\/sarmiento24h.com\\\/\",\"logo\":{\"@type\":\"ImageObject\",\"inLanguage\":\"es\",\"@id\":\"https:\\\/\\\/sarmiento24h.com\\\/#\\\/schema\\\/logo\\\/image\\\/\",\"url\":\"https:\\\/\\\/sarmiento24h.com\\\/wp-content\\\/uploads\\\/2025\\\/12\\\/AddText_12-16-10.30.52.jpg\",\"contentUrl\":\"https:\\\/\\\/sarmiento24h.com\\\/wp-content\\\/uploads\\\/2025\\\/12\\\/AddText_12-16-10.30.52.jpg\",\"width\":1220,\"height\":324,\"caption\":\"Sarmiento24h\"},\"image\":{\"@id\":\"https:\\\/\\\/sarmiento24h.com\\\/#\\\/schema\\\/logo\\\/image\\\/\"},\"sameAs\":[\"https:\\\/\\\/facebook.com\\\/s24hnoticias\",\"https:\\\/\\\/x.com\\\/sarmiento24h\"]},{\"@type\":\"Person\",\"@id\":\"https:\\\/\\\/sarmiento24h.com\\\/#\\\/schema\\\/person\\\/d653a59725ad629a7e0429af7b939d4d\",\"name\":\"sarmiento24h@gmail.com\",\"image\":{\"@type\":\"ImageObject\",\"inLanguage\":\"es\",\"@id\":\"https:\\\/\\\/sarmiento24h.com\\\/wp-content\\\/litespeed\\\/avatar\\\/d02cbc4e23c747e6659cd45907173c8f.jpg?ver=1777157796\",\"url\":\"https:\\\/\\\/sarmiento24h.com\\\/wp-content\\\/litespeed\\\/avatar\\\/d02cbc4e23c747e6659cd45907173c8f.jpg?ver=1777157796\",\"contentUrl\":\"https:\\\/\\\/sarmiento24h.com\\\/wp-content\\\/litespeed\\\/avatar\\\/d02cbc4e23c747e6659cd45907173c8f.jpg?ver=1777157796\",\"caption\":\"sarmiento24h@gmail.com\"},\"sameAs\":[\"https:\\\/\\\/sarmiento24h.com\"],\"url\":\"https:\\\/\\\/sarmiento24h.com\\\/?author=1\"}]}<\/script>\n<!-- \/ Yoast SEO plugin. -->","yoast_head_json":{"title":"Estrenan documental sobre Bob Lazar y su historia dentro de Area 51 - Sarmiento24h","robots":{"index":"index","follow":"follow","max-snippet":"max-snippet:-1","max-image-preview":"max-image-preview:large","max-video-preview":"max-video-preview:-1"},"canonical":"https:\/\/sarmiento24h.com\/?p=70046","og_locale":"es_ES","og_type":"article","og_title":"Estrenan documental sobre Bob Lazar y su historia dentro de Area 51 - Sarmiento24h","og_description":"El nombre de Bob Lazar vuelve a&#46;&#46;&#46;","og_url":"https:\/\/sarmiento24h.com\/?p=70046","og_site_name":"Sarmiento24h","article_publisher":"https:\/\/facebook.com\/s24hnoticias","article_published_time":"2026-03-18T20:06:58+00:00","og_image":[{"width":927,"height":659,"url":"https:\/\/sarmiento24h.com\/wp-content\/uploads\/2026\/03\/estrenan-documental-sobre-bob-lazar-y-su-historia-dentro-de-area-51.jpg","type":"image\/jpeg"}],"author":"sarmiento24h@gmail.com","twitter_card":"summary_large_image","twitter_creator":"@sarmiento24h","twitter_site":"@sarmiento24h","twitter_misc":{"Escrito por":"sarmiento24h@gmail.com","Tiempo de lectura":"4 minutos"},"schema":{"@context":"https:\/\/schema.org","@graph":[{"@type":"Article","@id":"https:\/\/sarmiento24h.com\/?p=70046#article","isPartOf":{"@id":"https:\/\/sarmiento24h.com\/?p=70046"},"author":{"name":"sarmiento24h@gmail.com","@id":"https:\/\/sarmiento24h.com\/#\/schema\/person\/d653a59725ad629a7e0429af7b939d4d"},"headline":"Estrenan documental sobre Bob Lazar y su historia dentro de Area 51","datePublished":"2026-03-18T20:06:58+00:00","mainEntityOfPage":{"@id":"https:\/\/sarmiento24h.com\/?p=70046"},"wordCount":891,"publisher":{"@id":"https:\/\/sarmiento24h.com\/#organization"},"image":{"@id":"https:\/\/sarmiento24h.com\/?p=70046#primaryimage"},"thumbnailUrl":"https:\/\/sarmiento24h.com\/wp-content\/uploads\/2026\/03\/estrenan-documental-sobre-bob-lazar-y-su-historia-dentro-de-area-51.jpg","articleSection":["Actualidad","Entretenimiento","Videos"],"inLanguage":"es"},{"@type":"WebPage","@id":"https:\/\/sarmiento24h.com\/?p=70046","url":"https:\/\/sarmiento24h.com\/?p=70046","name":"Estrenan documental sobre Bob Lazar y su historia dentro de Area 51 - Sarmiento24h","isPartOf":{"@id":"https:\/\/sarmiento24h.com\/#website"},"primaryImageOfPage":{"@id":"https:\/\/sarmiento24h.com\/?p=70046#primaryimage"},"image":{"@id":"https:\/\/sarmiento24h.com\/?p=70046#primaryimage"},"thumbnailUrl":"https:\/\/sarmiento24h.com\/wp-content\/uploads\/2026\/03\/estrenan-documental-sobre-bob-lazar-y-su-historia-dentro-de-area-51.jpg","datePublished":"2026-03-18T20:06:58+00:00","breadcrumb":{"@id":"https:\/\/sarmiento24h.com\/?p=70046#breadcrumb"},"inLanguage":"es","potentialAction":[{"@type":"ReadAction","target":["https:\/\/sarmiento24h.com\/?p=70046"]}]},{"@type":"ImageObject","inLanguage":"es","@id":"https:\/\/sarmiento24h.com\/?p=70046#primaryimage","url":"https:\/\/sarmiento24h.com\/wp-content\/uploads\/2026\/03\/estrenan-documental-sobre-bob-lazar-y-su-historia-dentro-de-area-51.jpg","contentUrl":"https:\/\/sarmiento24h.com\/wp-content\/uploads\/2026\/03\/estrenan-documental-sobre-bob-lazar-y-su-historia-dentro-de-area-51.jpg","width":927,"height":659},{"@type":"BreadcrumbList","@id":"https:\/\/sarmiento24h.com\/?p=70046#breadcrumb","itemListElement":[{"@type":"ListItem","position":1,"name":"Home","item":"https:\/\/sarmiento24h.com\/"},{"@type":"ListItem","position":2,"name":"Estrenan documental sobre Bob Lazar y su historia dentro de Area 51"}]},{"@type":"WebSite","@id":"https:\/\/sarmiento24h.com\/#website","url":"https:\/\/sarmiento24h.com\/","name":"Sarmiento24h","description":"","publisher":{"@id":"https:\/\/sarmiento24h.com\/#organization"},"potentialAction":[{"@type":"SearchAction","target":{"@type":"EntryPoint","urlTemplate":"https:\/\/sarmiento24h.com\/?s={search_term_string}"},"query-input":{"@type":"PropertyValueSpecification","valueRequired":true,"valueName":"search_term_string"}}],"inLanguage":"es"},{"@type":"Organization","@id":"https:\/\/sarmiento24h.com\/#organization","name":"Sarmiento24h","url":"https:\/\/sarmiento24h.com\/","logo":{"@type":"ImageObject","inLanguage":"es","@id":"https:\/\/sarmiento24h.com\/#\/schema\/logo\/image\/","url":"https:\/\/sarmiento24h.com\/wp-content\/uploads\/2025\/12\/AddText_12-16-10.30.52.jpg","contentUrl":"https:\/\/sarmiento24h.com\/wp-content\/uploads\/2025\/12\/AddText_12-16-10.30.52.jpg","width":1220,"height":324,"caption":"Sarmiento24h"},"image":{"@id":"https:\/\/sarmiento24h.com\/#\/schema\/logo\/image\/"},"sameAs":["https:\/\/facebook.com\/s24hnoticias","https:\/\/x.com\/sarmiento24h"]},{"@type":"Person","@id":"https:\/\/sarmiento24h.com\/#\/schema\/person\/d653a59725ad629a7e0429af7b939d4d","name":"sarmiento24h@gmail.com","image":{"@type":"ImageObject","inLanguage":"es","@id":"https:\/\/sarmiento24h.com\/wp-content\/litespeed\/avatar\/d02cbc4e23c747e6659cd45907173c8f.jpg?ver=1777157796","url":"https:\/\/sarmiento24h.com\/wp-content\/litespeed\/avatar\/d02cbc4e23c747e6659cd45907173c8f.jpg?ver=1777157796","contentUrl":"https:\/\/sarmiento24h.com\/wp-content\/litespeed\/avatar\/d02cbc4e23c747e6659cd45907173c8f.jpg?ver=1777157796","caption":"sarmiento24h@gmail.com"},"sameAs":["https:\/\/sarmiento24h.com"],"url":"https:\/\/sarmiento24h.com\/?author=1"}]}},"jetpack_publicize_connections":[],"jetpack_featured_media_url":"https:\/\/sarmiento24h.com\/wp-content\/uploads\/2026\/03\/estrenan-documental-sobre-bob-lazar-y-su-historia-dentro-de-area-51.jpg","jetpack_sharing_enabled":true,"_links":{"self":[{"href":"https:\/\/sarmiento24h.com\/index.php?rest_route=\/wp\/v2\/posts\/70046","targetHints":{"allow":["GET"]}}],"collection":[{"href":"https:\/\/sarmiento24h.com\/index.php?rest_route=\/wp\/v2\/posts"}],"about":[{"href":"https:\/\/sarmiento24h.com\/index.php?rest_route=\/wp\/v2\/types\/post"}],"author":[{"embeddable":true,"href":"https:\/\/sarmiento24h.com\/index.php?rest_route=\/wp\/v2\/users\/1"}],"replies":[{"embeddable":true,"href":"https:\/\/sarmiento24h.com\/index.php?rest_route=%2Fwp%2Fv2%2Fcomments&post=70046"}],"version-history":[{"count":0,"href":"https:\/\/sarmiento24h.com\/index.php?rest_route=\/wp\/v2\/posts\/70046\/revisions"}],"wp:featuredmedia":[{"embeddable":true,"href":"https:\/\/sarmiento24h.com\/index.php?rest_route=\/wp\/v2\/media\/70047"}],"wp:attachment":[{"href":"https:\/\/sarmiento24h.com\/index.php?rest_route=%2Fwp%2Fv2%2Fmedia&parent=70046"}],"wp:term":[{"taxonomy":"category","embeddable":true,"href":"https:\/\/sarmiento24h.com\/index.php?rest_route=%2Fwp%2Fv2%2Fcategories&post=70046"},{"taxonomy":"post_tag","embeddable":true,"href":"https:\/\/sarmiento24h.com\/index.php?rest_route=%2Fwp%2Fv2%2Ftags&post=70046"}],"curies":[{"name":"wp","href":"https:\/\/api.w.org\/{rel}","templated":true}]}}