{"id":7009,"date":"2026-01-14T12:46:27","date_gmt":"2026-01-14T12:46:27","guid":{"rendered":"http:\/\/almomento.net\/?p=1091902"},"modified":"2026-01-14T12:46:27","modified_gmt":"2026-01-14T12:46:27","slug":"tribunal-seguira-el-20-de-enero-juicio-de-casos-coral-y-coral-5g","status":"publish","type":"post","link":"https:\/\/sarmiento24h.com\/?p=7009","title":{"rendered":"Tribunal seguir\u00e1 el 20 de enero juicio de casos Coral y Coral 5G"},"content":{"rendered":"<p><!-- .entry-header --> <\/p>\n<div class=\"img_center\"> <a href=\"https:\/\/almomento.net\/wp-content\/uploads\/2026\/01\/IMG_9518.jpeg\" alt=\"Tribunal seguir\u00e1 el 20 de enero juicio de casos Coral y Coral 5G\" title=\"Tribunal seguir\u00e1 el 20 de enero juicio de casos Coral y Coral 5G\" data-toggle=\"lightbox\" class=\"thickbox\"><img decoding=\"async\" src=\"https:\/\/almomento.net\/wp-content\/uploads\/2026\/01\/IMG_9518.jpeg\" class=\"attachment-post-thumbnail size-post-thumbnail wp-post-image\" alt=\"imagen\" title=\"Tribunal seguir\u00e1 el 20 de enero juicio de casos Coral y Coral 5G\" data-toggle data-title=\"Tribunal seguir\u00e1 el 20 de enero juicio de casos Coral y Coral 5G\"><\/a> <\/div>\n<div class=\"px-md-0 px-2\" readability=\"11\">\n<p>Santo Domingo, 13 ene (EFE).- El Primer Tribunal Colegiado del Distrito Nacional fij\u00f3 hoy para el 20 de enero la pr\u00f3xima audiencia el caso de supuesta corrupci\u00f3n conocido como Coral y Coral 5G, fecha en la que el Ministerio P\u00fablico dar\u00e1 comienzo a sus conclusiones.<\/p>\n<\/div>\n<div id class=\"d-flex flex-column flex-md-row no-gutters\">\n<div class=\"col-xl-8 col-md-8 .col-sm-11 col-xs-12 detalleALL\" readability=\"26\">\n<div class=\"p-4 m-0 BOX-light \" readability=\"31\">\n<p>Durante la audiencia de este martes, los acusados <strong>Jos\u00e9 Manuel Rosario Pir\u00f3n, Epifanio Pe\u00f1a y Carlos Lantigua<\/strong> presentaron su defensa material, con los que suman siete los que hicieron uso de este recurso.<\/p>\n<p>En audiencias anteriores presentaron sus defensas el coronel Rafael N\u00fa\u00f1ez de Aza, el general de brigada <strong>Boanerges Reyes Batista y el cabo policial Tanner Flete Guzm\u00e1n, hijo de Rossy Guzm\u00e1n S\u00e1nchez (La Pastora)<\/strong>, otra de las principales acusadas en el caso, asegur\u00f3 el organismo persecutor.<\/p>\n<p>El Ministerio P\u00fablico destac\u00f3 en una nota que dar\u00e1 comienzo a sus conclusiones el 20 de enero.<\/p>\n<p>La notificaci\u00f3n fue realizada al tribunal por los fiscales Jonathan El\u00edas P\u00e9rez, Miguel Collado y Arolin Lemos, quienes representaron al Ministerio P\u00fablico en la audiencia del expediente por corrupci\u00f3n encabezado por el mayor general del Ej\u00e9rcito Ad\u00e1n Benoni C\u00e1ceres Silvestre, exjefe del Cuerpo de Seguridad Presidencial (Cusep), dijo el Ministerio P\u00fablico en una nota.<\/p>\n<\/div>\n<div class=\"p-4 m-0 BOX-light \" readability=\"21\">\n<p><strong>Plazo de tres audiencias<\/strong><\/p>\n<p>Por decisi\u00f3n del tribunal, el Ministerio P\u00fablico tendr\u00e1 un plazo de tres audiencias para presentar sus elementos conclusivos.<\/p>\n<p>Tambi\u00e9n dispuso que las barras de la defensa recibir\u00e1n v\u00eda correo electr\u00f3nico el calendario de presentaci\u00f3n de dichas conclusiones.<\/p>\n<p>El Ministerio P\u00fablico, a trav\u00e9s de la Procuradur\u00eda Especializada de Persecuci\u00f3n de la Corrupci\u00f3n Administrativa (Pepca), acusa a militares y polic\u00edas de formar una supuesta red de corrupci\u00f3n para estafar al Estado dominicano con m\u00e1s de RD$4,500 millones, que fue desmantelada con las operaciones Coral y Coral 5G.EFE<\/p>\n<p>rsl<\/p>\n<\/div>\n<\/div>\n<\/div>\n<div class=\"heateor_sss_sharing_container heateor_sss_horizontal_sharing\" data-heateor-sss-href=\"https:\/\/almomento.net\/tribunal-seguira-el-20-de-enero-juicio-de-casos-coral-y-coral-5g\/\" readability=\"7\">\n<p>Comp\u00e1rtelo en tus redes:<\/p>\n<\/div>\n<p> <!-- 468x60 --><br \/>\n<ins class=\"adsbygoogle\" data-ad-client=\"ca-pub-3511341636159665\" data-ad-slot=\"3538255450\"><\/ins> <!-- .entry-content --> <\/p>\n","protected":false},"excerpt":{"rendered":"<p>Santo Domingo, 13 ene (EFE).- El Primer&#46;&#46;&#46;<\/p>\n","protected":false},"author":1,"featured_media":7010,"comment_status":"closed","ping_status":"closed","sticky":false,"template":"","format":"standard","meta":{"_jetpack_memberships_contains_paid_content":false,"footnotes":"","jetpack_publicize_message":"","jetpack_publicize_feature_enabled":true,"jetpack_social_post_already_shared":false,"jetpack_social_options":{"image_generator_settings":{"template":"highway","default_image_id":0,"font":"","enabled":false},"version":2}},"categories":[69],"tags":[],"class_list":["post-7009","post","type-post","status-publish","format-standard","has-post-thumbnail","hentry","category-portada"],"yoast_head":"<!-- This site is optimized with the Yoast SEO plugin v27.3 - https:\/\/yoast.com\/product\/yoast-seo-wordpress\/ -->\n<title>Tribunal seguir\u00e1 el 20 de enero juicio de casos Coral y Coral 5G - Sarmiento24h<\/title>\n<meta name=\"robots\" content=\"index, follow, max-snippet:-1, max-image-preview:large, max-video-preview:-1\" \/>\n<link rel=\"canonical\" href=\"https:\/\/sarmiento24h.com\/?p=7009\" \/>\n<meta property=\"og:locale\" content=\"es_ES\" \/>\n<meta property=\"og:type\" content=\"article\" \/>\n<meta property=\"og:title\" content=\"Tribunal seguir\u00e1 el 20 de enero juicio de casos Coral y Coral 5G - Sarmiento24h\" \/>\n<meta property=\"og:description\" content=\"Santo Domingo, 13 ene (EFE).- El Primer&#046;&#046;&#046;\" \/>\n<meta property=\"og:url\" content=\"https:\/\/sarmiento24h.com\/?p=7009\" \/>\n<meta property=\"og:site_name\" content=\"Sarmiento24h\" \/>\n<meta property=\"article:publisher\" content=\"https:\/\/facebook.com\/s24hnoticias\" \/>\n<meta property=\"article:published_time\" content=\"2026-01-14T12:46:27+00:00\" \/>\n<meta property=\"og:image\" content=\"https:\/\/sarmiento24h.com\/wp-content\/uploads\/2026\/01\/tribunal-seguira-el-20-de-enero-juicio-de-casos-coral-y-coral-5g.jpg\" \/>\n\t<meta property=\"og:image:width\" content=\"1110\" \/>\n\t<meta property=\"og:image:height\" content=\"847\" \/>\n\t<meta property=\"og:image:type\" content=\"image\/jpeg\" \/>\n<meta name=\"author\" content=\"sarmiento24h@gmail.com\" \/>\n<meta name=\"twitter:card\" content=\"summary_large_image\" \/>\n<meta name=\"twitter:creator\" content=\"@sarmiento24h\" \/>\n<meta name=\"twitter:site\" content=\"@sarmiento24h\" \/>\n<meta name=\"twitter:label1\" content=\"Escrito por\" \/>\n\t<meta name=\"twitter:data1\" content=\"sarmiento24h@gmail.com\" \/>\n\t<meta name=\"twitter:label2\" content=\"Tiempo de lectura\" \/>\n\t<meta name=\"twitter:data2\" content=\"2 minutos\" \/>\n<script type=\"application\/ld+json\" class=\"yoast-schema-graph\">{\"@context\":\"https:\\\/\\\/schema.org\",\"@graph\":[{\"@type\":\"Article\",\"@id\":\"https:\\\/\\\/sarmiento24h.com\\\/?p=7009#article\",\"isPartOf\":{\"@id\":\"https:\\\/\\\/sarmiento24h.com\\\/?p=7009\"},\"author\":{\"name\":\"sarmiento24h@gmail.com\",\"@id\":\"https:\\\/\\\/sarmiento24h.com\\\/#\\\/schema\\\/person\\\/d653a59725ad629a7e0429af7b939d4d\"},\"headline\":\"Tribunal seguir\u00e1 el 20 de enero juicio de casos Coral y Coral 5G\",\"datePublished\":\"2026-01-14T12:46:27+00:00\",\"mainEntityOfPage\":{\"@id\":\"https:\\\/\\\/sarmiento24h.com\\\/?p=7009\"},\"wordCount\":334,\"publisher\":{\"@id\":\"https:\\\/\\\/sarmiento24h.com\\\/#organization\"},\"image\":{\"@id\":\"https:\\\/\\\/sarmiento24h.com\\\/?p=7009#primaryimage\"},\"thumbnailUrl\":\"https:\\\/\\\/sarmiento24h.com\\\/wp-content\\\/uploads\\\/2026\\\/01\\\/tribunal-seguira-el-20-de-enero-juicio-de-casos-coral-y-coral-5g.jpg\",\"articleSection\":[\"Portada\"],\"inLanguage\":\"es\"},{\"@type\":\"WebPage\",\"@id\":\"https:\\\/\\\/sarmiento24h.com\\\/?p=7009\",\"url\":\"https:\\\/\\\/sarmiento24h.com\\\/?p=7009\",\"name\":\"Tribunal seguir\u00e1 el 20 de enero juicio de casos Coral y Coral 5G - Sarmiento24h\",\"isPartOf\":{\"@id\":\"https:\\\/\\\/sarmiento24h.com\\\/#website\"},\"primaryImageOfPage\":{\"@id\":\"https:\\\/\\\/sarmiento24h.com\\\/?p=7009#primaryimage\"},\"image\":{\"@id\":\"https:\\\/\\\/sarmiento24h.com\\\/?p=7009#primaryimage\"},\"thumbnailUrl\":\"https:\\\/\\\/sarmiento24h.com\\\/wp-content\\\/uploads\\\/2026\\\/01\\\/tribunal-seguira-el-20-de-enero-juicio-de-casos-coral-y-coral-5g.jpg\",\"datePublished\":\"2026-01-14T12:46:27+00:00\",\"breadcrumb\":{\"@id\":\"https:\\\/\\\/sarmiento24h.com\\\/?p=7009#breadcrumb\"},\"inLanguage\":\"es\",\"potentialAction\":[{\"@type\":\"ReadAction\",\"target\":[\"https:\\\/\\\/sarmiento24h.com\\\/?p=7009\"]}]},{\"@type\":\"ImageObject\",\"inLanguage\":\"es\",\"@id\":\"https:\\\/\\\/sarmiento24h.com\\\/?p=7009#primaryimage\",\"url\":\"https:\\\/\\\/sarmiento24h.com\\\/wp-content\\\/uploads\\\/2026\\\/01\\\/tribunal-seguira-el-20-de-enero-juicio-de-casos-coral-y-coral-5g.jpg\",\"contentUrl\":\"https:\\\/\\\/sarmiento24h.com\\\/wp-content\\\/uploads\\\/2026\\\/01\\\/tribunal-seguira-el-20-de-enero-juicio-de-casos-coral-y-coral-5g.jpg\",\"width\":1110,\"height\":847},{\"@type\":\"BreadcrumbList\",\"@id\":\"https:\\\/\\\/sarmiento24h.com\\\/?p=7009#breadcrumb\",\"itemListElement\":[{\"@type\":\"ListItem\",\"position\":1,\"name\":\"Home\",\"item\":\"https:\\\/\\\/sarmiento24h.com\\\/\"},{\"@type\":\"ListItem\",\"position\":2,\"name\":\"Tribunal seguir\u00e1 el 20 de enero juicio de casos Coral y Coral 5G\"}]},{\"@type\":\"WebSite\",\"@id\":\"https:\\\/\\\/sarmiento24h.com\\\/#website\",\"url\":\"https:\\\/\\\/sarmiento24h.com\\\/\",\"name\":\"Sarmiento24h\",\"description\":\"\",\"publisher\":{\"@id\":\"https:\\\/\\\/sarmiento24h.com\\\/#organization\"},\"potentialAction\":[{\"@type\":\"SearchAction\",\"target\":{\"@type\":\"EntryPoint\",\"urlTemplate\":\"https:\\\/\\\/sarmiento24h.com\\\/?s={search_term_string}\"},\"query-input\":{\"@type\":\"PropertyValueSpecification\",\"valueRequired\":true,\"valueName\":\"search_term_string\"}}],\"inLanguage\":\"es\"},{\"@type\":\"Organization\",\"@id\":\"https:\\\/\\\/sarmiento24h.com\\\/#organization\",\"name\":\"Sarmiento24h\",\"url\":\"https:\\\/\\\/sarmiento24h.com\\\/\",\"logo\":{\"@type\":\"ImageObject\",\"inLanguage\":\"es\",\"@id\":\"https:\\\/\\\/sarmiento24h.com\\\/#\\\/schema\\\/logo\\\/image\\\/\",\"url\":\"https:\\\/\\\/sarmiento24h.com\\\/wp-content\\\/uploads\\\/2025\\\/12\\\/AddText_12-16-10.30.52.jpg\",\"contentUrl\":\"https:\\\/\\\/sarmiento24h.com\\\/wp-content\\\/uploads\\\/2025\\\/12\\\/AddText_12-16-10.30.52.jpg\",\"width\":1220,\"height\":324,\"caption\":\"Sarmiento24h\"},\"image\":{\"@id\":\"https:\\\/\\\/sarmiento24h.com\\\/#\\\/schema\\\/logo\\\/image\\\/\"},\"sameAs\":[\"https:\\\/\\\/facebook.com\\\/s24hnoticias\",\"https:\\\/\\\/x.com\\\/sarmiento24h\"]},{\"@type\":\"Person\",\"@id\":\"https:\\\/\\\/sarmiento24h.com\\\/#\\\/schema\\\/person\\\/d653a59725ad629a7e0429af7b939d4d\",\"name\":\"sarmiento24h@gmail.com\",\"image\":{\"@type\":\"ImageObject\",\"inLanguage\":\"es\",\"@id\":\"https:\\\/\\\/sarmiento24h.com\\\/wp-content\\\/litespeed\\\/avatar\\\/d02cbc4e23c747e6659cd45907173c8f.jpg?ver=1777157796\",\"url\":\"https:\\\/\\\/sarmiento24h.com\\\/wp-content\\\/litespeed\\\/avatar\\\/d02cbc4e23c747e6659cd45907173c8f.jpg?ver=1777157796\",\"contentUrl\":\"https:\\\/\\\/sarmiento24h.com\\\/wp-content\\\/litespeed\\\/avatar\\\/d02cbc4e23c747e6659cd45907173c8f.jpg?ver=1777157796\",\"caption\":\"sarmiento24h@gmail.com\"},\"sameAs\":[\"https:\\\/\\\/sarmiento24h.com\"],\"url\":\"https:\\\/\\\/sarmiento24h.com\\\/?author=1\"}]}<\/script>\n<!-- \/ Yoast SEO plugin. -->","yoast_head_json":{"title":"Tribunal seguir\u00e1 el 20 de enero juicio de casos Coral y Coral 5G - Sarmiento24h","robots":{"index":"index","follow":"follow","max-snippet":"max-snippet:-1","max-image-preview":"max-image-preview:large","max-video-preview":"max-video-preview:-1"},"canonical":"https:\/\/sarmiento24h.com\/?p=7009","og_locale":"es_ES","og_type":"article","og_title":"Tribunal seguir\u00e1 el 20 de enero juicio de casos Coral y Coral 5G - Sarmiento24h","og_description":"Santo Domingo, 13 ene (EFE).- El Primer&#46;&#46;&#46;","og_url":"https:\/\/sarmiento24h.com\/?p=7009","og_site_name":"Sarmiento24h","article_publisher":"https:\/\/facebook.com\/s24hnoticias","article_published_time":"2026-01-14T12:46:27+00:00","og_image":[{"width":1110,"height":847,"url":"https:\/\/sarmiento24h.com\/wp-content\/uploads\/2026\/01\/tribunal-seguira-el-20-de-enero-juicio-de-casos-coral-y-coral-5g.jpg","type":"image\/jpeg"}],"author":"sarmiento24h@gmail.com","twitter_card":"summary_large_image","twitter_creator":"@sarmiento24h","twitter_site":"@sarmiento24h","twitter_misc":{"Escrito por":"sarmiento24h@gmail.com","Tiempo de lectura":"2 minutos"},"schema":{"@context":"https:\/\/schema.org","@graph":[{"@type":"Article","@id":"https:\/\/sarmiento24h.com\/?p=7009#article","isPartOf":{"@id":"https:\/\/sarmiento24h.com\/?p=7009"},"author":{"name":"sarmiento24h@gmail.com","@id":"https:\/\/sarmiento24h.com\/#\/schema\/person\/d653a59725ad629a7e0429af7b939d4d"},"headline":"Tribunal seguir\u00e1 el 20 de enero juicio de casos Coral y Coral 5G","datePublished":"2026-01-14T12:46:27+00:00","mainEntityOfPage":{"@id":"https:\/\/sarmiento24h.com\/?p=7009"},"wordCount":334,"publisher":{"@id":"https:\/\/sarmiento24h.com\/#organization"},"image":{"@id":"https:\/\/sarmiento24h.com\/?p=7009#primaryimage"},"thumbnailUrl":"https:\/\/sarmiento24h.com\/wp-content\/uploads\/2026\/01\/tribunal-seguira-el-20-de-enero-juicio-de-casos-coral-y-coral-5g.jpg","articleSection":["Portada"],"inLanguage":"es"},{"@type":"WebPage","@id":"https:\/\/sarmiento24h.com\/?p=7009","url":"https:\/\/sarmiento24h.com\/?p=7009","name":"Tribunal seguir\u00e1 el 20 de enero juicio de casos Coral y Coral 5G - Sarmiento24h","isPartOf":{"@id":"https:\/\/sarmiento24h.com\/#website"},"primaryImageOfPage":{"@id":"https:\/\/sarmiento24h.com\/?p=7009#primaryimage"},"image":{"@id":"https:\/\/sarmiento24h.com\/?p=7009#primaryimage"},"thumbnailUrl":"https:\/\/sarmiento24h.com\/wp-content\/uploads\/2026\/01\/tribunal-seguira-el-20-de-enero-juicio-de-casos-coral-y-coral-5g.jpg","datePublished":"2026-01-14T12:46:27+00:00","breadcrumb":{"@id":"https:\/\/sarmiento24h.com\/?p=7009#breadcrumb"},"inLanguage":"es","potentialAction":[{"@type":"ReadAction","target":["https:\/\/sarmiento24h.com\/?p=7009"]}]},{"@type":"ImageObject","inLanguage":"es","@id":"https:\/\/sarmiento24h.com\/?p=7009#primaryimage","url":"https:\/\/sarmiento24h.com\/wp-content\/uploads\/2026\/01\/tribunal-seguira-el-20-de-enero-juicio-de-casos-coral-y-coral-5g.jpg","contentUrl":"https:\/\/sarmiento24h.com\/wp-content\/uploads\/2026\/01\/tribunal-seguira-el-20-de-enero-juicio-de-casos-coral-y-coral-5g.jpg","width":1110,"height":847},{"@type":"BreadcrumbList","@id":"https:\/\/sarmiento24h.com\/?p=7009#breadcrumb","itemListElement":[{"@type":"ListItem","position":1,"name":"Home","item":"https:\/\/sarmiento24h.com\/"},{"@type":"ListItem","position":2,"name":"Tribunal seguir\u00e1 el 20 de enero juicio de casos Coral y Coral 5G"}]},{"@type":"WebSite","@id":"https:\/\/sarmiento24h.com\/#website","url":"https:\/\/sarmiento24h.com\/","name":"Sarmiento24h","description":"","publisher":{"@id":"https:\/\/sarmiento24h.com\/#organization"},"potentialAction":[{"@type":"SearchAction","target":{"@type":"EntryPoint","urlTemplate":"https:\/\/sarmiento24h.com\/?s={search_term_string}"},"query-input":{"@type":"PropertyValueSpecification","valueRequired":true,"valueName":"search_term_string"}}],"inLanguage":"es"},{"@type":"Organization","@id":"https:\/\/sarmiento24h.com\/#organization","name":"Sarmiento24h","url":"https:\/\/sarmiento24h.com\/","logo":{"@type":"ImageObject","inLanguage":"es","@id":"https:\/\/sarmiento24h.com\/#\/schema\/logo\/image\/","url":"https:\/\/sarmiento24h.com\/wp-content\/uploads\/2025\/12\/AddText_12-16-10.30.52.jpg","contentUrl":"https:\/\/sarmiento24h.com\/wp-content\/uploads\/2025\/12\/AddText_12-16-10.30.52.jpg","width":1220,"height":324,"caption":"Sarmiento24h"},"image":{"@id":"https:\/\/sarmiento24h.com\/#\/schema\/logo\/image\/"},"sameAs":["https:\/\/facebook.com\/s24hnoticias","https:\/\/x.com\/sarmiento24h"]},{"@type":"Person","@id":"https:\/\/sarmiento24h.com\/#\/schema\/person\/d653a59725ad629a7e0429af7b939d4d","name":"sarmiento24h@gmail.com","image":{"@type":"ImageObject","inLanguage":"es","@id":"https:\/\/sarmiento24h.com\/wp-content\/litespeed\/avatar\/d02cbc4e23c747e6659cd45907173c8f.jpg?ver=1777157796","url":"https:\/\/sarmiento24h.com\/wp-content\/litespeed\/avatar\/d02cbc4e23c747e6659cd45907173c8f.jpg?ver=1777157796","contentUrl":"https:\/\/sarmiento24h.com\/wp-content\/litespeed\/avatar\/d02cbc4e23c747e6659cd45907173c8f.jpg?ver=1777157796","caption":"sarmiento24h@gmail.com"},"sameAs":["https:\/\/sarmiento24h.com"],"url":"https:\/\/sarmiento24h.com\/?author=1"}]}},"jetpack_publicize_connections":[],"jetpack_featured_media_url":"https:\/\/sarmiento24h.com\/wp-content\/uploads\/2026\/01\/tribunal-seguira-el-20-de-enero-juicio-de-casos-coral-y-coral-5g.jpg","jetpack_sharing_enabled":true,"_links":{"self":[{"href":"https:\/\/sarmiento24h.com\/index.php?rest_route=\/wp\/v2\/posts\/7009","targetHints":{"allow":["GET"]}}],"collection":[{"href":"https:\/\/sarmiento24h.com\/index.php?rest_route=\/wp\/v2\/posts"}],"about":[{"href":"https:\/\/sarmiento24h.com\/index.php?rest_route=\/wp\/v2\/types\/post"}],"author":[{"embeddable":true,"href":"https:\/\/sarmiento24h.com\/index.php?rest_route=\/wp\/v2\/users\/1"}],"replies":[{"embeddable":true,"href":"https:\/\/sarmiento24h.com\/index.php?rest_route=%2Fwp%2Fv2%2Fcomments&post=7009"}],"version-history":[{"count":0,"href":"https:\/\/sarmiento24h.com\/index.php?rest_route=\/wp\/v2\/posts\/7009\/revisions"}],"wp:featuredmedia":[{"embeddable":true,"href":"https:\/\/sarmiento24h.com\/index.php?rest_route=\/wp\/v2\/media\/7010"}],"wp:attachment":[{"href":"https:\/\/sarmiento24h.com\/index.php?rest_route=%2Fwp%2Fv2%2Fmedia&parent=7009"}],"wp:term":[{"taxonomy":"category","embeddable":true,"href":"https:\/\/sarmiento24h.com\/index.php?rest_route=%2Fwp%2Fv2%2Fcategories&post=7009"},{"taxonomy":"post_tag","embeddable":true,"href":"https:\/\/sarmiento24h.com\/index.php?rest_route=%2Fwp%2Fv2%2Ftags&post=7009"}],"curies":[{"name":"wp","href":"https:\/\/api.w.org\/{rel}","templated":true}]}}