{"id":7059,"date":"2026-01-15T01:43:20","date_gmt":"2026-01-15T01:43:20","guid":{"rendered":"http:\/\/almomento.net\/?p=1092018"},"modified":"2026-01-15T01:43:20","modified_gmt":"2026-01-15T01:43:20","slug":"imponen-15-anos-de-prision-a-hombre-que-violo-una-menor","status":"publish","type":"post","link":"https:\/\/sarmiento24h.com\/?p=7059","title":{"rendered":"Imponen 15 a\u00f1os de prisi\u00f3n a hombre que\u00a0viol\u00f3 una menor"},"content":{"rendered":"<p><!-- .entry-header --> <\/p>\n<div class=\"img_center\"> <a href=\"https:\/\/almomento.net\/wp-content\/uploads\/2024\/01\/tribunal-e1766002337808.jpg\" alt=\"Imponen 15 a\u00f1os de prisi\u00f3n a hombre que&nbsp;viol\u00f3 una menor\" title=\"Imponen 15 a\u00f1os de prisi\u00f3n a hombre que&nbsp;viol\u00f3 una menor\" data-toggle=\"lightbox\" class=\"thickbox\"><img decoding=\"async\" src=\"https:\/\/almomento.net\/wp-content\/uploads\/2024\/01\/tribunal-e1766002337808.jpg\" class=\"attachment-post-thumbnail size-post-thumbnail wp-post-image\" alt=\"imagen\" title=\"Imponen 15 a\u00f1os de prisi\u00f3n a hombre que&nbsp;viol\u00f3 una menor\" data-toggle data-title=\"Imponen 15 a\u00f1os de prisi\u00f3n a hombre que&nbsp;viol\u00f3 una menor\"><\/a> <\/div>\n<div class=\"post_author\">\n<ul>\n<li><b>Por <\/b> <a href=\"https:\/\/almomento.net\/author\/efe\/\"> <b> EFE<\/b><\/a><\/li>\n<li>Fecha: 14\/01\/2026 <\/li>\n<li> <\/li>\n<\/ul>\n<\/div>\n<p>Santo Domingo, 14 ene (EFE).- En un nuevo juicio ordenado por la Corte de Apelaci\u00f3n de Santiago, el Cuarto Tribunal Colegiado de esa provincia conden\u00f3 a 15 a\u00f1os de prisi\u00f3n a un hombre procesado por el Ministerio P\u00fablico por la violaci\u00f3n de una adolescente de 13 a\u00f1os.<\/p>\n<div id>\n<div readability=\"28\">\n<div readability=\"51\">\n<p>Los jueces Rub\u00e9n Dar\u00edo Cruz Uceta, Rub\u00e9n Rodr\u00edguez y Jasm\u00edn de los Santos sentenciaron a Francisco Cordero (Francisco Antonio Cordero) contra quien la Fiscal\u00eda de Santiago demostr\u00f3 su responsabilidad penal en la violaci\u00f3n sexual y amenazas de muerte en perjuicio de la adolescente.<\/p>\n<p>El sentenciado hab\u00eda apelado la sentencia de 15 a\u00f1os de prisi\u00f3n y a una multa de RD$200,000 dictada en 2023, raz\u00f3n por la que la corte orden\u00f3 el nuevo juicio, dijo el Ministerio P\u00fablico en una nota distribuida hoy.<\/p>\n<p>La fiscal litigante Jenniffer Rodr\u00edguez detall\u00f3 que el criminal, habiendo atemorizado a la v\u00edctima, vali\u00e9ndose de su minor\u00eda de edad, y aprovechando la confianza que le daban sus progenitores, la viol\u00f3 sexualmente en numerosas ocasiones mientras la madre la dejaba a su cargo.<\/p>\n<p>La v\u00edctima, luego de irse a residir con su padre y madrastra, a otra comunidad del municipio de Santiago, confes\u00f3 la conducta dolosa de la que fue objeto por parte del condenado. Tras la denuncia interpuesta por el progenitor de la v\u00edctima ante la Unidad de Atenci\u00f3n Integral a V\u00edctimas de Violencia de G\u00e9nero, Intrafamiliar y Delitos Sexuales de la Fiscal\u00eda de Santiago, se inici\u00f3 el levantamiento de evidencias.<\/p>\n<p>La adolescente narr\u00f3 los hechos a los representantes del \u00f3rgano persecutor, pese al trauma sufrido, y pudo identificar y llamar por su nombre a su agresor. Vali\u00e9ndose del testimonio coherente de la agraviada, y de las pericias forenses que se practicaron para corroborar su narrativa, la Fiscal\u00eda de Santiago tramit\u00f3 ante el \u00f3rgano judicial competente la orden de arresto contra el acusado.<\/p>\n<p>De acuerdo con el testimonio que se obtuvo de la v\u00edctima menor de edad, a trav\u00e9s del Centro de Entrevistas para Personas en Condiciones de Vulnerabilidad, V\u00edctimas y Testigos de Delitos, el acusado la agred\u00eda y violaba sexualmente desde que ten\u00eda 9 a\u00f1os de edad.<\/p>\n<\/div>\n<p>an\/am<\/p>\n<\/div>\n<\/div>\n<div class=\"heateor_sss_sharing_container heateor_sss_horizontal_sharing\" data-heateor-sss-href=\"https:\/\/almomento.net\/imponen-15-anos-de-prision-a-hombre-que-violo-una-menor\/\" readability=\"7\">\n<p>Comp\u00e1rtelo en tus redes:<\/p>\n<\/div>\n<p> <!-- 468x60 --><br \/>\n<ins class=\"adsbygoogle\" data-ad-client=\"ca-pub-3511341636159665\" data-ad-slot=\"3538255450\"><\/ins> <!-- .entry-content --> <\/p>\n","protected":false},"excerpt":{"rendered":"<p>Por EFE Fecha: 14\/01\/2026 Santo Domingo, 14&#46;&#46;&#46;<\/p>\n","protected":false},"author":1,"featured_media":7060,"comment_status":"closed","ping_status":"closed","sticky":false,"template":"","format":"standard","meta":{"_jetpack_memberships_contains_paid_content":false,"footnotes":"","jetpack_publicize_message":"","jetpack_publicize_feature_enabled":true,"jetpack_social_post_already_shared":false,"jetpack_social_options":{"image_generator_settings":{"template":"highway","default_image_id":0,"font":"","enabled":false},"version":2}},"categories":[69],"tags":[],"class_list":["post-7059","post","type-post","status-publish","format-standard","has-post-thumbnail","hentry","category-portada"],"yoast_head":"<!-- This site is optimized with the Yoast SEO plugin v27.3 - https:\/\/yoast.com\/product\/yoast-seo-wordpress\/ -->\n<title>Imponen 15 a\u00f1os de prisi\u00f3n a hombre que\u00a0viol\u00f3 una menor - Sarmiento24h<\/title>\n<meta name=\"robots\" content=\"index, follow, max-snippet:-1, max-image-preview:large, max-video-preview:-1\" \/>\n<link rel=\"canonical\" href=\"https:\/\/sarmiento24h.com\/?p=7059\" \/>\n<meta property=\"og:locale\" content=\"es_ES\" \/>\n<meta property=\"og:type\" content=\"article\" \/>\n<meta property=\"og:title\" content=\"Imponen 15 a\u00f1os de prisi\u00f3n a hombre que\u00a0viol\u00f3 una menor - Sarmiento24h\" \/>\n<meta property=\"og:description\" content=\"Por EFE Fecha: 14\/01\/2026 Santo Domingo, 14&#046;&#046;&#046;\" \/>\n<meta property=\"og:url\" content=\"https:\/\/sarmiento24h.com\/?p=7059\" \/>\n<meta property=\"og:site_name\" content=\"Sarmiento24h\" \/>\n<meta property=\"article:publisher\" content=\"https:\/\/facebook.com\/s24hnoticias\" \/>\n<meta property=\"article:published_time\" content=\"2026-01-15T01:43:20+00:00\" \/>\n<meta property=\"og:image\" content=\"https:\/\/sarmiento24h.com\/wp-content\/uploads\/2026\/01\/imponen-15-anos-de-prision-a-hombre-que-violo-una-menor.jpg\" \/>\n\t<meta property=\"og:image:width\" content=\"1060\" \/>\n\t<meta property=\"og:image:height\" content=\"675\" \/>\n\t<meta property=\"og:image:type\" content=\"image\/jpeg\" \/>\n<meta name=\"author\" content=\"sarmiento24h@gmail.com\" \/>\n<meta name=\"twitter:card\" content=\"summary_large_image\" \/>\n<meta name=\"twitter:creator\" content=\"@sarmiento24h\" \/>\n<meta name=\"twitter:site\" content=\"@sarmiento24h\" \/>\n<meta name=\"twitter:label1\" content=\"Escrito por\" \/>\n\t<meta name=\"twitter:data1\" content=\"sarmiento24h@gmail.com\" \/>\n\t<meta name=\"twitter:label2\" content=\"Tiempo de lectura\" \/>\n\t<meta name=\"twitter:data2\" content=\"2 minutos\" \/>\n<script type=\"application\/ld+json\" class=\"yoast-schema-graph\">{\"@context\":\"https:\\\/\\\/schema.org\",\"@graph\":[{\"@type\":\"Article\",\"@id\":\"https:\\\/\\\/sarmiento24h.com\\\/?p=7059#article\",\"isPartOf\":{\"@id\":\"https:\\\/\\\/sarmiento24h.com\\\/?p=7059\"},\"author\":{\"name\":\"sarmiento24h@gmail.com\",\"@id\":\"https:\\\/\\\/sarmiento24h.com\\\/#\\\/schema\\\/person\\\/d653a59725ad629a7e0429af7b939d4d\"},\"headline\":\"Imponen 15 a\u00f1os de prisi\u00f3n a hombre que\u00a0viol\u00f3 una menor\",\"datePublished\":\"2026-01-15T01:43:20+00:00\",\"mainEntityOfPage\":{\"@id\":\"https:\\\/\\\/sarmiento24h.com\\\/?p=7059\"},\"wordCount\":401,\"publisher\":{\"@id\":\"https:\\\/\\\/sarmiento24h.com\\\/#organization\"},\"image\":{\"@id\":\"https:\\\/\\\/sarmiento24h.com\\\/?p=7059#primaryimage\"},\"thumbnailUrl\":\"https:\\\/\\\/sarmiento24h.com\\\/wp-content\\\/uploads\\\/2026\\\/01\\\/imponen-15-anos-de-prision-a-hombre-que-violo-una-menor.jpg\",\"articleSection\":[\"Portada\"],\"inLanguage\":\"es\"},{\"@type\":\"WebPage\",\"@id\":\"https:\\\/\\\/sarmiento24h.com\\\/?p=7059\",\"url\":\"https:\\\/\\\/sarmiento24h.com\\\/?p=7059\",\"name\":\"Imponen 15 a\u00f1os de prisi\u00f3n a hombre que\u00a0viol\u00f3 una menor - Sarmiento24h\",\"isPartOf\":{\"@id\":\"https:\\\/\\\/sarmiento24h.com\\\/#website\"},\"primaryImageOfPage\":{\"@id\":\"https:\\\/\\\/sarmiento24h.com\\\/?p=7059#primaryimage\"},\"image\":{\"@id\":\"https:\\\/\\\/sarmiento24h.com\\\/?p=7059#primaryimage\"},\"thumbnailUrl\":\"https:\\\/\\\/sarmiento24h.com\\\/wp-content\\\/uploads\\\/2026\\\/01\\\/imponen-15-anos-de-prision-a-hombre-que-violo-una-menor.jpg\",\"datePublished\":\"2026-01-15T01:43:20+00:00\",\"breadcrumb\":{\"@id\":\"https:\\\/\\\/sarmiento24h.com\\\/?p=7059#breadcrumb\"},\"inLanguage\":\"es\",\"potentialAction\":[{\"@type\":\"ReadAction\",\"target\":[\"https:\\\/\\\/sarmiento24h.com\\\/?p=7059\"]}]},{\"@type\":\"ImageObject\",\"inLanguage\":\"es\",\"@id\":\"https:\\\/\\\/sarmiento24h.com\\\/?p=7059#primaryimage\",\"url\":\"https:\\\/\\\/sarmiento24h.com\\\/wp-content\\\/uploads\\\/2026\\\/01\\\/imponen-15-anos-de-prision-a-hombre-que-violo-una-menor.jpg\",\"contentUrl\":\"https:\\\/\\\/sarmiento24h.com\\\/wp-content\\\/uploads\\\/2026\\\/01\\\/imponen-15-anos-de-prision-a-hombre-que-violo-una-menor.jpg\",\"width\":1060,\"height\":675},{\"@type\":\"BreadcrumbList\",\"@id\":\"https:\\\/\\\/sarmiento24h.com\\\/?p=7059#breadcrumb\",\"itemListElement\":[{\"@type\":\"ListItem\",\"position\":1,\"name\":\"Home\",\"item\":\"https:\\\/\\\/sarmiento24h.com\\\/\"},{\"@type\":\"ListItem\",\"position\":2,\"name\":\"Imponen 15 a\u00f1os de prisi\u00f3n a hombre que\u00a0viol\u00f3 una menor\"}]},{\"@type\":\"WebSite\",\"@id\":\"https:\\\/\\\/sarmiento24h.com\\\/#website\",\"url\":\"https:\\\/\\\/sarmiento24h.com\\\/\",\"name\":\"Sarmiento24h\",\"description\":\"\",\"publisher\":{\"@id\":\"https:\\\/\\\/sarmiento24h.com\\\/#organization\"},\"potentialAction\":[{\"@type\":\"SearchAction\",\"target\":{\"@type\":\"EntryPoint\",\"urlTemplate\":\"https:\\\/\\\/sarmiento24h.com\\\/?s={search_term_string}\"},\"query-input\":{\"@type\":\"PropertyValueSpecification\",\"valueRequired\":true,\"valueName\":\"search_term_string\"}}],\"inLanguage\":\"es\"},{\"@type\":\"Organization\",\"@id\":\"https:\\\/\\\/sarmiento24h.com\\\/#organization\",\"name\":\"Sarmiento24h\",\"url\":\"https:\\\/\\\/sarmiento24h.com\\\/\",\"logo\":{\"@type\":\"ImageObject\",\"inLanguage\":\"es\",\"@id\":\"https:\\\/\\\/sarmiento24h.com\\\/#\\\/schema\\\/logo\\\/image\\\/\",\"url\":\"https:\\\/\\\/sarmiento24h.com\\\/wp-content\\\/uploads\\\/2025\\\/12\\\/AddText_12-16-10.30.52.jpg\",\"contentUrl\":\"https:\\\/\\\/sarmiento24h.com\\\/wp-content\\\/uploads\\\/2025\\\/12\\\/AddText_12-16-10.30.52.jpg\",\"width\":1220,\"height\":324,\"caption\":\"Sarmiento24h\"},\"image\":{\"@id\":\"https:\\\/\\\/sarmiento24h.com\\\/#\\\/schema\\\/logo\\\/image\\\/\"},\"sameAs\":[\"https:\\\/\\\/facebook.com\\\/s24hnoticias\",\"https:\\\/\\\/x.com\\\/sarmiento24h\"]},{\"@type\":\"Person\",\"@id\":\"https:\\\/\\\/sarmiento24h.com\\\/#\\\/schema\\\/person\\\/d653a59725ad629a7e0429af7b939d4d\",\"name\":\"sarmiento24h@gmail.com\",\"image\":{\"@type\":\"ImageObject\",\"inLanguage\":\"es\",\"@id\":\"https:\\\/\\\/sarmiento24h.com\\\/wp-content\\\/litespeed\\\/avatar\\\/d02cbc4e23c747e6659cd45907173c8f.jpg?ver=1777157796\",\"url\":\"https:\\\/\\\/sarmiento24h.com\\\/wp-content\\\/litespeed\\\/avatar\\\/d02cbc4e23c747e6659cd45907173c8f.jpg?ver=1777157796\",\"contentUrl\":\"https:\\\/\\\/sarmiento24h.com\\\/wp-content\\\/litespeed\\\/avatar\\\/d02cbc4e23c747e6659cd45907173c8f.jpg?ver=1777157796\",\"caption\":\"sarmiento24h@gmail.com\"},\"sameAs\":[\"https:\\\/\\\/sarmiento24h.com\"],\"url\":\"https:\\\/\\\/sarmiento24h.com\\\/?author=1\"}]}<\/script>\n<!-- \/ Yoast SEO plugin. -->","yoast_head_json":{"title":"Imponen 15 a\u00f1os de prisi\u00f3n a hombre que\u00a0viol\u00f3 una menor - Sarmiento24h","robots":{"index":"index","follow":"follow","max-snippet":"max-snippet:-1","max-image-preview":"max-image-preview:large","max-video-preview":"max-video-preview:-1"},"canonical":"https:\/\/sarmiento24h.com\/?p=7059","og_locale":"es_ES","og_type":"article","og_title":"Imponen 15 a\u00f1os de prisi\u00f3n a hombre que\u00a0viol\u00f3 una menor - Sarmiento24h","og_description":"Por EFE Fecha: 14\/01\/2026 Santo Domingo, 14&#46;&#46;&#46;","og_url":"https:\/\/sarmiento24h.com\/?p=7059","og_site_name":"Sarmiento24h","article_publisher":"https:\/\/facebook.com\/s24hnoticias","article_published_time":"2026-01-15T01:43:20+00:00","og_image":[{"width":1060,"height":675,"url":"https:\/\/sarmiento24h.com\/wp-content\/uploads\/2026\/01\/imponen-15-anos-de-prision-a-hombre-que-violo-una-menor.jpg","type":"image\/jpeg"}],"author":"sarmiento24h@gmail.com","twitter_card":"summary_large_image","twitter_creator":"@sarmiento24h","twitter_site":"@sarmiento24h","twitter_misc":{"Escrito por":"sarmiento24h@gmail.com","Tiempo de lectura":"2 minutos"},"schema":{"@context":"https:\/\/schema.org","@graph":[{"@type":"Article","@id":"https:\/\/sarmiento24h.com\/?p=7059#article","isPartOf":{"@id":"https:\/\/sarmiento24h.com\/?p=7059"},"author":{"name":"sarmiento24h@gmail.com","@id":"https:\/\/sarmiento24h.com\/#\/schema\/person\/d653a59725ad629a7e0429af7b939d4d"},"headline":"Imponen 15 a\u00f1os de prisi\u00f3n a hombre que\u00a0viol\u00f3 una menor","datePublished":"2026-01-15T01:43:20+00:00","mainEntityOfPage":{"@id":"https:\/\/sarmiento24h.com\/?p=7059"},"wordCount":401,"publisher":{"@id":"https:\/\/sarmiento24h.com\/#organization"},"image":{"@id":"https:\/\/sarmiento24h.com\/?p=7059#primaryimage"},"thumbnailUrl":"https:\/\/sarmiento24h.com\/wp-content\/uploads\/2026\/01\/imponen-15-anos-de-prision-a-hombre-que-violo-una-menor.jpg","articleSection":["Portada"],"inLanguage":"es"},{"@type":"WebPage","@id":"https:\/\/sarmiento24h.com\/?p=7059","url":"https:\/\/sarmiento24h.com\/?p=7059","name":"Imponen 15 a\u00f1os de prisi\u00f3n a hombre que\u00a0viol\u00f3 una menor - Sarmiento24h","isPartOf":{"@id":"https:\/\/sarmiento24h.com\/#website"},"primaryImageOfPage":{"@id":"https:\/\/sarmiento24h.com\/?p=7059#primaryimage"},"image":{"@id":"https:\/\/sarmiento24h.com\/?p=7059#primaryimage"},"thumbnailUrl":"https:\/\/sarmiento24h.com\/wp-content\/uploads\/2026\/01\/imponen-15-anos-de-prision-a-hombre-que-violo-una-menor.jpg","datePublished":"2026-01-15T01:43:20+00:00","breadcrumb":{"@id":"https:\/\/sarmiento24h.com\/?p=7059#breadcrumb"},"inLanguage":"es","potentialAction":[{"@type":"ReadAction","target":["https:\/\/sarmiento24h.com\/?p=7059"]}]},{"@type":"ImageObject","inLanguage":"es","@id":"https:\/\/sarmiento24h.com\/?p=7059#primaryimage","url":"https:\/\/sarmiento24h.com\/wp-content\/uploads\/2026\/01\/imponen-15-anos-de-prision-a-hombre-que-violo-una-menor.jpg","contentUrl":"https:\/\/sarmiento24h.com\/wp-content\/uploads\/2026\/01\/imponen-15-anos-de-prision-a-hombre-que-violo-una-menor.jpg","width":1060,"height":675},{"@type":"BreadcrumbList","@id":"https:\/\/sarmiento24h.com\/?p=7059#breadcrumb","itemListElement":[{"@type":"ListItem","position":1,"name":"Home","item":"https:\/\/sarmiento24h.com\/"},{"@type":"ListItem","position":2,"name":"Imponen 15 a\u00f1os de prisi\u00f3n a hombre que\u00a0viol\u00f3 una menor"}]},{"@type":"WebSite","@id":"https:\/\/sarmiento24h.com\/#website","url":"https:\/\/sarmiento24h.com\/","name":"Sarmiento24h","description":"","publisher":{"@id":"https:\/\/sarmiento24h.com\/#organization"},"potentialAction":[{"@type":"SearchAction","target":{"@type":"EntryPoint","urlTemplate":"https:\/\/sarmiento24h.com\/?s={search_term_string}"},"query-input":{"@type":"PropertyValueSpecification","valueRequired":true,"valueName":"search_term_string"}}],"inLanguage":"es"},{"@type":"Organization","@id":"https:\/\/sarmiento24h.com\/#organization","name":"Sarmiento24h","url":"https:\/\/sarmiento24h.com\/","logo":{"@type":"ImageObject","inLanguage":"es","@id":"https:\/\/sarmiento24h.com\/#\/schema\/logo\/image\/","url":"https:\/\/sarmiento24h.com\/wp-content\/uploads\/2025\/12\/AddText_12-16-10.30.52.jpg","contentUrl":"https:\/\/sarmiento24h.com\/wp-content\/uploads\/2025\/12\/AddText_12-16-10.30.52.jpg","width":1220,"height":324,"caption":"Sarmiento24h"},"image":{"@id":"https:\/\/sarmiento24h.com\/#\/schema\/logo\/image\/"},"sameAs":["https:\/\/facebook.com\/s24hnoticias","https:\/\/x.com\/sarmiento24h"]},{"@type":"Person","@id":"https:\/\/sarmiento24h.com\/#\/schema\/person\/d653a59725ad629a7e0429af7b939d4d","name":"sarmiento24h@gmail.com","image":{"@type":"ImageObject","inLanguage":"es","@id":"https:\/\/sarmiento24h.com\/wp-content\/litespeed\/avatar\/d02cbc4e23c747e6659cd45907173c8f.jpg?ver=1777157796","url":"https:\/\/sarmiento24h.com\/wp-content\/litespeed\/avatar\/d02cbc4e23c747e6659cd45907173c8f.jpg?ver=1777157796","contentUrl":"https:\/\/sarmiento24h.com\/wp-content\/litespeed\/avatar\/d02cbc4e23c747e6659cd45907173c8f.jpg?ver=1777157796","caption":"sarmiento24h@gmail.com"},"sameAs":["https:\/\/sarmiento24h.com"],"url":"https:\/\/sarmiento24h.com\/?author=1"}]}},"jetpack_publicize_connections":[],"jetpack_featured_media_url":"https:\/\/sarmiento24h.com\/wp-content\/uploads\/2026\/01\/imponen-15-anos-de-prision-a-hombre-que-violo-una-menor.jpg","jetpack_sharing_enabled":true,"_links":{"self":[{"href":"https:\/\/sarmiento24h.com\/index.php?rest_route=\/wp\/v2\/posts\/7059","targetHints":{"allow":["GET"]}}],"collection":[{"href":"https:\/\/sarmiento24h.com\/index.php?rest_route=\/wp\/v2\/posts"}],"about":[{"href":"https:\/\/sarmiento24h.com\/index.php?rest_route=\/wp\/v2\/types\/post"}],"author":[{"embeddable":true,"href":"https:\/\/sarmiento24h.com\/index.php?rest_route=\/wp\/v2\/users\/1"}],"replies":[{"embeddable":true,"href":"https:\/\/sarmiento24h.com\/index.php?rest_route=%2Fwp%2Fv2%2Fcomments&post=7059"}],"version-history":[{"count":0,"href":"https:\/\/sarmiento24h.com\/index.php?rest_route=\/wp\/v2\/posts\/7059\/revisions"}],"wp:featuredmedia":[{"embeddable":true,"href":"https:\/\/sarmiento24h.com\/index.php?rest_route=\/wp\/v2\/media\/7060"}],"wp:attachment":[{"href":"https:\/\/sarmiento24h.com\/index.php?rest_route=%2Fwp%2Fv2%2Fmedia&parent=7059"}],"wp:term":[{"taxonomy":"category","embeddable":true,"href":"https:\/\/sarmiento24h.com\/index.php?rest_route=%2Fwp%2Fv2%2Fcategories&post=7059"},{"taxonomy":"post_tag","embeddable":true,"href":"https:\/\/sarmiento24h.com\/index.php?rest_route=%2Fwp%2Fv2%2Ftags&post=7059"}],"curies":[{"name":"wp","href":"https:\/\/api.w.org\/{rel}","templated":true}]}}