{"id":7088,"date":"2026-01-15T04:36:16","date_gmt":"2026-01-15T04:36:16","guid":{"rendered":"http:\/\/almomento.net\/?p=1092125"},"modified":"2026-01-15T04:36:16","modified_gmt":"2026-01-15T04:36:16","slug":"embajada-de-japon-inaugura-exposicion-calendarios-y-trajes","status":"publish","type":"post","link":"https:\/\/sarmiento24h.com\/?p=7088","title":{"rendered":"Embajada de Jap\u00f3n inaugura exposici\u00f3n calendarios y trajes\u00a0"},"content":{"rendered":"<p><strong>SANTO DOMINGO.-<\/strong>&nbsp;La Embajada de Jap\u00f3n, en colaboraci\u00f3n con Galer\u00eda 360, inaugur\u00f3 la exposici\u00f3n&nbsp;<em>\u201cCalendario del Jap\u00f3n y trajes tradicionales\u201d<\/em>, disponible hasta el 29 de enero de 2026, durante un acto que reuni\u00f3 a familias y amantes de la cultura nipona.<\/p>\n<p>Las palabras de bienvenida estuvieron a cargo de Mar\u00eda Elena Cruz, en representaci\u00f3n de Galer\u00eda 360, quien destac\u00f3 que esta iniciativa busca acercar al p\u00fablico dominicano a una tradici\u00f3n que forma parte del d\u00eda a d\u00eda en los hogares japoneses. Asimismo, agradeci\u00f3 a la Embajada de Jap\u00f3n por esta colaboraci\u00f3n, \u201cque ya se ha convertido en una tradici\u00f3n para nuestros visitantes, y por elegirnos nuevamente como espacio para compartir su cultura\u201d.<\/p>\n<p>El embajador de Jap\u00f3n, Osamu Hayakawa, al pronunciar el discurso central, resalt\u00f3 que esta exposici\u00f3n \u2013que ya es tradici\u00f3n-, re\u00fane cerca de 80 calendarios con hermosas fotograf\u00edas que retratan la cultura japonesa, sus paisajes, jardines y actividades cotidianas.<\/p>\n<p>Manifest\u00f3 que estos calendarios, junto a los trajes tradicionales, acercan a los visitantes a la vida diaria, los valores y las expresiones culturales de Jap\u00f3n a trav\u00e9s de im\u00e1genes llenas de belleza y significado. \u201cEs una oportunidad para conocer m\u00e1s de Jap\u00f3n desde una mirada cercana y aut\u00e9ntica\u201d, expres\u00f3.<\/p>\n<p>Durante la actividad, el p\u00fablico disfrut\u00f3 de una demostraci\u00f3n de aikido presentada por la Asociaci\u00f3n Tradicional y Cultural de Aikido Aikikai RD, as\u00ed como de una charla sobre bons\u00e1i y suiseki impartida por V\u00edctor Liriano, del Centro Cultural Liriano, y una mini clase de japon\u00e9s a cargo del se\u00f1or Ito Hikaru, agregado cultural de la Embajada de Jap\u00f3n.<\/p>\n<p>La muestra ofrece un recorrido por la esencia del Jap\u00f3n a trav\u00e9s de im\u00e1genes, s\u00edmbolos y expresiones art\u00edsticas que reflejan aspectos profundamente arraigados en la vida cotidiana de su pueblo. Esta permanecer\u00e1 abierta al p\u00fablico hasta el jueves 29 de enero. Durante estos d\u00edas tambi\u00e9n se estar\u00e1n realizando talleres de artes marciales y otras actividades culturales.<\/p>\n<p>of-am<\/p>\n","protected":false},"excerpt":{"rendered":"<p>SANTO DOMINGO.-&nbsp;La Embajada de Jap\u00f3n, en colaboraci\u00f3n&#46;&#46;&#46;<\/p>\n","protected":false},"author":1,"featured_media":0,"comment_status":"closed","ping_status":"closed","sticky":false,"template":"","format":"standard","meta":{"_jetpack_memberships_contains_paid_content":false,"footnotes":"","jetpack_publicize_message":"","jetpack_publicize_feature_enabled":true,"jetpack_social_post_already_shared":false,"jetpack_social_options":{"image_generator_settings":{"template":"highway","default_image_id":0,"font":"","enabled":false},"version":2}},"categories":[45],"tags":[],"class_list":["post-7088","post","type-post","status-publish","format-standard","hentry","category-variedades"],"yoast_head":"<!-- This site is optimized with the Yoast SEO plugin v27.3 - https:\/\/yoast.com\/product\/yoast-seo-wordpress\/ -->\n<title>Embajada de Jap\u00f3n inaugura exposici\u00f3n calendarios y trajes\u00a0 - Sarmiento24h<\/title>\n<meta name=\"robots\" content=\"index, follow, max-snippet:-1, max-image-preview:large, max-video-preview:-1\" \/>\n<link rel=\"canonical\" href=\"https:\/\/sarmiento24h.com\/?p=7088\" \/>\n<meta property=\"og:locale\" content=\"es_ES\" \/>\n<meta property=\"og:type\" content=\"article\" \/>\n<meta property=\"og:title\" content=\"Embajada de Jap\u00f3n inaugura exposici\u00f3n calendarios y trajes\u00a0 - Sarmiento24h\" \/>\n<meta property=\"og:description\" content=\"SANTO DOMINGO.-&nbsp;La Embajada de Jap\u00f3n, en colaboraci\u00f3n&#046;&#046;&#046;\" \/>\n<meta property=\"og:url\" content=\"https:\/\/sarmiento24h.com\/?p=7088\" \/>\n<meta property=\"og:site_name\" content=\"Sarmiento24h\" \/>\n<meta property=\"article:publisher\" content=\"https:\/\/facebook.com\/s24hnoticias\" \/>\n<meta property=\"article:published_time\" content=\"2026-01-15T04:36:16+00:00\" \/>\n<meta name=\"author\" content=\"sarmiento24h@gmail.com\" \/>\n<meta name=\"twitter:card\" content=\"summary_large_image\" \/>\n<meta name=\"twitter:creator\" content=\"@sarmiento24h\" \/>\n<meta name=\"twitter:site\" content=\"@sarmiento24h\" \/>\n<meta name=\"twitter:label1\" content=\"Escrito por\" \/>\n\t<meta name=\"twitter:data1\" content=\"sarmiento24h@gmail.com\" \/>\n\t<meta name=\"twitter:label2\" content=\"Tiempo de lectura\" \/>\n\t<meta name=\"twitter:data2\" content=\"2 minutos\" \/>\n<script type=\"application\/ld+json\" class=\"yoast-schema-graph\">{\"@context\":\"https:\\\/\\\/schema.org\",\"@graph\":[{\"@type\":\"Article\",\"@id\":\"https:\\\/\\\/sarmiento24h.com\\\/?p=7088#article\",\"isPartOf\":{\"@id\":\"https:\\\/\\\/sarmiento24h.com\\\/?p=7088\"},\"author\":{\"name\":\"sarmiento24h@gmail.com\",\"@id\":\"https:\\\/\\\/sarmiento24h.com\\\/#\\\/schema\\\/person\\\/d653a59725ad629a7e0429af7b939d4d\"},\"headline\":\"Embajada de Jap\u00f3n inaugura exposici\u00f3n calendarios y trajes\u00a0\",\"datePublished\":\"2026-01-15T04:36:16+00:00\",\"mainEntityOfPage\":{\"@id\":\"https:\\\/\\\/sarmiento24h.com\\\/?p=7088\"},\"wordCount\":364,\"publisher\":{\"@id\":\"https:\\\/\\\/sarmiento24h.com\\\/#organization\"},\"articleSection\":[\"Variedades\"],\"inLanguage\":\"es\"},{\"@type\":\"WebPage\",\"@id\":\"https:\\\/\\\/sarmiento24h.com\\\/?p=7088\",\"url\":\"https:\\\/\\\/sarmiento24h.com\\\/?p=7088\",\"name\":\"Embajada de Jap\u00f3n inaugura exposici\u00f3n calendarios y trajes\u00a0 - Sarmiento24h\",\"isPartOf\":{\"@id\":\"https:\\\/\\\/sarmiento24h.com\\\/#website\"},\"datePublished\":\"2026-01-15T04:36:16+00:00\",\"breadcrumb\":{\"@id\":\"https:\\\/\\\/sarmiento24h.com\\\/?p=7088#breadcrumb\"},\"inLanguage\":\"es\",\"potentialAction\":[{\"@type\":\"ReadAction\",\"target\":[\"https:\\\/\\\/sarmiento24h.com\\\/?p=7088\"]}]},{\"@type\":\"BreadcrumbList\",\"@id\":\"https:\\\/\\\/sarmiento24h.com\\\/?p=7088#breadcrumb\",\"itemListElement\":[{\"@type\":\"ListItem\",\"position\":1,\"name\":\"Home\",\"item\":\"https:\\\/\\\/sarmiento24h.com\\\/\"},{\"@type\":\"ListItem\",\"position\":2,\"name\":\"Embajada de Jap\u00f3n inaugura exposici\u00f3n calendarios y trajes\u00a0\"}]},{\"@type\":\"WebSite\",\"@id\":\"https:\\\/\\\/sarmiento24h.com\\\/#website\",\"url\":\"https:\\\/\\\/sarmiento24h.com\\\/\",\"name\":\"Sarmiento24h\",\"description\":\"\",\"publisher\":{\"@id\":\"https:\\\/\\\/sarmiento24h.com\\\/#organization\"},\"potentialAction\":[{\"@type\":\"SearchAction\",\"target\":{\"@type\":\"EntryPoint\",\"urlTemplate\":\"https:\\\/\\\/sarmiento24h.com\\\/?s={search_term_string}\"},\"query-input\":{\"@type\":\"PropertyValueSpecification\",\"valueRequired\":true,\"valueName\":\"search_term_string\"}}],\"inLanguage\":\"es\"},{\"@type\":\"Organization\",\"@id\":\"https:\\\/\\\/sarmiento24h.com\\\/#organization\",\"name\":\"Sarmiento24h\",\"url\":\"https:\\\/\\\/sarmiento24h.com\\\/\",\"logo\":{\"@type\":\"ImageObject\",\"inLanguage\":\"es\",\"@id\":\"https:\\\/\\\/sarmiento24h.com\\\/#\\\/schema\\\/logo\\\/image\\\/\",\"url\":\"https:\\\/\\\/sarmiento24h.com\\\/wp-content\\\/uploads\\\/2025\\\/12\\\/AddText_12-16-10.30.52.jpg\",\"contentUrl\":\"https:\\\/\\\/sarmiento24h.com\\\/wp-content\\\/uploads\\\/2025\\\/12\\\/AddText_12-16-10.30.52.jpg\",\"width\":1220,\"height\":324,\"caption\":\"Sarmiento24h\"},\"image\":{\"@id\":\"https:\\\/\\\/sarmiento24h.com\\\/#\\\/schema\\\/logo\\\/image\\\/\"},\"sameAs\":[\"https:\\\/\\\/facebook.com\\\/s24hnoticias\",\"https:\\\/\\\/x.com\\\/sarmiento24h\"]},{\"@type\":\"Person\",\"@id\":\"https:\\\/\\\/sarmiento24h.com\\\/#\\\/schema\\\/person\\\/d653a59725ad629a7e0429af7b939d4d\",\"name\":\"sarmiento24h@gmail.com\",\"image\":{\"@type\":\"ImageObject\",\"inLanguage\":\"es\",\"@id\":\"https:\\\/\\\/sarmiento24h.com\\\/wp-content\\\/litespeed\\\/avatar\\\/d02cbc4e23c747e6659cd45907173c8f.jpg?ver=1777157796\",\"url\":\"https:\\\/\\\/sarmiento24h.com\\\/wp-content\\\/litespeed\\\/avatar\\\/d02cbc4e23c747e6659cd45907173c8f.jpg?ver=1777157796\",\"contentUrl\":\"https:\\\/\\\/sarmiento24h.com\\\/wp-content\\\/litespeed\\\/avatar\\\/d02cbc4e23c747e6659cd45907173c8f.jpg?ver=1777157796\",\"caption\":\"sarmiento24h@gmail.com\"},\"sameAs\":[\"https:\\\/\\\/sarmiento24h.com\"],\"url\":\"https:\\\/\\\/sarmiento24h.com\\\/?author=1\"}]}<\/script>\n<!-- \/ Yoast SEO plugin. -->","yoast_head_json":{"title":"Embajada de Jap\u00f3n inaugura exposici\u00f3n calendarios y trajes\u00a0 - Sarmiento24h","robots":{"index":"index","follow":"follow","max-snippet":"max-snippet:-1","max-image-preview":"max-image-preview:large","max-video-preview":"max-video-preview:-1"},"canonical":"https:\/\/sarmiento24h.com\/?p=7088","og_locale":"es_ES","og_type":"article","og_title":"Embajada de Jap\u00f3n inaugura exposici\u00f3n calendarios y trajes\u00a0 - Sarmiento24h","og_description":"SANTO DOMINGO.-&nbsp;La Embajada de Jap\u00f3n, en colaboraci\u00f3n&#46;&#46;&#46;","og_url":"https:\/\/sarmiento24h.com\/?p=7088","og_site_name":"Sarmiento24h","article_publisher":"https:\/\/facebook.com\/s24hnoticias","article_published_time":"2026-01-15T04:36:16+00:00","author":"sarmiento24h@gmail.com","twitter_card":"summary_large_image","twitter_creator":"@sarmiento24h","twitter_site":"@sarmiento24h","twitter_misc":{"Escrito por":"sarmiento24h@gmail.com","Tiempo de lectura":"2 minutos"},"schema":{"@context":"https:\/\/schema.org","@graph":[{"@type":"Article","@id":"https:\/\/sarmiento24h.com\/?p=7088#article","isPartOf":{"@id":"https:\/\/sarmiento24h.com\/?p=7088"},"author":{"name":"sarmiento24h@gmail.com","@id":"https:\/\/sarmiento24h.com\/#\/schema\/person\/d653a59725ad629a7e0429af7b939d4d"},"headline":"Embajada de Jap\u00f3n inaugura exposici\u00f3n calendarios y trajes\u00a0","datePublished":"2026-01-15T04:36:16+00:00","mainEntityOfPage":{"@id":"https:\/\/sarmiento24h.com\/?p=7088"},"wordCount":364,"publisher":{"@id":"https:\/\/sarmiento24h.com\/#organization"},"articleSection":["Variedades"],"inLanguage":"es"},{"@type":"WebPage","@id":"https:\/\/sarmiento24h.com\/?p=7088","url":"https:\/\/sarmiento24h.com\/?p=7088","name":"Embajada de Jap\u00f3n inaugura exposici\u00f3n calendarios y trajes\u00a0 - Sarmiento24h","isPartOf":{"@id":"https:\/\/sarmiento24h.com\/#website"},"datePublished":"2026-01-15T04:36:16+00:00","breadcrumb":{"@id":"https:\/\/sarmiento24h.com\/?p=7088#breadcrumb"},"inLanguage":"es","potentialAction":[{"@type":"ReadAction","target":["https:\/\/sarmiento24h.com\/?p=7088"]}]},{"@type":"BreadcrumbList","@id":"https:\/\/sarmiento24h.com\/?p=7088#breadcrumb","itemListElement":[{"@type":"ListItem","position":1,"name":"Home","item":"https:\/\/sarmiento24h.com\/"},{"@type":"ListItem","position":2,"name":"Embajada de Jap\u00f3n inaugura exposici\u00f3n calendarios y trajes\u00a0"}]},{"@type":"WebSite","@id":"https:\/\/sarmiento24h.com\/#website","url":"https:\/\/sarmiento24h.com\/","name":"Sarmiento24h","description":"","publisher":{"@id":"https:\/\/sarmiento24h.com\/#organization"},"potentialAction":[{"@type":"SearchAction","target":{"@type":"EntryPoint","urlTemplate":"https:\/\/sarmiento24h.com\/?s={search_term_string}"},"query-input":{"@type":"PropertyValueSpecification","valueRequired":true,"valueName":"search_term_string"}}],"inLanguage":"es"},{"@type":"Organization","@id":"https:\/\/sarmiento24h.com\/#organization","name":"Sarmiento24h","url":"https:\/\/sarmiento24h.com\/","logo":{"@type":"ImageObject","inLanguage":"es","@id":"https:\/\/sarmiento24h.com\/#\/schema\/logo\/image\/","url":"https:\/\/sarmiento24h.com\/wp-content\/uploads\/2025\/12\/AddText_12-16-10.30.52.jpg","contentUrl":"https:\/\/sarmiento24h.com\/wp-content\/uploads\/2025\/12\/AddText_12-16-10.30.52.jpg","width":1220,"height":324,"caption":"Sarmiento24h"},"image":{"@id":"https:\/\/sarmiento24h.com\/#\/schema\/logo\/image\/"},"sameAs":["https:\/\/facebook.com\/s24hnoticias","https:\/\/x.com\/sarmiento24h"]},{"@type":"Person","@id":"https:\/\/sarmiento24h.com\/#\/schema\/person\/d653a59725ad629a7e0429af7b939d4d","name":"sarmiento24h@gmail.com","image":{"@type":"ImageObject","inLanguage":"es","@id":"https:\/\/sarmiento24h.com\/wp-content\/litespeed\/avatar\/d02cbc4e23c747e6659cd45907173c8f.jpg?ver=1777157796","url":"https:\/\/sarmiento24h.com\/wp-content\/litespeed\/avatar\/d02cbc4e23c747e6659cd45907173c8f.jpg?ver=1777157796","contentUrl":"https:\/\/sarmiento24h.com\/wp-content\/litespeed\/avatar\/d02cbc4e23c747e6659cd45907173c8f.jpg?ver=1777157796","caption":"sarmiento24h@gmail.com"},"sameAs":["https:\/\/sarmiento24h.com"],"url":"https:\/\/sarmiento24h.com\/?author=1"}]}},"jetpack_publicize_connections":[],"jetpack_featured_media_url":"","jetpack_sharing_enabled":true,"_links":{"self":[{"href":"https:\/\/sarmiento24h.com\/index.php?rest_route=\/wp\/v2\/posts\/7088","targetHints":{"allow":["GET"]}}],"collection":[{"href":"https:\/\/sarmiento24h.com\/index.php?rest_route=\/wp\/v2\/posts"}],"about":[{"href":"https:\/\/sarmiento24h.com\/index.php?rest_route=\/wp\/v2\/types\/post"}],"author":[{"embeddable":true,"href":"https:\/\/sarmiento24h.com\/index.php?rest_route=\/wp\/v2\/users\/1"}],"replies":[{"embeddable":true,"href":"https:\/\/sarmiento24h.com\/index.php?rest_route=%2Fwp%2Fv2%2Fcomments&post=7088"}],"version-history":[{"count":0,"href":"https:\/\/sarmiento24h.com\/index.php?rest_route=\/wp\/v2\/posts\/7088\/revisions"}],"wp:attachment":[{"href":"https:\/\/sarmiento24h.com\/index.php?rest_route=%2Fwp%2Fv2%2Fmedia&parent=7088"}],"wp:term":[{"taxonomy":"category","embeddable":true,"href":"https:\/\/sarmiento24h.com\/index.php?rest_route=%2Fwp%2Fv2%2Fcategories&post=7088"},{"taxonomy":"post_tag","embeddable":true,"href":"https:\/\/sarmiento24h.com\/index.php?rest_route=%2Fwp%2Fv2%2Ftags&post=7088"}],"curies":[{"name":"wp","href":"https:\/\/api.w.org\/{rel}","templated":true}]}}