{"id":7354,"date":"2026-01-17T11:13:43","date_gmt":"2026-01-17T11:13:43","guid":{"rendered":"http:\/\/almomento.net\/?p=1092597"},"modified":"2026-01-17T11:13:43","modified_gmt":"2026-01-17T11:13:43","slug":"virgen-de-la-altagracia-reina-madre-y-protectora-del-pueblo-dominicano","status":"publish","type":"post","link":"https:\/\/sarmiento24h.com\/?p=7354","title":{"rendered":"Virgen de la Altagracia: reina, madre y protectora del pueblo dominicano"},"content":{"rendered":"<p><!-- .entry-header --> <\/p>\n<div class=\"img_center\" readability=\"7\"> <a href=\"https:\/\/almomento.net\/wp-content\/uploads\/2022\/10\/Leonor-Asilis.jpg\" alt=\"Virgen de la Altagracia: reina, madre y protectora del pueblo dominicano\" title=\"Virgen de la Altagracia: reina, madre y protectora del pueblo dominicano\" data-toggle=\"lightbox\" class=\"thickbox\"><img decoding=\"async\" src=\"https:\/\/almomento.net\/wp-content\/uploads\/2022\/10\/Leonor-Asilis.jpg\" class=\"attachment-post-thumbnail size-post-thumbnail wp-post-image\" alt=\"imagen\" title=\"Virgen de la Altagracia: reina, madre y protectora del pueblo dominicano\" data-toggle data-title=\"Virgen de la Altagracia: reina, madre y protectora del pueblo dominicano\"><\/a><\/p>\n<p>LA AUTORA es mercad\u00f3loga y comunicadora. Reside en Santo Domingo.<\/p>\n<\/p><\/div>\n<p>Se acerca la fiesta de la Reina del Cielo y Madre de todos&nbsp; que tiene el don excelso de&nbsp; unir los corazones de nuestro pueblo. Me refiero por supuesto a la Virgen de la Altagracia, conocida cari\u00f1osamente como&nbsp; nuestra \u00abTatica de Hig\u00fcey\u00bb o \u00abNuestra Se\u00f1ora de la Altagracia\u00bb,&nbsp; protectora espiritual de los dominicanos.<\/p>\n<p>Su bella presencia ha iluminado la historia de nuestra naci\u00f3n desde nuestros inicios. A medida que se acerca su fiesta el 21 de enero, un d\u00eda de j\u00fabilo nacional, es m\u00e1s que oportuno rendirle homenaje a trav\u00e9s de estas breves l\u00edneas, recordando sus or\u00edgenes, su difusi\u00f3n, y sobretodo la rica simbolog\u00eda teol\u00f3gica de su imagen.<\/p>\n<p>Esta devoci\u00f3n tiene sus ra\u00edces en los albores de la evangelizaci\u00f3n del Nuevo Mundo, convirti\u00e9ndose en un faro de fe no s\u00f3lo en nuestra tierra sino m\u00e1s all\u00e1 de nuestras fronteras.<\/p>\n<p>Seg\u00fan documentos hist\u00f3ricos y tradiciones orales preservadas en obras como el libro \u00abDonde Floreci\u00f3 el Naranjo\u00bb de Monse\u00f1or Juan Pep\u00e9n, la imagen lleg\u00f3 a estas tierras alrededor del a\u00f1o 1500, tra\u00edda por los hermanos Alonso y Antonio Trejo, provenientes de Espa\u00f1a.<\/p>\n<p>La obra, un \u00f3leo sobre tela de la escuela espa\u00f1ola primitiva,&nbsp; representa una escena de la Natividad, con la Virgen Mar\u00eda en el centro, velando por el Ni\u00f1o Jes\u00fas.<\/p>\n<p>Sin embargo, la devoci\u00f3n no se limit\u00f3 a un mero traslado de una imagen; floreci\u00f3 a trav\u00e9s del cobijo de un naranjo (ese sagrado lugar permanece accesible a los devotos en la Parroquia San Dionisio, primera iglesia donde se vener\u00f3 su imagen.<\/p>\n<p>Seg\u00fan la tradici\u00f3n hist\u00f3rica todo empez\u00f3 cuando la m\u00e1s joven hija de uno de los Trejo, conocida como \u00abLa Ni\u00f1a de Trejo\u00bb&nbsp; tuvo un sue\u00f1o donde la Virgen se le apareci\u00f3 y le pidi\u00f3 que solicitara a su padre una imagen de Nuestra Se\u00f1ora de la Altagracia durante su viaje a Santo Domingo. El padre, desconcertado por la petici\u00f3n ya que desconoc\u00eda tal advocaci\u00f3n, busc\u00f3 en vano en la capital.<\/p>\n<p>De regreso, pernoct\u00f3 en una posada (en Hato Mayor en un lugar conocido como Hoyoncito, donde se le ha construido recientemente un templo fruto de la celebraci\u00f3n del centenario del Jubileo Altagraciano por conmemorarse los cien a\u00f1os de su coronaci\u00f3n can\u00f3nica como protectora del pueblo dominicano) donde un anciano misterioso, al o\u00edr su relato, desenroll\u00f3 la pintura y se la obsequi\u00f3.<\/p>\n<p><a href=\"https:\/\/almomento.net\/wp-content\/uploads\/2026\/01\/image-3.jpg\"><img loading=\"lazy\" decoding=\"async\" class=\"wp-image-1092600 alignleft\" src=\"https:\/\/almomento.net\/wp-content\/uploads\/2026\/01\/image-3.jpg\" alt width=\"379\" height=\"506\" srcset=\"https:\/\/almomento.net\/wp-content\/uploads\/2026\/01\/image-3.jpg 768w, https:\/\/almomento.net\/wp-content\/uploads\/2026\/01\/image-3-225x300.jpg 225w, https:\/\/almomento.net\/wp-content\/uploads\/2026\/01\/image-3-767x1024.jpg 767w, https:\/\/almomento.net\/wp-content\/uploads\/2026\/01\/image-3-71x95.jpg 71w, https:\/\/almomento.net\/wp-content\/uploads\/2026\/01\/image-3-187x250.jpg 187w, https:\/\/almomento.net\/wp-content\/uploads\/2026\/01\/image-3-165x220.jpg 165w\" sizes=\"auto, (max-width: 379px) 100vw, 379px\"><\/a>Al llegar a casa, la ni\u00f1a se emocion\u00f3 confirmando que era la Virgen de su sue\u00f1\u00f3. La familia coloc\u00f3 la imagen en su oratorio, pero al d\u00eda siguiente desapareci\u00f3 milagrosamente, reapareciendo en un naranjo cercano. Este prodigio se repiti\u00f3 varias veces, interpretado como una se\u00f1al divina de que la Virgen deseaba ser venerada en ese sitio. All\u00ed se construy\u00f3 el primer santuario en Hig\u00fcey. (Parroquia San Dionisio)<\/p>\n<p>La difusi\u00f3n de esta devoci\u00f3n fue impulsada por los milagros atribuidos a la mediaci\u00f3n de la Virgen, que fortalecieron la fe de los pobladores. Uno de los m\u00e1s emblem\u00e1ticos ocurri\u00f3 en 1691, durante la Batalla de La Limonade, donde militares dominicanos, en desventaja num\u00e9rica frente a las fuerzas francesas, invocaron su protecci\u00f3n y obtuvieron una victoria inesperada. Desde entonces, el fervor se extendi\u00f3 r\u00e1pidamente.<\/p>\n<p>La devoci\u00f3n se institucionaliz\u00f3 estableci\u00e9ndose el 21 de enero como fiesta religiosa. En 1922, durante el pontificado de P\u00edo XI, la imagen fue coronada can\u00f3nicamente, y en 1927, el Congreso dominicano la proclam\u00f3 fiesta nacional no laborable.<\/p>\n<p>El papa San Juan Pablo II, en su primera visita a Santo Domingo en 1979, la coron\u00f3 nuevamente con una tiara de oro y plata, consolidando su rol como \u00abReina y Protectora de los Corazones Dominicanos\u00bb.<\/p>\n<p>Hoy, la devoci\u00f3n se ha extendido con la di\u00e1spora dominicana, en importantes ciudades del mundo entre las que se destaca Nueva York.<\/p>\n<p>Un importante dato del gran fervor Altagraciano es que la Bas\u00edlica Catedral Nuestra Se\u00f1ora de la Altagracia en Hig\u00fcey, inaugurada en 1971, recibe anualmente a m\u00e1s de 800,000 peregrinos, convirti\u00e9ndose en un epicentro de fe.<\/p>\n<p>Su imagen es un icono teol\u00f3gico, ya que representa la escena de la Natividad, con Mar\u00eda como figura central, inclinada tiernamente en actitud contemplativa y de devoci\u00f3n hacia el Ni\u00f1o Jes\u00fas en el pesebre, mientras San Jos\u00e9 observa protectoramente desde el fondo.<\/p>\n<p>Fij\u00e9mosnos en el manto real,&nbsp; color azul celeste en su condici\u00f3n de Reina, con las estrellas del cielo estampadas, y adem\u00e1s las doce estrellas que coronan su cabeza que representan las tribus de Israel y los doce apostoles,&nbsp; el blanco central reflejando su pureza y el rojo&nbsp; la sangre salv\u00edfica de Cristo.<\/p>\n<p>El Ni\u00f1o Jes\u00fas, desnudo y dormido, encarna la vulnerabilidad humana pero tambi\u00e9n la promesa de resurrecci\u00f3n. San Jos\u00e9, en penumbras, representa la protecci\u00f3n paternal y la humildad silenciosa, sin robar protagonismo a Mar\u00eda y Jes\u00fas. En conjunto, la imagen ense\u00f1a sobre la Encarnaci\u00f3n, la redenci\u00f3n y la intercesi\u00f3n mariana, invitando a los devotos a contemplar la \u00abAlta Gracia\u00bb de Dios manifestada en Mar\u00eda, madre e intercesora que nos gu\u00eda hacia su Hijo.<\/p>\n<p>Sin lugar a dudas la devoci\u00f3n a la Virgen de la Altagracia es el alma misma del pueblo dominicano, un lazo inquebrantable que une tradici\u00f3n, cultura y espiritualidad. En un pa\u00eds marcado por huracanes, terremotos y desaf\u00edos hist\u00f3ricos, Ella es la Reina, Madre y Protectora de todos los dominicanos y la naci\u00f3n. Cada 21 de enero, Hig\u00fcey se transforma en un mar de peregrinos.<\/p>\n<p>Esta devoci\u00f3n no es superficial; es un pilar de identidad nacional. En tiempos de crisis, como la pandemia reciente o las luchas por la independencia, los dominicanos acudimos a Ella:<\/p>\n<p>Oh Virgen de la Altagracia, Madre tierna y Protectora del pueblo dominicano, te consagro y te entrego nueva vez mi vida, mi familia y mi naci\u00f3n.Te agradecemos de coraz\u00f3n por las innumerables gracias que has derramado sobre nosotros. Gracias por tu intercesi\u00f3n en batallas y tormentas, por sanar enfermos y consolar afligidos, por unirnos en fe y esperanza. Bajo tu manto estrellado, has cubierto nuestra naci\u00f3n con amor maternal, gui\u00e1ndonos hacia tu Hijo Jes\u00fas. Que tu Alta Gracia siga iluminando nuestros caminos. Am\u00e9n.<\/p>\n<p><i>jpm-am<\/i><\/p>\n<div class=\"heateor_sss_sharing_container heateor_sss_horizontal_sharing\" data-heateor-sss-href=\"https:\/\/almomento.net\/virgen-de-la-altagracia-reina-madre-y-protectora-del-pueblo-dominicano\/\" readability=\"7\">\n<p>Comp\u00e1rtelo en tus redes:<\/p>\n<\/div>\n<p> <!-- 468x60 --><br \/>\n<ins class=\"adsbygoogle\" data-ad-client=\"ca-pub-3511341636159665\" data-ad-slot=\"3538255450\"><\/ins> <!-- .entry-content --> <\/p>\n","protected":false},"excerpt":{"rendered":"<p>LA AUTORA es mercad\u00f3loga y comunicadora. Reside&#46;&#46;&#46;<\/p>\n","protected":false},"author":1,"featured_media":7355,"comment_status":"closed","ping_status":"closed","sticky":false,"template":"","format":"standard","meta":{"_jetpack_memberships_contains_paid_content":false,"footnotes":"","jetpack_publicize_message":"","jetpack_publicize_feature_enabled":true,"jetpack_social_post_already_shared":false,"jetpack_social_options":{"image_generator_settings":{"template":"highway","default_image_id":0,"font":"","enabled":false},"version":2}},"categories":[45],"tags":[],"class_list":["post-7354","post","type-post","status-publish","format-standard","has-post-thumbnail","hentry","category-variedades"],"yoast_head":"<!-- This site is optimized with the Yoast SEO plugin v27.3 - https:\/\/yoast.com\/product\/yoast-seo-wordpress\/ -->\n<title>Virgen de la Altagracia: reina, madre y protectora del pueblo dominicano - Sarmiento24h<\/title>\n<meta name=\"robots\" content=\"index, follow, max-snippet:-1, max-image-preview:large, max-video-preview:-1\" \/>\n<link rel=\"canonical\" href=\"https:\/\/sarmiento24h.com\/?p=7354\" \/>\n<meta property=\"og:locale\" content=\"es_ES\" \/>\n<meta property=\"og:type\" content=\"article\" \/>\n<meta property=\"og:title\" content=\"Virgen de la Altagracia: reina, madre y protectora del pueblo dominicano - Sarmiento24h\" \/>\n<meta property=\"og:description\" content=\"LA AUTORA es mercad\u00f3loga y comunicadora. Reside&#046;&#046;&#046;\" \/>\n<meta property=\"og:url\" content=\"https:\/\/sarmiento24h.com\/?p=7354\" \/>\n<meta property=\"og:site_name\" content=\"Sarmiento24h\" \/>\n<meta property=\"article:publisher\" content=\"https:\/\/facebook.com\/s24hnoticias\" \/>\n<meta property=\"article:published_time\" content=\"2026-01-17T11:13:43+00:00\" \/>\n<meta property=\"og:image\" content=\"https:\/\/sarmiento24h.com\/wp-content\/uploads\/2026\/01\/virgen-de-la-altagracia-reina-madre-y-protectora-del-pueblo-dominicano.jpg\" \/>\n\t<meta property=\"og:image:width\" content=\"449\" \/>\n\t<meta property=\"og:image:height\" content=\"275\" \/>\n\t<meta property=\"og:image:type\" content=\"image\/jpeg\" \/>\n<meta name=\"author\" content=\"sarmiento24h@gmail.com\" \/>\n<meta name=\"twitter:card\" content=\"summary_large_image\" \/>\n<meta name=\"twitter:creator\" content=\"@sarmiento24h\" \/>\n<meta name=\"twitter:site\" content=\"@sarmiento24h\" \/>\n<meta name=\"twitter:label1\" content=\"Escrito por\" \/>\n\t<meta name=\"twitter:data1\" content=\"sarmiento24h@gmail.com\" \/>\n\t<meta name=\"twitter:label2\" content=\"Tiempo de lectura\" \/>\n\t<meta name=\"twitter:data2\" content=\"6 minutos\" \/>\n<script type=\"application\/ld+json\" class=\"yoast-schema-graph\">{\"@context\":\"https:\\\/\\\/schema.org\",\"@graph\":[{\"@type\":\"Article\",\"@id\":\"https:\\\/\\\/sarmiento24h.com\\\/?p=7354#article\",\"isPartOf\":{\"@id\":\"https:\\\/\\\/sarmiento24h.com\\\/?p=7354\"},\"author\":{\"name\":\"sarmiento24h@gmail.com\",\"@id\":\"https:\\\/\\\/sarmiento24h.com\\\/#\\\/schema\\\/person\\\/d653a59725ad629a7e0429af7b939d4d\"},\"headline\":\"Virgen de la Altagracia: reina, madre y protectora del pueblo dominicano\",\"datePublished\":\"2026-01-17T11:13:43+00:00\",\"mainEntityOfPage\":{\"@id\":\"https:\\\/\\\/sarmiento24h.com\\\/?p=7354\"},\"wordCount\":1121,\"publisher\":{\"@id\":\"https:\\\/\\\/sarmiento24h.com\\\/#organization\"},\"image\":{\"@id\":\"https:\\\/\\\/sarmiento24h.com\\\/?p=7354#primaryimage\"},\"thumbnailUrl\":\"https:\\\/\\\/sarmiento24h.com\\\/wp-content\\\/uploads\\\/2026\\\/01\\\/virgen-de-la-altagracia-reina-madre-y-protectora-del-pueblo-dominicano.jpg\",\"articleSection\":[\"Variedades\"],\"inLanguage\":\"es\"},{\"@type\":\"WebPage\",\"@id\":\"https:\\\/\\\/sarmiento24h.com\\\/?p=7354\",\"url\":\"https:\\\/\\\/sarmiento24h.com\\\/?p=7354\",\"name\":\"Virgen de la Altagracia: reina, madre y protectora del pueblo dominicano - Sarmiento24h\",\"isPartOf\":{\"@id\":\"https:\\\/\\\/sarmiento24h.com\\\/#website\"},\"primaryImageOfPage\":{\"@id\":\"https:\\\/\\\/sarmiento24h.com\\\/?p=7354#primaryimage\"},\"image\":{\"@id\":\"https:\\\/\\\/sarmiento24h.com\\\/?p=7354#primaryimage\"},\"thumbnailUrl\":\"https:\\\/\\\/sarmiento24h.com\\\/wp-content\\\/uploads\\\/2026\\\/01\\\/virgen-de-la-altagracia-reina-madre-y-protectora-del-pueblo-dominicano.jpg\",\"datePublished\":\"2026-01-17T11:13:43+00:00\",\"breadcrumb\":{\"@id\":\"https:\\\/\\\/sarmiento24h.com\\\/?p=7354#breadcrumb\"},\"inLanguage\":\"es\",\"potentialAction\":[{\"@type\":\"ReadAction\",\"target\":[\"https:\\\/\\\/sarmiento24h.com\\\/?p=7354\"]}]},{\"@type\":\"ImageObject\",\"inLanguage\":\"es\",\"@id\":\"https:\\\/\\\/sarmiento24h.com\\\/?p=7354#primaryimage\",\"url\":\"https:\\\/\\\/sarmiento24h.com\\\/wp-content\\\/uploads\\\/2026\\\/01\\\/virgen-de-la-altagracia-reina-madre-y-protectora-del-pueblo-dominicano.jpg\",\"contentUrl\":\"https:\\\/\\\/sarmiento24h.com\\\/wp-content\\\/uploads\\\/2026\\\/01\\\/virgen-de-la-altagracia-reina-madre-y-protectora-del-pueblo-dominicano.jpg\",\"width\":449,\"height\":275},{\"@type\":\"BreadcrumbList\",\"@id\":\"https:\\\/\\\/sarmiento24h.com\\\/?p=7354#breadcrumb\",\"itemListElement\":[{\"@type\":\"ListItem\",\"position\":1,\"name\":\"Home\",\"item\":\"https:\\\/\\\/sarmiento24h.com\\\/\"},{\"@type\":\"ListItem\",\"position\":2,\"name\":\"Virgen de la Altagracia: reina, madre y protectora del pueblo dominicano\"}]},{\"@type\":\"WebSite\",\"@id\":\"https:\\\/\\\/sarmiento24h.com\\\/#website\",\"url\":\"https:\\\/\\\/sarmiento24h.com\\\/\",\"name\":\"Sarmiento24h\",\"description\":\"\",\"publisher\":{\"@id\":\"https:\\\/\\\/sarmiento24h.com\\\/#organization\"},\"potentialAction\":[{\"@type\":\"SearchAction\",\"target\":{\"@type\":\"EntryPoint\",\"urlTemplate\":\"https:\\\/\\\/sarmiento24h.com\\\/?s={search_term_string}\"},\"query-input\":{\"@type\":\"PropertyValueSpecification\",\"valueRequired\":true,\"valueName\":\"search_term_string\"}}],\"inLanguage\":\"es\"},{\"@type\":\"Organization\",\"@id\":\"https:\\\/\\\/sarmiento24h.com\\\/#organization\",\"name\":\"Sarmiento24h\",\"url\":\"https:\\\/\\\/sarmiento24h.com\\\/\",\"logo\":{\"@type\":\"ImageObject\",\"inLanguage\":\"es\",\"@id\":\"https:\\\/\\\/sarmiento24h.com\\\/#\\\/schema\\\/logo\\\/image\\\/\",\"url\":\"https:\\\/\\\/sarmiento24h.com\\\/wp-content\\\/uploads\\\/2025\\\/12\\\/AddText_12-16-10.30.52.jpg\",\"contentUrl\":\"https:\\\/\\\/sarmiento24h.com\\\/wp-content\\\/uploads\\\/2025\\\/12\\\/AddText_12-16-10.30.52.jpg\",\"width\":1220,\"height\":324,\"caption\":\"Sarmiento24h\"},\"image\":{\"@id\":\"https:\\\/\\\/sarmiento24h.com\\\/#\\\/schema\\\/logo\\\/image\\\/\"},\"sameAs\":[\"https:\\\/\\\/facebook.com\\\/s24hnoticias\",\"https:\\\/\\\/x.com\\\/sarmiento24h\"]},{\"@type\":\"Person\",\"@id\":\"https:\\\/\\\/sarmiento24h.com\\\/#\\\/schema\\\/person\\\/d653a59725ad629a7e0429af7b939d4d\",\"name\":\"sarmiento24h@gmail.com\",\"image\":{\"@type\":\"ImageObject\",\"inLanguage\":\"es\",\"@id\":\"https:\\\/\\\/sarmiento24h.com\\\/wp-content\\\/litespeed\\\/avatar\\\/d02cbc4e23c747e6659cd45907173c8f.jpg?ver=1777157796\",\"url\":\"https:\\\/\\\/sarmiento24h.com\\\/wp-content\\\/litespeed\\\/avatar\\\/d02cbc4e23c747e6659cd45907173c8f.jpg?ver=1777157796\",\"contentUrl\":\"https:\\\/\\\/sarmiento24h.com\\\/wp-content\\\/litespeed\\\/avatar\\\/d02cbc4e23c747e6659cd45907173c8f.jpg?ver=1777157796\",\"caption\":\"sarmiento24h@gmail.com\"},\"sameAs\":[\"https:\\\/\\\/sarmiento24h.com\"],\"url\":\"https:\\\/\\\/sarmiento24h.com\\\/?author=1\"}]}<\/script>\n<!-- \/ Yoast SEO plugin. -->","yoast_head_json":{"title":"Virgen de la Altagracia: reina, madre y protectora del pueblo dominicano - Sarmiento24h","robots":{"index":"index","follow":"follow","max-snippet":"max-snippet:-1","max-image-preview":"max-image-preview:large","max-video-preview":"max-video-preview:-1"},"canonical":"https:\/\/sarmiento24h.com\/?p=7354","og_locale":"es_ES","og_type":"article","og_title":"Virgen de la Altagracia: reina, madre y protectora del pueblo dominicano - Sarmiento24h","og_description":"LA AUTORA es mercad\u00f3loga y comunicadora. Reside&#46;&#46;&#46;","og_url":"https:\/\/sarmiento24h.com\/?p=7354","og_site_name":"Sarmiento24h","article_publisher":"https:\/\/facebook.com\/s24hnoticias","article_published_time":"2026-01-17T11:13:43+00:00","og_image":[{"width":449,"height":275,"url":"https:\/\/sarmiento24h.com\/wp-content\/uploads\/2026\/01\/virgen-de-la-altagracia-reina-madre-y-protectora-del-pueblo-dominicano.jpg","type":"image\/jpeg"}],"author":"sarmiento24h@gmail.com","twitter_card":"summary_large_image","twitter_creator":"@sarmiento24h","twitter_site":"@sarmiento24h","twitter_misc":{"Escrito por":"sarmiento24h@gmail.com","Tiempo de lectura":"6 minutos"},"schema":{"@context":"https:\/\/schema.org","@graph":[{"@type":"Article","@id":"https:\/\/sarmiento24h.com\/?p=7354#article","isPartOf":{"@id":"https:\/\/sarmiento24h.com\/?p=7354"},"author":{"name":"sarmiento24h@gmail.com","@id":"https:\/\/sarmiento24h.com\/#\/schema\/person\/d653a59725ad629a7e0429af7b939d4d"},"headline":"Virgen de la Altagracia: reina, madre y protectora del pueblo dominicano","datePublished":"2026-01-17T11:13:43+00:00","mainEntityOfPage":{"@id":"https:\/\/sarmiento24h.com\/?p=7354"},"wordCount":1121,"publisher":{"@id":"https:\/\/sarmiento24h.com\/#organization"},"image":{"@id":"https:\/\/sarmiento24h.com\/?p=7354#primaryimage"},"thumbnailUrl":"https:\/\/sarmiento24h.com\/wp-content\/uploads\/2026\/01\/virgen-de-la-altagracia-reina-madre-y-protectora-del-pueblo-dominicano.jpg","articleSection":["Variedades"],"inLanguage":"es"},{"@type":"WebPage","@id":"https:\/\/sarmiento24h.com\/?p=7354","url":"https:\/\/sarmiento24h.com\/?p=7354","name":"Virgen de la Altagracia: reina, madre y protectora del pueblo dominicano - Sarmiento24h","isPartOf":{"@id":"https:\/\/sarmiento24h.com\/#website"},"primaryImageOfPage":{"@id":"https:\/\/sarmiento24h.com\/?p=7354#primaryimage"},"image":{"@id":"https:\/\/sarmiento24h.com\/?p=7354#primaryimage"},"thumbnailUrl":"https:\/\/sarmiento24h.com\/wp-content\/uploads\/2026\/01\/virgen-de-la-altagracia-reina-madre-y-protectora-del-pueblo-dominicano.jpg","datePublished":"2026-01-17T11:13:43+00:00","breadcrumb":{"@id":"https:\/\/sarmiento24h.com\/?p=7354#breadcrumb"},"inLanguage":"es","potentialAction":[{"@type":"ReadAction","target":["https:\/\/sarmiento24h.com\/?p=7354"]}]},{"@type":"ImageObject","inLanguage":"es","@id":"https:\/\/sarmiento24h.com\/?p=7354#primaryimage","url":"https:\/\/sarmiento24h.com\/wp-content\/uploads\/2026\/01\/virgen-de-la-altagracia-reina-madre-y-protectora-del-pueblo-dominicano.jpg","contentUrl":"https:\/\/sarmiento24h.com\/wp-content\/uploads\/2026\/01\/virgen-de-la-altagracia-reina-madre-y-protectora-del-pueblo-dominicano.jpg","width":449,"height":275},{"@type":"BreadcrumbList","@id":"https:\/\/sarmiento24h.com\/?p=7354#breadcrumb","itemListElement":[{"@type":"ListItem","position":1,"name":"Home","item":"https:\/\/sarmiento24h.com\/"},{"@type":"ListItem","position":2,"name":"Virgen de la Altagracia: reina, madre y protectora del pueblo dominicano"}]},{"@type":"WebSite","@id":"https:\/\/sarmiento24h.com\/#website","url":"https:\/\/sarmiento24h.com\/","name":"Sarmiento24h","description":"","publisher":{"@id":"https:\/\/sarmiento24h.com\/#organization"},"potentialAction":[{"@type":"SearchAction","target":{"@type":"EntryPoint","urlTemplate":"https:\/\/sarmiento24h.com\/?s={search_term_string}"},"query-input":{"@type":"PropertyValueSpecification","valueRequired":true,"valueName":"search_term_string"}}],"inLanguage":"es"},{"@type":"Organization","@id":"https:\/\/sarmiento24h.com\/#organization","name":"Sarmiento24h","url":"https:\/\/sarmiento24h.com\/","logo":{"@type":"ImageObject","inLanguage":"es","@id":"https:\/\/sarmiento24h.com\/#\/schema\/logo\/image\/","url":"https:\/\/sarmiento24h.com\/wp-content\/uploads\/2025\/12\/AddText_12-16-10.30.52.jpg","contentUrl":"https:\/\/sarmiento24h.com\/wp-content\/uploads\/2025\/12\/AddText_12-16-10.30.52.jpg","width":1220,"height":324,"caption":"Sarmiento24h"},"image":{"@id":"https:\/\/sarmiento24h.com\/#\/schema\/logo\/image\/"},"sameAs":["https:\/\/facebook.com\/s24hnoticias","https:\/\/x.com\/sarmiento24h"]},{"@type":"Person","@id":"https:\/\/sarmiento24h.com\/#\/schema\/person\/d653a59725ad629a7e0429af7b939d4d","name":"sarmiento24h@gmail.com","image":{"@type":"ImageObject","inLanguage":"es","@id":"https:\/\/sarmiento24h.com\/wp-content\/litespeed\/avatar\/d02cbc4e23c747e6659cd45907173c8f.jpg?ver=1777157796","url":"https:\/\/sarmiento24h.com\/wp-content\/litespeed\/avatar\/d02cbc4e23c747e6659cd45907173c8f.jpg?ver=1777157796","contentUrl":"https:\/\/sarmiento24h.com\/wp-content\/litespeed\/avatar\/d02cbc4e23c747e6659cd45907173c8f.jpg?ver=1777157796","caption":"sarmiento24h@gmail.com"},"sameAs":["https:\/\/sarmiento24h.com"],"url":"https:\/\/sarmiento24h.com\/?author=1"}]}},"jetpack_publicize_connections":[],"jetpack_featured_media_url":"https:\/\/sarmiento24h.com\/wp-content\/uploads\/2026\/01\/virgen-de-la-altagracia-reina-madre-y-protectora-del-pueblo-dominicano.jpg","jetpack_sharing_enabled":true,"_links":{"self":[{"href":"https:\/\/sarmiento24h.com\/index.php?rest_route=\/wp\/v2\/posts\/7354","targetHints":{"allow":["GET"]}}],"collection":[{"href":"https:\/\/sarmiento24h.com\/index.php?rest_route=\/wp\/v2\/posts"}],"about":[{"href":"https:\/\/sarmiento24h.com\/index.php?rest_route=\/wp\/v2\/types\/post"}],"author":[{"embeddable":true,"href":"https:\/\/sarmiento24h.com\/index.php?rest_route=\/wp\/v2\/users\/1"}],"replies":[{"embeddable":true,"href":"https:\/\/sarmiento24h.com\/index.php?rest_route=%2Fwp%2Fv2%2Fcomments&post=7354"}],"version-history":[{"count":0,"href":"https:\/\/sarmiento24h.com\/index.php?rest_route=\/wp\/v2\/posts\/7354\/revisions"}],"wp:featuredmedia":[{"embeddable":true,"href":"https:\/\/sarmiento24h.com\/index.php?rest_route=\/wp\/v2\/media\/7355"}],"wp:attachment":[{"href":"https:\/\/sarmiento24h.com\/index.php?rest_route=%2Fwp%2Fv2%2Fmedia&parent=7354"}],"wp:term":[{"taxonomy":"category","embeddable":true,"href":"https:\/\/sarmiento24h.com\/index.php?rest_route=%2Fwp%2Fv2%2Fcategories&post=7354"},{"taxonomy":"post_tag","embeddable":true,"href":"https:\/\/sarmiento24h.com\/index.php?rest_route=%2Fwp%2Fv2%2Ftags&post=7354"}],"curies":[{"name":"wp","href":"https:\/\/api.w.org\/{rel}","templated":true}]}}