{"id":7391,"date":"2026-01-17T18:16:21","date_gmt":"2026-01-17T18:16:21","guid":{"rendered":"http:\/\/almomento.net\/?p=1092698"},"modified":"2026-01-17T18:16:21","modified_gmt":"2026-01-17T18:16:21","slug":"empresarios-creen-abinader-carece-de-defensores-eficaces","status":"publish","type":"post","link":"https:\/\/sarmiento24h.com\/?p=7391","title":{"rendered":"Empresarios creen Abinader carece de \u00abdefensores eficaces\u00bb"},"content":{"rendered":"<p><!-- .entry-header --> <\/p>\n<div class=\"img_center\"> <a href=\"https:\/\/almomento.net\/wp-content\/uploads\/2025\/11\/Untitled-15.jpg\" alt=\"Empresarios creen Abinader carece de \u00abdefensores eficaces\u00bb\" title=\"Empresarios creen Abinader carece de \u00abdefensores eficaces\u00bb\" data-toggle=\"lightbox\" class=\"thickbox\"><img decoding=\"async\" src=\"https:\/\/almomento.net\/wp-content\/uploads\/2025\/11\/Untitled-15.jpg\" class=\"attachment-post-thumbnail size-post-thumbnail wp-post-image\" alt=\"imagen\" title=\"Empresarios creen Abinader carece de \u00abdefensores eficaces\u00bb\" data-toggle data-title=\"Empresarios creen Abinader carece de \u00abdefensores eficaces\u00bb\"><\/a><\/p>\n<p>Luis Abinader.<\/p>\n<\/p><\/div>\n<div class=\"post_author\">\n<ul>\n<li><b>Por <\/b> <a href=\"https:\/\/almomento.net\/author\/efe\/\"> <b> EFE<\/b><\/a><\/li>\n<li>Fecha: 17\/01\/2026 <\/li>\n<li> <\/li>\n<\/ul>\n<\/div>\n<p>Santo Domingo, 17 ene (EFE).- La Federaci\u00f3n Nacional de Comerciantes y Empresarios de la Rep\u00fablica Dominicana (Fenacerd) y la Confederaci\u00f3n de Comerciantes y Empresarios Mipymes de la Rep\u00fablica Dominicana (Conmipymes) lamentaron este s\u00e1bado la aparente \u00abfalta de asesores o defensores eficaces\u00bb del presidente Luis Abinader en los temas cruciales de comercio y mipymes.<\/p>\n<div id class=\"d-flex flex-column flex-md-row no-gutters\" readability=\"10\">\n<div class=\"col-xl-8 col-md-8 .col-sm-11 col-xs-12 detalleALL\" readability=\"27\">\n<p>Los comerciantes afirmaron, en un comunicado, que se desligan de cualquier movimiento que intente \u00abdesestabilizar\u00bb la imagen del gobierno en el sector comercio y mipymes, y subrayaron que hay sectores interesados en \u00abpescar en r\u00edo revuelto\u00bb y da\u00f1ar la percepci\u00f3n p\u00fablica de la actual administraci\u00f3n.<\/p>\n<div class=\"p-4 m-0 BOX-light \" readability=\"16\"><strong>RESPALDAN REVISION LEY 98-25<\/strong><\/p>\n<p>Respecto a la controversia generada por la Ley 98-25 sobre Gesti\u00f3n Integral y Procesamiento de Residuos S\u00f3lidos, ambas organizaciones ratificaron su postura de estar de acuerdo con una revisi\u00f3n del art\u00edculo 36.<\/p>\n<p>Sin embargo, enfatizaron que en la Rep\u00fablica Dominicana existe un Estado de derecho y mecanismos legales establecidos para corregir y enmendar leyes, los cuales deben ser respetados por todas las partes.<\/p>\n<\/div>\n<p>\n<strong>RECHAZO A PARO GENERAL POR 48 HORAS<\/strong><\/p>\n<div class=\"p-4 m-0 BOX-light \" readability=\"18\">\nEl presidente de la Fenacerd, Jos\u00e9 D\u00edaz, en representaci\u00f3n de ambas entidades, expres\u00f3 su \u00abfirme rechazo\u00bb a las amenazas de un paro general de 48 horas -el cual fue suspendido en menos de 12 horas despu\u00e9s de haber sido anuncio- calificando tales acciones como improcedentes y propias de un liderazgo poco serio.<\/p>\n<p>D\u00edaz abog\u00f3 por el di\u00e1logo y el uso de las v\u00edas institucionales como el camino correcto para resolver las diferencias, en lugar de recurrir a medidas de fuerza que afectan la econom\u00eda y la paz social.<\/p>\n<\/div>\n<p>an\/am<\/p>\n<\/div>\n<\/div>\n<div class=\"heateor_sss_sharing_container heateor_sss_horizontal_sharing\" data-heateor-sss-href=\"https:\/\/almomento.net\/empresarios-creen-abinader-carece-de-defensores-eficaces\/\" readability=\"7\">\n<p>Comp\u00e1rtelo en tus redes:<\/p>\n<\/div>\n<p> <!-- 468x60 --><br \/>\n<ins class=\"adsbygoogle\" data-ad-client=\"ca-pub-3511341636159665\" data-ad-slot=\"3538255450\"><\/ins> <!-- .entry-content --> <\/p>\n","protected":false},"excerpt":{"rendered":"<p>Luis Abinader. Por EFE Fecha: 17\/01\/2026 Santo&#46;&#46;&#46;<\/p>\n","protected":false},"author":1,"featured_media":7392,"comment_status":"closed","ping_status":"closed","sticky":false,"template":"","format":"standard","meta":{"_jetpack_memberships_contains_paid_content":false,"footnotes":"","jetpack_publicize_message":"","jetpack_publicize_feature_enabled":true,"jetpack_social_post_already_shared":false,"jetpack_social_options":{"image_generator_settings":{"template":"highway","default_image_id":0,"font":"","enabled":false},"version":2}},"categories":[69],"tags":[],"class_list":["post-7391","post","type-post","status-publish","format-standard","has-post-thumbnail","hentry","category-portada"],"yoast_head":"<!-- This site is optimized with the Yoast SEO plugin v27.3 - https:\/\/yoast.com\/product\/yoast-seo-wordpress\/ -->\n<title>Empresarios creen Abinader carece de \u00abdefensores eficaces\u00bb - Sarmiento24h<\/title>\n<meta name=\"robots\" content=\"index, follow, max-snippet:-1, max-image-preview:large, max-video-preview:-1\" \/>\n<link rel=\"canonical\" href=\"https:\/\/sarmiento24h.com\/?p=7391\" \/>\n<meta property=\"og:locale\" content=\"es_ES\" \/>\n<meta property=\"og:type\" content=\"article\" \/>\n<meta property=\"og:title\" content=\"Empresarios creen Abinader carece de \u00abdefensores eficaces\u00bb - Sarmiento24h\" \/>\n<meta property=\"og:description\" content=\"Luis Abinader. Por EFE Fecha: 17\/01\/2026 Santo&#046;&#046;&#046;\" \/>\n<meta property=\"og:url\" content=\"https:\/\/sarmiento24h.com\/?p=7391\" \/>\n<meta property=\"og:site_name\" content=\"Sarmiento24h\" \/>\n<meta property=\"article:publisher\" content=\"https:\/\/facebook.com\/s24hnoticias\" \/>\n<meta property=\"article:published_time\" content=\"2026-01-17T18:16:21+00:00\" \/>\n<meta property=\"og:image\" content=\"https:\/\/sarmiento24h.com\/wp-content\/uploads\/2026\/01\/empresarios-creen-abinader-carece-de-defensores-eficaces.jpg\" \/>\n\t<meta property=\"og:image:width\" content=\"841\" \/>\n\t<meta property=\"og:image:height\" content=\"638\" \/>\n\t<meta property=\"og:image:type\" content=\"image\/jpeg\" \/>\n<meta name=\"author\" content=\"sarmiento24h@gmail.com\" \/>\n<meta name=\"twitter:card\" content=\"summary_large_image\" \/>\n<meta name=\"twitter:creator\" content=\"@sarmiento24h\" \/>\n<meta name=\"twitter:site\" content=\"@sarmiento24h\" \/>\n<meta name=\"twitter:label1\" content=\"Escrito por\" \/>\n\t<meta name=\"twitter:data1\" content=\"sarmiento24h@gmail.com\" \/>\n\t<meta name=\"twitter:label2\" content=\"Tiempo de lectura\" \/>\n\t<meta name=\"twitter:data2\" content=\"1 minuto\" \/>\n<script type=\"application\/ld+json\" class=\"yoast-schema-graph\">{\"@context\":\"https:\\\/\\\/schema.org\",\"@graph\":[{\"@type\":\"Article\",\"@id\":\"https:\\\/\\\/sarmiento24h.com\\\/?p=7391#article\",\"isPartOf\":{\"@id\":\"https:\\\/\\\/sarmiento24h.com\\\/?p=7391\"},\"author\":{\"name\":\"sarmiento24h@gmail.com\",\"@id\":\"https:\\\/\\\/sarmiento24h.com\\\/#\\\/schema\\\/person\\\/d653a59725ad629a7e0429af7b939d4d\"},\"headline\":\"Empresarios creen Abinader carece de \u00abdefensores eficaces\u00bb\",\"datePublished\":\"2026-01-17T18:16:21+00:00\",\"mainEntityOfPage\":{\"@id\":\"https:\\\/\\\/sarmiento24h.com\\\/?p=7391\"},\"wordCount\":297,\"publisher\":{\"@id\":\"https:\\\/\\\/sarmiento24h.com\\\/#organization\"},\"image\":{\"@id\":\"https:\\\/\\\/sarmiento24h.com\\\/?p=7391#primaryimage\"},\"thumbnailUrl\":\"https:\\\/\\\/sarmiento24h.com\\\/wp-content\\\/uploads\\\/2026\\\/01\\\/empresarios-creen-abinader-carece-de-defensores-eficaces.jpg\",\"articleSection\":[\"Portada\"],\"inLanguage\":\"es\"},{\"@type\":\"WebPage\",\"@id\":\"https:\\\/\\\/sarmiento24h.com\\\/?p=7391\",\"url\":\"https:\\\/\\\/sarmiento24h.com\\\/?p=7391\",\"name\":\"Empresarios creen Abinader carece de \u00abdefensores eficaces\u00bb - Sarmiento24h\",\"isPartOf\":{\"@id\":\"https:\\\/\\\/sarmiento24h.com\\\/#website\"},\"primaryImageOfPage\":{\"@id\":\"https:\\\/\\\/sarmiento24h.com\\\/?p=7391#primaryimage\"},\"image\":{\"@id\":\"https:\\\/\\\/sarmiento24h.com\\\/?p=7391#primaryimage\"},\"thumbnailUrl\":\"https:\\\/\\\/sarmiento24h.com\\\/wp-content\\\/uploads\\\/2026\\\/01\\\/empresarios-creen-abinader-carece-de-defensores-eficaces.jpg\",\"datePublished\":\"2026-01-17T18:16:21+00:00\",\"breadcrumb\":{\"@id\":\"https:\\\/\\\/sarmiento24h.com\\\/?p=7391#breadcrumb\"},\"inLanguage\":\"es\",\"potentialAction\":[{\"@type\":\"ReadAction\",\"target\":[\"https:\\\/\\\/sarmiento24h.com\\\/?p=7391\"]}]},{\"@type\":\"ImageObject\",\"inLanguage\":\"es\",\"@id\":\"https:\\\/\\\/sarmiento24h.com\\\/?p=7391#primaryimage\",\"url\":\"https:\\\/\\\/sarmiento24h.com\\\/wp-content\\\/uploads\\\/2026\\\/01\\\/empresarios-creen-abinader-carece-de-defensores-eficaces.jpg\",\"contentUrl\":\"https:\\\/\\\/sarmiento24h.com\\\/wp-content\\\/uploads\\\/2026\\\/01\\\/empresarios-creen-abinader-carece-de-defensores-eficaces.jpg\",\"width\":841,\"height\":638},{\"@type\":\"BreadcrumbList\",\"@id\":\"https:\\\/\\\/sarmiento24h.com\\\/?p=7391#breadcrumb\",\"itemListElement\":[{\"@type\":\"ListItem\",\"position\":1,\"name\":\"Home\",\"item\":\"https:\\\/\\\/sarmiento24h.com\\\/\"},{\"@type\":\"ListItem\",\"position\":2,\"name\":\"Empresarios creen Abinader carece de \u00abdefensores eficaces\u00bb\"}]},{\"@type\":\"WebSite\",\"@id\":\"https:\\\/\\\/sarmiento24h.com\\\/#website\",\"url\":\"https:\\\/\\\/sarmiento24h.com\\\/\",\"name\":\"Sarmiento24h\",\"description\":\"\",\"publisher\":{\"@id\":\"https:\\\/\\\/sarmiento24h.com\\\/#organization\"},\"potentialAction\":[{\"@type\":\"SearchAction\",\"target\":{\"@type\":\"EntryPoint\",\"urlTemplate\":\"https:\\\/\\\/sarmiento24h.com\\\/?s={search_term_string}\"},\"query-input\":{\"@type\":\"PropertyValueSpecification\",\"valueRequired\":true,\"valueName\":\"search_term_string\"}}],\"inLanguage\":\"es\"},{\"@type\":\"Organization\",\"@id\":\"https:\\\/\\\/sarmiento24h.com\\\/#organization\",\"name\":\"Sarmiento24h\",\"url\":\"https:\\\/\\\/sarmiento24h.com\\\/\",\"logo\":{\"@type\":\"ImageObject\",\"inLanguage\":\"es\",\"@id\":\"https:\\\/\\\/sarmiento24h.com\\\/#\\\/schema\\\/logo\\\/image\\\/\",\"url\":\"https:\\\/\\\/sarmiento24h.com\\\/wp-content\\\/uploads\\\/2025\\\/12\\\/AddText_12-16-10.30.52.jpg\",\"contentUrl\":\"https:\\\/\\\/sarmiento24h.com\\\/wp-content\\\/uploads\\\/2025\\\/12\\\/AddText_12-16-10.30.52.jpg\",\"width\":1220,\"height\":324,\"caption\":\"Sarmiento24h\"},\"image\":{\"@id\":\"https:\\\/\\\/sarmiento24h.com\\\/#\\\/schema\\\/logo\\\/image\\\/\"},\"sameAs\":[\"https:\\\/\\\/facebook.com\\\/s24hnoticias\",\"https:\\\/\\\/x.com\\\/sarmiento24h\"]},{\"@type\":\"Person\",\"@id\":\"https:\\\/\\\/sarmiento24h.com\\\/#\\\/schema\\\/person\\\/d653a59725ad629a7e0429af7b939d4d\",\"name\":\"sarmiento24h@gmail.com\",\"image\":{\"@type\":\"ImageObject\",\"inLanguage\":\"es\",\"@id\":\"https:\\\/\\\/sarmiento24h.com\\\/wp-content\\\/litespeed\\\/avatar\\\/d02cbc4e23c747e6659cd45907173c8f.jpg?ver=1777157796\",\"url\":\"https:\\\/\\\/sarmiento24h.com\\\/wp-content\\\/litespeed\\\/avatar\\\/d02cbc4e23c747e6659cd45907173c8f.jpg?ver=1777157796\",\"contentUrl\":\"https:\\\/\\\/sarmiento24h.com\\\/wp-content\\\/litespeed\\\/avatar\\\/d02cbc4e23c747e6659cd45907173c8f.jpg?ver=1777157796\",\"caption\":\"sarmiento24h@gmail.com\"},\"sameAs\":[\"https:\\\/\\\/sarmiento24h.com\"],\"url\":\"https:\\\/\\\/sarmiento24h.com\\\/?author=1\"}]}<\/script>\n<!-- \/ Yoast SEO plugin. -->","yoast_head_json":{"title":"Empresarios creen Abinader carece de \u00abdefensores eficaces\u00bb - Sarmiento24h","robots":{"index":"index","follow":"follow","max-snippet":"max-snippet:-1","max-image-preview":"max-image-preview:large","max-video-preview":"max-video-preview:-1"},"canonical":"https:\/\/sarmiento24h.com\/?p=7391","og_locale":"es_ES","og_type":"article","og_title":"Empresarios creen Abinader carece de \u00abdefensores eficaces\u00bb - Sarmiento24h","og_description":"Luis Abinader. Por EFE Fecha: 17\/01\/2026 Santo&#46;&#46;&#46;","og_url":"https:\/\/sarmiento24h.com\/?p=7391","og_site_name":"Sarmiento24h","article_publisher":"https:\/\/facebook.com\/s24hnoticias","article_published_time":"2026-01-17T18:16:21+00:00","og_image":[{"width":841,"height":638,"url":"https:\/\/sarmiento24h.com\/wp-content\/uploads\/2026\/01\/empresarios-creen-abinader-carece-de-defensores-eficaces.jpg","type":"image\/jpeg"}],"author":"sarmiento24h@gmail.com","twitter_card":"summary_large_image","twitter_creator":"@sarmiento24h","twitter_site":"@sarmiento24h","twitter_misc":{"Escrito por":"sarmiento24h@gmail.com","Tiempo de lectura":"1 minuto"},"schema":{"@context":"https:\/\/schema.org","@graph":[{"@type":"Article","@id":"https:\/\/sarmiento24h.com\/?p=7391#article","isPartOf":{"@id":"https:\/\/sarmiento24h.com\/?p=7391"},"author":{"name":"sarmiento24h@gmail.com","@id":"https:\/\/sarmiento24h.com\/#\/schema\/person\/d653a59725ad629a7e0429af7b939d4d"},"headline":"Empresarios creen Abinader carece de \u00abdefensores eficaces\u00bb","datePublished":"2026-01-17T18:16:21+00:00","mainEntityOfPage":{"@id":"https:\/\/sarmiento24h.com\/?p=7391"},"wordCount":297,"publisher":{"@id":"https:\/\/sarmiento24h.com\/#organization"},"image":{"@id":"https:\/\/sarmiento24h.com\/?p=7391#primaryimage"},"thumbnailUrl":"https:\/\/sarmiento24h.com\/wp-content\/uploads\/2026\/01\/empresarios-creen-abinader-carece-de-defensores-eficaces.jpg","articleSection":["Portada"],"inLanguage":"es"},{"@type":"WebPage","@id":"https:\/\/sarmiento24h.com\/?p=7391","url":"https:\/\/sarmiento24h.com\/?p=7391","name":"Empresarios creen Abinader carece de \u00abdefensores eficaces\u00bb - Sarmiento24h","isPartOf":{"@id":"https:\/\/sarmiento24h.com\/#website"},"primaryImageOfPage":{"@id":"https:\/\/sarmiento24h.com\/?p=7391#primaryimage"},"image":{"@id":"https:\/\/sarmiento24h.com\/?p=7391#primaryimage"},"thumbnailUrl":"https:\/\/sarmiento24h.com\/wp-content\/uploads\/2026\/01\/empresarios-creen-abinader-carece-de-defensores-eficaces.jpg","datePublished":"2026-01-17T18:16:21+00:00","breadcrumb":{"@id":"https:\/\/sarmiento24h.com\/?p=7391#breadcrumb"},"inLanguage":"es","potentialAction":[{"@type":"ReadAction","target":["https:\/\/sarmiento24h.com\/?p=7391"]}]},{"@type":"ImageObject","inLanguage":"es","@id":"https:\/\/sarmiento24h.com\/?p=7391#primaryimage","url":"https:\/\/sarmiento24h.com\/wp-content\/uploads\/2026\/01\/empresarios-creen-abinader-carece-de-defensores-eficaces.jpg","contentUrl":"https:\/\/sarmiento24h.com\/wp-content\/uploads\/2026\/01\/empresarios-creen-abinader-carece-de-defensores-eficaces.jpg","width":841,"height":638},{"@type":"BreadcrumbList","@id":"https:\/\/sarmiento24h.com\/?p=7391#breadcrumb","itemListElement":[{"@type":"ListItem","position":1,"name":"Home","item":"https:\/\/sarmiento24h.com\/"},{"@type":"ListItem","position":2,"name":"Empresarios creen Abinader carece de \u00abdefensores eficaces\u00bb"}]},{"@type":"WebSite","@id":"https:\/\/sarmiento24h.com\/#website","url":"https:\/\/sarmiento24h.com\/","name":"Sarmiento24h","description":"","publisher":{"@id":"https:\/\/sarmiento24h.com\/#organization"},"potentialAction":[{"@type":"SearchAction","target":{"@type":"EntryPoint","urlTemplate":"https:\/\/sarmiento24h.com\/?s={search_term_string}"},"query-input":{"@type":"PropertyValueSpecification","valueRequired":true,"valueName":"search_term_string"}}],"inLanguage":"es"},{"@type":"Organization","@id":"https:\/\/sarmiento24h.com\/#organization","name":"Sarmiento24h","url":"https:\/\/sarmiento24h.com\/","logo":{"@type":"ImageObject","inLanguage":"es","@id":"https:\/\/sarmiento24h.com\/#\/schema\/logo\/image\/","url":"https:\/\/sarmiento24h.com\/wp-content\/uploads\/2025\/12\/AddText_12-16-10.30.52.jpg","contentUrl":"https:\/\/sarmiento24h.com\/wp-content\/uploads\/2025\/12\/AddText_12-16-10.30.52.jpg","width":1220,"height":324,"caption":"Sarmiento24h"},"image":{"@id":"https:\/\/sarmiento24h.com\/#\/schema\/logo\/image\/"},"sameAs":["https:\/\/facebook.com\/s24hnoticias","https:\/\/x.com\/sarmiento24h"]},{"@type":"Person","@id":"https:\/\/sarmiento24h.com\/#\/schema\/person\/d653a59725ad629a7e0429af7b939d4d","name":"sarmiento24h@gmail.com","image":{"@type":"ImageObject","inLanguage":"es","@id":"https:\/\/sarmiento24h.com\/wp-content\/litespeed\/avatar\/d02cbc4e23c747e6659cd45907173c8f.jpg?ver=1777157796","url":"https:\/\/sarmiento24h.com\/wp-content\/litespeed\/avatar\/d02cbc4e23c747e6659cd45907173c8f.jpg?ver=1777157796","contentUrl":"https:\/\/sarmiento24h.com\/wp-content\/litespeed\/avatar\/d02cbc4e23c747e6659cd45907173c8f.jpg?ver=1777157796","caption":"sarmiento24h@gmail.com"},"sameAs":["https:\/\/sarmiento24h.com"],"url":"https:\/\/sarmiento24h.com\/?author=1"}]}},"jetpack_publicize_connections":[],"jetpack_featured_media_url":"https:\/\/sarmiento24h.com\/wp-content\/uploads\/2026\/01\/empresarios-creen-abinader-carece-de-defensores-eficaces.jpg","jetpack_sharing_enabled":true,"_links":{"self":[{"href":"https:\/\/sarmiento24h.com\/index.php?rest_route=\/wp\/v2\/posts\/7391","targetHints":{"allow":["GET"]}}],"collection":[{"href":"https:\/\/sarmiento24h.com\/index.php?rest_route=\/wp\/v2\/posts"}],"about":[{"href":"https:\/\/sarmiento24h.com\/index.php?rest_route=\/wp\/v2\/types\/post"}],"author":[{"embeddable":true,"href":"https:\/\/sarmiento24h.com\/index.php?rest_route=\/wp\/v2\/users\/1"}],"replies":[{"embeddable":true,"href":"https:\/\/sarmiento24h.com\/index.php?rest_route=%2Fwp%2Fv2%2Fcomments&post=7391"}],"version-history":[{"count":0,"href":"https:\/\/sarmiento24h.com\/index.php?rest_route=\/wp\/v2\/posts\/7391\/revisions"}],"wp:featuredmedia":[{"embeddable":true,"href":"https:\/\/sarmiento24h.com\/index.php?rest_route=\/wp\/v2\/media\/7392"}],"wp:attachment":[{"href":"https:\/\/sarmiento24h.com\/index.php?rest_route=%2Fwp%2Fv2%2Fmedia&parent=7391"}],"wp:term":[{"taxonomy":"category","embeddable":true,"href":"https:\/\/sarmiento24h.com\/index.php?rest_route=%2Fwp%2Fv2%2Fcategories&post=7391"},{"taxonomy":"post_tag","embeddable":true,"href":"https:\/\/sarmiento24h.com\/index.php?rest_route=%2Fwp%2Fv2%2Ftags&post=7391"}],"curies":[{"name":"wp","href":"https:\/\/api.w.org\/{rel}","templated":true}]}}