{"id":7419,"date":"2026-01-18T05:13:43","date_gmt":"2026-01-18T05:13:43","guid":{"rendered":"http:\/\/almomento.net\/?p=1092794"},"modified":"2026-01-18T05:13:43","modified_gmt":"2026-01-18T05:13:43","slug":"air-france-marca-el-reinicio-de-sus-operaciones-a-punta-cana","status":"publish","type":"post","link":"https:\/\/sarmiento24h.com\/?p=7419","title":{"rendered":"Air France marca el reinicio de sus operaciones a Punta Cana"},"content":{"rendered":"<p><!-- .entry-header --> <\/p>\n<div class=\"img_center\" readability=\"9\"> <a href=\"https:\/\/almomento.net\/wp-content\/uploads\/2026\/01\/Carl-Poirier-Eugenie-Audebert-Giovanni-Rainieri-y-Maristella-Rodriguez.jpg\" alt=\"Air France marca el reinicio de sus operaciones a Punta Cana\" title=\"Air France marca el reinicio de sus operaciones a Punta Cana\" data-toggle=\"lightbox\" class=\"thickbox\"><img decoding=\"async\" src=\"https:\/\/almomento.net\/wp-content\/uploads\/2026\/01\/Carl-Poirier-Eugenie-Audebert-Giovanni-Rainieri-y-Maristella-Rodriguez.jpg\" class=\"attachment-post-thumbnail size-post-thumbnail wp-post-image\" alt=\"imagen\" title=\"Air France marca el reinicio de sus operaciones a Punta Cana\" data-toggle data-title=\"Air France marca el reinicio de sus operaciones a Punta Cana\"><\/a><\/p>\n<p>Carl Poirier, Eug\u00e9nie Audebert, Giovanni Rainieri y Maristella Rodriguez.<\/p>\n<\/p><\/div>\n<p><strong>PUNTA CANA.<\/strong>&nbsp;\u2013&nbsp;Tras el reinicio de su servicio estacional entre Par\u00eds\u2013Charles de Gaulle y el Aeropuerto de Punta Cana, Air France celebr\u00f3 el regreso de esta ruta con una&nbsp;presencia sencilla y simb\u00f3lica durante la llegada y salida de los vuelos inaugurales.<\/p>\n<p>Con motivo de este reinicio, representantes de Air France y del Aeropuerto de Punta Cana estuvieron presentes&nbsp;para dar la bienvenida a los pasajeros provenientes de Par\u00eds y para acompa\u00f1ar la salida del&nbsp;primer vuelo&nbsp;desde Punta Cana hacia la capital francesa, reafirmando la importancia de esta ruta para el posicionamiento internacional del destino.<\/p>\n<p>Este servicio estacional, que opera del 13 de enero al 28 de marzo de 2026, los d\u00edas martes, jueves y s\u00e1bados, vuelve a conectar a Punta Cana con m\u00e1s de 200 destinos en Europa, Asia, \u00c1frica y Medio Oriente a trav\u00e9s del hub de Air France en Par\u00eds-Charles de Gaulle, ofreciendo a los viajeros una conectividad global fluida.<\/p>\n<p>\u201cEl regreso de Air France a Punta Cana refleja nuestro compromiso con mantener conexiones s\u00f3lidas y significativas con la Rep\u00fablica Dominicana\u201d, se\u00f1al\u00f3 Maristella Rodr\u00edguez, Country Sales Manager de Air France\u2013KLM para Costa Rica y Rep\u00fablica Dominicana. \u201cEstar presentes en el vuelo inaugural fue una forma de reafirmar nuestro apoyo al destino y de dar la bienvenida nuevamente a nuestros clientes a bordo\u201d.<\/p>\n<p>Por su parte, Giovanni Rainieri, director de Operaciones Airside del Aeropuerto de Punta Cana, destac\u00f3 la relevancia del reinicio de esta ruta \u201cLa reanudaci\u00f3n de las operaciones de Air France hacia Punta Cana refuerza nuestra conectividad a\u00e9rea con Europa y consolida el posicionamiento del aeropuerto como un hub estrat\u00e9gico del Caribe. Esta conexi\u00f3n no solo ampl\u00eda las opciones de viaje para los pasajeros, sino que tambi\u00e9n impulsa el desarrollo del destino y su proyecci\u00f3n internacional.\u201d<\/p>\n<p>Los vuelos operan con salida desde Par\u00eds a las 14:25, con llegada a Punta Cana a las 18:45. El vuelo de regreso despega desde Punta Cana a las 21:05 y aterriza en Par\u00eds a las 10:30 del d\u00eda siguiente. Los pasajeros pueden disfrutar de una experiencia a bordo confortable, disponible en tres cabinas: Business, Premium y Economy.<\/p>\n<p>of-am<\/p>\n<div class=\"heateor_sss_sharing_container heateor_sss_horizontal_sharing\" data-heateor-sss-href=\"https:\/\/almomento.net\/air-france-marca-el-reinicio-de-sus-operaciones-a-punta-cana\/\" readability=\"7\">\n<p>Comp\u00e1rtelo en tus redes:<\/p>\n<\/div>\n<p> <!-- 468x60 --><br \/>\n<ins class=\"adsbygoogle\" data-ad-client=\"ca-pub-3511341636159665\" data-ad-slot=\"3538255450\"><\/ins> <!-- .entry-content --> <\/p>\n","protected":false},"excerpt":{"rendered":"<p>Carl Poirier, Eug\u00e9nie Audebert, Giovanni Rainieri y&#46;&#46;&#46;<\/p>\n","protected":false},"author":1,"featured_media":7420,"comment_status":"closed","ping_status":"closed","sticky":false,"template":"","format":"standard","meta":{"_jetpack_memberships_contains_paid_content":false,"footnotes":"","jetpack_publicize_message":"","jetpack_publicize_feature_enabled":true,"jetpack_social_post_already_shared":false,"jetpack_social_options":{"image_generator_settings":{"template":"highway","default_image_id":0,"font":"","enabled":false},"version":2}},"categories":[45],"tags":[],"class_list":["post-7419","post","type-post","status-publish","format-standard","has-post-thumbnail","hentry","category-variedades"],"yoast_head":"<!-- This site is optimized with the Yoast SEO plugin v27.3 - https:\/\/yoast.com\/product\/yoast-seo-wordpress\/ -->\n<title>Air France marca el reinicio de sus operaciones a Punta Cana - Sarmiento24h<\/title>\n<meta name=\"robots\" content=\"index, follow, max-snippet:-1, max-image-preview:large, max-video-preview:-1\" \/>\n<link rel=\"canonical\" href=\"https:\/\/sarmiento24h.com\/?p=7419\" \/>\n<meta property=\"og:locale\" content=\"es_ES\" \/>\n<meta property=\"og:type\" content=\"article\" \/>\n<meta property=\"og:title\" content=\"Air France marca el reinicio de sus operaciones a Punta Cana - Sarmiento24h\" \/>\n<meta property=\"og:description\" content=\"Carl Poirier, Eug\u00e9nie Audebert, Giovanni Rainieri y&#046;&#046;&#046;\" \/>\n<meta property=\"og:url\" content=\"https:\/\/sarmiento24h.com\/?p=7419\" \/>\n<meta property=\"og:site_name\" content=\"Sarmiento24h\" \/>\n<meta property=\"article:publisher\" content=\"https:\/\/facebook.com\/s24hnoticias\" \/>\n<meta property=\"article:published_time\" content=\"2026-01-18T05:13:43+00:00\" \/>\n<meta property=\"og:image\" content=\"https:\/\/sarmiento24h.com\/wp-content\/uploads\/2026\/01\/air-france-marca-el-reinicio-de-sus-operaciones-a-punta-cana.jpg\" \/>\n\t<meta property=\"og:image:width\" content=\"530\" \/>\n\t<meta property=\"og:image:height\" content=\"353\" \/>\n\t<meta property=\"og:image:type\" content=\"image\/jpeg\" \/>\n<meta name=\"author\" content=\"sarmiento24h@gmail.com\" \/>\n<meta name=\"twitter:card\" content=\"summary_large_image\" \/>\n<meta name=\"twitter:creator\" content=\"@sarmiento24h\" \/>\n<meta name=\"twitter:site\" content=\"@sarmiento24h\" \/>\n<meta name=\"twitter:label1\" content=\"Escrito por\" \/>\n\t<meta name=\"twitter:data1\" content=\"sarmiento24h@gmail.com\" \/>\n\t<meta name=\"twitter:label2\" content=\"Tiempo de lectura\" \/>\n\t<meta name=\"twitter:data2\" content=\"2 minutos\" \/>\n<script type=\"application\/ld+json\" class=\"yoast-schema-graph\">{\"@context\":\"https:\\\/\\\/schema.org\",\"@graph\":[{\"@type\":\"Article\",\"@id\":\"https:\\\/\\\/sarmiento24h.com\\\/?p=7419#article\",\"isPartOf\":{\"@id\":\"https:\\\/\\\/sarmiento24h.com\\\/?p=7419\"},\"author\":{\"name\":\"sarmiento24h@gmail.com\",\"@id\":\"https:\\\/\\\/sarmiento24h.com\\\/#\\\/schema\\\/person\\\/d653a59725ad629a7e0429af7b939d4d\"},\"headline\":\"Air France marca el reinicio de sus operaciones a Punta Cana\",\"datePublished\":\"2026-01-18T05:13:43+00:00\",\"mainEntityOfPage\":{\"@id\":\"https:\\\/\\\/sarmiento24h.com\\\/?p=7419\"},\"wordCount\":399,\"publisher\":{\"@id\":\"https:\\\/\\\/sarmiento24h.com\\\/#organization\"},\"image\":{\"@id\":\"https:\\\/\\\/sarmiento24h.com\\\/?p=7419#primaryimage\"},\"thumbnailUrl\":\"https:\\\/\\\/sarmiento24h.com\\\/wp-content\\\/uploads\\\/2026\\\/01\\\/air-france-marca-el-reinicio-de-sus-operaciones-a-punta-cana.jpg\",\"articleSection\":[\"Variedades\"],\"inLanguage\":\"es\"},{\"@type\":\"WebPage\",\"@id\":\"https:\\\/\\\/sarmiento24h.com\\\/?p=7419\",\"url\":\"https:\\\/\\\/sarmiento24h.com\\\/?p=7419\",\"name\":\"Air France marca el reinicio de sus operaciones a Punta Cana - Sarmiento24h\",\"isPartOf\":{\"@id\":\"https:\\\/\\\/sarmiento24h.com\\\/#website\"},\"primaryImageOfPage\":{\"@id\":\"https:\\\/\\\/sarmiento24h.com\\\/?p=7419#primaryimage\"},\"image\":{\"@id\":\"https:\\\/\\\/sarmiento24h.com\\\/?p=7419#primaryimage\"},\"thumbnailUrl\":\"https:\\\/\\\/sarmiento24h.com\\\/wp-content\\\/uploads\\\/2026\\\/01\\\/air-france-marca-el-reinicio-de-sus-operaciones-a-punta-cana.jpg\",\"datePublished\":\"2026-01-18T05:13:43+00:00\",\"breadcrumb\":{\"@id\":\"https:\\\/\\\/sarmiento24h.com\\\/?p=7419#breadcrumb\"},\"inLanguage\":\"es\",\"potentialAction\":[{\"@type\":\"ReadAction\",\"target\":[\"https:\\\/\\\/sarmiento24h.com\\\/?p=7419\"]}]},{\"@type\":\"ImageObject\",\"inLanguage\":\"es\",\"@id\":\"https:\\\/\\\/sarmiento24h.com\\\/?p=7419#primaryimage\",\"url\":\"https:\\\/\\\/sarmiento24h.com\\\/wp-content\\\/uploads\\\/2026\\\/01\\\/air-france-marca-el-reinicio-de-sus-operaciones-a-punta-cana.jpg\",\"contentUrl\":\"https:\\\/\\\/sarmiento24h.com\\\/wp-content\\\/uploads\\\/2026\\\/01\\\/air-france-marca-el-reinicio-de-sus-operaciones-a-punta-cana.jpg\",\"width\":530,\"height\":353},{\"@type\":\"BreadcrumbList\",\"@id\":\"https:\\\/\\\/sarmiento24h.com\\\/?p=7419#breadcrumb\",\"itemListElement\":[{\"@type\":\"ListItem\",\"position\":1,\"name\":\"Home\",\"item\":\"https:\\\/\\\/sarmiento24h.com\\\/\"},{\"@type\":\"ListItem\",\"position\":2,\"name\":\"Air France marca el reinicio de sus operaciones a Punta Cana\"}]},{\"@type\":\"WebSite\",\"@id\":\"https:\\\/\\\/sarmiento24h.com\\\/#website\",\"url\":\"https:\\\/\\\/sarmiento24h.com\\\/\",\"name\":\"Sarmiento24h\",\"description\":\"\",\"publisher\":{\"@id\":\"https:\\\/\\\/sarmiento24h.com\\\/#organization\"},\"potentialAction\":[{\"@type\":\"SearchAction\",\"target\":{\"@type\":\"EntryPoint\",\"urlTemplate\":\"https:\\\/\\\/sarmiento24h.com\\\/?s={search_term_string}\"},\"query-input\":{\"@type\":\"PropertyValueSpecification\",\"valueRequired\":true,\"valueName\":\"search_term_string\"}}],\"inLanguage\":\"es\"},{\"@type\":\"Organization\",\"@id\":\"https:\\\/\\\/sarmiento24h.com\\\/#organization\",\"name\":\"Sarmiento24h\",\"url\":\"https:\\\/\\\/sarmiento24h.com\\\/\",\"logo\":{\"@type\":\"ImageObject\",\"inLanguage\":\"es\",\"@id\":\"https:\\\/\\\/sarmiento24h.com\\\/#\\\/schema\\\/logo\\\/image\\\/\",\"url\":\"https:\\\/\\\/sarmiento24h.com\\\/wp-content\\\/uploads\\\/2025\\\/12\\\/AddText_12-16-10.30.52.jpg\",\"contentUrl\":\"https:\\\/\\\/sarmiento24h.com\\\/wp-content\\\/uploads\\\/2025\\\/12\\\/AddText_12-16-10.30.52.jpg\",\"width\":1220,\"height\":324,\"caption\":\"Sarmiento24h\"},\"image\":{\"@id\":\"https:\\\/\\\/sarmiento24h.com\\\/#\\\/schema\\\/logo\\\/image\\\/\"},\"sameAs\":[\"https:\\\/\\\/facebook.com\\\/s24hnoticias\",\"https:\\\/\\\/x.com\\\/sarmiento24h\"]},{\"@type\":\"Person\",\"@id\":\"https:\\\/\\\/sarmiento24h.com\\\/#\\\/schema\\\/person\\\/d653a59725ad629a7e0429af7b939d4d\",\"name\":\"sarmiento24h@gmail.com\",\"image\":{\"@type\":\"ImageObject\",\"inLanguage\":\"es\",\"@id\":\"https:\\\/\\\/sarmiento24h.com\\\/wp-content\\\/litespeed\\\/avatar\\\/d02cbc4e23c747e6659cd45907173c8f.jpg?ver=1777157796\",\"url\":\"https:\\\/\\\/sarmiento24h.com\\\/wp-content\\\/litespeed\\\/avatar\\\/d02cbc4e23c747e6659cd45907173c8f.jpg?ver=1777157796\",\"contentUrl\":\"https:\\\/\\\/sarmiento24h.com\\\/wp-content\\\/litespeed\\\/avatar\\\/d02cbc4e23c747e6659cd45907173c8f.jpg?ver=1777157796\",\"caption\":\"sarmiento24h@gmail.com\"},\"sameAs\":[\"https:\\\/\\\/sarmiento24h.com\"],\"url\":\"https:\\\/\\\/sarmiento24h.com\\\/?author=1\"}]}<\/script>\n<!-- \/ Yoast SEO plugin. -->","yoast_head_json":{"title":"Air France marca el reinicio de sus operaciones a Punta Cana - Sarmiento24h","robots":{"index":"index","follow":"follow","max-snippet":"max-snippet:-1","max-image-preview":"max-image-preview:large","max-video-preview":"max-video-preview:-1"},"canonical":"https:\/\/sarmiento24h.com\/?p=7419","og_locale":"es_ES","og_type":"article","og_title":"Air France marca el reinicio de sus operaciones a Punta Cana - Sarmiento24h","og_description":"Carl Poirier, Eug\u00e9nie Audebert, Giovanni Rainieri y&#46;&#46;&#46;","og_url":"https:\/\/sarmiento24h.com\/?p=7419","og_site_name":"Sarmiento24h","article_publisher":"https:\/\/facebook.com\/s24hnoticias","article_published_time":"2026-01-18T05:13:43+00:00","og_image":[{"width":530,"height":353,"url":"https:\/\/sarmiento24h.com\/wp-content\/uploads\/2026\/01\/air-france-marca-el-reinicio-de-sus-operaciones-a-punta-cana.jpg","type":"image\/jpeg"}],"author":"sarmiento24h@gmail.com","twitter_card":"summary_large_image","twitter_creator":"@sarmiento24h","twitter_site":"@sarmiento24h","twitter_misc":{"Escrito por":"sarmiento24h@gmail.com","Tiempo de lectura":"2 minutos"},"schema":{"@context":"https:\/\/schema.org","@graph":[{"@type":"Article","@id":"https:\/\/sarmiento24h.com\/?p=7419#article","isPartOf":{"@id":"https:\/\/sarmiento24h.com\/?p=7419"},"author":{"name":"sarmiento24h@gmail.com","@id":"https:\/\/sarmiento24h.com\/#\/schema\/person\/d653a59725ad629a7e0429af7b939d4d"},"headline":"Air France marca el reinicio de sus operaciones a Punta Cana","datePublished":"2026-01-18T05:13:43+00:00","mainEntityOfPage":{"@id":"https:\/\/sarmiento24h.com\/?p=7419"},"wordCount":399,"publisher":{"@id":"https:\/\/sarmiento24h.com\/#organization"},"image":{"@id":"https:\/\/sarmiento24h.com\/?p=7419#primaryimage"},"thumbnailUrl":"https:\/\/sarmiento24h.com\/wp-content\/uploads\/2026\/01\/air-france-marca-el-reinicio-de-sus-operaciones-a-punta-cana.jpg","articleSection":["Variedades"],"inLanguage":"es"},{"@type":"WebPage","@id":"https:\/\/sarmiento24h.com\/?p=7419","url":"https:\/\/sarmiento24h.com\/?p=7419","name":"Air France marca el reinicio de sus operaciones a Punta Cana - Sarmiento24h","isPartOf":{"@id":"https:\/\/sarmiento24h.com\/#website"},"primaryImageOfPage":{"@id":"https:\/\/sarmiento24h.com\/?p=7419#primaryimage"},"image":{"@id":"https:\/\/sarmiento24h.com\/?p=7419#primaryimage"},"thumbnailUrl":"https:\/\/sarmiento24h.com\/wp-content\/uploads\/2026\/01\/air-france-marca-el-reinicio-de-sus-operaciones-a-punta-cana.jpg","datePublished":"2026-01-18T05:13:43+00:00","breadcrumb":{"@id":"https:\/\/sarmiento24h.com\/?p=7419#breadcrumb"},"inLanguage":"es","potentialAction":[{"@type":"ReadAction","target":["https:\/\/sarmiento24h.com\/?p=7419"]}]},{"@type":"ImageObject","inLanguage":"es","@id":"https:\/\/sarmiento24h.com\/?p=7419#primaryimage","url":"https:\/\/sarmiento24h.com\/wp-content\/uploads\/2026\/01\/air-france-marca-el-reinicio-de-sus-operaciones-a-punta-cana.jpg","contentUrl":"https:\/\/sarmiento24h.com\/wp-content\/uploads\/2026\/01\/air-france-marca-el-reinicio-de-sus-operaciones-a-punta-cana.jpg","width":530,"height":353},{"@type":"BreadcrumbList","@id":"https:\/\/sarmiento24h.com\/?p=7419#breadcrumb","itemListElement":[{"@type":"ListItem","position":1,"name":"Home","item":"https:\/\/sarmiento24h.com\/"},{"@type":"ListItem","position":2,"name":"Air France marca el reinicio de sus operaciones a Punta Cana"}]},{"@type":"WebSite","@id":"https:\/\/sarmiento24h.com\/#website","url":"https:\/\/sarmiento24h.com\/","name":"Sarmiento24h","description":"","publisher":{"@id":"https:\/\/sarmiento24h.com\/#organization"},"potentialAction":[{"@type":"SearchAction","target":{"@type":"EntryPoint","urlTemplate":"https:\/\/sarmiento24h.com\/?s={search_term_string}"},"query-input":{"@type":"PropertyValueSpecification","valueRequired":true,"valueName":"search_term_string"}}],"inLanguage":"es"},{"@type":"Organization","@id":"https:\/\/sarmiento24h.com\/#organization","name":"Sarmiento24h","url":"https:\/\/sarmiento24h.com\/","logo":{"@type":"ImageObject","inLanguage":"es","@id":"https:\/\/sarmiento24h.com\/#\/schema\/logo\/image\/","url":"https:\/\/sarmiento24h.com\/wp-content\/uploads\/2025\/12\/AddText_12-16-10.30.52.jpg","contentUrl":"https:\/\/sarmiento24h.com\/wp-content\/uploads\/2025\/12\/AddText_12-16-10.30.52.jpg","width":1220,"height":324,"caption":"Sarmiento24h"},"image":{"@id":"https:\/\/sarmiento24h.com\/#\/schema\/logo\/image\/"},"sameAs":["https:\/\/facebook.com\/s24hnoticias","https:\/\/x.com\/sarmiento24h"]},{"@type":"Person","@id":"https:\/\/sarmiento24h.com\/#\/schema\/person\/d653a59725ad629a7e0429af7b939d4d","name":"sarmiento24h@gmail.com","image":{"@type":"ImageObject","inLanguage":"es","@id":"https:\/\/sarmiento24h.com\/wp-content\/litespeed\/avatar\/d02cbc4e23c747e6659cd45907173c8f.jpg?ver=1777157796","url":"https:\/\/sarmiento24h.com\/wp-content\/litespeed\/avatar\/d02cbc4e23c747e6659cd45907173c8f.jpg?ver=1777157796","contentUrl":"https:\/\/sarmiento24h.com\/wp-content\/litespeed\/avatar\/d02cbc4e23c747e6659cd45907173c8f.jpg?ver=1777157796","caption":"sarmiento24h@gmail.com"},"sameAs":["https:\/\/sarmiento24h.com"],"url":"https:\/\/sarmiento24h.com\/?author=1"}]}},"jetpack_publicize_connections":[],"jetpack_featured_media_url":"https:\/\/sarmiento24h.com\/wp-content\/uploads\/2026\/01\/air-france-marca-el-reinicio-de-sus-operaciones-a-punta-cana.jpg","jetpack_sharing_enabled":true,"_links":{"self":[{"href":"https:\/\/sarmiento24h.com\/index.php?rest_route=\/wp\/v2\/posts\/7419","targetHints":{"allow":["GET"]}}],"collection":[{"href":"https:\/\/sarmiento24h.com\/index.php?rest_route=\/wp\/v2\/posts"}],"about":[{"href":"https:\/\/sarmiento24h.com\/index.php?rest_route=\/wp\/v2\/types\/post"}],"author":[{"embeddable":true,"href":"https:\/\/sarmiento24h.com\/index.php?rest_route=\/wp\/v2\/users\/1"}],"replies":[{"embeddable":true,"href":"https:\/\/sarmiento24h.com\/index.php?rest_route=%2Fwp%2Fv2%2Fcomments&post=7419"}],"version-history":[{"count":0,"href":"https:\/\/sarmiento24h.com\/index.php?rest_route=\/wp\/v2\/posts\/7419\/revisions"}],"wp:featuredmedia":[{"embeddable":true,"href":"https:\/\/sarmiento24h.com\/index.php?rest_route=\/wp\/v2\/media\/7420"}],"wp:attachment":[{"href":"https:\/\/sarmiento24h.com\/index.php?rest_route=%2Fwp%2Fv2%2Fmedia&parent=7419"}],"wp:term":[{"taxonomy":"category","embeddable":true,"href":"https:\/\/sarmiento24h.com\/index.php?rest_route=%2Fwp%2Fv2%2Fcategories&post=7419"},{"taxonomy":"post_tag","embeddable":true,"href":"https:\/\/sarmiento24h.com\/index.php?rest_route=%2Fwp%2Fv2%2Ftags&post=7419"}],"curies":[{"name":"wp","href":"https:\/\/api.w.org\/{rel}","templated":true}]}}