{"id":7507,"date":"2026-01-19T02:33:22","date_gmt":"2026-01-19T02:33:22","guid":{"rendered":"http:\/\/almomento.net\/?p=1093019"},"modified":"2026-01-19T02:33:22","modified_gmt":"2026-01-19T02:33:22","slug":"espana-al-menos-21-muertos-accidente-trenes-alta-velocidad","status":"publish","type":"post","link":"https:\/\/sarmiento24h.com\/?p=7507","title":{"rendered":"ESPA\u00d1A: Al menos 21 muertos accidente trenes alta velocidad"},"content":{"rendered":"<p><!-- .entry-header --> <\/p>\n<div class=\"img_center\"> <a href=\"https:\/\/almomento.net\/wp-content\/uploads\/2026\/01\/espana-descarrilan-trenes-alta-velocidad-cinco-muertos-180126-1.jpg\" alt=\"ESPA\u00d1A: Al menos 21 muertos accidente trenes alta velocidad\" title=\"ESPA\u00d1A: Al menos 21 muertos accidente trenes alta velocidad\" data-toggle=\"lightbox\" class=\"thickbox\"><img decoding=\"async\" src=\"https:\/\/almomento.net\/wp-content\/uploads\/2026\/01\/espana-descarrilan-trenes-alta-velocidad-cinco-muertos-180126-1.jpg\" class=\"attachment-post-thumbnail size-post-thumbnail wp-post-image\" alt=\"imagen\" title=\"ESPA\u00d1A: Al menos 21 muertos accidente trenes alta velocidad\" data-toggle data-title=\"ESPA\u00d1A: Al menos 21 muertos accidente trenes alta velocidad\"><\/a> <\/div>\n<p><iframe loading=\"lazy\" title=\"Se elevan a 21 los fallecidos por el descarrilamiento de dos trenes de alta velocidad en Adamuz\" width=\"422\" height=\"750\" src=\"https:\/\/www.youtube.com\/embed\/HuavfBsAbLY?feature=oembed\" frameborder=\"0\" allow=\"accelerometer; autoplay; clipboard-write; encrypted-media; gyroscope; picture-in-picture; web-share\" referrerpolicy=\"strict-origin-when-cross-origin\" allowfullscreen>[embedded content]<\/iframe><\/p>\n<p>MADRID.- Al menos <strong>21 personas han muerto<\/strong>&nbsp;y 73 han resultado heridas, 15 de ellas graves, por el descarrilamiento este domingo de dos trenes de alta velocidad en la localidad cordobesa de Adamuz, ha anunciado el presidente de la Junta de Andaluc\u00eda, Juanma Moreno, que no descarta que el balance de v\u00edctimas pueda aumentar en las pr\u00f3ximas horas porque uno de los vagones que ha descarrilado ha quedado \u00abmuy deteriorado\u00bb.<\/p>\n<div class=\"incluBox L\" readability=\"9.5\">\n<div class=\"mediaBox videoBox hasMediaText\" data-assetid=\"16899681_es_videos\" data-sust=\"true\" data-autoplay=\"true\" data-location=\"alacarta_videos\" data-related=\"true\" data-id=\"16899681\" data-config=\"{&quot;id&quot;:&quot;16899681&quot;,&quot;location&quot;:&quot;alacarta_videos&quot;,&quot;sust&quot;:true,&quot;autoplay&quot;:true,&quot;type&quot;:&quot;video&quot;,&quot;csstype&quot;:&quot;video&quot;,&quot;related&quot;:true,&quot;capitalizedType&quot;:&quot;Video&quot;,&quot;alt&quot;:&quot;Cronolog\u00eda del accidente en Adamuz - Telediario Fin de Semana | Ver&quot;,&quot;title&quot;:&quot;Cronolog\u00eda del accidente en Adamuz&quot;,&quot;dataTitle&quot;:&quot;\\&quot;Cronolog\u00eda del accidente en Adamuz\\&quot;&quot;,&quot;typeId&quot;:39978,&quot;htmlUrl&quot;:&quot;https:\/\/www.rtve.es\/play\/videos\/telediario-fin-de-semana\/cronologia-del-accidente-adamuz-descarrilamiento-trenes\/16899681\/&quot;,&quot;programInfoTitle&quot;:&quot;Telediario Fin de Semana&quot;,&quot;shortTitle&quot;:&quot;&quot;,&quot;episode&quot;:&quot;&quot;,&quot;shortDescription&quot;:&quot;Cronolog\u00eda del accidente en Adamuz&quot;,&quot;ageRange&quot;:&quot;Recomendable para todos los p\u00fablicos&quot;,&quot;ageRangeUidClass&quot;:&quot;&quot;,&quot;hdContentAvailable&quot;:&quot;&quot;,&quot;promoTitle&quot;:&quot;&quot;,&quot;subtype&quot;:&quot;&quot;,&quot;duration&quot;:&quot;01.55 min&quot;,&quot;imgSquare&quot;:false,&quot;programinfoagerange&quot;:&quot;Recomendable para todos los p\u00fablicos&quot;,&quot;titleProgramInfoAgeRange&quot;:&quot;'Cronolog\u00eda del accidente en Adamuz' \/ Recomendable para todos los p\u00fablicos&quot;,&quot;descriptionVideo&quot;:&quot;Cronolog\u00eda del accidente en Adamuz...&quot;,&quot;programId&quot;:&quot;135932&quot;,&quot;img&quot;:{&quot;large&quot;:{&quot;url&quot;:&quot;https:\/\/img.rtve.es\/v\/16899681?w=1600&amp;preview=01768785548290.jpg&quot;,&quot;width&quot;:1600,&quot;media&quot;:&quot;(min-width: 1000px)&quot;},&quot;big&quot;:{&quot;url&quot;:&quot;https:\/\/img.rtve.es\/v\/16899681?w=1200&amp;preview=01768785548290.jpg&quot;,&quot;width&quot;:1200,&quot;media&quot;:&quot;(max-width: 1200px)&quot;},&quot;normal&quot;:{&quot;url&quot;:&quot;https:\/\/img.rtve.es\/v\/16899681?w=800&amp;preview=01768785548290.jpg&quot;,&quot;width&quot;:800,&quot;media&quot;:&quot;(max-width: 800px)&quot;},&quot;small&quot;:{&quot;url&quot;:&quot;https:\/\/img.rtve.es\/v\/16899681?w=400&amp;preview=01768785548290.jpg&quot;,&quot;width&quot;:400,&quot;media&quot;:&quot;(max-width: 400px)&quot;},&quot;none&quot;:{&quot;url&quot;:&quot;&quot;,&quot;width&quot;:0,&quot;media&quot;:&quot;&quot;}},&quot;url&quot;:&quot;https:\/\/www.rtve.es\/play\/videos\/telediario-fin-de-semana\/cronologia-del-accidente-adamuz-descarrilamiento-trenes\/16899681\/&quot;,&quot;date&quot;:{&quot;label&quot;:&quot;19.01.2026&quot;,&quot;key&quot;:&quot;2026-01-19&quot;},&quot;language&quot;:&quot;es&quot;,&quot;pubDest&quot;:&quot;general&quot;,&quot;pubState&quot;:{&quot;code&quot;:&quot;ENPUB&quot;,&quot;description&quot;:&quot;En publicaci\u00f3n&quot;},&quot;disableStripLayer&quot;:&quot;&quot;,&quot;mediaInfo&quot;:{&quot;cuepoints&quot;:null,&quot;transcription&quot;:{&quot;cssClass&quot;:&quot;trasBox&quot;,&quot;buttonClass&quot;:&quot;trasBlind&quot;,&quot;buttonLabel&quot;:&quot;Transcripci\u00f3n completa&quot;,&quot;baseUrl&quot;:&quot;\/api\/{type}s\/{id}\/transcripcion.json&quot;,&quot;description&quot;:&quot;Cronolog\u00eda del accidente en Adamuz&quot;,&quot;data&quot;:null}},&quot;mediaConfig&quot;:{&quot;configUrl&quot;:&quot;\/api\/videos\/16899681\/config\/alacarta_videos.json&quot;,&quot;whitelistUrl&quot;:&quot;\/swf\/data\/whitelist.xml&quot;,&quot;propertiesPlayerUrl&quot;:&quot;\/swf\/v2\/playerConfig\/propertiesPlayer.xml&quot;,&quot;rtvePlayerSwfUrl&quot;:&quot;\/js\/swf\/RTVEPlayerJS.swf&quot;,&quot;ztnrFlashUrl&quot;:&quot;\/js\/swf\/z.swf&quot;,&quot;relacionadosRefUrl&quot;:&quot;\/api\/videos\/16899681\/relacionados.json&quot;,&quot;relatedByLangRefUrl&quot;:&quot;\/api\/videos\/16899681\/relacionados\/relacionados-por-idioma.json&quot;,&quot;adapter&quot;:false,&quot;fullAssetId&quot;:&quot;16899681_es_videos&quot;,&quot;ztnrMvlThumbUrl&quot;:&quot;\/ztnr\/movil\/thumbnail\/{idManager}\/videos\/16899681.png&quot;,&quot;lokiUrl&quot;:&quot;\/odin\/loki\/{chunk}\/&quot;,&quot;thumbnailerUrl&quot;:&quot;\/resources\/thumbnailer\/{hash}\/{id}\/L{levelId}_M{matrixId}.jpg&quot;,&quot;errorLayerClass&quot;:&quot;vjs-error-display&quot;,&quot;ageRangeInfo&quot;:{&quot;ageRangeUid&quot;:&quot;IF_REDAD0&quot;,&quot;ageRangeDesc&quot;:&quot;Para todos los p\u00fablicos&quot;,&quot;ageRangeCssClass&quot;:&quot;mas00&quot;},&quot;subtitleRefUrl&quot;:&quot;\/api\/videos\/16899681\/subtitulos.json&quot;,&quot;cuepointsUrl&quot;:&quot;\/api\/videos\/16899681\/cuepoints.json&quot;,&quot;transcripcionUrl&quot;:&quot;\/api\/videos\/16899681\/transcripcion.json&quot;,&quot;promosURL&quot;:&quot;\/api\/videos\/16899681\/publicidad.json&quot;,&quot;mediaInfoConfig&quot;:{&quot;cssClass&quot;:&quot;textRel&quot;,&quot;hasMediaTextClass&quot;:&quot;hasMediaText&quot;}}}\" data-consumption=\"ondemand\" readability=\"14\"><a title=\"Video: Cronolog\u00eda del accidente en Adamuz\" href=\"https:\/\/www.rtve.es\/play\/videos\/telediario-fin-de-semana\/cronologia-del-accidente-adamuz-descarrilamiento-trenes\/16899681\/\"><span class=\"ico play video\"><img decoding=\"async\" src=\"https:\/\/img2.rtve.es\/css\/i\/blank.gif\" alt=\"reproducir video\"><\/span><\/a>El siniestro se ha producido cerca de las 19:40, cuando un tren de Iryo que cubr\u00eda la ruta entre M\u00e1laga y Madrid, con 317 personas a bordo, ha descarrilado en sus tres \u00faltimos vagones en los desv\u00edos de entrada en Adamuz y ha invadido la v\u00eda contigua, por la que circulaba otro convoy de Renfe de larga distancia que hab\u00eda partido desde Madrid y se dirig\u00eda a Huelva. Este segundo tren tambi\u00e9n ha descarrilado.<\/div>\n<\/div>\n<p>El&nbsp;<strong>ministro de Transportes y Movilidad Sostenible, \u00d3scar Puente<\/strong>, que se ha desplazado a la estaci\u00f3n de Atocha para seguir la evoluci\u00f3n de la situaci\u00f3n desde el centro de emergencias, ha confirmado que los dos primeros vagones del tren de Renfe han salido \u00abdespedidos\u00bb y&nbsp;<a href=\"https:\/\/www.rtve.es\/noticias\/20260119\/oscar-puente-descarrilamiento-adamuz-accidente-tremendamente-extrano\/16899663.shtml\" target=\"_blank\" rel=\"noopener\">ha evitado especular sobre las causas de un accidente \u00abextra\u00f1o\u00bb<\/a>, seg\u00fan sus propias palabras durante una comparecencia ante los medios convocada de madrugada.<\/p>\n<p>El siniestro se produjo en un tramo de v\u00eda compuesto por \u00abuna recta\u00bb y que fue renovado en mayo de 2025. \u00abSe han invertido 700 millones\u00bb en esa v\u00eda, que estaba \u00absupuestamente en perfecto estado\u00bb, ha declarado. Asimismo, el tren Iryo que ha descarrilado era \u00abrelativamente nuevo\u00bb, ten\u00eda apenas cuatro a\u00f1os de antig\u00fcedad.<\/p>\n<p>Uno de los fallecidos es el maquinista del tren de Renfe, seg\u00fan fuentes del Ministerio de Transportes, si bien todas las administraciones han pedido cautela a la espera de que pueda estar claro el n\u00famero exacto de afestados. Parte de un tren ha ca\u00eddo por un talud de cuatro metros y Moreno ha reconocido desde Adamuz que uno de los vagones ha quedado convertido en un \u00abamasijo de hierro\u00bb, por lo que ser\u00e1 necesario actuar con maquinaria pesada.<\/p>\n<p>El accidente ha obligado a suspender la circulaci\u00f3n de trenes de alta velocidad entre Madrid y Andaluc\u00eda y todos los convoyes que estaban en tr\u00e1nsito han sido redirigidos a sus lugares de origen.&nbsp;<strong>Adif ha habilitado un tel\u00e9fono, el 900 10 10 20<\/strong>, para atender las llamadas de los afectados, mientras que la empresa Iryo ha activado otro n\u00famero, el&nbsp;<strong>900 001 402<\/strong>, para consultar informaci\u00f3n y recibir asistencia relacionada con el incidente.<\/p>\n<div class=\"section\" readability=\"18.814126394052\">\n<p><a href=\"https:\/\/www.rtve.es\/noticias\/20260118\/reacciones-politicas-accidente-tren-cordoba\/16899579.shtml\" target=\"_blank\" rel=\"noopener\">El presidente del Gobierno, Pedro S\u00e1nchez, ha cancelado su agenda oficial del lunes<\/a>. \u00abHoy es una noche de profundo dolor para nuestro pa\u00eds por el tr\u00e1gico accidente ferroviario en Adamuz\u00bb, ha lamentado S\u00e1nchez, que ha anunciado en redes sociales que \u00abtodos los servicios de emergencia est\u00e1n trabajando de forma coordinada sin descanso\u00bb. El Ejecutivo central ha activado a la Unidad Militar de Emergencias (UME) y el delegado en Andaluc\u00eda, Pedro Fern\u00e1ndez, se desplazar\u00e1 al lugar.<\/p>\n<p>Tambi\u00e9n el presidente de la Junta de Andaluc\u00eda ha anunciado un despliegue en la zona de servicios de emergencia y apoyo log\u00edstico \u00abpara ayudar en todo lo que sea necesario\u00bb y su Gobierno regional ha activado el Plan Territorial de Emergencias de Protecci\u00f3n Civil en fase 1 sobre la provincia de C\u00f3rdoba.<\/p>\n<p>of-am<\/p>\n<\/div>\n<div class=\"heateor_sss_sharing_container heateor_sss_horizontal_sharing\" data-heateor-sss-href=\"https:\/\/almomento.net\/espana-al-menos-21-muertos-accidente-trenes-alta-velocidad\/\" readability=\"7\">\n<p>Comp\u00e1rtelo en tus redes:<\/p>\n<\/div>\n<p> <!-- 468x60 --><br \/>\n<ins class=\"adsbygoogle\" data-ad-client=\"ca-pub-3511341636159665\" data-ad-slot=\"3538255450\"><\/ins> <!-- .entry-content --> <\/p>\n","protected":false},"excerpt":{"rendered":"<p>[embedded content] MADRID.- Al menos 21 personas&#46;&#46;&#46;<\/p>\n","protected":false},"author":1,"featured_media":7508,"comment_status":"closed","ping_status":"closed","sticky":false,"template":"","format":"standard","meta":{"_jetpack_memberships_contains_paid_content":false,"footnotes":"","jetpack_publicize_message":"","jetpack_publicize_feature_enabled":true,"jetpack_social_post_already_shared":false,"jetpack_social_options":{"image_generator_settings":{"template":"highway","default_image_id":0,"font":"","enabled":false},"version":2}},"categories":[69],"tags":[],"class_list":["post-7507","post","type-post","status-publish","format-standard","has-post-thumbnail","hentry","category-portada"],"yoast_head":"<!-- This site is optimized with the Yoast SEO plugin v27.3 - https:\/\/yoast.com\/product\/yoast-seo-wordpress\/ -->\n<title>ESPA\u00d1A: Al menos 21 muertos accidente trenes alta velocidad - Sarmiento24h<\/title>\n<meta name=\"robots\" content=\"index, follow, max-snippet:-1, max-image-preview:large, max-video-preview:-1\" \/>\n<link rel=\"canonical\" href=\"https:\/\/sarmiento24h.com\/?p=7507\" \/>\n<meta property=\"og:locale\" content=\"es_ES\" \/>\n<meta property=\"og:type\" content=\"article\" \/>\n<meta property=\"og:title\" content=\"ESPA\u00d1A: Al menos 21 muertos accidente trenes alta velocidad - Sarmiento24h\" \/>\n<meta property=\"og:description\" content=\"[embedded content] MADRID.- Al menos 21 personas&#046;&#046;&#046;\" \/>\n<meta property=\"og:url\" content=\"https:\/\/sarmiento24h.com\/?p=7507\" \/>\n<meta property=\"og:site_name\" content=\"Sarmiento24h\" \/>\n<meta property=\"article:publisher\" content=\"https:\/\/facebook.com\/s24hnoticias\" \/>\n<meta property=\"article:published_time\" content=\"2026-01-19T02:33:22+00:00\" \/>\n<meta property=\"og:image\" content=\"https:\/\/sarmiento24h.com\/wp-content\/uploads\/2026\/01\/espana-al-menos-21-muertos-accidente-trenes-alta-velocidad.jpg\" \/>\n\t<meta property=\"og:image:width\" content=\"1200\" \/>\n\t<meta property=\"og:image:height\" content=\"800\" \/>\n\t<meta property=\"og:image:type\" content=\"image\/jpeg\" \/>\n<meta name=\"author\" content=\"sarmiento24h@gmail.com\" \/>\n<meta name=\"twitter:card\" content=\"summary_large_image\" \/>\n<meta name=\"twitter:creator\" content=\"@sarmiento24h\" \/>\n<meta name=\"twitter:site\" content=\"@sarmiento24h\" \/>\n<meta name=\"twitter:label1\" content=\"Escrito por\" \/>\n\t<meta name=\"twitter:data1\" content=\"sarmiento24h@gmail.com\" \/>\n\t<meta name=\"twitter:label2\" content=\"Tiempo de lectura\" \/>\n\t<meta name=\"twitter:data2\" content=\"3 minutos\" \/>\n<script type=\"application\/ld+json\" class=\"yoast-schema-graph\">{\"@context\":\"https:\\\/\\\/schema.org\",\"@graph\":[{\"@type\":\"Article\",\"@id\":\"https:\\\/\\\/sarmiento24h.com\\\/?p=7507#article\",\"isPartOf\":{\"@id\":\"https:\\\/\\\/sarmiento24h.com\\\/?p=7507\"},\"author\":{\"name\":\"sarmiento24h@gmail.com\",\"@id\":\"https:\\\/\\\/sarmiento24h.com\\\/#\\\/schema\\\/person\\\/d653a59725ad629a7e0429af7b939d4d\"},\"headline\":\"ESPA\u00d1A: Al menos 21 muertos accidente trenes alta velocidad\",\"datePublished\":\"2026-01-19T02:33:22+00:00\",\"mainEntityOfPage\":{\"@id\":\"https:\\\/\\\/sarmiento24h.com\\\/?p=7507\"},\"wordCount\":592,\"publisher\":{\"@id\":\"https:\\\/\\\/sarmiento24h.com\\\/#organization\"},\"image\":{\"@id\":\"https:\\\/\\\/sarmiento24h.com\\\/?p=7507#primaryimage\"},\"thumbnailUrl\":\"https:\\\/\\\/sarmiento24h.com\\\/wp-content\\\/uploads\\\/2026\\\/01\\\/espana-al-menos-21-muertos-accidente-trenes-alta-velocidad.jpg\",\"articleSection\":[\"Portada\"],\"inLanguage\":\"es\"},{\"@type\":\"WebPage\",\"@id\":\"https:\\\/\\\/sarmiento24h.com\\\/?p=7507\",\"url\":\"https:\\\/\\\/sarmiento24h.com\\\/?p=7507\",\"name\":\"ESPA\u00d1A: Al menos 21 muertos accidente trenes alta velocidad - Sarmiento24h\",\"isPartOf\":{\"@id\":\"https:\\\/\\\/sarmiento24h.com\\\/#website\"},\"primaryImageOfPage\":{\"@id\":\"https:\\\/\\\/sarmiento24h.com\\\/?p=7507#primaryimage\"},\"image\":{\"@id\":\"https:\\\/\\\/sarmiento24h.com\\\/?p=7507#primaryimage\"},\"thumbnailUrl\":\"https:\\\/\\\/sarmiento24h.com\\\/wp-content\\\/uploads\\\/2026\\\/01\\\/espana-al-menos-21-muertos-accidente-trenes-alta-velocidad.jpg\",\"datePublished\":\"2026-01-19T02:33:22+00:00\",\"breadcrumb\":{\"@id\":\"https:\\\/\\\/sarmiento24h.com\\\/?p=7507#breadcrumb\"},\"inLanguage\":\"es\",\"potentialAction\":[{\"@type\":\"ReadAction\",\"target\":[\"https:\\\/\\\/sarmiento24h.com\\\/?p=7507\"]}]},{\"@type\":\"ImageObject\",\"inLanguage\":\"es\",\"@id\":\"https:\\\/\\\/sarmiento24h.com\\\/?p=7507#primaryimage\",\"url\":\"https:\\\/\\\/sarmiento24h.com\\\/wp-content\\\/uploads\\\/2026\\\/01\\\/espana-al-menos-21-muertos-accidente-trenes-alta-velocidad.jpg\",\"contentUrl\":\"https:\\\/\\\/sarmiento24h.com\\\/wp-content\\\/uploads\\\/2026\\\/01\\\/espana-al-menos-21-muertos-accidente-trenes-alta-velocidad.jpg\",\"width\":1200,\"height\":800},{\"@type\":\"BreadcrumbList\",\"@id\":\"https:\\\/\\\/sarmiento24h.com\\\/?p=7507#breadcrumb\",\"itemListElement\":[{\"@type\":\"ListItem\",\"position\":1,\"name\":\"Home\",\"item\":\"https:\\\/\\\/sarmiento24h.com\\\/\"},{\"@type\":\"ListItem\",\"position\":2,\"name\":\"ESPA\u00d1A: Al menos 21 muertos accidente trenes alta velocidad\"}]},{\"@type\":\"WebSite\",\"@id\":\"https:\\\/\\\/sarmiento24h.com\\\/#website\",\"url\":\"https:\\\/\\\/sarmiento24h.com\\\/\",\"name\":\"Sarmiento24h\",\"description\":\"\",\"publisher\":{\"@id\":\"https:\\\/\\\/sarmiento24h.com\\\/#organization\"},\"potentialAction\":[{\"@type\":\"SearchAction\",\"target\":{\"@type\":\"EntryPoint\",\"urlTemplate\":\"https:\\\/\\\/sarmiento24h.com\\\/?s={search_term_string}\"},\"query-input\":{\"@type\":\"PropertyValueSpecification\",\"valueRequired\":true,\"valueName\":\"search_term_string\"}}],\"inLanguage\":\"es\"},{\"@type\":\"Organization\",\"@id\":\"https:\\\/\\\/sarmiento24h.com\\\/#organization\",\"name\":\"Sarmiento24h\",\"url\":\"https:\\\/\\\/sarmiento24h.com\\\/\",\"logo\":{\"@type\":\"ImageObject\",\"inLanguage\":\"es\",\"@id\":\"https:\\\/\\\/sarmiento24h.com\\\/#\\\/schema\\\/logo\\\/image\\\/\",\"url\":\"https:\\\/\\\/sarmiento24h.com\\\/wp-content\\\/uploads\\\/2025\\\/12\\\/AddText_12-16-10.30.52.jpg\",\"contentUrl\":\"https:\\\/\\\/sarmiento24h.com\\\/wp-content\\\/uploads\\\/2025\\\/12\\\/AddText_12-16-10.30.52.jpg\",\"width\":1220,\"height\":324,\"caption\":\"Sarmiento24h\"},\"image\":{\"@id\":\"https:\\\/\\\/sarmiento24h.com\\\/#\\\/schema\\\/logo\\\/image\\\/\"},\"sameAs\":[\"https:\\\/\\\/facebook.com\\\/s24hnoticias\",\"https:\\\/\\\/x.com\\\/sarmiento24h\"]},{\"@type\":\"Person\",\"@id\":\"https:\\\/\\\/sarmiento24h.com\\\/#\\\/schema\\\/person\\\/d653a59725ad629a7e0429af7b939d4d\",\"name\":\"sarmiento24h@gmail.com\",\"image\":{\"@type\":\"ImageObject\",\"inLanguage\":\"es\",\"@id\":\"https:\\\/\\\/sarmiento24h.com\\\/wp-content\\\/litespeed\\\/avatar\\\/d02cbc4e23c747e6659cd45907173c8f.jpg?ver=1777157796\",\"url\":\"https:\\\/\\\/sarmiento24h.com\\\/wp-content\\\/litespeed\\\/avatar\\\/d02cbc4e23c747e6659cd45907173c8f.jpg?ver=1777157796\",\"contentUrl\":\"https:\\\/\\\/sarmiento24h.com\\\/wp-content\\\/litespeed\\\/avatar\\\/d02cbc4e23c747e6659cd45907173c8f.jpg?ver=1777157796\",\"caption\":\"sarmiento24h@gmail.com\"},\"sameAs\":[\"https:\\\/\\\/sarmiento24h.com\"],\"url\":\"https:\\\/\\\/sarmiento24h.com\\\/?author=1\"}]}<\/script>\n<!-- \/ Yoast SEO plugin. -->","yoast_head_json":{"title":"ESPA\u00d1A: Al menos 21 muertos accidente trenes alta velocidad - Sarmiento24h","robots":{"index":"index","follow":"follow","max-snippet":"max-snippet:-1","max-image-preview":"max-image-preview:large","max-video-preview":"max-video-preview:-1"},"canonical":"https:\/\/sarmiento24h.com\/?p=7507","og_locale":"es_ES","og_type":"article","og_title":"ESPA\u00d1A: Al menos 21 muertos accidente trenes alta velocidad - Sarmiento24h","og_description":"[embedded content] MADRID.- Al menos 21 personas&#46;&#46;&#46;","og_url":"https:\/\/sarmiento24h.com\/?p=7507","og_site_name":"Sarmiento24h","article_publisher":"https:\/\/facebook.com\/s24hnoticias","article_published_time":"2026-01-19T02:33:22+00:00","og_image":[{"width":1200,"height":800,"url":"https:\/\/sarmiento24h.com\/wp-content\/uploads\/2026\/01\/espana-al-menos-21-muertos-accidente-trenes-alta-velocidad.jpg","type":"image\/jpeg"}],"author":"sarmiento24h@gmail.com","twitter_card":"summary_large_image","twitter_creator":"@sarmiento24h","twitter_site":"@sarmiento24h","twitter_misc":{"Escrito por":"sarmiento24h@gmail.com","Tiempo de lectura":"3 minutos"},"schema":{"@context":"https:\/\/schema.org","@graph":[{"@type":"Article","@id":"https:\/\/sarmiento24h.com\/?p=7507#article","isPartOf":{"@id":"https:\/\/sarmiento24h.com\/?p=7507"},"author":{"name":"sarmiento24h@gmail.com","@id":"https:\/\/sarmiento24h.com\/#\/schema\/person\/d653a59725ad629a7e0429af7b939d4d"},"headline":"ESPA\u00d1A: Al menos 21 muertos accidente trenes alta velocidad","datePublished":"2026-01-19T02:33:22+00:00","mainEntityOfPage":{"@id":"https:\/\/sarmiento24h.com\/?p=7507"},"wordCount":592,"publisher":{"@id":"https:\/\/sarmiento24h.com\/#organization"},"image":{"@id":"https:\/\/sarmiento24h.com\/?p=7507#primaryimage"},"thumbnailUrl":"https:\/\/sarmiento24h.com\/wp-content\/uploads\/2026\/01\/espana-al-menos-21-muertos-accidente-trenes-alta-velocidad.jpg","articleSection":["Portada"],"inLanguage":"es"},{"@type":"WebPage","@id":"https:\/\/sarmiento24h.com\/?p=7507","url":"https:\/\/sarmiento24h.com\/?p=7507","name":"ESPA\u00d1A: Al menos 21 muertos accidente trenes alta velocidad - Sarmiento24h","isPartOf":{"@id":"https:\/\/sarmiento24h.com\/#website"},"primaryImageOfPage":{"@id":"https:\/\/sarmiento24h.com\/?p=7507#primaryimage"},"image":{"@id":"https:\/\/sarmiento24h.com\/?p=7507#primaryimage"},"thumbnailUrl":"https:\/\/sarmiento24h.com\/wp-content\/uploads\/2026\/01\/espana-al-menos-21-muertos-accidente-trenes-alta-velocidad.jpg","datePublished":"2026-01-19T02:33:22+00:00","breadcrumb":{"@id":"https:\/\/sarmiento24h.com\/?p=7507#breadcrumb"},"inLanguage":"es","potentialAction":[{"@type":"ReadAction","target":["https:\/\/sarmiento24h.com\/?p=7507"]}]},{"@type":"ImageObject","inLanguage":"es","@id":"https:\/\/sarmiento24h.com\/?p=7507#primaryimage","url":"https:\/\/sarmiento24h.com\/wp-content\/uploads\/2026\/01\/espana-al-menos-21-muertos-accidente-trenes-alta-velocidad.jpg","contentUrl":"https:\/\/sarmiento24h.com\/wp-content\/uploads\/2026\/01\/espana-al-menos-21-muertos-accidente-trenes-alta-velocidad.jpg","width":1200,"height":800},{"@type":"BreadcrumbList","@id":"https:\/\/sarmiento24h.com\/?p=7507#breadcrumb","itemListElement":[{"@type":"ListItem","position":1,"name":"Home","item":"https:\/\/sarmiento24h.com\/"},{"@type":"ListItem","position":2,"name":"ESPA\u00d1A: Al menos 21 muertos accidente trenes alta velocidad"}]},{"@type":"WebSite","@id":"https:\/\/sarmiento24h.com\/#website","url":"https:\/\/sarmiento24h.com\/","name":"Sarmiento24h","description":"","publisher":{"@id":"https:\/\/sarmiento24h.com\/#organization"},"potentialAction":[{"@type":"SearchAction","target":{"@type":"EntryPoint","urlTemplate":"https:\/\/sarmiento24h.com\/?s={search_term_string}"},"query-input":{"@type":"PropertyValueSpecification","valueRequired":true,"valueName":"search_term_string"}}],"inLanguage":"es"},{"@type":"Organization","@id":"https:\/\/sarmiento24h.com\/#organization","name":"Sarmiento24h","url":"https:\/\/sarmiento24h.com\/","logo":{"@type":"ImageObject","inLanguage":"es","@id":"https:\/\/sarmiento24h.com\/#\/schema\/logo\/image\/","url":"https:\/\/sarmiento24h.com\/wp-content\/uploads\/2025\/12\/AddText_12-16-10.30.52.jpg","contentUrl":"https:\/\/sarmiento24h.com\/wp-content\/uploads\/2025\/12\/AddText_12-16-10.30.52.jpg","width":1220,"height":324,"caption":"Sarmiento24h"},"image":{"@id":"https:\/\/sarmiento24h.com\/#\/schema\/logo\/image\/"},"sameAs":["https:\/\/facebook.com\/s24hnoticias","https:\/\/x.com\/sarmiento24h"]},{"@type":"Person","@id":"https:\/\/sarmiento24h.com\/#\/schema\/person\/d653a59725ad629a7e0429af7b939d4d","name":"sarmiento24h@gmail.com","image":{"@type":"ImageObject","inLanguage":"es","@id":"https:\/\/sarmiento24h.com\/wp-content\/litespeed\/avatar\/d02cbc4e23c747e6659cd45907173c8f.jpg?ver=1777157796","url":"https:\/\/sarmiento24h.com\/wp-content\/litespeed\/avatar\/d02cbc4e23c747e6659cd45907173c8f.jpg?ver=1777157796","contentUrl":"https:\/\/sarmiento24h.com\/wp-content\/litespeed\/avatar\/d02cbc4e23c747e6659cd45907173c8f.jpg?ver=1777157796","caption":"sarmiento24h@gmail.com"},"sameAs":["https:\/\/sarmiento24h.com"],"url":"https:\/\/sarmiento24h.com\/?author=1"}]}},"jetpack_publicize_connections":[],"jetpack_featured_media_url":"https:\/\/sarmiento24h.com\/wp-content\/uploads\/2026\/01\/espana-al-menos-21-muertos-accidente-trenes-alta-velocidad.jpg","jetpack_sharing_enabled":true,"_links":{"self":[{"href":"https:\/\/sarmiento24h.com\/index.php?rest_route=\/wp\/v2\/posts\/7507","targetHints":{"allow":["GET"]}}],"collection":[{"href":"https:\/\/sarmiento24h.com\/index.php?rest_route=\/wp\/v2\/posts"}],"about":[{"href":"https:\/\/sarmiento24h.com\/index.php?rest_route=\/wp\/v2\/types\/post"}],"author":[{"embeddable":true,"href":"https:\/\/sarmiento24h.com\/index.php?rest_route=\/wp\/v2\/users\/1"}],"replies":[{"embeddable":true,"href":"https:\/\/sarmiento24h.com\/index.php?rest_route=%2Fwp%2Fv2%2Fcomments&post=7507"}],"version-history":[{"count":0,"href":"https:\/\/sarmiento24h.com\/index.php?rest_route=\/wp\/v2\/posts\/7507\/revisions"}],"wp:featuredmedia":[{"embeddable":true,"href":"https:\/\/sarmiento24h.com\/index.php?rest_route=\/wp\/v2\/media\/7508"}],"wp:attachment":[{"href":"https:\/\/sarmiento24h.com\/index.php?rest_route=%2Fwp%2Fv2%2Fmedia&parent=7507"}],"wp:term":[{"taxonomy":"category","embeddable":true,"href":"https:\/\/sarmiento24h.com\/index.php?rest_route=%2Fwp%2Fv2%2Fcategories&post=7507"},{"taxonomy":"post_tag","embeddable":true,"href":"https:\/\/sarmiento24h.com\/index.php?rest_route=%2Fwp%2Fv2%2Ftags&post=7507"}],"curies":[{"name":"wp","href":"https:\/\/api.w.org\/{rel}","templated":true}]}}