{"id":7687,"date":"2026-01-20T13:13:31","date_gmt":"2026-01-20T13:13:31","guid":{"rendered":"http:\/\/almomento.net\/?p=1093324"},"modified":"2026-01-20T13:13:31","modified_gmt":"2026-01-20T13:13:31","slug":"cuba-activa-el-estado-de-guerra-en-medio-de-la-tension-con-eu","status":"publish","type":"post","link":"https:\/\/sarmiento24h.com\/?p=7687","title":{"rendered":"Cuba activa el Estado de Guerra en medio de la tensi\u00f3n con EU"},"content":{"rendered":"<p><!-- .entry-header --> <\/p>\n<div class=\"img_center\"> <a href=\"https:\/\/almomento.net\/wp-content\/uploads\/2026\/01\/05ro903m.png\" alt=\"Cuba activa el Estado de Guerra en medio de la tensi\u00f3n con EU\" title=\"Cuba activa el Estado de Guerra en medio de la tensi\u00f3n con EU\" data-toggle=\"lightbox\" class=\"thickbox\"><img decoding=\"async\" src=\"https:\/\/almomento.net\/wp-content\/uploads\/2026\/01\/05ro903m.png\" class=\"attachment-post-thumbnail size-post-thumbnail wp-post-image\" alt=\"imagen\" title=\"Cuba activa el Estado de Guerra en medio de la tensi\u00f3n con EU\" data-toggle data-title=\"Cuba activa el Estado de Guerra en medio de la tensi\u00f3n con EU\"><\/a> <\/div>\n<p class=\"_aupe copyable-text x15bjb6t x1n2onr6\"><span class=\"_aupe copyable-text xkrh14z\">LA HABANA.- El Consejo de Defensa Nacional de Cuba aprob\u00f3 los planes y medidas necesarios para dar paso al Estado de Guerra, informaron este domingo medios estatales, en un contexto de creciente tensi\u00f3n con Estados Unidos tras los recientes ataques de Washington a Venezuela que culminaron con la captura de Nicol\u00e1s Maduro.<\/span><\/p>\n<p class=\"_aupe copyable-text x15bjb6t x1n2onr6\"><span class=\"_aupe copyable-text xkrh14z\">De acuerdo con la prensa oficial, las disposiciones \u2014cuyos detalles no fueron divulgados\u2014 se sustentan en el concepto de la \u201cGuerra de todo el pueblo\u201d, una doctrina impulsada en la d\u00e9cada de 1980 por el entonces mandatario Fidel Castro.<\/span><\/p>\n<p class=\"_aupe copyable-text x15bjb6t x1n2onr6\"><span class=\"_aupe copyable-text xkrh14z\">Esta estrategia contempla la movilizaci\u00f3n general de la poblaci\u00f3n para enfrentar una eventual agresi\u00f3n externa.<\/span><\/p>\n<p><span class=\"_aupe copyable-text xkrh14z\">Los planes fueron aprobados el s\u00e1bado durante una reuni\u00f3n del Consejo de Defensa Nacional, \u00f3rgano que asume el control del pa\u00eds en situaciones de emergencia, desastres naturales o conflictos armados.<\/span><\/p>\n<p class=\"_aupe copyable-text x15bjb6t x1n2onr6\"><span class=\"_aupe copyable-text xkrh14z\">Seg\u00fan los reportes oficiales, la sesi\u00f3n se celebr\u00f3 \u201cen cumplimiento de las actividades previstas para el D\u00eda de la Defensa\u201d, con el objetivo de fortalecer la preparaci\u00f3n y la cohesi\u00f3n de los \u00f3rganos de direcci\u00f3n y del personal.<\/span><\/p>\n<p class=\"_aupe copyable-text x15bjb6t x1n2onr6\"><span class=\"_aupe copyable-text xkrh14z\">Los medios estatales tambi\u00e9n se\u00f1alaron que el expresidente Ra\u00fal Castro, de 94 a\u00f1os, sigui\u00f3 de cerca el desarrollo del encuentro y lo calific\u00f3 como \u201cuna buena y eficiente reuni\u00f3n\u201d.<\/span><\/p>\n<p class=\"_aupe copyable-text x15bjb6t x1n2onr6\"><span class=\"_aupe copyable-text xkrh14z\">El mandatario cubano, Miguel D\u00edaz-Canel, preside asimismo el Consejo de Defensa Nacional.<\/span><\/p>\n<p class=\"_aupe copyable-text x15bjb6t x1n2onr6\"><span class=\"_aupe copyable-text xkrh14z\">Este fue el segundo s\u00e1bado consecutivo dedicado a actividades de defensa en la isla desde la operaci\u00f3n militar estadounidense del pasado 3 de enero.<\/span><\/p>\n<p class=\"_aupe copyable-text x15bjb6t x1n2onr6\"><span class=\"_aupe copyable-text xkrh14z\">Los ejercicios han incluido ensayos de emboscadas, entrenamientos para la instalaci\u00f3n de minas, medidas de protecci\u00f3n a la poblaci\u00f3n y clases combinadas en \u00e1reas como sanidad militar, defensa frente a armas de exterminio en masa, manejo del fusil AKM y t\u00e9cnicas de enmascaramiento, seg\u00fan la prensa estatal.<\/span><\/p>\n<p class=\"_aupe copyable-text x15bjb6t x1n2onr6\"><span class=\"_aupe copyable-text xkrh14z\">La escalada ocurre tras el ataque estadounidense en Caracas, en el que murieron 32 militares cubanos. Sus restos fueron repatriados el jueves a la isla y recibieron homenajes p\u00f3stumos.<\/span><\/p>\n<p class=\"_aupe copyable-text x15bjb6t x1n2onr6\"><span class=\"_aupe copyable-text xkrh14z\">Durante uno de los actos de tributo, D\u00edaz-Canel afirm\u00f3 que \u201cno hay rendici\u00f3n ni claudicaci\u00f3n posible\u201d ante un eventual ataque de Estados Unidos y subray\u00f3 que Cuba no har\u00e1 concesiones pol\u00edticas en un eventual di\u00e1logo bilateral.<\/span><\/p>\n<p class=\"_aupe copyable-text x15bjb6t x1n2onr6\"><span class=\"_aupe copyable-text xkrh14z\">En esas ceremonias, el mandatario visti\u00f3 el uniforme verde olivo como jefe del Consejo de Defensa Nacional, una indumentaria reservada por la legislaci\u00f3n cubana para estados de guerra, emergencia o movilizaci\u00f3n general.<\/span><\/p>\n<div class=\"heateor_sss_sharing_container heateor_sss_horizontal_sharing\" data-heateor-sss-href=\"https:\/\/almomento.net\/cuba-activa-el-estado-de-guerra-en-medio-de-la-tension-con-eu\/\" readability=\"7\">\n<p>Comp\u00e1rtelo en tus redes:<\/p>\n<\/div>\n<p> <!-- 468x60 --><br \/>\n<ins class=\"adsbygoogle\" data-ad-client=\"ca-pub-3511341636159665\" data-ad-slot=\"3538255450\"><\/ins> <!-- .entry-content --> <\/p>\n","protected":false},"excerpt":{"rendered":"<p>LA HABANA.- El Consejo de Defensa Nacional&#46;&#46;&#46;<\/p>\n","protected":false},"author":1,"featured_media":7688,"comment_status":"closed","ping_status":"closed","sticky":false,"template":"","format":"standard","meta":{"_jetpack_memberships_contains_paid_content":false,"footnotes":"","jetpack_publicize_message":"","jetpack_publicize_feature_enabled":true,"jetpack_social_post_already_shared":false,"jetpack_social_options":{"image_generator_settings":{"template":"highway","default_image_id":0,"font":"","enabled":false},"version":2}},"categories":[69],"tags":[],"class_list":["post-7687","post","type-post","status-publish","format-standard","has-post-thumbnail","hentry","category-portada"],"yoast_head":"<!-- This site is optimized with the Yoast SEO plugin v27.3 - https:\/\/yoast.com\/product\/yoast-seo-wordpress\/ -->\n<title>Cuba activa el Estado de Guerra en medio de la tensi\u00f3n con EU - Sarmiento24h<\/title>\n<meta name=\"robots\" content=\"index, follow, max-snippet:-1, max-image-preview:large, max-video-preview:-1\" \/>\n<link rel=\"canonical\" href=\"https:\/\/sarmiento24h.com\/?p=7687\" \/>\n<meta property=\"og:locale\" content=\"es_ES\" \/>\n<meta property=\"og:type\" content=\"article\" \/>\n<meta property=\"og:title\" content=\"Cuba activa el Estado de Guerra en medio de la tensi\u00f3n con EU - Sarmiento24h\" \/>\n<meta property=\"og:description\" content=\"LA HABANA.- El Consejo de Defensa Nacional&#046;&#046;&#046;\" \/>\n<meta property=\"og:url\" content=\"https:\/\/sarmiento24h.com\/?p=7687\" \/>\n<meta property=\"og:site_name\" content=\"Sarmiento24h\" \/>\n<meta property=\"article:publisher\" content=\"https:\/\/facebook.com\/s24hnoticias\" \/>\n<meta property=\"article:published_time\" content=\"2026-01-20T13:13:31+00:00\" \/>\n<meta property=\"og:image\" content=\"https:\/\/sarmiento24h.com\/wp-content\/uploads\/2026\/01\/cuba-activa-el-estado-de-guerra-en-medio-de-la-tension-con-eu.png\" \/>\n\t<meta property=\"og:image:width\" content=\"1316\" \/>\n\t<meta property=\"og:image:height\" content=\"740\" \/>\n\t<meta property=\"og:image:type\" content=\"image\/png\" \/>\n<meta name=\"author\" content=\"sarmiento24h@gmail.com\" \/>\n<meta name=\"twitter:card\" content=\"summary_large_image\" \/>\n<meta name=\"twitter:creator\" content=\"@sarmiento24h\" \/>\n<meta name=\"twitter:site\" content=\"@sarmiento24h\" \/>\n<meta name=\"twitter:label1\" content=\"Escrito por\" \/>\n\t<meta name=\"twitter:data1\" content=\"sarmiento24h@gmail.com\" \/>\n\t<meta name=\"twitter:label2\" content=\"Tiempo de lectura\" \/>\n\t<meta name=\"twitter:data2\" content=\"2 minutos\" \/>\n<script type=\"application\/ld+json\" class=\"yoast-schema-graph\">{\"@context\":\"https:\\\/\\\/schema.org\",\"@graph\":[{\"@type\":\"Article\",\"@id\":\"https:\\\/\\\/sarmiento24h.com\\\/?p=7687#article\",\"isPartOf\":{\"@id\":\"https:\\\/\\\/sarmiento24h.com\\\/?p=7687\"},\"author\":{\"name\":\"sarmiento24h@gmail.com\",\"@id\":\"https:\\\/\\\/sarmiento24h.com\\\/#\\\/schema\\\/person\\\/d653a59725ad629a7e0429af7b939d4d\"},\"headline\":\"Cuba activa el Estado de Guerra en medio de la tensi\u00f3n con EU\",\"datePublished\":\"2026-01-20T13:13:31+00:00\",\"mainEntityOfPage\":{\"@id\":\"https:\\\/\\\/sarmiento24h.com\\\/?p=7687\"},\"wordCount\":435,\"publisher\":{\"@id\":\"https:\\\/\\\/sarmiento24h.com\\\/#organization\"},\"image\":{\"@id\":\"https:\\\/\\\/sarmiento24h.com\\\/?p=7687#primaryimage\"},\"thumbnailUrl\":\"https:\\\/\\\/sarmiento24h.com\\\/wp-content\\\/uploads\\\/2026\\\/01\\\/cuba-activa-el-estado-de-guerra-en-medio-de-la-tension-con-eu.png\",\"articleSection\":[\"Portada\"],\"inLanguage\":\"es\"},{\"@type\":\"WebPage\",\"@id\":\"https:\\\/\\\/sarmiento24h.com\\\/?p=7687\",\"url\":\"https:\\\/\\\/sarmiento24h.com\\\/?p=7687\",\"name\":\"Cuba activa el Estado de Guerra en medio de la tensi\u00f3n con EU - Sarmiento24h\",\"isPartOf\":{\"@id\":\"https:\\\/\\\/sarmiento24h.com\\\/#website\"},\"primaryImageOfPage\":{\"@id\":\"https:\\\/\\\/sarmiento24h.com\\\/?p=7687#primaryimage\"},\"image\":{\"@id\":\"https:\\\/\\\/sarmiento24h.com\\\/?p=7687#primaryimage\"},\"thumbnailUrl\":\"https:\\\/\\\/sarmiento24h.com\\\/wp-content\\\/uploads\\\/2026\\\/01\\\/cuba-activa-el-estado-de-guerra-en-medio-de-la-tension-con-eu.png\",\"datePublished\":\"2026-01-20T13:13:31+00:00\",\"breadcrumb\":{\"@id\":\"https:\\\/\\\/sarmiento24h.com\\\/?p=7687#breadcrumb\"},\"inLanguage\":\"es\",\"potentialAction\":[{\"@type\":\"ReadAction\",\"target\":[\"https:\\\/\\\/sarmiento24h.com\\\/?p=7687\"]}]},{\"@type\":\"ImageObject\",\"inLanguage\":\"es\",\"@id\":\"https:\\\/\\\/sarmiento24h.com\\\/?p=7687#primaryimage\",\"url\":\"https:\\\/\\\/sarmiento24h.com\\\/wp-content\\\/uploads\\\/2026\\\/01\\\/cuba-activa-el-estado-de-guerra-en-medio-de-la-tension-con-eu.png\",\"contentUrl\":\"https:\\\/\\\/sarmiento24h.com\\\/wp-content\\\/uploads\\\/2026\\\/01\\\/cuba-activa-el-estado-de-guerra-en-medio-de-la-tension-con-eu.png\",\"width\":1316,\"height\":740},{\"@type\":\"BreadcrumbList\",\"@id\":\"https:\\\/\\\/sarmiento24h.com\\\/?p=7687#breadcrumb\",\"itemListElement\":[{\"@type\":\"ListItem\",\"position\":1,\"name\":\"Home\",\"item\":\"https:\\\/\\\/sarmiento24h.com\\\/\"},{\"@type\":\"ListItem\",\"position\":2,\"name\":\"Cuba activa el Estado de Guerra en medio de la tensi\u00f3n con EU\"}]},{\"@type\":\"WebSite\",\"@id\":\"https:\\\/\\\/sarmiento24h.com\\\/#website\",\"url\":\"https:\\\/\\\/sarmiento24h.com\\\/\",\"name\":\"Sarmiento24h\",\"description\":\"\",\"publisher\":{\"@id\":\"https:\\\/\\\/sarmiento24h.com\\\/#organization\"},\"potentialAction\":[{\"@type\":\"SearchAction\",\"target\":{\"@type\":\"EntryPoint\",\"urlTemplate\":\"https:\\\/\\\/sarmiento24h.com\\\/?s={search_term_string}\"},\"query-input\":{\"@type\":\"PropertyValueSpecification\",\"valueRequired\":true,\"valueName\":\"search_term_string\"}}],\"inLanguage\":\"es\"},{\"@type\":\"Organization\",\"@id\":\"https:\\\/\\\/sarmiento24h.com\\\/#organization\",\"name\":\"Sarmiento24h\",\"url\":\"https:\\\/\\\/sarmiento24h.com\\\/\",\"logo\":{\"@type\":\"ImageObject\",\"inLanguage\":\"es\",\"@id\":\"https:\\\/\\\/sarmiento24h.com\\\/#\\\/schema\\\/logo\\\/image\\\/\",\"url\":\"https:\\\/\\\/sarmiento24h.com\\\/wp-content\\\/uploads\\\/2025\\\/12\\\/AddText_12-16-10.30.52.jpg\",\"contentUrl\":\"https:\\\/\\\/sarmiento24h.com\\\/wp-content\\\/uploads\\\/2025\\\/12\\\/AddText_12-16-10.30.52.jpg\",\"width\":1220,\"height\":324,\"caption\":\"Sarmiento24h\"},\"image\":{\"@id\":\"https:\\\/\\\/sarmiento24h.com\\\/#\\\/schema\\\/logo\\\/image\\\/\"},\"sameAs\":[\"https:\\\/\\\/facebook.com\\\/s24hnoticias\",\"https:\\\/\\\/x.com\\\/sarmiento24h\"]},{\"@type\":\"Person\",\"@id\":\"https:\\\/\\\/sarmiento24h.com\\\/#\\\/schema\\\/person\\\/d653a59725ad629a7e0429af7b939d4d\",\"name\":\"sarmiento24h@gmail.com\",\"image\":{\"@type\":\"ImageObject\",\"inLanguage\":\"es\",\"@id\":\"https:\\\/\\\/sarmiento24h.com\\\/wp-content\\\/litespeed\\\/avatar\\\/d02cbc4e23c747e6659cd45907173c8f.jpg?ver=1777157796\",\"url\":\"https:\\\/\\\/sarmiento24h.com\\\/wp-content\\\/litespeed\\\/avatar\\\/d02cbc4e23c747e6659cd45907173c8f.jpg?ver=1777157796\",\"contentUrl\":\"https:\\\/\\\/sarmiento24h.com\\\/wp-content\\\/litespeed\\\/avatar\\\/d02cbc4e23c747e6659cd45907173c8f.jpg?ver=1777157796\",\"caption\":\"sarmiento24h@gmail.com\"},\"sameAs\":[\"https:\\\/\\\/sarmiento24h.com\"],\"url\":\"https:\\\/\\\/sarmiento24h.com\\\/?author=1\"}]}<\/script>\n<!-- \/ Yoast SEO plugin. -->","yoast_head_json":{"title":"Cuba activa el Estado de Guerra en medio de la tensi\u00f3n con EU - Sarmiento24h","robots":{"index":"index","follow":"follow","max-snippet":"max-snippet:-1","max-image-preview":"max-image-preview:large","max-video-preview":"max-video-preview:-1"},"canonical":"https:\/\/sarmiento24h.com\/?p=7687","og_locale":"es_ES","og_type":"article","og_title":"Cuba activa el Estado de Guerra en medio de la tensi\u00f3n con EU - Sarmiento24h","og_description":"LA HABANA.- El Consejo de Defensa Nacional&#46;&#46;&#46;","og_url":"https:\/\/sarmiento24h.com\/?p=7687","og_site_name":"Sarmiento24h","article_publisher":"https:\/\/facebook.com\/s24hnoticias","article_published_time":"2026-01-20T13:13:31+00:00","og_image":[{"width":1316,"height":740,"url":"https:\/\/sarmiento24h.com\/wp-content\/uploads\/2026\/01\/cuba-activa-el-estado-de-guerra-en-medio-de-la-tension-con-eu.png","type":"image\/png"}],"author":"sarmiento24h@gmail.com","twitter_card":"summary_large_image","twitter_creator":"@sarmiento24h","twitter_site":"@sarmiento24h","twitter_misc":{"Escrito por":"sarmiento24h@gmail.com","Tiempo de lectura":"2 minutos"},"schema":{"@context":"https:\/\/schema.org","@graph":[{"@type":"Article","@id":"https:\/\/sarmiento24h.com\/?p=7687#article","isPartOf":{"@id":"https:\/\/sarmiento24h.com\/?p=7687"},"author":{"name":"sarmiento24h@gmail.com","@id":"https:\/\/sarmiento24h.com\/#\/schema\/person\/d653a59725ad629a7e0429af7b939d4d"},"headline":"Cuba activa el Estado de Guerra en medio de la tensi\u00f3n con EU","datePublished":"2026-01-20T13:13:31+00:00","mainEntityOfPage":{"@id":"https:\/\/sarmiento24h.com\/?p=7687"},"wordCount":435,"publisher":{"@id":"https:\/\/sarmiento24h.com\/#organization"},"image":{"@id":"https:\/\/sarmiento24h.com\/?p=7687#primaryimage"},"thumbnailUrl":"https:\/\/sarmiento24h.com\/wp-content\/uploads\/2026\/01\/cuba-activa-el-estado-de-guerra-en-medio-de-la-tension-con-eu.png","articleSection":["Portada"],"inLanguage":"es"},{"@type":"WebPage","@id":"https:\/\/sarmiento24h.com\/?p=7687","url":"https:\/\/sarmiento24h.com\/?p=7687","name":"Cuba activa el Estado de Guerra en medio de la tensi\u00f3n con EU - Sarmiento24h","isPartOf":{"@id":"https:\/\/sarmiento24h.com\/#website"},"primaryImageOfPage":{"@id":"https:\/\/sarmiento24h.com\/?p=7687#primaryimage"},"image":{"@id":"https:\/\/sarmiento24h.com\/?p=7687#primaryimage"},"thumbnailUrl":"https:\/\/sarmiento24h.com\/wp-content\/uploads\/2026\/01\/cuba-activa-el-estado-de-guerra-en-medio-de-la-tension-con-eu.png","datePublished":"2026-01-20T13:13:31+00:00","breadcrumb":{"@id":"https:\/\/sarmiento24h.com\/?p=7687#breadcrumb"},"inLanguage":"es","potentialAction":[{"@type":"ReadAction","target":["https:\/\/sarmiento24h.com\/?p=7687"]}]},{"@type":"ImageObject","inLanguage":"es","@id":"https:\/\/sarmiento24h.com\/?p=7687#primaryimage","url":"https:\/\/sarmiento24h.com\/wp-content\/uploads\/2026\/01\/cuba-activa-el-estado-de-guerra-en-medio-de-la-tension-con-eu.png","contentUrl":"https:\/\/sarmiento24h.com\/wp-content\/uploads\/2026\/01\/cuba-activa-el-estado-de-guerra-en-medio-de-la-tension-con-eu.png","width":1316,"height":740},{"@type":"BreadcrumbList","@id":"https:\/\/sarmiento24h.com\/?p=7687#breadcrumb","itemListElement":[{"@type":"ListItem","position":1,"name":"Home","item":"https:\/\/sarmiento24h.com\/"},{"@type":"ListItem","position":2,"name":"Cuba activa el Estado de Guerra en medio de la tensi\u00f3n con EU"}]},{"@type":"WebSite","@id":"https:\/\/sarmiento24h.com\/#website","url":"https:\/\/sarmiento24h.com\/","name":"Sarmiento24h","description":"","publisher":{"@id":"https:\/\/sarmiento24h.com\/#organization"},"potentialAction":[{"@type":"SearchAction","target":{"@type":"EntryPoint","urlTemplate":"https:\/\/sarmiento24h.com\/?s={search_term_string}"},"query-input":{"@type":"PropertyValueSpecification","valueRequired":true,"valueName":"search_term_string"}}],"inLanguage":"es"},{"@type":"Organization","@id":"https:\/\/sarmiento24h.com\/#organization","name":"Sarmiento24h","url":"https:\/\/sarmiento24h.com\/","logo":{"@type":"ImageObject","inLanguage":"es","@id":"https:\/\/sarmiento24h.com\/#\/schema\/logo\/image\/","url":"https:\/\/sarmiento24h.com\/wp-content\/uploads\/2025\/12\/AddText_12-16-10.30.52.jpg","contentUrl":"https:\/\/sarmiento24h.com\/wp-content\/uploads\/2025\/12\/AddText_12-16-10.30.52.jpg","width":1220,"height":324,"caption":"Sarmiento24h"},"image":{"@id":"https:\/\/sarmiento24h.com\/#\/schema\/logo\/image\/"},"sameAs":["https:\/\/facebook.com\/s24hnoticias","https:\/\/x.com\/sarmiento24h"]},{"@type":"Person","@id":"https:\/\/sarmiento24h.com\/#\/schema\/person\/d653a59725ad629a7e0429af7b939d4d","name":"sarmiento24h@gmail.com","image":{"@type":"ImageObject","inLanguage":"es","@id":"https:\/\/sarmiento24h.com\/wp-content\/litespeed\/avatar\/d02cbc4e23c747e6659cd45907173c8f.jpg?ver=1777157796","url":"https:\/\/sarmiento24h.com\/wp-content\/litespeed\/avatar\/d02cbc4e23c747e6659cd45907173c8f.jpg?ver=1777157796","contentUrl":"https:\/\/sarmiento24h.com\/wp-content\/litespeed\/avatar\/d02cbc4e23c747e6659cd45907173c8f.jpg?ver=1777157796","caption":"sarmiento24h@gmail.com"},"sameAs":["https:\/\/sarmiento24h.com"],"url":"https:\/\/sarmiento24h.com\/?author=1"}]}},"jetpack_publicize_connections":[],"jetpack_featured_media_url":"https:\/\/sarmiento24h.com\/wp-content\/uploads\/2026\/01\/cuba-activa-el-estado-de-guerra-en-medio-de-la-tension-con-eu.png","jetpack_sharing_enabled":true,"_links":{"self":[{"href":"https:\/\/sarmiento24h.com\/index.php?rest_route=\/wp\/v2\/posts\/7687","targetHints":{"allow":["GET"]}}],"collection":[{"href":"https:\/\/sarmiento24h.com\/index.php?rest_route=\/wp\/v2\/posts"}],"about":[{"href":"https:\/\/sarmiento24h.com\/index.php?rest_route=\/wp\/v2\/types\/post"}],"author":[{"embeddable":true,"href":"https:\/\/sarmiento24h.com\/index.php?rest_route=\/wp\/v2\/users\/1"}],"replies":[{"embeddable":true,"href":"https:\/\/sarmiento24h.com\/index.php?rest_route=%2Fwp%2Fv2%2Fcomments&post=7687"}],"version-history":[{"count":0,"href":"https:\/\/sarmiento24h.com\/index.php?rest_route=\/wp\/v2\/posts\/7687\/revisions"}],"wp:featuredmedia":[{"embeddable":true,"href":"https:\/\/sarmiento24h.com\/index.php?rest_route=\/wp\/v2\/media\/7688"}],"wp:attachment":[{"href":"https:\/\/sarmiento24h.com\/index.php?rest_route=%2Fwp%2Fv2%2Fmedia&parent=7687"}],"wp:term":[{"taxonomy":"category","embeddable":true,"href":"https:\/\/sarmiento24h.com\/index.php?rest_route=%2Fwp%2Fv2%2Fcategories&post=7687"},{"taxonomy":"post_tag","embeddable":true,"href":"https:\/\/sarmiento24h.com\/index.php?rest_route=%2Fwp%2Fv2%2Ftags&post=7687"}],"curies":[{"name":"wp","href":"https:\/\/api.w.org\/{rel}","templated":true}]}}