{"id":77190,"date":"2026-03-22T18:47:11","date_gmt":"2026-03-22T18:47:11","guid":{"rendered":"http:\/\/09eed792-2616-11f1-aeb2-b1c7a3d1a515"},"modified":"2026-03-22T18:47:11","modified_gmt":"2026-03-22T18:47:11","slug":"nairo-quintana-se-retirara-en-2026-fin-de-una-era-para-el-ciclismo-colombiano","status":"publish","type":"post","link":"https:\/\/sarmiento24h.com\/?p=77190","title":{"rendered":"Nairo Quintana se retirar\u00e1 en 2026, fin de una era para el ciclismo colombiano"},"content":{"rendered":"<div><img decoding=\"async\" src=\"https:\/\/sarmiento24h.com\/wp-content\/uploads\/2026\/03\/nairo-quintana-se-retirara-en-2026-fin-de-una-era-para-el-ciclismo-colombiano.jpg\" class=\"ff-og-image-inserted\"><\/div>\n<p>La generaci\u00f3n dorada del ciclismo colombiano despedir\u00e1 a su mayor referente: <a href=\"https:\/\/www.france24.com\/es\/tag\/nairo-quintana\/\" target=\"_self\" class=\"gtm-add-suggested-tag\">Nairo Quintana<\/a>, el campe\u00f3n del <a href=\"https:\/\/www.france24.com\/es\/tag\/giro-de-italia\/\" target=\"_self\" class=\"gtm-add-suggested-tag\">Giro de Italia<\/a> y de la <a href=\"https:\/\/www.france24.com\/es\/tag\/vuelta-a-espa\u00f1a\/\" target=\"_self\" class=\"gtm-add-suggested-tag\">Vuelta a Espa\u00f1a<\/a>, que anunci\u00f3 el domingo que se retirar\u00e1 al final de la temporada 2026.<\/p>\n<p>Considerado uno de los mejores latinoamericanos de todos los tiempos, <strong>el pedalista de 36 a\u00f1os cerrar\u00e1 una carrera llena de triunfos que consolidaron a <a href=\"https:\/\/www.france24.com\/es\/tag\/colombia\/\" target=\"_self\" class=\"gtm-add-suggested-tag\">Colombia<\/a> en el primer plano de este deporte gracias a sus gestas en <a href=\"https:\/\/www.france24.com\/es\/tag\/europa\/\" target=\"_self\" class=\"gtm-add-suggested-tag\">Europa<\/a>.<\/strong><\/p>\n<p>Brillante escalador nacido en el departamento de Boyac\u00e1 (centro), fue uno de los grandes protagonistas del pelot\u00f3n al desafiar a figuras como Chris Froome, Alberto Contador y Vincenzo Nibali.<\/p>\n<blockquote class=\"quote\" readability=\"7.4\">\n<p>\u00abHe venido a contarles que es la \u00faltima temporada que hago como ciclista profesional\u00bb, dijo en una rueda de prensa en la ciudad espa\u00f1ola de <a href=\"https:\/\/www.france24.com\/es\/tag\/girona\/\" target=\"_self\" class=\"gtm-add-suggested-tag\">Girona<\/a> en la v\u00edspera del inicio de la Vuelta a <a href=\"https:\/\/www.france24.com\/es\/tag\/catalu\u00f1a\/\" target=\"_self\" class=\"gtm-add-suggested-tag\">Catalu\u00f1a<\/a>.<\/p>\n<\/blockquote>\n<p>\u00abSer\u00e1 una gran fiesta, ser\u00e1 ese \u00faltimo baile\u00bb, a\u00f1adi\u00f3 conmovido al leer una carta.<\/p>\n<p>La gran obsesi\u00f3n de \u00abNairoman\u00bb o el \u00ab<a href=\"https:\/\/www.france24.com\/es\/tag\/c\u00f3ndor\/\" target=\"_self\" class=\"gtm-add-suggested-tag\">C\u00f3ndor<\/a> de los Andes\u00bb fue el Tour de Francia, pero tuvo que conformarse con tres podios: dos subcampeonatos, en 2013 y 2015, y un tercer puesto, en 2016.<\/p>\n<p>En 2014 conquist\u00f3 un <a href=\"https:\/\/www.france24.com\/es\/tag\/giro-de-italia\/\" target=\"_self\" class=\"gtm-add-suggested-tag\">Giro de Italia<\/a> marcado por el fr\u00edo extremo, la mayor gesta de un latinoamericano hasta ese momento, y en 2016 se coron\u00f3 en la <a href=\"https:\/\/www.france24.com\/es\/tag\/vuelta-a-espa\u00f1a\/\" target=\"_self\" class=\"gtm-add-suggested-tag\">Vuelta a Espa\u00f1a<\/a>, algo que solo hab\u00eda logrado su compatriota Luis \u00abLucho\u00bb Herrera en 1987.<\/p>\n<p>\u00abCada subida, cada ataque, cada meta cruzada, llevan el esfuerzo de ese ni\u00f1o de Boyac\u00e1\u00bb, sostuvo en su despedida.<\/p>\n<p>El adi\u00f3s de Quintana acerca el final de una generaci\u00f3n laureada de ciclistas colombianos como <a href=\"https:\/\/www.france24.com\/es\/tag\/rigoberto-ur\u00e1n\/\" target=\"_self\" class=\"gtm-add-suggested-tag\">Rigoberto Ur\u00e1n<\/a> y Esteban Chaves, ya retirados.<\/p>\n<p>M\u00e1s atr\u00e1s en edad destacan nombres como Miguel \u00c1ngel \u00abSuperman\u00bb L\u00f3pez, que cumple una suspensi\u00f3n de cuatro a\u00f1os por violar reglas antidopaje, y <a href=\"https:\/\/www.france24.com\/es\/tag\/egan-bernal\/\" target=\"_self\" class=\"gtm-add-suggested-tag\">Egan Bernal<\/a>, que a sus 29 a\u00f1os dej\u00f3 de pelear por la corona de las Grandes Vueltas tras un accidente que casi le cuesta la vida en 2022.<\/p>\n<h2><strong>\u00abComo yo so\u00f1\u00e9\u00bb<\/strong><\/h2>\n<p>De origen campesino y personalidad reservada, Quintana es uno de los deportistas m\u00e1s admirados en un pa\u00eds con pasi\u00f3n desbordada por el ciclismo, y por colegas como Bernal, el \u00fanico colombiano que ha ganado el Tour.<\/p>\n<blockquote class=\"quote\" readability=\"6\">\n<p>\u00abQuiero que m\u00e1s ni\u00f1os sue\u00f1en como yo so\u00f1\u00e9\u00bb, agreg\u00f3.<\/p>\n<\/blockquote>\n<p>En 17 a\u00f1os como profesional ha conquistado otras competencias importantes como la Vuelta a <a href=\"https:\/\/www.france24.com\/es\/tag\/catalu\u00f1a\/\" target=\"_self\" class=\"gtm-add-suggested-tag\">Catalu\u00f1a<\/a>, la <a href=\"https:\/\/www.france24.com\/es\/tag\/tirreno-adri\u00e1tico\/\" target=\"_self\" class=\"gtm-add-suggested-tag\">Tirreno-Adri\u00e1tico<\/a>, la <a href=\"https:\/\/www.france24.com\/es\/tag\/vuelta-al-pa\u00eds-vasco\/\" target=\"_self\" class=\"gtm-add-suggested-tag\">Vuelta al Pa\u00eds Vasco<\/a> y el Tour de Romand\u00eda.<\/p>\n<p>\u00abSer\u00e9 recordado de diferentes maneras: (como) ese ciclista luchador que quer\u00eda siempre ganar, representar a su pa\u00eds, que su equipo estuviera en lo m\u00e1s alto\u00bb, agreg\u00f3 al recordar sus inicios humildes.<\/p>\n<p>La mayor parte de su carrera la desarroll\u00f3 en el Movistar Team, donde dej\u00f3 la sensaci\u00f3n de no haber explotado todo su potencial ante equipos con estrategias m\u00e1s s\u00f3lidas y gregarios m\u00e1s fuertes.<\/p>\n<p>En la escuadra espa\u00f1ola su liderazgo estuvo en entredicho en varias temporadas, pese a que se convirti\u00f3 en uno de los pocos ciclistas que desafiaron el dominio de Froome, el mejor de su \u00e9poca.<\/p>\n<p>En 2020 fich\u00f3 por el equipo <a href=\"https:\/\/www.france24.com\/es\/tag\/franc\u00e9s\/\" target=\"_self\" class=\"gtm-add-suggested-tag\">franc\u00e9s<\/a> Ark\u00e9a-Samsic, donde enfrent\u00f3 episodios pol\u00e9micos en medio de investigaciones sobre el uso de sustancias prohibidas.<\/p>\n<p>La <a href=\"https:\/\/www.france24.com\/es\/tag\/uni\u00f3n-ciclista-internacional\/\" target=\"_self\" class=\"gtm-add-suggested-tag\">Uni\u00f3n Ciclista Internacional<\/a> (UCI) lo sancion\u00f3 en 2022 por el uso de tramadol, un analg\u00e9sico prohibido en ese entonces por reglamento m\u00e9dico, por lo que fue descalificado del Tour de ese a\u00f1o, en el que hab\u00eda terminado sexto.<\/p>\n<p>Al a\u00f1o siguiente se qued\u00f3 sin equipo y lleg\u00f3 a considerar el retiro, pero regres\u00f3 al Movistar en <a href=\"https:\/\/www.france24.com\/es\/tag\/2024\/\" target=\"_self\" class=\"gtm-add-suggested-tag\">2024<\/a>.<\/p>\n<blockquote class=\"quote\" readability=\"6\">\n<p>\u00abFue m\u00e1s que un regreso. Fue cerrar un ciclo con el coraz\u00f3n lleno\u00bb, concluy\u00f3.<\/p>\n<\/blockquote>\n","protected":false},"excerpt":{"rendered":"<p>La generaci\u00f3n dorada del ciclismo colombiano despedir\u00e1&#46;&#46;&#46;<\/p>\n","protected":false},"author":1,"featured_media":77191,"comment_status":"closed","ping_status":"closed","sticky":false,"template":"","format":"standard","meta":{"_jetpack_newsletter_access":"","_jetpack_dont_email_post_to_subs":false,"_jetpack_newsletter_tier_id":0,"_jetpack_memberships_contains_paywalled_content":false,"_jetpack_feature_clip_id":0,"_jetpack_memberships_contains_paid_content":false,"footnotes":"","jetpack_publicize_message":"","jetpack_publicize_feature_enabled":true,"jetpack_social_post_already_shared":true,"jetpack_social_options":{"image_generator_settings":{"template":"highway","default_image_id":0,"font":"","enabled":false},"version":2},"jetpack_post_was_ever_published":false},"categories":[48,43],"tags":[],"class_list":["post-77190","post","type-post","status-publish","format-standard","has-post-thumbnail","hentry","category-deportes","category-internacionales"],"yoast_head":"<!-- This site is optimized with the Yoast SEO plugin v28.1 - https:\/\/yoast.com\/product\/yoast-seo-wordpress\/ -->\n<title>Nairo Quintana se retirar\u00e1 en 2026, fin de una era para el ciclismo colombiano - Sarmiento24h<\/title>\n<meta name=\"robots\" content=\"index, follow, max-snippet:-1, max-image-preview:large, max-video-preview:-1\" \/>\n<link rel=\"canonical\" href=\"https:\/\/sarmiento24h.com\/?p=77190\" \/>\n<meta property=\"og:locale\" content=\"es_ES\" \/>\n<meta property=\"og:type\" content=\"article\" \/>\n<meta property=\"og:title\" content=\"Nairo Quintana se retirar\u00e1 en 2026, fin de una era para el ciclismo colombiano - Sarmiento24h\" \/>\n<meta property=\"og:description\" content=\"La generaci\u00f3n dorada del ciclismo colombiano despedir\u00e1&#046;&#046;&#046;\" \/>\n<meta property=\"og:url\" content=\"https:\/\/sarmiento24h.com\/?p=77190\" \/>\n<meta property=\"og:site_name\" content=\"Sarmiento24h\" \/>\n<meta property=\"article:publisher\" content=\"https:\/\/facebook.com\/s24hnoticias\" \/>\n<meta property=\"article:published_time\" content=\"2026-03-22T18:47:11+00:00\" \/>\n<meta property=\"og:image\" content=\"https:\/\/sarmiento24h.com\/wp-content\/uploads\/2026\/03\/nairo-quintana-se-retirara-en-2026-fin-de-una-era-para-el-ciclismo-colombiano.jpg\" \/>\n\t<meta property=\"og:image:width\" content=\"1280\" \/>\n\t<meta property=\"og:image:height\" content=\"720\" \/>\n\t<meta property=\"og:image:type\" content=\"image\/jpeg\" \/>\n<meta name=\"author\" content=\"sarmiento24h@gmail.com\" \/>\n<meta name=\"twitter:card\" content=\"summary_large_image\" \/>\n<meta name=\"twitter:creator\" content=\"@sarmiento24h\" \/>\n<meta name=\"twitter:site\" content=\"@sarmiento24h\" \/>\n<meta name=\"twitter:label1\" content=\"Escrito por\" \/>\n\t<meta name=\"twitter:data1\" content=\"sarmiento24h@gmail.com\" \/>\n\t<meta name=\"twitter:label2\" content=\"Tiempo de lectura\" \/>\n\t<meta name=\"twitter:data2\" content=\"3 minutos\" \/>\n<script type=\"application\/ld+json\" class=\"yoast-schema-graph\">{\"@context\":\"https:\\\/\\\/schema.org\",\"@graph\":[{\"@type\":\"Article\",\"@id\":\"https:\\\/\\\/sarmiento24h.com\\\/?p=77190#article\",\"isPartOf\":{\"@id\":\"https:\\\/\\\/sarmiento24h.com\\\/?p=77190\"},\"author\":{\"name\":\"sarmiento24h@gmail.com\",\"@id\":\"https:\\\/\\\/sarmiento24h.com\\\/#\\\/schema\\\/person\\\/d653a59725ad629a7e0429af7b939d4d\"},\"headline\":\"Nairo Quintana se retirar\u00e1 en 2026, fin de una era para el ciclismo colombiano\",\"datePublished\":\"2026-03-22T18:47:11+00:00\",\"mainEntityOfPage\":{\"@id\":\"https:\\\/\\\/sarmiento24h.com\\\/?p=77190\"},\"wordCount\":645,\"publisher\":{\"@id\":\"https:\\\/\\\/sarmiento24h.com\\\/#organization\"},\"image\":{\"@id\":\"https:\\\/\\\/sarmiento24h.com\\\/?p=77190#primaryimage\"},\"thumbnailUrl\":\"https:\\\/\\\/sarmiento24h.com\\\/wp-content\\\/uploads\\\/2026\\\/03\\\/nairo-quintana-se-retirara-en-2026-fin-de-una-era-para-el-ciclismo-colombiano.jpg\",\"articleSection\":[\"Deportes\",\"Internacionales\"],\"inLanguage\":\"es\"},{\"@type\":\"WebPage\",\"@id\":\"https:\\\/\\\/sarmiento24h.com\\\/?p=77190\",\"url\":\"https:\\\/\\\/sarmiento24h.com\\\/?p=77190\",\"name\":\"Nairo Quintana se retirar\u00e1 en 2026, fin de una era para el ciclismo colombiano - Sarmiento24h\",\"isPartOf\":{\"@id\":\"https:\\\/\\\/sarmiento24h.com\\\/#website\"},\"primaryImageOfPage\":{\"@id\":\"https:\\\/\\\/sarmiento24h.com\\\/?p=77190#primaryimage\"},\"image\":{\"@id\":\"https:\\\/\\\/sarmiento24h.com\\\/?p=77190#primaryimage\"},\"thumbnailUrl\":\"https:\\\/\\\/sarmiento24h.com\\\/wp-content\\\/uploads\\\/2026\\\/03\\\/nairo-quintana-se-retirara-en-2026-fin-de-una-era-para-el-ciclismo-colombiano.jpg\",\"datePublished\":\"2026-03-22T18:47:11+00:00\",\"breadcrumb\":{\"@id\":\"https:\\\/\\\/sarmiento24h.com\\\/?p=77190#breadcrumb\"},\"inLanguage\":\"es\",\"potentialAction\":[{\"@type\":\"ReadAction\",\"target\":[\"https:\\\/\\\/sarmiento24h.com\\\/?p=77190\"]}]},{\"@type\":\"ImageObject\",\"inLanguage\":\"es\",\"@id\":\"https:\\\/\\\/sarmiento24h.com\\\/?p=77190#primaryimage\",\"url\":\"https:\\\/\\\/sarmiento24h.com\\\/wp-content\\\/uploads\\\/2026\\\/03\\\/nairo-quintana-se-retirara-en-2026-fin-de-una-era-para-el-ciclismo-colombiano.jpg\",\"contentUrl\":\"https:\\\/\\\/sarmiento24h.com\\\/wp-content\\\/uploads\\\/2026\\\/03\\\/nairo-quintana-se-retirara-en-2026-fin-de-una-era-para-el-ciclismo-colombiano.jpg\",\"width\":1280,\"height\":720},{\"@type\":\"BreadcrumbList\",\"@id\":\"https:\\\/\\\/sarmiento24h.com\\\/?p=77190#breadcrumb\",\"itemListElement\":[{\"@type\":\"ListItem\",\"position\":1,\"name\":\"Home\",\"item\":\"https:\\\/\\\/sarmiento24h.com\\\/\"},{\"@type\":\"ListItem\",\"position\":2,\"name\":\"Nairo Quintana se retirar\u00e1 en 2026, fin de una era para el ciclismo colombiano\"}]},{\"@type\":\"WebSite\",\"@id\":\"https:\\\/\\\/sarmiento24h.com\\\/#website\",\"url\":\"https:\\\/\\\/sarmiento24h.com\\\/\",\"name\":\"Sarmiento24h\",\"description\":\"\",\"publisher\":{\"@id\":\"https:\\\/\\\/sarmiento24h.com\\\/#organization\"},\"potentialAction\":[{\"@type\":\"SearchAction\",\"target\":{\"@type\":\"EntryPoint\",\"urlTemplate\":\"https:\\\/\\\/sarmiento24h.com\\\/?s={search_term_string}\"},\"query-input\":{\"@type\":\"PropertyValueSpecification\",\"valueRequired\":true,\"valueName\":\"search_term_string\"}}],\"inLanguage\":\"es\"},{\"@type\":\"Organization\",\"@id\":\"https:\\\/\\\/sarmiento24h.com\\\/#organization\",\"name\":\"Sarmiento24h\",\"url\":\"https:\\\/\\\/sarmiento24h.com\\\/\",\"logo\":{\"@type\":\"ImageObject\",\"inLanguage\":\"es\",\"@id\":\"https:\\\/\\\/sarmiento24h.com\\\/#\\\/schema\\\/logo\\\/image\\\/\",\"url\":\"https:\\\/\\\/sarmiento24h.com\\\/wp-content\\\/uploads\\\/2025\\\/12\\\/AddText_12-16-10.30.52.jpg\",\"contentUrl\":\"https:\\\/\\\/sarmiento24h.com\\\/wp-content\\\/uploads\\\/2025\\\/12\\\/AddText_12-16-10.30.52.jpg\",\"width\":1220,\"height\":324,\"caption\":\"Sarmiento24h\"},\"image\":{\"@id\":\"https:\\\/\\\/sarmiento24h.com\\\/#\\\/schema\\\/logo\\\/image\\\/\"},\"sameAs\":[\"https:\\\/\\\/facebook.com\\\/s24hnoticias\",\"https:\\\/\\\/x.com\\\/sarmiento24h\"]},{\"@type\":\"Person\",\"@id\":\"https:\\\/\\\/sarmiento24h.com\\\/#\\\/schema\\\/person\\\/d653a59725ad629a7e0429af7b939d4d\",\"name\":\"sarmiento24h@gmail.com\",\"image\":{\"@type\":\"ImageObject\",\"inLanguage\":\"es\",\"@id\":\"https:\\\/\\\/sarmiento24h.com\\\/wp-content\\\/litespeed\\\/avatar\\\/d02cbc4e23c747e6659cd45907173c8f.jpg?ver=1788047690\",\"url\":\"https:\\\/\\\/sarmiento24h.com\\\/wp-content\\\/litespeed\\\/avatar\\\/d02cbc4e23c747e6659cd45907173c8f.jpg?ver=1788047690\",\"contentUrl\":\"https:\\\/\\\/sarmiento24h.com\\\/wp-content\\\/litespeed\\\/avatar\\\/d02cbc4e23c747e6659cd45907173c8f.jpg?ver=1788047690\",\"caption\":\"sarmiento24h@gmail.com\"},\"sameAs\":[\"https:\\\/\\\/sarmiento24h.com\"],\"url\":\"https:\\\/\\\/sarmiento24h.com\\\/?author=1\"}]}<\/script>\n<!-- \/ Yoast SEO plugin. -->","yoast_head_json":{"title":"Nairo Quintana se retirar\u00e1 en 2026, fin de una era para el ciclismo colombiano - Sarmiento24h","robots":{"index":"index","follow":"follow","max-snippet":"max-snippet:-1","max-image-preview":"max-image-preview:large","max-video-preview":"max-video-preview:-1"},"canonical":"https:\/\/sarmiento24h.com\/?p=77190","og_locale":"es_ES","og_type":"article","og_title":"Nairo Quintana se retirar\u00e1 en 2026, fin de una era para el ciclismo colombiano - Sarmiento24h","og_description":"La generaci\u00f3n dorada del ciclismo colombiano despedir\u00e1&#46;&#46;&#46;","og_url":"https:\/\/sarmiento24h.com\/?p=77190","og_site_name":"Sarmiento24h","article_publisher":"https:\/\/facebook.com\/s24hnoticias","article_published_time":"2026-03-22T18:47:11+00:00","og_image":[{"width":1280,"height":720,"url":"https:\/\/sarmiento24h.com\/wp-content\/uploads\/2026\/03\/nairo-quintana-se-retirara-en-2026-fin-de-una-era-para-el-ciclismo-colombiano.jpg","type":"image\/jpeg"}],"author":"sarmiento24h@gmail.com","twitter_card":"summary_large_image","twitter_creator":"@sarmiento24h","twitter_site":"@sarmiento24h","twitter_misc":{"Escrito por":"sarmiento24h@gmail.com","Tiempo de lectura":"3 minutos"},"schema":{"@context":"https:\/\/schema.org","@graph":[{"@type":"Article","@id":"https:\/\/sarmiento24h.com\/?p=77190#article","isPartOf":{"@id":"https:\/\/sarmiento24h.com\/?p=77190"},"author":{"name":"sarmiento24h@gmail.com","@id":"https:\/\/sarmiento24h.com\/#\/schema\/person\/d653a59725ad629a7e0429af7b939d4d"},"headline":"Nairo Quintana se retirar\u00e1 en 2026, fin de una era para el ciclismo colombiano","datePublished":"2026-03-22T18:47:11+00:00","mainEntityOfPage":{"@id":"https:\/\/sarmiento24h.com\/?p=77190"},"wordCount":645,"publisher":{"@id":"https:\/\/sarmiento24h.com\/#organization"},"image":{"@id":"https:\/\/sarmiento24h.com\/?p=77190#primaryimage"},"thumbnailUrl":"https:\/\/sarmiento24h.com\/wp-content\/uploads\/2026\/03\/nairo-quintana-se-retirara-en-2026-fin-de-una-era-para-el-ciclismo-colombiano.jpg","articleSection":["Deportes","Internacionales"],"inLanguage":"es"},{"@type":"WebPage","@id":"https:\/\/sarmiento24h.com\/?p=77190","url":"https:\/\/sarmiento24h.com\/?p=77190","name":"Nairo Quintana se retirar\u00e1 en 2026, fin de una era para el ciclismo colombiano - Sarmiento24h","isPartOf":{"@id":"https:\/\/sarmiento24h.com\/#website"},"primaryImageOfPage":{"@id":"https:\/\/sarmiento24h.com\/?p=77190#primaryimage"},"image":{"@id":"https:\/\/sarmiento24h.com\/?p=77190#primaryimage"},"thumbnailUrl":"https:\/\/sarmiento24h.com\/wp-content\/uploads\/2026\/03\/nairo-quintana-se-retirara-en-2026-fin-de-una-era-para-el-ciclismo-colombiano.jpg","datePublished":"2026-03-22T18:47:11+00:00","breadcrumb":{"@id":"https:\/\/sarmiento24h.com\/?p=77190#breadcrumb"},"inLanguage":"es","potentialAction":[{"@type":"ReadAction","target":["https:\/\/sarmiento24h.com\/?p=77190"]}]},{"@type":"ImageObject","inLanguage":"es","@id":"https:\/\/sarmiento24h.com\/?p=77190#primaryimage","url":"https:\/\/sarmiento24h.com\/wp-content\/uploads\/2026\/03\/nairo-quintana-se-retirara-en-2026-fin-de-una-era-para-el-ciclismo-colombiano.jpg","contentUrl":"https:\/\/sarmiento24h.com\/wp-content\/uploads\/2026\/03\/nairo-quintana-se-retirara-en-2026-fin-de-una-era-para-el-ciclismo-colombiano.jpg","width":1280,"height":720},{"@type":"BreadcrumbList","@id":"https:\/\/sarmiento24h.com\/?p=77190#breadcrumb","itemListElement":[{"@type":"ListItem","position":1,"name":"Home","item":"https:\/\/sarmiento24h.com\/"},{"@type":"ListItem","position":2,"name":"Nairo Quintana se retirar\u00e1 en 2026, fin de una era para el ciclismo colombiano"}]},{"@type":"WebSite","@id":"https:\/\/sarmiento24h.com\/#website","url":"https:\/\/sarmiento24h.com\/","name":"Sarmiento24h","description":"","publisher":{"@id":"https:\/\/sarmiento24h.com\/#organization"},"potentialAction":[{"@type":"SearchAction","target":{"@type":"EntryPoint","urlTemplate":"https:\/\/sarmiento24h.com\/?s={search_term_string}"},"query-input":{"@type":"PropertyValueSpecification","valueRequired":true,"valueName":"search_term_string"}}],"inLanguage":"es"},{"@type":"Organization","@id":"https:\/\/sarmiento24h.com\/#organization","name":"Sarmiento24h","url":"https:\/\/sarmiento24h.com\/","logo":{"@type":"ImageObject","inLanguage":"es","@id":"https:\/\/sarmiento24h.com\/#\/schema\/logo\/image\/","url":"https:\/\/sarmiento24h.com\/wp-content\/uploads\/2025\/12\/AddText_12-16-10.30.52.jpg","contentUrl":"https:\/\/sarmiento24h.com\/wp-content\/uploads\/2025\/12\/AddText_12-16-10.30.52.jpg","width":1220,"height":324,"caption":"Sarmiento24h"},"image":{"@id":"https:\/\/sarmiento24h.com\/#\/schema\/logo\/image\/"},"sameAs":["https:\/\/facebook.com\/s24hnoticias","https:\/\/x.com\/sarmiento24h"]},{"@type":"Person","@id":"https:\/\/sarmiento24h.com\/#\/schema\/person\/d653a59725ad629a7e0429af7b939d4d","name":"sarmiento24h@gmail.com","image":{"@type":"ImageObject","inLanguage":"es","@id":"https:\/\/sarmiento24h.com\/wp-content\/litespeed\/avatar\/d02cbc4e23c747e6659cd45907173c8f.jpg?ver=1788047690","url":"https:\/\/sarmiento24h.com\/wp-content\/litespeed\/avatar\/d02cbc4e23c747e6659cd45907173c8f.jpg?ver=1788047690","contentUrl":"https:\/\/sarmiento24h.com\/wp-content\/litespeed\/avatar\/d02cbc4e23c747e6659cd45907173c8f.jpg?ver=1788047690","caption":"sarmiento24h@gmail.com"},"sameAs":["https:\/\/sarmiento24h.com"],"url":"https:\/\/sarmiento24h.com\/?author=1"}]}},"jetpack_publicize_connections":[],"jetpack_featured_media_url":"https:\/\/sarmiento24h.com\/wp-content\/uploads\/2026\/03\/nairo-quintana-se-retirara-en-2026-fin-de-una-era-para-el-ciclismo-colombiano.jpg","jetpack_sharing_enabled":true,"_links":{"self":[{"href":"https:\/\/sarmiento24h.com\/index.php?rest_route=\/wp\/v2\/posts\/77190","targetHints":{"allow":["GET"]}}],"collection":[{"href":"https:\/\/sarmiento24h.com\/index.php?rest_route=\/wp\/v2\/posts"}],"about":[{"href":"https:\/\/sarmiento24h.com\/index.php?rest_route=\/wp\/v2\/types\/post"}],"author":[{"embeddable":true,"href":"https:\/\/sarmiento24h.com\/index.php?rest_route=\/wp\/v2\/users\/1"}],"replies":[{"embeddable":true,"href":"https:\/\/sarmiento24h.com\/index.php?rest_route=%2Fwp%2Fv2%2Fcomments&post=77190"}],"version-history":[{"count":0,"href":"https:\/\/sarmiento24h.com\/index.php?rest_route=\/wp\/v2\/posts\/77190\/revisions"}],"wp:featuredmedia":[{"embeddable":true,"href":"https:\/\/sarmiento24h.com\/index.php?rest_route=\/wp\/v2\/media\/77191"}],"wp:attachment":[{"href":"https:\/\/sarmiento24h.com\/index.php?rest_route=%2Fwp%2Fv2%2Fmedia&parent=77190"}],"wp:term":[{"taxonomy":"category","embeddable":true,"href":"https:\/\/sarmiento24h.com\/index.php?rest_route=%2Fwp%2Fv2%2Fcategories&post=77190"},{"taxonomy":"post_tag","embeddable":true,"href":"https:\/\/sarmiento24h.com\/index.php?rest_route=%2Fwp%2Fv2%2Ftags&post=77190"}],"curies":[{"name":"wp","href":"https:\/\/api.w.org\/{rel}","templated":true}]}}