{"id":7761,"date":"2026-01-21T05:13:17","date_gmt":"2026-01-21T05:13:17","guid":{"rendered":"http:\/\/almomento.net\/?p=1093536"},"modified":"2026-01-21T05:13:17","modified_gmt":"2026-01-21T05:13:17","slug":"intec-y-la-fundacion-brugal-apoyaran-desarrollo-docentes","status":"publish","type":"post","link":"https:\/\/sarmiento24h.com\/?p=7761","title":{"rendered":"INTEC y la Fundaci\u00f3n Brugal apoyar\u00e1n desarrollo docentes"},"content":{"rendered":"<p><!-- .entry-header --> <\/p>\n<div class=\"img_center\" readability=\"7\"> <a href=\"https:\/\/almomento.net\/wp-content\/uploads\/2026\/01\/Arturo-del-Villar-y-Augusto-Ramirez.jpg\" alt=\"INTEC y la Fundaci\u00f3n Brugal apoyar\u00e1n desarrollo docentes\" title=\"INTEC y la Fundaci\u00f3n Brugal apoyar\u00e1n desarrollo docentes\" data-toggle=\"lightbox\" class=\"thickbox\"><img decoding=\"async\" src=\"https:\/\/almomento.net\/wp-content\/uploads\/2026\/01\/Arturo-del-Villar-y-Augusto-Ramirez.jpg\" class=\"attachment-post-thumbnail size-post-thumbnail wp-post-image\" alt=\"imagen\" title=\"INTEC y la Fundaci\u00f3n Brugal apoyar\u00e1n desarrollo docentes\" data-toggle data-title=\"INTEC y la Fundaci\u00f3n Brugal apoyar\u00e1n desarrollo docentes\"><\/a><\/p>\n<p>Arturo del Villar y Augusto Ramirez<\/p>\n<\/p><\/div>\n<p>SANTO DOMINGO.- El Instituto Tecnol\u00f3gico de Santo Domingo (INTEC) y el Fondo para la Educaci\u00f3n de la Fundaci\u00f3n Brugal han suscrito un acuerdo de colaboraci\u00f3n para impulsar la calidad educativa en el pa\u00eds.<\/p>\n<p>El convenio tiene como objetivo principal fortalecer las competencias de maestros y equipos de gesti\u00f3n en lectura, escritura, matem\u00e1ticas y ciencias, desde una perspectiva did\u00e1ctica, basada en la nueva orientaci\u00f3n curricular del sistema educativo dominicano y en los lineamientos de las pol\u00edticas educativas nacionales.<\/p>\n<div readability=\"39\">\n<p dir=\"ltr\">El proyecto contempla acciones de formaci\u00f3n continua y acompa\u00f1amiento t\u00e9cnico-pedag\u00f3gico para docentes en servicio en tres centros educativos del nivel primario en Santo Domingo, San Pedro de Macor\u00eds y Puerto Plata.<\/p>\n<p dir=\"ltr\">Con una duraci\u00f3n de doce meses y una vigencia de dos a\u00f1os, esta iniciativa busca impactar de manera directa en la mejora de la pr\u00e1ctica docente y la calidad de la ense\u00f1anza.<\/p>\n<p dir=\"ltr\">\u201cLa Fundaci\u00f3n Brugal siempre ha estado comprometida con la formaci\u00f3n de las nuevas generaciones de dominicanos y, con esta alianza, contribuiremos de una manera directa a la formaci\u00f3n de los docentes de tres comunidades que han sido parte esencial de nuestra historia\u201d, destac\u00f3 Augusto Ram\u00edrez, presidente de la Fundaci\u00f3n Brugal.<\/p>\n<p dir=\"ltr\">La amplia experiencia de INTEC como instituci\u00f3n educativa garantizar\u00e1 la calidad t\u00e9cnica y metodol\u00f3gica del proyecto, que incluye el dise\u00f1o e implementaci\u00f3n de programas de formaci\u00f3n, acompa\u00f1amiento a los equipos de gesti\u00f3n, informes de avance y una evaluaci\u00f3n final del impacto.<\/p>\n<p dir=\"ltr\">\u201cPara nuestra universidad es motivo de orgullo y de gran satisfacci\u00f3n unir esfuerzos con aliados como la Fundaci\u00f3n Brugal, que comparten nuestra misi\u00f3n de alcanzar la transformaci\u00f3n social de la Rep\u00fablica Dominicana, mediante la educaci\u00f3n. Nuestra universidad apuesta a la formaci\u00f3n STEM como estrategia clave del desarrollo sostenible y esta alianza es prueba de ello\u201d, expuso Arturo Del Villar, rector del INTEC.<\/p>\n<p dir=\"ltr\">of-am<\/p>\n<\/div>\n<div class=\"heateor_sss_sharing_container heateor_sss_horizontal_sharing\" data-heateor-sss-href=\"https:\/\/almomento.net\/intec-y-la-fundacion-brugal-apoyaran-desarrollo-docentes\/\" readability=\"7\">\n<p>Comp\u00e1rtelo en tus redes:<\/p>\n<\/div>\n<p> <!-- 468x60 --><br \/>\n<ins class=\"adsbygoogle\" data-ad-client=\"ca-pub-3511341636159665\" data-ad-slot=\"3538255450\"><\/ins> <!-- .entry-content --> <\/p>\n","protected":false},"excerpt":{"rendered":"<p>Arturo del Villar y Augusto Ramirez SANTO&#46;&#46;&#46;<\/p>\n","protected":false},"author":1,"featured_media":7762,"comment_status":"closed","ping_status":"closed","sticky":false,"template":"","format":"standard","meta":{"_jetpack_memberships_contains_paid_content":false,"footnotes":"","jetpack_publicize_message":"","jetpack_publicize_feature_enabled":true,"jetpack_social_post_already_shared":false,"jetpack_social_options":{"image_generator_settings":{"template":"highway","default_image_id":0,"font":"","enabled":false},"version":2}},"categories":[45],"tags":[],"class_list":["post-7761","post","type-post","status-publish","format-standard","has-post-thumbnail","hentry","category-variedades"],"yoast_head":"<!-- This site is optimized with the Yoast SEO plugin v27.3 - https:\/\/yoast.com\/product\/yoast-seo-wordpress\/ -->\n<title>INTEC y la Fundaci\u00f3n Brugal apoyar\u00e1n desarrollo docentes - Sarmiento24h<\/title>\n<meta name=\"robots\" content=\"index, follow, max-snippet:-1, max-image-preview:large, max-video-preview:-1\" \/>\n<link rel=\"canonical\" href=\"https:\/\/sarmiento24h.com\/?p=7761\" \/>\n<meta property=\"og:locale\" content=\"es_ES\" \/>\n<meta property=\"og:type\" content=\"article\" \/>\n<meta property=\"og:title\" content=\"INTEC y la Fundaci\u00f3n Brugal apoyar\u00e1n desarrollo docentes - Sarmiento24h\" \/>\n<meta property=\"og:description\" content=\"Arturo del Villar y Augusto Ramirez SANTO&#046;&#046;&#046;\" \/>\n<meta property=\"og:url\" content=\"https:\/\/sarmiento24h.com\/?p=7761\" \/>\n<meta property=\"og:site_name\" content=\"Sarmiento24h\" \/>\n<meta property=\"article:publisher\" content=\"https:\/\/facebook.com\/s24hnoticias\" \/>\n<meta property=\"article:published_time\" content=\"2026-01-21T05:13:17+00:00\" \/>\n<meta property=\"og:image\" content=\"https:\/\/sarmiento24h.com\/wp-content\/uploads\/2026\/01\/intec-y-la-fundacion-brugal-apoyaran-desarrollo-docentes.jpg\" \/>\n\t<meta property=\"og:image:width\" content=\"600\" \/>\n\t<meta property=\"og:image:height\" content=\"400\" \/>\n\t<meta property=\"og:image:type\" content=\"image\/jpeg\" \/>\n<meta name=\"author\" content=\"sarmiento24h@gmail.com\" \/>\n<meta name=\"twitter:card\" content=\"summary_large_image\" \/>\n<meta name=\"twitter:creator\" content=\"@sarmiento24h\" \/>\n<meta name=\"twitter:site\" content=\"@sarmiento24h\" \/>\n<meta name=\"twitter:label1\" content=\"Escrito por\" \/>\n\t<meta name=\"twitter:data1\" content=\"sarmiento24h@gmail.com\" \/>\n\t<meta name=\"twitter:label2\" content=\"Tiempo de lectura\" \/>\n\t<meta name=\"twitter:data2\" content=\"2 minutos\" \/>\n<script type=\"application\/ld+json\" class=\"yoast-schema-graph\">{\"@context\":\"https:\\\/\\\/schema.org\",\"@graph\":[{\"@type\":\"Article\",\"@id\":\"https:\\\/\\\/sarmiento24h.com\\\/?p=7761#article\",\"isPartOf\":{\"@id\":\"https:\\\/\\\/sarmiento24h.com\\\/?p=7761\"},\"author\":{\"name\":\"sarmiento24h@gmail.com\",\"@id\":\"https:\\\/\\\/sarmiento24h.com\\\/#\\\/schema\\\/person\\\/d653a59725ad629a7e0429af7b939d4d\"},\"headline\":\"INTEC y la Fundaci\u00f3n Brugal apoyar\u00e1n desarrollo docentes\",\"datePublished\":\"2026-01-21T05:13:17+00:00\",\"mainEntityOfPage\":{\"@id\":\"https:\\\/\\\/sarmiento24h.com\\\/?p=7761\"},\"wordCount\":356,\"publisher\":{\"@id\":\"https:\\\/\\\/sarmiento24h.com\\\/#organization\"},\"image\":{\"@id\":\"https:\\\/\\\/sarmiento24h.com\\\/?p=7761#primaryimage\"},\"thumbnailUrl\":\"https:\\\/\\\/sarmiento24h.com\\\/wp-content\\\/uploads\\\/2026\\\/01\\\/intec-y-la-fundacion-brugal-apoyaran-desarrollo-docentes.jpg\",\"articleSection\":[\"Variedades\"],\"inLanguage\":\"es\"},{\"@type\":\"WebPage\",\"@id\":\"https:\\\/\\\/sarmiento24h.com\\\/?p=7761\",\"url\":\"https:\\\/\\\/sarmiento24h.com\\\/?p=7761\",\"name\":\"INTEC y la Fundaci\u00f3n Brugal apoyar\u00e1n desarrollo docentes - Sarmiento24h\",\"isPartOf\":{\"@id\":\"https:\\\/\\\/sarmiento24h.com\\\/#website\"},\"primaryImageOfPage\":{\"@id\":\"https:\\\/\\\/sarmiento24h.com\\\/?p=7761#primaryimage\"},\"image\":{\"@id\":\"https:\\\/\\\/sarmiento24h.com\\\/?p=7761#primaryimage\"},\"thumbnailUrl\":\"https:\\\/\\\/sarmiento24h.com\\\/wp-content\\\/uploads\\\/2026\\\/01\\\/intec-y-la-fundacion-brugal-apoyaran-desarrollo-docentes.jpg\",\"datePublished\":\"2026-01-21T05:13:17+00:00\",\"breadcrumb\":{\"@id\":\"https:\\\/\\\/sarmiento24h.com\\\/?p=7761#breadcrumb\"},\"inLanguage\":\"es\",\"potentialAction\":[{\"@type\":\"ReadAction\",\"target\":[\"https:\\\/\\\/sarmiento24h.com\\\/?p=7761\"]}]},{\"@type\":\"ImageObject\",\"inLanguage\":\"es\",\"@id\":\"https:\\\/\\\/sarmiento24h.com\\\/?p=7761#primaryimage\",\"url\":\"https:\\\/\\\/sarmiento24h.com\\\/wp-content\\\/uploads\\\/2026\\\/01\\\/intec-y-la-fundacion-brugal-apoyaran-desarrollo-docentes.jpg\",\"contentUrl\":\"https:\\\/\\\/sarmiento24h.com\\\/wp-content\\\/uploads\\\/2026\\\/01\\\/intec-y-la-fundacion-brugal-apoyaran-desarrollo-docentes.jpg\",\"width\":600,\"height\":400},{\"@type\":\"BreadcrumbList\",\"@id\":\"https:\\\/\\\/sarmiento24h.com\\\/?p=7761#breadcrumb\",\"itemListElement\":[{\"@type\":\"ListItem\",\"position\":1,\"name\":\"Home\",\"item\":\"https:\\\/\\\/sarmiento24h.com\\\/\"},{\"@type\":\"ListItem\",\"position\":2,\"name\":\"INTEC y la Fundaci\u00f3n Brugal apoyar\u00e1n desarrollo docentes\"}]},{\"@type\":\"WebSite\",\"@id\":\"https:\\\/\\\/sarmiento24h.com\\\/#website\",\"url\":\"https:\\\/\\\/sarmiento24h.com\\\/\",\"name\":\"Sarmiento24h\",\"description\":\"\",\"publisher\":{\"@id\":\"https:\\\/\\\/sarmiento24h.com\\\/#organization\"},\"potentialAction\":[{\"@type\":\"SearchAction\",\"target\":{\"@type\":\"EntryPoint\",\"urlTemplate\":\"https:\\\/\\\/sarmiento24h.com\\\/?s={search_term_string}\"},\"query-input\":{\"@type\":\"PropertyValueSpecification\",\"valueRequired\":true,\"valueName\":\"search_term_string\"}}],\"inLanguage\":\"es\"},{\"@type\":\"Organization\",\"@id\":\"https:\\\/\\\/sarmiento24h.com\\\/#organization\",\"name\":\"Sarmiento24h\",\"url\":\"https:\\\/\\\/sarmiento24h.com\\\/\",\"logo\":{\"@type\":\"ImageObject\",\"inLanguage\":\"es\",\"@id\":\"https:\\\/\\\/sarmiento24h.com\\\/#\\\/schema\\\/logo\\\/image\\\/\",\"url\":\"https:\\\/\\\/sarmiento24h.com\\\/wp-content\\\/uploads\\\/2025\\\/12\\\/AddText_12-16-10.30.52.jpg\",\"contentUrl\":\"https:\\\/\\\/sarmiento24h.com\\\/wp-content\\\/uploads\\\/2025\\\/12\\\/AddText_12-16-10.30.52.jpg\",\"width\":1220,\"height\":324,\"caption\":\"Sarmiento24h\"},\"image\":{\"@id\":\"https:\\\/\\\/sarmiento24h.com\\\/#\\\/schema\\\/logo\\\/image\\\/\"},\"sameAs\":[\"https:\\\/\\\/facebook.com\\\/s24hnoticias\",\"https:\\\/\\\/x.com\\\/sarmiento24h\"]},{\"@type\":\"Person\",\"@id\":\"https:\\\/\\\/sarmiento24h.com\\\/#\\\/schema\\\/person\\\/d653a59725ad629a7e0429af7b939d4d\",\"name\":\"sarmiento24h@gmail.com\",\"image\":{\"@type\":\"ImageObject\",\"inLanguage\":\"es\",\"@id\":\"https:\\\/\\\/sarmiento24h.com\\\/wp-content\\\/litespeed\\\/avatar\\\/d02cbc4e23c747e6659cd45907173c8f.jpg?ver=1777157796\",\"url\":\"https:\\\/\\\/sarmiento24h.com\\\/wp-content\\\/litespeed\\\/avatar\\\/d02cbc4e23c747e6659cd45907173c8f.jpg?ver=1777157796\",\"contentUrl\":\"https:\\\/\\\/sarmiento24h.com\\\/wp-content\\\/litespeed\\\/avatar\\\/d02cbc4e23c747e6659cd45907173c8f.jpg?ver=1777157796\",\"caption\":\"sarmiento24h@gmail.com\"},\"sameAs\":[\"https:\\\/\\\/sarmiento24h.com\"],\"url\":\"https:\\\/\\\/sarmiento24h.com\\\/?author=1\"}]}<\/script>\n<!-- \/ Yoast SEO plugin. -->","yoast_head_json":{"title":"INTEC y la Fundaci\u00f3n Brugal apoyar\u00e1n desarrollo docentes - Sarmiento24h","robots":{"index":"index","follow":"follow","max-snippet":"max-snippet:-1","max-image-preview":"max-image-preview:large","max-video-preview":"max-video-preview:-1"},"canonical":"https:\/\/sarmiento24h.com\/?p=7761","og_locale":"es_ES","og_type":"article","og_title":"INTEC y la Fundaci\u00f3n Brugal apoyar\u00e1n desarrollo docentes - Sarmiento24h","og_description":"Arturo del Villar y Augusto Ramirez SANTO&#46;&#46;&#46;","og_url":"https:\/\/sarmiento24h.com\/?p=7761","og_site_name":"Sarmiento24h","article_publisher":"https:\/\/facebook.com\/s24hnoticias","article_published_time":"2026-01-21T05:13:17+00:00","og_image":[{"width":600,"height":400,"url":"https:\/\/sarmiento24h.com\/wp-content\/uploads\/2026\/01\/intec-y-la-fundacion-brugal-apoyaran-desarrollo-docentes.jpg","type":"image\/jpeg"}],"author":"sarmiento24h@gmail.com","twitter_card":"summary_large_image","twitter_creator":"@sarmiento24h","twitter_site":"@sarmiento24h","twitter_misc":{"Escrito por":"sarmiento24h@gmail.com","Tiempo de lectura":"2 minutos"},"schema":{"@context":"https:\/\/schema.org","@graph":[{"@type":"Article","@id":"https:\/\/sarmiento24h.com\/?p=7761#article","isPartOf":{"@id":"https:\/\/sarmiento24h.com\/?p=7761"},"author":{"name":"sarmiento24h@gmail.com","@id":"https:\/\/sarmiento24h.com\/#\/schema\/person\/d653a59725ad629a7e0429af7b939d4d"},"headline":"INTEC y la Fundaci\u00f3n Brugal apoyar\u00e1n desarrollo docentes","datePublished":"2026-01-21T05:13:17+00:00","mainEntityOfPage":{"@id":"https:\/\/sarmiento24h.com\/?p=7761"},"wordCount":356,"publisher":{"@id":"https:\/\/sarmiento24h.com\/#organization"},"image":{"@id":"https:\/\/sarmiento24h.com\/?p=7761#primaryimage"},"thumbnailUrl":"https:\/\/sarmiento24h.com\/wp-content\/uploads\/2026\/01\/intec-y-la-fundacion-brugal-apoyaran-desarrollo-docentes.jpg","articleSection":["Variedades"],"inLanguage":"es"},{"@type":"WebPage","@id":"https:\/\/sarmiento24h.com\/?p=7761","url":"https:\/\/sarmiento24h.com\/?p=7761","name":"INTEC y la Fundaci\u00f3n Brugal apoyar\u00e1n desarrollo docentes - Sarmiento24h","isPartOf":{"@id":"https:\/\/sarmiento24h.com\/#website"},"primaryImageOfPage":{"@id":"https:\/\/sarmiento24h.com\/?p=7761#primaryimage"},"image":{"@id":"https:\/\/sarmiento24h.com\/?p=7761#primaryimage"},"thumbnailUrl":"https:\/\/sarmiento24h.com\/wp-content\/uploads\/2026\/01\/intec-y-la-fundacion-brugal-apoyaran-desarrollo-docentes.jpg","datePublished":"2026-01-21T05:13:17+00:00","breadcrumb":{"@id":"https:\/\/sarmiento24h.com\/?p=7761#breadcrumb"},"inLanguage":"es","potentialAction":[{"@type":"ReadAction","target":["https:\/\/sarmiento24h.com\/?p=7761"]}]},{"@type":"ImageObject","inLanguage":"es","@id":"https:\/\/sarmiento24h.com\/?p=7761#primaryimage","url":"https:\/\/sarmiento24h.com\/wp-content\/uploads\/2026\/01\/intec-y-la-fundacion-brugal-apoyaran-desarrollo-docentes.jpg","contentUrl":"https:\/\/sarmiento24h.com\/wp-content\/uploads\/2026\/01\/intec-y-la-fundacion-brugal-apoyaran-desarrollo-docentes.jpg","width":600,"height":400},{"@type":"BreadcrumbList","@id":"https:\/\/sarmiento24h.com\/?p=7761#breadcrumb","itemListElement":[{"@type":"ListItem","position":1,"name":"Home","item":"https:\/\/sarmiento24h.com\/"},{"@type":"ListItem","position":2,"name":"INTEC y la Fundaci\u00f3n Brugal apoyar\u00e1n desarrollo docentes"}]},{"@type":"WebSite","@id":"https:\/\/sarmiento24h.com\/#website","url":"https:\/\/sarmiento24h.com\/","name":"Sarmiento24h","description":"","publisher":{"@id":"https:\/\/sarmiento24h.com\/#organization"},"potentialAction":[{"@type":"SearchAction","target":{"@type":"EntryPoint","urlTemplate":"https:\/\/sarmiento24h.com\/?s={search_term_string}"},"query-input":{"@type":"PropertyValueSpecification","valueRequired":true,"valueName":"search_term_string"}}],"inLanguage":"es"},{"@type":"Organization","@id":"https:\/\/sarmiento24h.com\/#organization","name":"Sarmiento24h","url":"https:\/\/sarmiento24h.com\/","logo":{"@type":"ImageObject","inLanguage":"es","@id":"https:\/\/sarmiento24h.com\/#\/schema\/logo\/image\/","url":"https:\/\/sarmiento24h.com\/wp-content\/uploads\/2025\/12\/AddText_12-16-10.30.52.jpg","contentUrl":"https:\/\/sarmiento24h.com\/wp-content\/uploads\/2025\/12\/AddText_12-16-10.30.52.jpg","width":1220,"height":324,"caption":"Sarmiento24h"},"image":{"@id":"https:\/\/sarmiento24h.com\/#\/schema\/logo\/image\/"},"sameAs":["https:\/\/facebook.com\/s24hnoticias","https:\/\/x.com\/sarmiento24h"]},{"@type":"Person","@id":"https:\/\/sarmiento24h.com\/#\/schema\/person\/d653a59725ad629a7e0429af7b939d4d","name":"sarmiento24h@gmail.com","image":{"@type":"ImageObject","inLanguage":"es","@id":"https:\/\/sarmiento24h.com\/wp-content\/litespeed\/avatar\/d02cbc4e23c747e6659cd45907173c8f.jpg?ver=1777157796","url":"https:\/\/sarmiento24h.com\/wp-content\/litespeed\/avatar\/d02cbc4e23c747e6659cd45907173c8f.jpg?ver=1777157796","contentUrl":"https:\/\/sarmiento24h.com\/wp-content\/litespeed\/avatar\/d02cbc4e23c747e6659cd45907173c8f.jpg?ver=1777157796","caption":"sarmiento24h@gmail.com"},"sameAs":["https:\/\/sarmiento24h.com"],"url":"https:\/\/sarmiento24h.com\/?author=1"}]}},"jetpack_publicize_connections":[],"jetpack_featured_media_url":"https:\/\/sarmiento24h.com\/wp-content\/uploads\/2026\/01\/intec-y-la-fundacion-brugal-apoyaran-desarrollo-docentes.jpg","jetpack_sharing_enabled":true,"_links":{"self":[{"href":"https:\/\/sarmiento24h.com\/index.php?rest_route=\/wp\/v2\/posts\/7761","targetHints":{"allow":["GET"]}}],"collection":[{"href":"https:\/\/sarmiento24h.com\/index.php?rest_route=\/wp\/v2\/posts"}],"about":[{"href":"https:\/\/sarmiento24h.com\/index.php?rest_route=\/wp\/v2\/types\/post"}],"author":[{"embeddable":true,"href":"https:\/\/sarmiento24h.com\/index.php?rest_route=\/wp\/v2\/users\/1"}],"replies":[{"embeddable":true,"href":"https:\/\/sarmiento24h.com\/index.php?rest_route=%2Fwp%2Fv2%2Fcomments&post=7761"}],"version-history":[{"count":0,"href":"https:\/\/sarmiento24h.com\/index.php?rest_route=\/wp\/v2\/posts\/7761\/revisions"}],"wp:featuredmedia":[{"embeddable":true,"href":"https:\/\/sarmiento24h.com\/index.php?rest_route=\/wp\/v2\/media\/7762"}],"wp:attachment":[{"href":"https:\/\/sarmiento24h.com\/index.php?rest_route=%2Fwp%2Fv2%2Fmedia&parent=7761"}],"wp:term":[{"taxonomy":"category","embeddable":true,"href":"https:\/\/sarmiento24h.com\/index.php?rest_route=%2Fwp%2Fv2%2Fcategories&post=7761"},{"taxonomy":"post_tag","embeddable":true,"href":"https:\/\/sarmiento24h.com\/index.php?rest_route=%2Fwp%2Fv2%2Ftags&post=7761"}],"curies":[{"name":"wp","href":"https:\/\/api.w.org\/{rel}","templated":true}]}}