{"id":7888,"date":"2026-01-22T05:14:36","date_gmt":"2026-01-22T05:14:36","guid":{"rendered":"http:\/\/almomento.net\/?p=1093721"},"modified":"2026-01-22T05:14:36","modified_gmt":"2026-01-22T05:14:36","slug":"inauguran-exposicion-jardines-de-la-reina-mirada-al-turismo","status":"publish","type":"post","link":"https:\/\/sarmiento24h.com\/?p=7888","title":{"rendered":"Inauguran exposici\u00f3n \u201cJardines de la Reina\u201d, mirada al turismo\u00bb"},"content":{"rendered":"<p><!-- .entry-header --> <\/p>\n<div class=\"img_center\" readability=\"9\"> <a href=\"https:\/\/almomento.net\/wp-content\/uploads\/2026\/01\/Josee-Oscar-Orsini-Bosch-Gibel-Orsini-de-Jimeenez-Noel-Loepez-y-Josee-Alejandro-Aelvarez.jpg\" alt=\"Inauguran exposici\u00f3n \u201cJardines de la Reina\u201d, mirada al turismo\u00bb\" title=\"Inauguran exposici\u00f3n \u201cJardines de la Reina\u201d, mirada al turismo\u00bb\" data-toggle=\"lightbox\" class=\"thickbox\"><img decoding=\"async\" src=\"https:\/\/almomento.net\/wp-content\/uploads\/2026\/01\/Josee-Oscar-Orsini-Bosch-Gibel-Orsini-de-Jimeenez-Noel-Loepez-y-Josee-Alejandro-Aelvarez.jpg\" class=\"attachment-post-thumbnail size-post-thumbnail wp-post-image\" alt=\"imagen\" title=\"Inauguran exposici\u00f3n \u201cJardines de la Reina\u201d, mirada al turismo\u00bb\" data-toggle data-title=\"Inauguran exposici\u00f3n \u201cJardines de la Reina\u201d, mirada al turismo\u00bb\"><\/a><\/p>\n<p>Jose\u011b Oscar Orsini Bosch, Gibel Orsini de Jime\u011bnez, Noel Lo\u011bpez y Jose\u011b Alejandro A\u011blvarez.<\/p>\n<\/p><\/div>\n<p>SANTO DOMINGO. \u2013 Con la presencia de invitados especiales, representantes del sector ambiental y amantes de la fotograf\u00eda, qued\u00f3 inaugurada la exposici\u00f3n fotogr\u00e1fica \u201cJardines de la Reina: Refugio de los arquitectos invisibles del mar\u201d,&nbsp;del fot\u00f3grafo y camar\u00f3grafo submarino cubano Noel Enrique L\u00f3pez Fern\u00e1ndez, en el centro comercial Galer\u00eda 360.<\/p>\n<p>La muestra, patrocinada por la&nbsp;Compa\u00f1\u00eda de Luz y Fuerza de las Terrenas, propone un recorrido visual por uno de los ecosistemas marinos mejor conservados del Caribe y destaca la experiencia de Cuba en la gesti\u00f3n sostenible de sus recursos marinos, integrando arte, ciencia y conservaci\u00f3n. A trav\u00e9s de impactantes im\u00e1genes submarinas, la exposici\u00f3n evidencia c\u00f3mo un modelo de turismo de inmersi\u00f3n responsable con tiburones y otras especies, basado en criterios cient\u00edficos y \u00e9ticos, puede coexistir con la protecci\u00f3n ambiental y generar beneficios econ\u00f3micos significativos.<\/p>\n<p>Durante la inauguraci\u00f3n, se destac\u00f3 que las im\u00e1genes documentan la experiencia del archipi\u00e9lago Jardines de la Reina, donde el turismo de buceo genera millones de d\u00f3lares anuales y sostiene numerosos empleos, demostrando que la conservaci\u00f3n de la naturaleza no solo es una decisi\u00f3n \u00e9tica, sino tambi\u00e9n una estrategia econ\u00f3micamente viable. En ese contexto, la exposici\u00f3n invita a reflexionar sobre el potencial de replicar este modelo en la Rep\u00fablica Dominicana.<\/p>\n<p>El autor de la muestra,&nbsp;Noel Enrique L\u00f3pez Fern\u00e1ndez,&nbsp;jefe del Centro de Buceo de Jardines de la Reina desde 1996, comparti\u00f3 parte de su trayectoria profesional y la motivaci\u00f3n detr\u00e1s de la exposici\u00f3n. \u201cEsta muestra nace de muchos a\u00f1os de trabajo bajo el agua y de una motivaci\u00f3n profunda por interpretar y mostrar los valores que existen en el oc\u00e9ano. Mi intenci\u00f3n es demostrar que, con un manejo adecuado, es posible proteger y conservar los recursos marinos para las generaciones futuras\u201d, expres\u00f3.<\/p>\n<p>Por su parte, el ingeniero&nbsp;Jos\u00e9 \u00d3scar Orsini Bosch, presidente de la&nbsp;Compa\u00f1\u00eda de Luz y Fuerza de Las Terrenas&nbsp;y principal patrocinador de la actividad, resalt\u00f3 la importancia del mensaje que transmite la exposici\u00f3n. \u201cJardines de la Reina es una prueba concreta de que el turismo responsable puede generar empleo, riqueza y conocimiento, al tiempo que protege uno de los patrimonios marinos m\u00e1s valiosos del Caribe. La Rep\u00fablica Dominicana tiene el potencial para desarrollar modelos similares si se apuesta por una visi\u00f3n de desarrollo sostenible\u201d, afirm\u00f3.<\/p>\n<p>Por su parte, &nbsp;Jos\u00e9 Luis Gerhartz,&nbsp;Secretario del Corredor Biol\u00f3gico del Caribe, explic\u00f3 c\u00f3mo desde esta iniciativa regional se promueve la conectividad ecol\u00f3gica y la cooperaci\u00f3n entre pa\u00edses del Caribe, entendiendo la conservaci\u00f3n como un eje estrat\u00e9gico para la resiliencia clim\u00e1tica y el desarrollo sostenible de la regi\u00f3n.<\/p>\n<p>La exposici\u00f3n fue curada por&nbsp;Jos\u00e9 Alejandro \u00c1lvarez, fot\u00f3grafo subacu\u00e1tico con m\u00e1s de tres d\u00e9cadas de experiencia, quien se\u00f1al\u00f3 que las im\u00e1genes seleccionadas buscan educar, sensibilizar y enamorar al espectador, mostrando un Caribe que hoy solo sobrevive en contados espacios protegidos.<\/p>\n<p>La exhibici\u00f3n estar\u00e1 abierta al p\u00fablico desde el 16 de enero y durante todo el mes de febrero de 2026 en el pasillo Sur del centro comercial Galer\u00eda 360, como una invitaci\u00f3n a contemplar la magnitud de la vida marina que puede florecer cuando la conservaci\u00f3n se convierte en prioridad y a imaginar nuevas posibilidades para el desarrollo de un turismo marino sostenible en el pa\u00eds.<\/p>\n<p>of-am<\/p>\n<div class=\"heateor_sss_sharing_container heateor_sss_horizontal_sharing\" data-heateor-sss-href=\"https:\/\/almomento.net\/inauguran-exposicion-jardines-de-la-reina-mirada-al-turismo\/\" readability=\"7\">\n<p>Comp\u00e1rtelo en tus redes:<\/p>\n<\/div>\n<p> <!-- 468x60 --><br \/>\n<ins class=\"adsbygoogle\" data-ad-client=\"ca-pub-3511341636159665\" data-ad-slot=\"3538255450\"><\/ins> <!-- .entry-content --> <\/p>\n","protected":false},"excerpt":{"rendered":"<p>Jose\u011b Oscar Orsini Bosch, Gibel Orsini de&#46;&#46;&#46;<\/p>\n","protected":false},"author":1,"featured_media":7889,"comment_status":"closed","ping_status":"closed","sticky":false,"template":"","format":"standard","meta":{"_jetpack_memberships_contains_paid_content":false,"footnotes":"","jetpack_publicize_message":"","jetpack_publicize_feature_enabled":true,"jetpack_social_post_already_shared":false,"jetpack_social_options":{"image_generator_settings":{"template":"highway","default_image_id":0,"font":"","enabled":false},"version":2}},"categories":[45],"tags":[],"class_list":["post-7888","post","type-post","status-publish","format-standard","has-post-thumbnail","hentry","category-variedades"],"yoast_head":"<!-- This site is optimized with the Yoast SEO plugin v27.3 - https:\/\/yoast.com\/product\/yoast-seo-wordpress\/ -->\n<title>Inauguran exposici\u00f3n \u201cJardines de la Reina\u201d, mirada al turismo\u00bb - Sarmiento24h<\/title>\n<meta name=\"robots\" content=\"index, follow, max-snippet:-1, max-image-preview:large, max-video-preview:-1\" \/>\n<link rel=\"canonical\" href=\"https:\/\/sarmiento24h.com\/?p=7888\" \/>\n<meta property=\"og:locale\" content=\"es_ES\" \/>\n<meta property=\"og:type\" content=\"article\" \/>\n<meta property=\"og:title\" content=\"Inauguran exposici\u00f3n \u201cJardines de la Reina\u201d, mirada al turismo\u00bb - Sarmiento24h\" \/>\n<meta property=\"og:description\" content=\"Jose\u011b Oscar Orsini Bosch, Gibel Orsini de&#046;&#046;&#046;\" \/>\n<meta property=\"og:url\" content=\"https:\/\/sarmiento24h.com\/?p=7888\" \/>\n<meta property=\"og:site_name\" content=\"Sarmiento24h\" \/>\n<meta property=\"article:publisher\" content=\"https:\/\/facebook.com\/s24hnoticias\" \/>\n<meta property=\"article:published_time\" content=\"2026-01-22T05:14:36+00:00\" \/>\n<meta property=\"og:image\" content=\"https:\/\/sarmiento24h.com\/wp-content\/uploads\/2026\/01\/inauguran-exposicion-jardines-de-la-reina-mirada-al-turismo.jpg\" \/>\n\t<meta property=\"og:image:width\" content=\"547\" \/>\n\t<meta property=\"og:image:height\" content=\"365\" \/>\n\t<meta property=\"og:image:type\" content=\"image\/jpeg\" \/>\n<meta name=\"author\" content=\"sarmiento24h@gmail.com\" \/>\n<meta name=\"twitter:card\" content=\"summary_large_image\" \/>\n<meta name=\"twitter:creator\" content=\"@sarmiento24h\" \/>\n<meta name=\"twitter:site\" content=\"@sarmiento24h\" \/>\n<meta name=\"twitter:label1\" content=\"Escrito por\" \/>\n\t<meta name=\"twitter:data1\" content=\"sarmiento24h@gmail.com\" \/>\n\t<meta name=\"twitter:label2\" content=\"Tiempo de lectura\" \/>\n\t<meta name=\"twitter:data2\" content=\"3 minutos\" \/>\n<script type=\"application\/ld+json\" class=\"yoast-schema-graph\">{\"@context\":\"https:\\\/\\\/schema.org\",\"@graph\":[{\"@type\":\"Article\",\"@id\":\"https:\\\/\\\/sarmiento24h.com\\\/?p=7888#article\",\"isPartOf\":{\"@id\":\"https:\\\/\\\/sarmiento24h.com\\\/?p=7888\"},\"author\":{\"name\":\"sarmiento24h@gmail.com\",\"@id\":\"https:\\\/\\\/sarmiento24h.com\\\/#\\\/schema\\\/person\\\/d653a59725ad629a7e0429af7b939d4d\"},\"headline\":\"Inauguran exposici\u00f3n \u201cJardines de la Reina\u201d, mirada al turismo\u00bb\",\"datePublished\":\"2026-01-22T05:14:36+00:00\",\"mainEntityOfPage\":{\"@id\":\"https:\\\/\\\/sarmiento24h.com\\\/?p=7888\"},\"wordCount\":631,\"publisher\":{\"@id\":\"https:\\\/\\\/sarmiento24h.com\\\/#organization\"},\"image\":{\"@id\":\"https:\\\/\\\/sarmiento24h.com\\\/?p=7888#primaryimage\"},\"thumbnailUrl\":\"https:\\\/\\\/sarmiento24h.com\\\/wp-content\\\/uploads\\\/2026\\\/01\\\/inauguran-exposicion-jardines-de-la-reina-mirada-al-turismo.jpg\",\"articleSection\":[\"Variedades\"],\"inLanguage\":\"es\"},{\"@type\":\"WebPage\",\"@id\":\"https:\\\/\\\/sarmiento24h.com\\\/?p=7888\",\"url\":\"https:\\\/\\\/sarmiento24h.com\\\/?p=7888\",\"name\":\"Inauguran exposici\u00f3n \u201cJardines de la Reina\u201d, mirada al turismo\u00bb - Sarmiento24h\",\"isPartOf\":{\"@id\":\"https:\\\/\\\/sarmiento24h.com\\\/#website\"},\"primaryImageOfPage\":{\"@id\":\"https:\\\/\\\/sarmiento24h.com\\\/?p=7888#primaryimage\"},\"image\":{\"@id\":\"https:\\\/\\\/sarmiento24h.com\\\/?p=7888#primaryimage\"},\"thumbnailUrl\":\"https:\\\/\\\/sarmiento24h.com\\\/wp-content\\\/uploads\\\/2026\\\/01\\\/inauguran-exposicion-jardines-de-la-reina-mirada-al-turismo.jpg\",\"datePublished\":\"2026-01-22T05:14:36+00:00\",\"breadcrumb\":{\"@id\":\"https:\\\/\\\/sarmiento24h.com\\\/?p=7888#breadcrumb\"},\"inLanguage\":\"es\",\"potentialAction\":[{\"@type\":\"ReadAction\",\"target\":[\"https:\\\/\\\/sarmiento24h.com\\\/?p=7888\"]}]},{\"@type\":\"ImageObject\",\"inLanguage\":\"es\",\"@id\":\"https:\\\/\\\/sarmiento24h.com\\\/?p=7888#primaryimage\",\"url\":\"https:\\\/\\\/sarmiento24h.com\\\/wp-content\\\/uploads\\\/2026\\\/01\\\/inauguran-exposicion-jardines-de-la-reina-mirada-al-turismo.jpg\",\"contentUrl\":\"https:\\\/\\\/sarmiento24h.com\\\/wp-content\\\/uploads\\\/2026\\\/01\\\/inauguran-exposicion-jardines-de-la-reina-mirada-al-turismo.jpg\",\"width\":547,\"height\":365},{\"@type\":\"BreadcrumbList\",\"@id\":\"https:\\\/\\\/sarmiento24h.com\\\/?p=7888#breadcrumb\",\"itemListElement\":[{\"@type\":\"ListItem\",\"position\":1,\"name\":\"Home\",\"item\":\"https:\\\/\\\/sarmiento24h.com\\\/\"},{\"@type\":\"ListItem\",\"position\":2,\"name\":\"Inauguran exposici\u00f3n \u201cJardines de la Reina\u201d, mirada al turismo\u00bb\"}]},{\"@type\":\"WebSite\",\"@id\":\"https:\\\/\\\/sarmiento24h.com\\\/#website\",\"url\":\"https:\\\/\\\/sarmiento24h.com\\\/\",\"name\":\"Sarmiento24h\",\"description\":\"\",\"publisher\":{\"@id\":\"https:\\\/\\\/sarmiento24h.com\\\/#organization\"},\"potentialAction\":[{\"@type\":\"SearchAction\",\"target\":{\"@type\":\"EntryPoint\",\"urlTemplate\":\"https:\\\/\\\/sarmiento24h.com\\\/?s={search_term_string}\"},\"query-input\":{\"@type\":\"PropertyValueSpecification\",\"valueRequired\":true,\"valueName\":\"search_term_string\"}}],\"inLanguage\":\"es\"},{\"@type\":\"Organization\",\"@id\":\"https:\\\/\\\/sarmiento24h.com\\\/#organization\",\"name\":\"Sarmiento24h\",\"url\":\"https:\\\/\\\/sarmiento24h.com\\\/\",\"logo\":{\"@type\":\"ImageObject\",\"inLanguage\":\"es\",\"@id\":\"https:\\\/\\\/sarmiento24h.com\\\/#\\\/schema\\\/logo\\\/image\\\/\",\"url\":\"https:\\\/\\\/sarmiento24h.com\\\/wp-content\\\/uploads\\\/2025\\\/12\\\/AddText_12-16-10.30.52.jpg\",\"contentUrl\":\"https:\\\/\\\/sarmiento24h.com\\\/wp-content\\\/uploads\\\/2025\\\/12\\\/AddText_12-16-10.30.52.jpg\",\"width\":1220,\"height\":324,\"caption\":\"Sarmiento24h\"},\"image\":{\"@id\":\"https:\\\/\\\/sarmiento24h.com\\\/#\\\/schema\\\/logo\\\/image\\\/\"},\"sameAs\":[\"https:\\\/\\\/facebook.com\\\/s24hnoticias\",\"https:\\\/\\\/x.com\\\/sarmiento24h\"]},{\"@type\":\"Person\",\"@id\":\"https:\\\/\\\/sarmiento24h.com\\\/#\\\/schema\\\/person\\\/d653a59725ad629a7e0429af7b939d4d\",\"name\":\"sarmiento24h@gmail.com\",\"image\":{\"@type\":\"ImageObject\",\"inLanguage\":\"es\",\"@id\":\"https:\\\/\\\/sarmiento24h.com\\\/wp-content\\\/litespeed\\\/avatar\\\/d02cbc4e23c747e6659cd45907173c8f.jpg?ver=1777157796\",\"url\":\"https:\\\/\\\/sarmiento24h.com\\\/wp-content\\\/litespeed\\\/avatar\\\/d02cbc4e23c747e6659cd45907173c8f.jpg?ver=1777157796\",\"contentUrl\":\"https:\\\/\\\/sarmiento24h.com\\\/wp-content\\\/litespeed\\\/avatar\\\/d02cbc4e23c747e6659cd45907173c8f.jpg?ver=1777157796\",\"caption\":\"sarmiento24h@gmail.com\"},\"sameAs\":[\"https:\\\/\\\/sarmiento24h.com\"],\"url\":\"https:\\\/\\\/sarmiento24h.com\\\/?author=1\"}]}<\/script>\n<!-- \/ Yoast SEO plugin. -->","yoast_head_json":{"title":"Inauguran exposici\u00f3n \u201cJardines de la Reina\u201d, mirada al turismo\u00bb - Sarmiento24h","robots":{"index":"index","follow":"follow","max-snippet":"max-snippet:-1","max-image-preview":"max-image-preview:large","max-video-preview":"max-video-preview:-1"},"canonical":"https:\/\/sarmiento24h.com\/?p=7888","og_locale":"es_ES","og_type":"article","og_title":"Inauguran exposici\u00f3n \u201cJardines de la Reina\u201d, mirada al turismo\u00bb - Sarmiento24h","og_description":"Jose\u011b Oscar Orsini Bosch, Gibel Orsini de&#46;&#46;&#46;","og_url":"https:\/\/sarmiento24h.com\/?p=7888","og_site_name":"Sarmiento24h","article_publisher":"https:\/\/facebook.com\/s24hnoticias","article_published_time":"2026-01-22T05:14:36+00:00","og_image":[{"width":547,"height":365,"url":"https:\/\/sarmiento24h.com\/wp-content\/uploads\/2026\/01\/inauguran-exposicion-jardines-de-la-reina-mirada-al-turismo.jpg","type":"image\/jpeg"}],"author":"sarmiento24h@gmail.com","twitter_card":"summary_large_image","twitter_creator":"@sarmiento24h","twitter_site":"@sarmiento24h","twitter_misc":{"Escrito por":"sarmiento24h@gmail.com","Tiempo de lectura":"3 minutos"},"schema":{"@context":"https:\/\/schema.org","@graph":[{"@type":"Article","@id":"https:\/\/sarmiento24h.com\/?p=7888#article","isPartOf":{"@id":"https:\/\/sarmiento24h.com\/?p=7888"},"author":{"name":"sarmiento24h@gmail.com","@id":"https:\/\/sarmiento24h.com\/#\/schema\/person\/d653a59725ad629a7e0429af7b939d4d"},"headline":"Inauguran exposici\u00f3n \u201cJardines de la Reina\u201d, mirada al turismo\u00bb","datePublished":"2026-01-22T05:14:36+00:00","mainEntityOfPage":{"@id":"https:\/\/sarmiento24h.com\/?p=7888"},"wordCount":631,"publisher":{"@id":"https:\/\/sarmiento24h.com\/#organization"},"image":{"@id":"https:\/\/sarmiento24h.com\/?p=7888#primaryimage"},"thumbnailUrl":"https:\/\/sarmiento24h.com\/wp-content\/uploads\/2026\/01\/inauguran-exposicion-jardines-de-la-reina-mirada-al-turismo.jpg","articleSection":["Variedades"],"inLanguage":"es"},{"@type":"WebPage","@id":"https:\/\/sarmiento24h.com\/?p=7888","url":"https:\/\/sarmiento24h.com\/?p=7888","name":"Inauguran exposici\u00f3n \u201cJardines de la Reina\u201d, mirada al turismo\u00bb - Sarmiento24h","isPartOf":{"@id":"https:\/\/sarmiento24h.com\/#website"},"primaryImageOfPage":{"@id":"https:\/\/sarmiento24h.com\/?p=7888#primaryimage"},"image":{"@id":"https:\/\/sarmiento24h.com\/?p=7888#primaryimage"},"thumbnailUrl":"https:\/\/sarmiento24h.com\/wp-content\/uploads\/2026\/01\/inauguran-exposicion-jardines-de-la-reina-mirada-al-turismo.jpg","datePublished":"2026-01-22T05:14:36+00:00","breadcrumb":{"@id":"https:\/\/sarmiento24h.com\/?p=7888#breadcrumb"},"inLanguage":"es","potentialAction":[{"@type":"ReadAction","target":["https:\/\/sarmiento24h.com\/?p=7888"]}]},{"@type":"ImageObject","inLanguage":"es","@id":"https:\/\/sarmiento24h.com\/?p=7888#primaryimage","url":"https:\/\/sarmiento24h.com\/wp-content\/uploads\/2026\/01\/inauguran-exposicion-jardines-de-la-reina-mirada-al-turismo.jpg","contentUrl":"https:\/\/sarmiento24h.com\/wp-content\/uploads\/2026\/01\/inauguran-exposicion-jardines-de-la-reina-mirada-al-turismo.jpg","width":547,"height":365},{"@type":"BreadcrumbList","@id":"https:\/\/sarmiento24h.com\/?p=7888#breadcrumb","itemListElement":[{"@type":"ListItem","position":1,"name":"Home","item":"https:\/\/sarmiento24h.com\/"},{"@type":"ListItem","position":2,"name":"Inauguran exposici\u00f3n \u201cJardines de la Reina\u201d, mirada al turismo\u00bb"}]},{"@type":"WebSite","@id":"https:\/\/sarmiento24h.com\/#website","url":"https:\/\/sarmiento24h.com\/","name":"Sarmiento24h","description":"","publisher":{"@id":"https:\/\/sarmiento24h.com\/#organization"},"potentialAction":[{"@type":"SearchAction","target":{"@type":"EntryPoint","urlTemplate":"https:\/\/sarmiento24h.com\/?s={search_term_string}"},"query-input":{"@type":"PropertyValueSpecification","valueRequired":true,"valueName":"search_term_string"}}],"inLanguage":"es"},{"@type":"Organization","@id":"https:\/\/sarmiento24h.com\/#organization","name":"Sarmiento24h","url":"https:\/\/sarmiento24h.com\/","logo":{"@type":"ImageObject","inLanguage":"es","@id":"https:\/\/sarmiento24h.com\/#\/schema\/logo\/image\/","url":"https:\/\/sarmiento24h.com\/wp-content\/uploads\/2025\/12\/AddText_12-16-10.30.52.jpg","contentUrl":"https:\/\/sarmiento24h.com\/wp-content\/uploads\/2025\/12\/AddText_12-16-10.30.52.jpg","width":1220,"height":324,"caption":"Sarmiento24h"},"image":{"@id":"https:\/\/sarmiento24h.com\/#\/schema\/logo\/image\/"},"sameAs":["https:\/\/facebook.com\/s24hnoticias","https:\/\/x.com\/sarmiento24h"]},{"@type":"Person","@id":"https:\/\/sarmiento24h.com\/#\/schema\/person\/d653a59725ad629a7e0429af7b939d4d","name":"sarmiento24h@gmail.com","image":{"@type":"ImageObject","inLanguage":"es","@id":"https:\/\/sarmiento24h.com\/wp-content\/litespeed\/avatar\/d02cbc4e23c747e6659cd45907173c8f.jpg?ver=1777157796","url":"https:\/\/sarmiento24h.com\/wp-content\/litespeed\/avatar\/d02cbc4e23c747e6659cd45907173c8f.jpg?ver=1777157796","contentUrl":"https:\/\/sarmiento24h.com\/wp-content\/litespeed\/avatar\/d02cbc4e23c747e6659cd45907173c8f.jpg?ver=1777157796","caption":"sarmiento24h@gmail.com"},"sameAs":["https:\/\/sarmiento24h.com"],"url":"https:\/\/sarmiento24h.com\/?author=1"}]}},"jetpack_publicize_connections":[],"jetpack_featured_media_url":"https:\/\/sarmiento24h.com\/wp-content\/uploads\/2026\/01\/inauguran-exposicion-jardines-de-la-reina-mirada-al-turismo.jpg","jetpack_sharing_enabled":true,"_links":{"self":[{"href":"https:\/\/sarmiento24h.com\/index.php?rest_route=\/wp\/v2\/posts\/7888","targetHints":{"allow":["GET"]}}],"collection":[{"href":"https:\/\/sarmiento24h.com\/index.php?rest_route=\/wp\/v2\/posts"}],"about":[{"href":"https:\/\/sarmiento24h.com\/index.php?rest_route=\/wp\/v2\/types\/post"}],"author":[{"embeddable":true,"href":"https:\/\/sarmiento24h.com\/index.php?rest_route=\/wp\/v2\/users\/1"}],"replies":[{"embeddable":true,"href":"https:\/\/sarmiento24h.com\/index.php?rest_route=%2Fwp%2Fv2%2Fcomments&post=7888"}],"version-history":[{"count":0,"href":"https:\/\/sarmiento24h.com\/index.php?rest_route=\/wp\/v2\/posts\/7888\/revisions"}],"wp:featuredmedia":[{"embeddable":true,"href":"https:\/\/sarmiento24h.com\/index.php?rest_route=\/wp\/v2\/media\/7889"}],"wp:attachment":[{"href":"https:\/\/sarmiento24h.com\/index.php?rest_route=%2Fwp%2Fv2%2Fmedia&parent=7888"}],"wp:term":[{"taxonomy":"category","embeddable":true,"href":"https:\/\/sarmiento24h.com\/index.php?rest_route=%2Fwp%2Fv2%2Fcategories&post=7888"},{"taxonomy":"post_tag","embeddable":true,"href":"https:\/\/sarmiento24h.com\/index.php?rest_route=%2Fwp%2Fv2%2Ftags&post=7888"}],"curies":[{"name":"wp","href":"https:\/\/api.w.org\/{rel}","templated":true}]}}