{"id":7958,"date":"2026-01-22T20:13:43","date_gmt":"2026-01-22T20:13:43","guid":{"rendered":"http:\/\/almomento.net\/?p=1093879"},"modified":"2026-01-22T20:13:43","modified_gmt":"2026-01-22T20:13:43","slug":"al-menos-un-fallecido-y-13-lesionados-dia-de-la-altagracia","status":"publish","type":"post","link":"https:\/\/sarmiento24h.com\/?p=7958","title":{"rendered":"Al menos un fallecido y 13 lesionados D\u00eda de la Altagracia"},"content":{"rendered":"<p><!-- .entry-header --> <\/p>\n<div class=\"img_center\"> <a href=\"https:\/\/almomento.net\/wp-content\/uploads\/2026\/01\/Prevencion-accidente.jpg\" alt=\"Al menos un fallecido y 13 lesionados D\u00eda de la Altagracia\" title=\"Al menos un fallecido y 13 lesionados D\u00eda de la Altagracia\" data-toggle=\"lightbox\" class=\"thickbox\"><img decoding=\"async\" src=\"https:\/\/almomento.net\/wp-content\/uploads\/2026\/01\/Prevencion-accidente.jpg\" class=\"attachment-post-thumbnail size-post-thumbnail wp-post-image\" alt=\"imagen\" title=\"Al menos un fallecido y 13 lesionados D\u00eda de la Altagracia\" data-toggle data-title=\"Al menos un fallecido y 13 lesionados D\u00eda de la Altagracia\"><\/a><\/p>\n<p>Prevenci\u00f3n accidentes.<\/p>\n<\/p><\/div>\n<p>Santo Domingo, 22 ene (Prensa Latina) Al menos una persona falleci\u00f3 y 13 resultaron lesionadas en accidentes de tr\u00e1nsito durante las celebraciones del D\u00eda de Nuestra Se\u00f1ora de la Altagracia en la Rep\u00fablica Dominicana, inform\u00f3 hoy el Centro de Operaciones de Emergencias (COE).<\/p>\n<p>La v\u00edspera, miles de fieles cat\u00f3licos se movilizaron en distintas zonas del pa\u00eds, principalmente hacia la Bas\u00edlica de Hig\u00fcey, provincia La Altagracia, en el este del pa\u00eds, para rendir homenaje a la Virgen de la Altagracia, considerada madre protectora del pueblo dominicano, en una tradici\u00f3n que se celebra cada 21 de enero.<\/p>\n<p>De acuerdo con el COE, durante el operativo se registraron seis accidentes de tr\u00e1nsito, que involucraron dos motocicletas, un carro, un autob\u00fas y una yipeta.<\/p>\n<p><strong>MAS DE 3 MIL ASISTENCIAS VIALES Y 498 ATENCIONES MEDICAS<\/strong><\/p>\n<p>El organismo precis\u00f3 que la persona fallecida perdi\u00f3 la vida en un hecho ocurrido fuera del dispositivo de seguridad desplegado este mi\u00e9rcoles.<\/p>\n<p>El informe tambi\u00e9n se\u00f1ala que al menos 20 personas fueron reportadas como extraviadas, entre ni\u00f1os, adolescentes y adultos, quienes posteriormente recibieron asistencia de las autoridades.<\/p>\n<p>Durante el desarrollo del operativo, las instituciones de respuesta ofrecieron tres mil 995 asistencias viales y 498 atenciones m\u00e9dicas.<\/p>\n<p>La Direcci\u00f3n General de Seguridad de Tr\u00e1nsito y Transporte Terrestre (Digesett) realiz\u00f3 mil 335 fiscalizaciones en el \u00e1rea bajo cobertura del operativo, la mayor\u00eda a motociclistas, de las cuales 414 correspondieron a infracciones por transitar sin casco protector.<\/p>\n<p><strong>DIGESETT RETUVO 19 VEHICULOS LIVIANOS Y 122 MOTOCICLETAS<\/strong><\/p>\n<p>Asimismo, la Digesett retuvo 19 veh\u00edculos livianos y 122 motocicletas por violaciones a la Ley de Tr\u00e1nsito No. 63-17, y ejecut\u00f3 tres mil 463 asistencias viales adicionales.<\/p>\n<p>El Centro de Operaciones de Emergencias Regional Este -instalado dentro del per\u00edmetro de la Bas\u00edlica de Hig\u00fcey- y la Defensa Civil tambi\u00e9n brindaron apoyo.<\/p>\n<p>El D\u00eda de Nuestra Se\u00f1ora de la Altagracia es una de las festividades religiosas m\u00e1s importantes del pa\u00eds y honra a la Virgen de la Altagracia, considerada la madre espiritual y protectora del pueblo dominicano.<\/p>\n<p>En esta fecha se realizan misas, procesiones y actos de devoci\u00f3n en todo el territorio nacional.<\/p>\n<p>ro\/mpv<\/p>\n<div class=\"heateor_sss_sharing_container heateor_sss_horizontal_sharing\" data-heateor-sss-href=\"https:\/\/almomento.net\/al-menos-un-fallecido-y-13-lesionados-dia-de-la-altagracia\/\" readability=\"7\">\n<p>Comp\u00e1rtelo en tus redes:<\/p>\n<\/div>\n<p> <!-- 468x60 --><br \/>\n<ins class=\"adsbygoogle\" data-ad-client=\"ca-pub-3511341636159665\" data-ad-slot=\"3538255450\"><\/ins> <!-- .entry-content --> <\/p>\n","protected":false},"excerpt":{"rendered":"<p>Prevenci\u00f3n accidentes. Santo Domingo, 22 ene (Prensa&#46;&#46;&#46;<\/p>\n","protected":false},"author":1,"featured_media":7959,"comment_status":"closed","ping_status":"closed","sticky":false,"template":"","format":"standard","meta":{"_jetpack_memberships_contains_paid_content":false,"footnotes":"","jetpack_publicize_message":"","jetpack_publicize_feature_enabled":true,"jetpack_social_post_already_shared":false,"jetpack_social_options":{"image_generator_settings":{"template":"highway","default_image_id":0,"font":"","enabled":false},"version":2}},"categories":[69],"tags":[],"class_list":["post-7958","post","type-post","status-publish","format-standard","has-post-thumbnail","hentry","category-portada"],"yoast_head":"<!-- This site is optimized with the Yoast SEO plugin v27.3 - https:\/\/yoast.com\/product\/yoast-seo-wordpress\/ -->\n<title>Al menos un fallecido y 13 lesionados D\u00eda de la Altagracia - Sarmiento24h<\/title>\n<meta name=\"robots\" content=\"index, follow, max-snippet:-1, max-image-preview:large, max-video-preview:-1\" \/>\n<link rel=\"canonical\" href=\"https:\/\/sarmiento24h.com\/?p=7958\" \/>\n<meta property=\"og:locale\" content=\"es_ES\" \/>\n<meta property=\"og:type\" content=\"article\" \/>\n<meta property=\"og:title\" content=\"Al menos un fallecido y 13 lesionados D\u00eda de la Altagracia - Sarmiento24h\" \/>\n<meta property=\"og:description\" content=\"Prevenci\u00f3n accidentes. Santo Domingo, 22 ene (Prensa&#046;&#046;&#046;\" \/>\n<meta property=\"og:url\" content=\"https:\/\/sarmiento24h.com\/?p=7958\" \/>\n<meta property=\"og:site_name\" content=\"Sarmiento24h\" \/>\n<meta property=\"article:publisher\" content=\"https:\/\/facebook.com\/s24hnoticias\" \/>\n<meta property=\"article:published_time\" content=\"2026-01-22T20:13:43+00:00\" \/>\n<meta property=\"og:image\" content=\"https:\/\/sarmiento24h.com\/wp-content\/uploads\/2026\/01\/al-menos-un-fallecido-y-13-lesionados-dia-de-la-altagracia.jpg\" \/>\n\t<meta property=\"og:image:width\" content=\"1024\" \/>\n\t<meta property=\"og:image:height\" content=\"618\" \/>\n\t<meta property=\"og:image:type\" content=\"image\/jpeg\" \/>\n<meta name=\"author\" content=\"sarmiento24h@gmail.com\" \/>\n<meta name=\"twitter:card\" content=\"summary_large_image\" \/>\n<meta name=\"twitter:creator\" content=\"@sarmiento24h\" \/>\n<meta name=\"twitter:site\" content=\"@sarmiento24h\" \/>\n<meta name=\"twitter:label1\" content=\"Escrito por\" \/>\n\t<meta name=\"twitter:data1\" content=\"sarmiento24h@gmail.com\" \/>\n\t<meta name=\"twitter:label2\" content=\"Tiempo de lectura\" \/>\n\t<meta name=\"twitter:data2\" content=\"2 minutos\" \/>\n<script type=\"application\/ld+json\" class=\"yoast-schema-graph\">{\"@context\":\"https:\\\/\\\/schema.org\",\"@graph\":[{\"@type\":\"Article\",\"@id\":\"https:\\\/\\\/sarmiento24h.com\\\/?p=7958#article\",\"isPartOf\":{\"@id\":\"https:\\\/\\\/sarmiento24h.com\\\/?p=7958\"},\"author\":{\"name\":\"sarmiento24h@gmail.com\",\"@id\":\"https:\\\/\\\/sarmiento24h.com\\\/#\\\/schema\\\/person\\\/d653a59725ad629a7e0429af7b939d4d\"},\"headline\":\"Al menos un fallecido y 13 lesionados D\u00eda de la Altagracia\",\"datePublished\":\"2026-01-22T20:13:43+00:00\",\"mainEntityOfPage\":{\"@id\":\"https:\\\/\\\/sarmiento24h.com\\\/?p=7958\"},\"wordCount\":382,\"publisher\":{\"@id\":\"https:\\\/\\\/sarmiento24h.com\\\/#organization\"},\"image\":{\"@id\":\"https:\\\/\\\/sarmiento24h.com\\\/?p=7958#primaryimage\"},\"thumbnailUrl\":\"https:\\\/\\\/sarmiento24h.com\\\/wp-content\\\/uploads\\\/2026\\\/01\\\/al-menos-un-fallecido-y-13-lesionados-dia-de-la-altagracia.jpg\",\"articleSection\":[\"Portada\"],\"inLanguage\":\"es\"},{\"@type\":\"WebPage\",\"@id\":\"https:\\\/\\\/sarmiento24h.com\\\/?p=7958\",\"url\":\"https:\\\/\\\/sarmiento24h.com\\\/?p=7958\",\"name\":\"Al menos un fallecido y 13 lesionados D\u00eda de la Altagracia - Sarmiento24h\",\"isPartOf\":{\"@id\":\"https:\\\/\\\/sarmiento24h.com\\\/#website\"},\"primaryImageOfPage\":{\"@id\":\"https:\\\/\\\/sarmiento24h.com\\\/?p=7958#primaryimage\"},\"image\":{\"@id\":\"https:\\\/\\\/sarmiento24h.com\\\/?p=7958#primaryimage\"},\"thumbnailUrl\":\"https:\\\/\\\/sarmiento24h.com\\\/wp-content\\\/uploads\\\/2026\\\/01\\\/al-menos-un-fallecido-y-13-lesionados-dia-de-la-altagracia.jpg\",\"datePublished\":\"2026-01-22T20:13:43+00:00\",\"breadcrumb\":{\"@id\":\"https:\\\/\\\/sarmiento24h.com\\\/?p=7958#breadcrumb\"},\"inLanguage\":\"es\",\"potentialAction\":[{\"@type\":\"ReadAction\",\"target\":[\"https:\\\/\\\/sarmiento24h.com\\\/?p=7958\"]}]},{\"@type\":\"ImageObject\",\"inLanguage\":\"es\",\"@id\":\"https:\\\/\\\/sarmiento24h.com\\\/?p=7958#primaryimage\",\"url\":\"https:\\\/\\\/sarmiento24h.com\\\/wp-content\\\/uploads\\\/2026\\\/01\\\/al-menos-un-fallecido-y-13-lesionados-dia-de-la-altagracia.jpg\",\"contentUrl\":\"https:\\\/\\\/sarmiento24h.com\\\/wp-content\\\/uploads\\\/2026\\\/01\\\/al-menos-un-fallecido-y-13-lesionados-dia-de-la-altagracia.jpg\",\"width\":1024,\"height\":618},{\"@type\":\"BreadcrumbList\",\"@id\":\"https:\\\/\\\/sarmiento24h.com\\\/?p=7958#breadcrumb\",\"itemListElement\":[{\"@type\":\"ListItem\",\"position\":1,\"name\":\"Home\",\"item\":\"https:\\\/\\\/sarmiento24h.com\\\/\"},{\"@type\":\"ListItem\",\"position\":2,\"name\":\"Al menos un fallecido y 13 lesionados D\u00eda de la Altagracia\"}]},{\"@type\":\"WebSite\",\"@id\":\"https:\\\/\\\/sarmiento24h.com\\\/#website\",\"url\":\"https:\\\/\\\/sarmiento24h.com\\\/\",\"name\":\"Sarmiento24h\",\"description\":\"\",\"publisher\":{\"@id\":\"https:\\\/\\\/sarmiento24h.com\\\/#organization\"},\"potentialAction\":[{\"@type\":\"SearchAction\",\"target\":{\"@type\":\"EntryPoint\",\"urlTemplate\":\"https:\\\/\\\/sarmiento24h.com\\\/?s={search_term_string}\"},\"query-input\":{\"@type\":\"PropertyValueSpecification\",\"valueRequired\":true,\"valueName\":\"search_term_string\"}}],\"inLanguage\":\"es\"},{\"@type\":\"Organization\",\"@id\":\"https:\\\/\\\/sarmiento24h.com\\\/#organization\",\"name\":\"Sarmiento24h\",\"url\":\"https:\\\/\\\/sarmiento24h.com\\\/\",\"logo\":{\"@type\":\"ImageObject\",\"inLanguage\":\"es\",\"@id\":\"https:\\\/\\\/sarmiento24h.com\\\/#\\\/schema\\\/logo\\\/image\\\/\",\"url\":\"https:\\\/\\\/sarmiento24h.com\\\/wp-content\\\/uploads\\\/2025\\\/12\\\/AddText_12-16-10.30.52.jpg\",\"contentUrl\":\"https:\\\/\\\/sarmiento24h.com\\\/wp-content\\\/uploads\\\/2025\\\/12\\\/AddText_12-16-10.30.52.jpg\",\"width\":1220,\"height\":324,\"caption\":\"Sarmiento24h\"},\"image\":{\"@id\":\"https:\\\/\\\/sarmiento24h.com\\\/#\\\/schema\\\/logo\\\/image\\\/\"},\"sameAs\":[\"https:\\\/\\\/facebook.com\\\/s24hnoticias\",\"https:\\\/\\\/x.com\\\/sarmiento24h\"]},{\"@type\":\"Person\",\"@id\":\"https:\\\/\\\/sarmiento24h.com\\\/#\\\/schema\\\/person\\\/d653a59725ad629a7e0429af7b939d4d\",\"name\":\"sarmiento24h@gmail.com\",\"image\":{\"@type\":\"ImageObject\",\"inLanguage\":\"es\",\"@id\":\"https:\\\/\\\/sarmiento24h.com\\\/wp-content\\\/litespeed\\\/avatar\\\/d02cbc4e23c747e6659cd45907173c8f.jpg?ver=1777157796\",\"url\":\"https:\\\/\\\/sarmiento24h.com\\\/wp-content\\\/litespeed\\\/avatar\\\/d02cbc4e23c747e6659cd45907173c8f.jpg?ver=1777157796\",\"contentUrl\":\"https:\\\/\\\/sarmiento24h.com\\\/wp-content\\\/litespeed\\\/avatar\\\/d02cbc4e23c747e6659cd45907173c8f.jpg?ver=1777157796\",\"caption\":\"sarmiento24h@gmail.com\"},\"sameAs\":[\"https:\\\/\\\/sarmiento24h.com\"],\"url\":\"https:\\\/\\\/sarmiento24h.com\\\/?author=1\"}]}<\/script>\n<!-- \/ Yoast SEO plugin. -->","yoast_head_json":{"title":"Al menos un fallecido y 13 lesionados D\u00eda de la Altagracia - Sarmiento24h","robots":{"index":"index","follow":"follow","max-snippet":"max-snippet:-1","max-image-preview":"max-image-preview:large","max-video-preview":"max-video-preview:-1"},"canonical":"https:\/\/sarmiento24h.com\/?p=7958","og_locale":"es_ES","og_type":"article","og_title":"Al menos un fallecido y 13 lesionados D\u00eda de la Altagracia - Sarmiento24h","og_description":"Prevenci\u00f3n accidentes. Santo Domingo, 22 ene (Prensa&#46;&#46;&#46;","og_url":"https:\/\/sarmiento24h.com\/?p=7958","og_site_name":"Sarmiento24h","article_publisher":"https:\/\/facebook.com\/s24hnoticias","article_published_time":"2026-01-22T20:13:43+00:00","og_image":[{"width":1024,"height":618,"url":"https:\/\/sarmiento24h.com\/wp-content\/uploads\/2026\/01\/al-menos-un-fallecido-y-13-lesionados-dia-de-la-altagracia.jpg","type":"image\/jpeg"}],"author":"sarmiento24h@gmail.com","twitter_card":"summary_large_image","twitter_creator":"@sarmiento24h","twitter_site":"@sarmiento24h","twitter_misc":{"Escrito por":"sarmiento24h@gmail.com","Tiempo de lectura":"2 minutos"},"schema":{"@context":"https:\/\/schema.org","@graph":[{"@type":"Article","@id":"https:\/\/sarmiento24h.com\/?p=7958#article","isPartOf":{"@id":"https:\/\/sarmiento24h.com\/?p=7958"},"author":{"name":"sarmiento24h@gmail.com","@id":"https:\/\/sarmiento24h.com\/#\/schema\/person\/d653a59725ad629a7e0429af7b939d4d"},"headline":"Al menos un fallecido y 13 lesionados D\u00eda de la Altagracia","datePublished":"2026-01-22T20:13:43+00:00","mainEntityOfPage":{"@id":"https:\/\/sarmiento24h.com\/?p=7958"},"wordCount":382,"publisher":{"@id":"https:\/\/sarmiento24h.com\/#organization"},"image":{"@id":"https:\/\/sarmiento24h.com\/?p=7958#primaryimage"},"thumbnailUrl":"https:\/\/sarmiento24h.com\/wp-content\/uploads\/2026\/01\/al-menos-un-fallecido-y-13-lesionados-dia-de-la-altagracia.jpg","articleSection":["Portada"],"inLanguage":"es"},{"@type":"WebPage","@id":"https:\/\/sarmiento24h.com\/?p=7958","url":"https:\/\/sarmiento24h.com\/?p=7958","name":"Al menos un fallecido y 13 lesionados D\u00eda de la Altagracia - Sarmiento24h","isPartOf":{"@id":"https:\/\/sarmiento24h.com\/#website"},"primaryImageOfPage":{"@id":"https:\/\/sarmiento24h.com\/?p=7958#primaryimage"},"image":{"@id":"https:\/\/sarmiento24h.com\/?p=7958#primaryimage"},"thumbnailUrl":"https:\/\/sarmiento24h.com\/wp-content\/uploads\/2026\/01\/al-menos-un-fallecido-y-13-lesionados-dia-de-la-altagracia.jpg","datePublished":"2026-01-22T20:13:43+00:00","breadcrumb":{"@id":"https:\/\/sarmiento24h.com\/?p=7958#breadcrumb"},"inLanguage":"es","potentialAction":[{"@type":"ReadAction","target":["https:\/\/sarmiento24h.com\/?p=7958"]}]},{"@type":"ImageObject","inLanguage":"es","@id":"https:\/\/sarmiento24h.com\/?p=7958#primaryimage","url":"https:\/\/sarmiento24h.com\/wp-content\/uploads\/2026\/01\/al-menos-un-fallecido-y-13-lesionados-dia-de-la-altagracia.jpg","contentUrl":"https:\/\/sarmiento24h.com\/wp-content\/uploads\/2026\/01\/al-menos-un-fallecido-y-13-lesionados-dia-de-la-altagracia.jpg","width":1024,"height":618},{"@type":"BreadcrumbList","@id":"https:\/\/sarmiento24h.com\/?p=7958#breadcrumb","itemListElement":[{"@type":"ListItem","position":1,"name":"Home","item":"https:\/\/sarmiento24h.com\/"},{"@type":"ListItem","position":2,"name":"Al menos un fallecido y 13 lesionados D\u00eda de la Altagracia"}]},{"@type":"WebSite","@id":"https:\/\/sarmiento24h.com\/#website","url":"https:\/\/sarmiento24h.com\/","name":"Sarmiento24h","description":"","publisher":{"@id":"https:\/\/sarmiento24h.com\/#organization"},"potentialAction":[{"@type":"SearchAction","target":{"@type":"EntryPoint","urlTemplate":"https:\/\/sarmiento24h.com\/?s={search_term_string}"},"query-input":{"@type":"PropertyValueSpecification","valueRequired":true,"valueName":"search_term_string"}}],"inLanguage":"es"},{"@type":"Organization","@id":"https:\/\/sarmiento24h.com\/#organization","name":"Sarmiento24h","url":"https:\/\/sarmiento24h.com\/","logo":{"@type":"ImageObject","inLanguage":"es","@id":"https:\/\/sarmiento24h.com\/#\/schema\/logo\/image\/","url":"https:\/\/sarmiento24h.com\/wp-content\/uploads\/2025\/12\/AddText_12-16-10.30.52.jpg","contentUrl":"https:\/\/sarmiento24h.com\/wp-content\/uploads\/2025\/12\/AddText_12-16-10.30.52.jpg","width":1220,"height":324,"caption":"Sarmiento24h"},"image":{"@id":"https:\/\/sarmiento24h.com\/#\/schema\/logo\/image\/"},"sameAs":["https:\/\/facebook.com\/s24hnoticias","https:\/\/x.com\/sarmiento24h"]},{"@type":"Person","@id":"https:\/\/sarmiento24h.com\/#\/schema\/person\/d653a59725ad629a7e0429af7b939d4d","name":"sarmiento24h@gmail.com","image":{"@type":"ImageObject","inLanguage":"es","@id":"https:\/\/sarmiento24h.com\/wp-content\/litespeed\/avatar\/d02cbc4e23c747e6659cd45907173c8f.jpg?ver=1777157796","url":"https:\/\/sarmiento24h.com\/wp-content\/litespeed\/avatar\/d02cbc4e23c747e6659cd45907173c8f.jpg?ver=1777157796","contentUrl":"https:\/\/sarmiento24h.com\/wp-content\/litespeed\/avatar\/d02cbc4e23c747e6659cd45907173c8f.jpg?ver=1777157796","caption":"sarmiento24h@gmail.com"},"sameAs":["https:\/\/sarmiento24h.com"],"url":"https:\/\/sarmiento24h.com\/?author=1"}]}},"jetpack_publicize_connections":[],"jetpack_featured_media_url":"https:\/\/sarmiento24h.com\/wp-content\/uploads\/2026\/01\/al-menos-un-fallecido-y-13-lesionados-dia-de-la-altagracia.jpg","jetpack_sharing_enabled":true,"_links":{"self":[{"href":"https:\/\/sarmiento24h.com\/index.php?rest_route=\/wp\/v2\/posts\/7958","targetHints":{"allow":["GET"]}}],"collection":[{"href":"https:\/\/sarmiento24h.com\/index.php?rest_route=\/wp\/v2\/posts"}],"about":[{"href":"https:\/\/sarmiento24h.com\/index.php?rest_route=\/wp\/v2\/types\/post"}],"author":[{"embeddable":true,"href":"https:\/\/sarmiento24h.com\/index.php?rest_route=\/wp\/v2\/users\/1"}],"replies":[{"embeddable":true,"href":"https:\/\/sarmiento24h.com\/index.php?rest_route=%2Fwp%2Fv2%2Fcomments&post=7958"}],"version-history":[{"count":0,"href":"https:\/\/sarmiento24h.com\/index.php?rest_route=\/wp\/v2\/posts\/7958\/revisions"}],"wp:featuredmedia":[{"embeddable":true,"href":"https:\/\/sarmiento24h.com\/index.php?rest_route=\/wp\/v2\/media\/7959"}],"wp:attachment":[{"href":"https:\/\/sarmiento24h.com\/index.php?rest_route=%2Fwp%2Fv2%2Fmedia&parent=7958"}],"wp:term":[{"taxonomy":"category","embeddable":true,"href":"https:\/\/sarmiento24h.com\/index.php?rest_route=%2Fwp%2Fv2%2Fcategories&post=7958"},{"taxonomy":"post_tag","embeddable":true,"href":"https:\/\/sarmiento24h.com\/index.php?rest_route=%2Fwp%2Fv2%2Ftags&post=7958"}],"curies":[{"name":"wp","href":"https:\/\/api.w.org\/{rel}","templated":true}]}}