{"id":8204,"date":"2026-01-24T19:56:32","date_gmt":"2026-01-24T19:56:32","guid":{"rendered":"http:\/\/almomento.net\/?p=1094128"},"modified":"2026-01-24T19:56:32","modified_gmt":"2026-01-24T19:56:32","slug":"presidencia-de-rd-reconoce-al-matematico-juan-luis-vargas","status":"publish","type":"post","link":"https:\/\/sarmiento24h.com\/?p=8204","title":{"rendered":"Presidencia de RD reconoce al matem\u00e1tico Juan Luis Vargas"},"content":{"rendered":"<p><!-- .entry-header --> <\/p>\n<div class=\"img_center\" readability=\"7\"> <a href=\"https:\/\/almomento.net\/wp-content\/uploads\/2026\/01\/1-1-e1769215931858.jpeg\" alt=\"Presidencia de RD reconoce al matem\u00e1tico Juan Luis Vargas\" title=\"Presidencia de RD reconoce al matem\u00e1tico Juan Luis Vargas\" data-toggle=\"lightbox\" class=\"thickbox\"><img decoding=\"async\" src=\"https:\/\/almomento.net\/wp-content\/uploads\/2026\/01\/1-1-e1769215931858.jpeg\" class=\"attachment-post-thumbnail size-post-thumbnail wp-post-image\" alt=\"imagen\" title=\"Presidencia de RD reconoce al matem\u00e1tico Juan Luis Vargas\" data-toggle data-title=\"Presidencia de RD reconoce al matem\u00e1tico Juan Luis Vargas\"><\/a><\/p>\n<p>La ceremonia fue realizada en el Consulado Dominicano en Nueva York.<\/p>\n<\/p><\/div>\n<p>SANTO DOMINGO. \u2013 La Presidencia de Rep\u00fablica Dominicana reconoci\u00f3 al matem\u00e1tico y cript\u00f3grafo Juan Luis Vargas Molina como finalista del Premio Nacional de la Juventud 2026 (PNJ2026), al representar dignamente al pa\u00eds en Estados Unidos (EEUU).<\/p>\n<p>El creador de la criptomoneda y plataforma digital FACTOR, por la cual obtuvo un premio de 100 mil d\u00f3lares por parte de COINBASE, recibi\u00f3 un pergamino oficial de manos del c\u00f3nsul Jes\u00fas Antonio V\u00e1squez Mart\u00ednez y de Carlos Valdez Matos, ministro de la Juventud.<\/p>\n<p>Durante una ceremonia en el Consulado Dominicano en Nueva York, EEUU, Vargas Molina reafirm\u00f3 el compromiso de \u201ccontribuir a elevar la mirada hacia una econom\u00eda del conocimiento, donde la excelencia en matem\u00e1ticas, educaci\u00f3n y tecnolog\u00eda no sea un privilegio\u2026\u201d.<\/p>\n<p>Consider\u00f3 que debe ser \u201c\u2026una ruta nacional con la visi\u00f3n y el liderazgo imprescindibles para cultivar los talentos que ya tenemos, dentro y fuera del pa\u00eds\u2026\u201d.<\/p>\n<p><strong>CREADOR DE SOLUCIONES AVANZADAS<\/strong><\/p>\n<p>Creador de soluciones tecnol\u00f3gicas avanzadas y representante de Rep\u00fablica Dominicana en el reciente foro internacional CyberWeek@LAC4 2025, Valdez Matos mantiene una campa\u00f1a de divulgaci\u00f3n para que la juventud se interese por las matem\u00e1ticas.<\/p>\n<p>\u201c\u00bfPara qu\u00e9 sirve esta disciplina? En el siglo XXI, una de sus aplicaciones m\u00e1s importantes y menos visibles son la seguridad nacional y la ciberseguridad: proteger datos, infraestructuras cr\u00edticas, transacciones&nbsp;y la confianza&nbsp;en una naci\u00f3n moderna, apunt\u00f3.<\/p>\n<p>\u00c1reas en incipiente desarrollo en RD: criptograf\u00eda, ciberdefensa, an\u00e1lisis de riesgos, protecci\u00f3n de sistemas y soberan\u00eda digital.&nbsp;S\u00ed, porque hoy la soberan\u00eda&nbsp;tambi\u00e9n es digital. Y se defiende con educaci\u00f3n, ciencia y matem\u00e1ticas\u201d, subray\u00f3.<\/p>\n<p><strong>EL PNJ2026<\/strong><\/p>\n<p>El PNJ2026, organizado por el Ministerio Nacional de la Juventud, es el mayor reconocimiento que otorga el Estado dominicano a j\u00f3venes criollos destacados en diversos \u00e1mbitos.<\/p>\n<p>agl\/an<\/p>\n<div class=\"heateor_sss_sharing_container heateor_sss_horizontal_sharing\" data-heateor-sss-href=\"https:\/\/almomento.net\/presidencia-de-rd-reconoce-al-matematico-juan-luis-vargas\/\" readability=\"7\">\n<p>Comp\u00e1rtelo en tus redes:<\/p>\n<\/div>\n<p> <!-- 468x60 --><br \/>\n<ins class=\"adsbygoogle\" data-ad-client=\"ca-pub-3511341636159665\" data-ad-slot=\"3538255450\"><\/ins> <!-- .entry-content --> <\/p>\n","protected":false},"excerpt":{"rendered":"<p>La ceremonia fue realizada en el Consulado&#46;&#46;&#46;<\/p>\n","protected":false},"author":1,"featured_media":8205,"comment_status":"closed","ping_status":"closed","sticky":false,"template":"","format":"standard","meta":{"_jetpack_memberships_contains_paid_content":false,"footnotes":"","jetpack_publicize_message":"","jetpack_publicize_feature_enabled":true,"jetpack_social_post_already_shared":false,"jetpack_social_options":{"image_generator_settings":{"template":"highway","default_image_id":0,"font":"","enabled":false},"version":2}},"categories":[45],"tags":[],"class_list":["post-8204","post","type-post","status-publish","format-standard","has-post-thumbnail","hentry","category-variedades"],"yoast_head":"<!-- This site is optimized with the Yoast SEO plugin v27.3 - https:\/\/yoast.com\/product\/yoast-seo-wordpress\/ -->\n<title>Presidencia de RD reconoce al matem\u00e1tico Juan Luis Vargas - Sarmiento24h<\/title>\n<meta name=\"robots\" content=\"index, follow, max-snippet:-1, max-image-preview:large, max-video-preview:-1\" \/>\n<link rel=\"canonical\" href=\"https:\/\/sarmiento24h.com\/?p=8204\" \/>\n<meta property=\"og:locale\" content=\"es_ES\" \/>\n<meta property=\"og:type\" content=\"article\" \/>\n<meta property=\"og:title\" content=\"Presidencia de RD reconoce al matem\u00e1tico Juan Luis Vargas - Sarmiento24h\" \/>\n<meta property=\"og:description\" content=\"La ceremonia fue realizada en el Consulado&#046;&#046;&#046;\" \/>\n<meta property=\"og:url\" content=\"https:\/\/sarmiento24h.com\/?p=8204\" \/>\n<meta property=\"og:site_name\" content=\"Sarmiento24h\" \/>\n<meta property=\"article:publisher\" content=\"https:\/\/facebook.com\/s24hnoticias\" \/>\n<meta property=\"article:published_time\" content=\"2026-01-24T19:56:32+00:00\" \/>\n<meta property=\"og:image\" content=\"https:\/\/sarmiento24h.com\/wp-content\/uploads\/2026\/01\/presidencia-de-rd-reconoce-al-matematico-juan-luis-vargas.jpg\" \/>\n\t<meta property=\"og:image:width\" content=\"1320\" \/>\n\t<meta property=\"og:image:height\" content=\"1004\" \/>\n\t<meta property=\"og:image:type\" content=\"image\/jpeg\" \/>\n<meta name=\"author\" content=\"sarmiento24h@gmail.com\" \/>\n<meta name=\"twitter:card\" content=\"summary_large_image\" \/>\n<meta name=\"twitter:creator\" content=\"@sarmiento24h\" \/>\n<meta name=\"twitter:site\" content=\"@sarmiento24h\" \/>\n<meta name=\"twitter:label1\" content=\"Escrito por\" \/>\n\t<meta name=\"twitter:data1\" content=\"sarmiento24h@gmail.com\" \/>\n\t<meta name=\"twitter:label2\" content=\"Tiempo de lectura\" \/>\n\t<meta name=\"twitter:data2\" content=\"2 minutos\" \/>\n<script type=\"application\/ld+json\" class=\"yoast-schema-graph\">{\"@context\":\"https:\\\/\\\/schema.org\",\"@graph\":[{\"@type\":\"Article\",\"@id\":\"https:\\\/\\\/sarmiento24h.com\\\/?p=8204#article\",\"isPartOf\":{\"@id\":\"https:\\\/\\\/sarmiento24h.com\\\/?p=8204\"},\"author\":{\"name\":\"sarmiento24h@gmail.com\",\"@id\":\"https:\\\/\\\/sarmiento24h.com\\\/#\\\/schema\\\/person\\\/d653a59725ad629a7e0429af7b939d4d\"},\"headline\":\"Presidencia de RD reconoce al matem\u00e1tico Juan Luis Vargas\",\"datePublished\":\"2026-01-24T19:56:32+00:00\",\"mainEntityOfPage\":{\"@id\":\"https:\\\/\\\/sarmiento24h.com\\\/?p=8204\"},\"wordCount\":343,\"publisher\":{\"@id\":\"https:\\\/\\\/sarmiento24h.com\\\/#organization\"},\"image\":{\"@id\":\"https:\\\/\\\/sarmiento24h.com\\\/?p=8204#primaryimage\"},\"thumbnailUrl\":\"https:\\\/\\\/sarmiento24h.com\\\/wp-content\\\/uploads\\\/2026\\\/01\\\/presidencia-de-rd-reconoce-al-matematico-juan-luis-vargas.jpg\",\"articleSection\":[\"Variedades\"],\"inLanguage\":\"es\"},{\"@type\":\"WebPage\",\"@id\":\"https:\\\/\\\/sarmiento24h.com\\\/?p=8204\",\"url\":\"https:\\\/\\\/sarmiento24h.com\\\/?p=8204\",\"name\":\"Presidencia de RD reconoce al matem\u00e1tico Juan Luis Vargas - Sarmiento24h\",\"isPartOf\":{\"@id\":\"https:\\\/\\\/sarmiento24h.com\\\/#website\"},\"primaryImageOfPage\":{\"@id\":\"https:\\\/\\\/sarmiento24h.com\\\/?p=8204#primaryimage\"},\"image\":{\"@id\":\"https:\\\/\\\/sarmiento24h.com\\\/?p=8204#primaryimage\"},\"thumbnailUrl\":\"https:\\\/\\\/sarmiento24h.com\\\/wp-content\\\/uploads\\\/2026\\\/01\\\/presidencia-de-rd-reconoce-al-matematico-juan-luis-vargas.jpg\",\"datePublished\":\"2026-01-24T19:56:32+00:00\",\"breadcrumb\":{\"@id\":\"https:\\\/\\\/sarmiento24h.com\\\/?p=8204#breadcrumb\"},\"inLanguage\":\"es\",\"potentialAction\":[{\"@type\":\"ReadAction\",\"target\":[\"https:\\\/\\\/sarmiento24h.com\\\/?p=8204\"]}]},{\"@type\":\"ImageObject\",\"inLanguage\":\"es\",\"@id\":\"https:\\\/\\\/sarmiento24h.com\\\/?p=8204#primaryimage\",\"url\":\"https:\\\/\\\/sarmiento24h.com\\\/wp-content\\\/uploads\\\/2026\\\/01\\\/presidencia-de-rd-reconoce-al-matematico-juan-luis-vargas.jpg\",\"contentUrl\":\"https:\\\/\\\/sarmiento24h.com\\\/wp-content\\\/uploads\\\/2026\\\/01\\\/presidencia-de-rd-reconoce-al-matematico-juan-luis-vargas.jpg\",\"width\":1320,\"height\":1004},{\"@type\":\"BreadcrumbList\",\"@id\":\"https:\\\/\\\/sarmiento24h.com\\\/?p=8204#breadcrumb\",\"itemListElement\":[{\"@type\":\"ListItem\",\"position\":1,\"name\":\"Home\",\"item\":\"https:\\\/\\\/sarmiento24h.com\\\/\"},{\"@type\":\"ListItem\",\"position\":2,\"name\":\"Presidencia de RD reconoce al matem\u00e1tico Juan Luis Vargas\"}]},{\"@type\":\"WebSite\",\"@id\":\"https:\\\/\\\/sarmiento24h.com\\\/#website\",\"url\":\"https:\\\/\\\/sarmiento24h.com\\\/\",\"name\":\"Sarmiento24h\",\"description\":\"\",\"publisher\":{\"@id\":\"https:\\\/\\\/sarmiento24h.com\\\/#organization\"},\"potentialAction\":[{\"@type\":\"SearchAction\",\"target\":{\"@type\":\"EntryPoint\",\"urlTemplate\":\"https:\\\/\\\/sarmiento24h.com\\\/?s={search_term_string}\"},\"query-input\":{\"@type\":\"PropertyValueSpecification\",\"valueRequired\":true,\"valueName\":\"search_term_string\"}}],\"inLanguage\":\"es\"},{\"@type\":\"Organization\",\"@id\":\"https:\\\/\\\/sarmiento24h.com\\\/#organization\",\"name\":\"Sarmiento24h\",\"url\":\"https:\\\/\\\/sarmiento24h.com\\\/\",\"logo\":{\"@type\":\"ImageObject\",\"inLanguage\":\"es\",\"@id\":\"https:\\\/\\\/sarmiento24h.com\\\/#\\\/schema\\\/logo\\\/image\\\/\",\"url\":\"https:\\\/\\\/sarmiento24h.com\\\/wp-content\\\/uploads\\\/2025\\\/12\\\/AddText_12-16-10.30.52.jpg\",\"contentUrl\":\"https:\\\/\\\/sarmiento24h.com\\\/wp-content\\\/uploads\\\/2025\\\/12\\\/AddText_12-16-10.30.52.jpg\",\"width\":1220,\"height\":324,\"caption\":\"Sarmiento24h\"},\"image\":{\"@id\":\"https:\\\/\\\/sarmiento24h.com\\\/#\\\/schema\\\/logo\\\/image\\\/\"},\"sameAs\":[\"https:\\\/\\\/facebook.com\\\/s24hnoticias\",\"https:\\\/\\\/x.com\\\/sarmiento24h\"]},{\"@type\":\"Person\",\"@id\":\"https:\\\/\\\/sarmiento24h.com\\\/#\\\/schema\\\/person\\\/d653a59725ad629a7e0429af7b939d4d\",\"name\":\"sarmiento24h@gmail.com\",\"image\":{\"@type\":\"ImageObject\",\"inLanguage\":\"es\",\"@id\":\"https:\\\/\\\/sarmiento24h.com\\\/wp-content\\\/litespeed\\\/avatar\\\/d02cbc4e23c747e6659cd45907173c8f.jpg?ver=1777157796\",\"url\":\"https:\\\/\\\/sarmiento24h.com\\\/wp-content\\\/litespeed\\\/avatar\\\/d02cbc4e23c747e6659cd45907173c8f.jpg?ver=1777157796\",\"contentUrl\":\"https:\\\/\\\/sarmiento24h.com\\\/wp-content\\\/litespeed\\\/avatar\\\/d02cbc4e23c747e6659cd45907173c8f.jpg?ver=1777157796\",\"caption\":\"sarmiento24h@gmail.com\"},\"sameAs\":[\"https:\\\/\\\/sarmiento24h.com\"],\"url\":\"https:\\\/\\\/sarmiento24h.com\\\/?author=1\"}]}<\/script>\n<!-- \/ Yoast SEO plugin. -->","yoast_head_json":{"title":"Presidencia de RD reconoce al matem\u00e1tico Juan Luis Vargas - Sarmiento24h","robots":{"index":"index","follow":"follow","max-snippet":"max-snippet:-1","max-image-preview":"max-image-preview:large","max-video-preview":"max-video-preview:-1"},"canonical":"https:\/\/sarmiento24h.com\/?p=8204","og_locale":"es_ES","og_type":"article","og_title":"Presidencia de RD reconoce al matem\u00e1tico Juan Luis Vargas - Sarmiento24h","og_description":"La ceremonia fue realizada en el Consulado&#46;&#46;&#46;","og_url":"https:\/\/sarmiento24h.com\/?p=8204","og_site_name":"Sarmiento24h","article_publisher":"https:\/\/facebook.com\/s24hnoticias","article_published_time":"2026-01-24T19:56:32+00:00","og_image":[{"width":1320,"height":1004,"url":"https:\/\/sarmiento24h.com\/wp-content\/uploads\/2026\/01\/presidencia-de-rd-reconoce-al-matematico-juan-luis-vargas.jpg","type":"image\/jpeg"}],"author":"sarmiento24h@gmail.com","twitter_card":"summary_large_image","twitter_creator":"@sarmiento24h","twitter_site":"@sarmiento24h","twitter_misc":{"Escrito por":"sarmiento24h@gmail.com","Tiempo de lectura":"2 minutos"},"schema":{"@context":"https:\/\/schema.org","@graph":[{"@type":"Article","@id":"https:\/\/sarmiento24h.com\/?p=8204#article","isPartOf":{"@id":"https:\/\/sarmiento24h.com\/?p=8204"},"author":{"name":"sarmiento24h@gmail.com","@id":"https:\/\/sarmiento24h.com\/#\/schema\/person\/d653a59725ad629a7e0429af7b939d4d"},"headline":"Presidencia de RD reconoce al matem\u00e1tico Juan Luis Vargas","datePublished":"2026-01-24T19:56:32+00:00","mainEntityOfPage":{"@id":"https:\/\/sarmiento24h.com\/?p=8204"},"wordCount":343,"publisher":{"@id":"https:\/\/sarmiento24h.com\/#organization"},"image":{"@id":"https:\/\/sarmiento24h.com\/?p=8204#primaryimage"},"thumbnailUrl":"https:\/\/sarmiento24h.com\/wp-content\/uploads\/2026\/01\/presidencia-de-rd-reconoce-al-matematico-juan-luis-vargas.jpg","articleSection":["Variedades"],"inLanguage":"es"},{"@type":"WebPage","@id":"https:\/\/sarmiento24h.com\/?p=8204","url":"https:\/\/sarmiento24h.com\/?p=8204","name":"Presidencia de RD reconoce al matem\u00e1tico Juan Luis Vargas - Sarmiento24h","isPartOf":{"@id":"https:\/\/sarmiento24h.com\/#website"},"primaryImageOfPage":{"@id":"https:\/\/sarmiento24h.com\/?p=8204#primaryimage"},"image":{"@id":"https:\/\/sarmiento24h.com\/?p=8204#primaryimage"},"thumbnailUrl":"https:\/\/sarmiento24h.com\/wp-content\/uploads\/2026\/01\/presidencia-de-rd-reconoce-al-matematico-juan-luis-vargas.jpg","datePublished":"2026-01-24T19:56:32+00:00","breadcrumb":{"@id":"https:\/\/sarmiento24h.com\/?p=8204#breadcrumb"},"inLanguage":"es","potentialAction":[{"@type":"ReadAction","target":["https:\/\/sarmiento24h.com\/?p=8204"]}]},{"@type":"ImageObject","inLanguage":"es","@id":"https:\/\/sarmiento24h.com\/?p=8204#primaryimage","url":"https:\/\/sarmiento24h.com\/wp-content\/uploads\/2026\/01\/presidencia-de-rd-reconoce-al-matematico-juan-luis-vargas.jpg","contentUrl":"https:\/\/sarmiento24h.com\/wp-content\/uploads\/2026\/01\/presidencia-de-rd-reconoce-al-matematico-juan-luis-vargas.jpg","width":1320,"height":1004},{"@type":"BreadcrumbList","@id":"https:\/\/sarmiento24h.com\/?p=8204#breadcrumb","itemListElement":[{"@type":"ListItem","position":1,"name":"Home","item":"https:\/\/sarmiento24h.com\/"},{"@type":"ListItem","position":2,"name":"Presidencia de RD reconoce al matem\u00e1tico Juan Luis Vargas"}]},{"@type":"WebSite","@id":"https:\/\/sarmiento24h.com\/#website","url":"https:\/\/sarmiento24h.com\/","name":"Sarmiento24h","description":"","publisher":{"@id":"https:\/\/sarmiento24h.com\/#organization"},"potentialAction":[{"@type":"SearchAction","target":{"@type":"EntryPoint","urlTemplate":"https:\/\/sarmiento24h.com\/?s={search_term_string}"},"query-input":{"@type":"PropertyValueSpecification","valueRequired":true,"valueName":"search_term_string"}}],"inLanguage":"es"},{"@type":"Organization","@id":"https:\/\/sarmiento24h.com\/#organization","name":"Sarmiento24h","url":"https:\/\/sarmiento24h.com\/","logo":{"@type":"ImageObject","inLanguage":"es","@id":"https:\/\/sarmiento24h.com\/#\/schema\/logo\/image\/","url":"https:\/\/sarmiento24h.com\/wp-content\/uploads\/2025\/12\/AddText_12-16-10.30.52.jpg","contentUrl":"https:\/\/sarmiento24h.com\/wp-content\/uploads\/2025\/12\/AddText_12-16-10.30.52.jpg","width":1220,"height":324,"caption":"Sarmiento24h"},"image":{"@id":"https:\/\/sarmiento24h.com\/#\/schema\/logo\/image\/"},"sameAs":["https:\/\/facebook.com\/s24hnoticias","https:\/\/x.com\/sarmiento24h"]},{"@type":"Person","@id":"https:\/\/sarmiento24h.com\/#\/schema\/person\/d653a59725ad629a7e0429af7b939d4d","name":"sarmiento24h@gmail.com","image":{"@type":"ImageObject","inLanguage":"es","@id":"https:\/\/sarmiento24h.com\/wp-content\/litespeed\/avatar\/d02cbc4e23c747e6659cd45907173c8f.jpg?ver=1777157796","url":"https:\/\/sarmiento24h.com\/wp-content\/litespeed\/avatar\/d02cbc4e23c747e6659cd45907173c8f.jpg?ver=1777157796","contentUrl":"https:\/\/sarmiento24h.com\/wp-content\/litespeed\/avatar\/d02cbc4e23c747e6659cd45907173c8f.jpg?ver=1777157796","caption":"sarmiento24h@gmail.com"},"sameAs":["https:\/\/sarmiento24h.com"],"url":"https:\/\/sarmiento24h.com\/?author=1"}]}},"jetpack_publicize_connections":[],"jetpack_featured_media_url":"https:\/\/sarmiento24h.com\/wp-content\/uploads\/2026\/01\/presidencia-de-rd-reconoce-al-matematico-juan-luis-vargas.jpg","jetpack_sharing_enabled":true,"_links":{"self":[{"href":"https:\/\/sarmiento24h.com\/index.php?rest_route=\/wp\/v2\/posts\/8204","targetHints":{"allow":["GET"]}}],"collection":[{"href":"https:\/\/sarmiento24h.com\/index.php?rest_route=\/wp\/v2\/posts"}],"about":[{"href":"https:\/\/sarmiento24h.com\/index.php?rest_route=\/wp\/v2\/types\/post"}],"author":[{"embeddable":true,"href":"https:\/\/sarmiento24h.com\/index.php?rest_route=\/wp\/v2\/users\/1"}],"replies":[{"embeddable":true,"href":"https:\/\/sarmiento24h.com\/index.php?rest_route=%2Fwp%2Fv2%2Fcomments&post=8204"}],"version-history":[{"count":0,"href":"https:\/\/sarmiento24h.com\/index.php?rest_route=\/wp\/v2\/posts\/8204\/revisions"}],"wp:featuredmedia":[{"embeddable":true,"href":"https:\/\/sarmiento24h.com\/index.php?rest_route=\/wp\/v2\/media\/8205"}],"wp:attachment":[{"href":"https:\/\/sarmiento24h.com\/index.php?rest_route=%2Fwp%2Fv2%2Fmedia&parent=8204"}],"wp:term":[{"taxonomy":"category","embeddable":true,"href":"https:\/\/sarmiento24h.com\/index.php?rest_route=%2Fwp%2Fv2%2Fcategories&post=8204"},{"taxonomy":"post_tag","embeddable":true,"href":"https:\/\/sarmiento24h.com\/index.php?rest_route=%2Fwp%2Fv2%2Ftags&post=8204"}],"curies":[{"name":"wp","href":"https:\/\/api.w.org\/{rel}","templated":true}]}}