{"id":8211,"date":"2026-01-24T22:53:36","date_gmt":"2026-01-24T22:53:36","guid":{"rendered":"http:\/\/almomento.net\/?p=1094280"},"modified":"2026-01-24T22:53:36","modified_gmt":"2026-01-24T22:53:36","slug":"abinader-resalta-los-avances-en-construccion-obras-de-santiago","status":"publish","type":"post","link":"https:\/\/sarmiento24h.com\/?p=8211","title":{"rendered":"Abinader resalta los avances en construcci\u00f3n obras de Santiago"},"content":{"rendered":"<p dir=\"auto\">SANTIAGO DE LOS CABALLEROS.- El presidente Luis Abinader destac\u00f3 este s\u00e1bado los avances alcanzados en materia de infraestructura y atenci\u00f3n social en comunidades de la Sierra.<\/p>\n<p dir=\"auto\">Reafirm\u00f3 nuevos compromisos para continuar mejorando la calidad de vida de sus habitantes.<\/p>\n<p dir=\"auto\">Habl\u00f3 al inaugurar varias obras construidas por la Empresa de Generaci\u00f3n Hidroel\u00e9ctrica Dominicana (EGEHID).<\/p>\n<p dir=\"auto\"><strong>RESALTA IMPACTO DE LA PRESA DE TAVERA&nbsp;<\/strong><\/p>\n<p dir=\"auto\">Abinader, acompa\u00f1ado de la primera dama Raquel Arbaje, resalt\u00f3 el impacto positivo de la Presa de Tavera y de las infraestructuras asociadas.<\/p>\n<p dir=\"auto\">Subray\u00f3 los beneficios de estas obras est\u00e1n siendo percibidos directamente por las comunidades serranas, tanto en t\u00e9rminos de acceso a servicios como de impulso a la productividad local.<\/p>\n<figure id=\"attachment_1094281\" aria-describedby=\"caption-attachment-1094281\" class=\"wp-caption alignleft\"><img loading=\"lazy\" decoding=\"async\" class=\" wp-image-1094281\" src=\"https:\/\/almomento.net\/wp-content\/uploads\/2026\/01\/carrt-300x200.jpg\" alt width=\"426\" height=\"284\" srcset=\"https:\/\/almomento.net\/wp-content\/uploads\/2026\/01\/carrt-300x200.jpg 300w, https:\/\/almomento.net\/wp-content\/uploads\/2026\/01\/carrt-143x95.jpg 143w, https:\/\/almomento.net\/wp-content\/uploads\/2026\/01\/carrt-375x250.jpg 375w, https:\/\/almomento.net\/wp-content\/uploads\/2026\/01\/carrt.jpg 600w\" sizes=\"auto, (max-width: 426px) 100vw, 426px\"><figcaption id=\"caption-attachment-1094281\" class=\"wp-caption-text\">Carretera reconstruida por EGEHID<\/figcaption><\/figure>\n<p dir=\"auto\">Reconoci\u00f3 que a\u00fan existen retos pendientes, como la ejecuci\u00f3n de varios kil\u00f3metros de caminos comunitarios.<\/p>\n<p dir=\"auto\"><strong>GESTION DE EGEHID IMPULSA OBRAS<\/strong><\/p>\n<p dir=\"auto\">De su lado, el administrador general de la Empresa de Generaci\u00f3n Hidroel\u00e9ctrica Dominicana (EGEHID), Rafael Salazar, destac\u00f3 que la instituci\u00f3n mantiene el mismo presupuesto de a\u00f1os anteriores, pero ha logrado un aumento significativo en su capacidad operativa.<\/p>\n<p dir=\"auto\">Explic\u00f3 que la ampliaci\u00f3n y reconstrucci\u00f3n de la carretera Guardarraya, que une el municipio de Baitoa, en la provincia de Santiago, con el distrito municipal de Tavera, en la provincia La Vega, represent\u00f3 una inversi\u00f3n de RD$ 241,191,458.00.<\/p>\n<p dir=\"auto\">Detall\u00f3 que los trabajos incluyeron la ampliaci\u00f3n de la v\u00eda, la construcci\u00f3n de canaletas, cruces de alcantarillas y sus cabezales, muros de gaviones y muros mesa, as\u00ed como la terminaci\u00f3n de la rasante, aceras, contenes y badenes, asfaltado y se\u00f1alizaci\u00f3n.<\/p>\n<p dir=\"auto\"><strong>VALORAN MEJORES CONDICIONES HABITANTES DE LA SIERRA<\/strong><\/p>\n<p dir=\"auto\">En tanto, el alcalde de Baitoa, Bernardo L\u00f3pez, valor\u00f3 la inauguraci\u00f3n de la carretera como una respuesta concreta a las necesidades de las comunidades, especialmente de Guardarraya, que durante a\u00f1os enfrent\u00f3 serias dificultades de acceso para el traslado de alimentos, medicinas y ayudas b\u00e1sicas, situaci\u00f3n que comienza a superarse con esta infraestructura.<\/p>\n<p dir=\"auto\">De su lado, las gobernadoras de Santiago, Rosa Santos, y de La Vega, Luisa Jim\u00e9nez, destacaron el impacto positivo de las obras en la sierra.<span id=\"avWBGd-19\" class=\"aVW a5T\"><span id=\":1ec\"><\/span><\/span><\/p>\n<p dir=\"auto\">of-am<\/p>\n","protected":false},"excerpt":{"rendered":"<p>SANTIAGO DE LOS CABALLEROS.- El presidente Luis&#46;&#46;&#46;<\/p>\n","protected":false},"author":1,"featured_media":8212,"comment_status":"closed","ping_status":"closed","sticky":false,"template":"","format":"standard","meta":{"_jetpack_memberships_contains_paid_content":false,"footnotes":"","jetpack_publicize_message":"","jetpack_publicize_feature_enabled":true,"jetpack_social_post_already_shared":false,"jetpack_social_options":{"image_generator_settings":{"template":"highway","default_image_id":0,"font":"","enabled":false},"version":2}},"categories":[69],"tags":[],"class_list":["post-8211","post","type-post","status-publish","format-standard","has-post-thumbnail","hentry","category-portada"],"yoast_head":"<!-- This site is optimized with the Yoast SEO plugin v27.3 - https:\/\/yoast.com\/product\/yoast-seo-wordpress\/ -->\n<title>Abinader resalta los avances en construcci\u00f3n obras de Santiago - Sarmiento24h<\/title>\n<meta name=\"robots\" content=\"index, follow, max-snippet:-1, max-image-preview:large, max-video-preview:-1\" \/>\n<link rel=\"canonical\" href=\"https:\/\/sarmiento24h.com\/?p=8211\" \/>\n<meta property=\"og:locale\" content=\"es_ES\" \/>\n<meta property=\"og:type\" content=\"article\" \/>\n<meta property=\"og:title\" content=\"Abinader resalta los avances en construcci\u00f3n obras de Santiago - Sarmiento24h\" \/>\n<meta property=\"og:description\" content=\"SANTIAGO DE LOS CABALLEROS.- El presidente Luis&#046;&#046;&#046;\" \/>\n<meta property=\"og:url\" content=\"https:\/\/sarmiento24h.com\/?p=8211\" \/>\n<meta property=\"og:site_name\" content=\"Sarmiento24h\" \/>\n<meta property=\"article:publisher\" content=\"https:\/\/facebook.com\/s24hnoticias\" \/>\n<meta property=\"article:published_time\" content=\"2026-01-24T22:53:36+00:00\" \/>\n<meta property=\"og:image\" content=\"https:\/\/sarmiento24h.com\/wp-content\/uploads\/2026\/01\/abinader-resalta-los-avances-en-construccion-obras-de-santiago.jpg\" \/>\n\t<meta property=\"og:image:width\" content=\"300\" \/>\n\t<meta property=\"og:image:height\" content=\"200\" \/>\n\t<meta property=\"og:image:type\" content=\"image\/jpeg\" \/>\n<meta name=\"author\" content=\"sarmiento24h@gmail.com\" \/>\n<meta name=\"twitter:card\" content=\"summary_large_image\" \/>\n<meta name=\"twitter:creator\" content=\"@sarmiento24h\" \/>\n<meta name=\"twitter:site\" content=\"@sarmiento24h\" \/>\n<meta name=\"twitter:label1\" content=\"Escrito por\" \/>\n\t<meta name=\"twitter:data1\" content=\"sarmiento24h@gmail.com\" \/>\n\t<meta name=\"twitter:label2\" content=\"Tiempo de lectura\" \/>\n\t<meta name=\"twitter:data2\" content=\"2 minutos\" \/>\n<script type=\"application\/ld+json\" class=\"yoast-schema-graph\">{\"@context\":\"https:\\\/\\\/schema.org\",\"@graph\":[{\"@type\":\"Article\",\"@id\":\"https:\\\/\\\/sarmiento24h.com\\\/?p=8211#article\",\"isPartOf\":{\"@id\":\"https:\\\/\\\/sarmiento24h.com\\\/?p=8211\"},\"author\":{\"name\":\"sarmiento24h@gmail.com\",\"@id\":\"https:\\\/\\\/sarmiento24h.com\\\/#\\\/schema\\\/person\\\/d653a59725ad629a7e0429af7b939d4d\"},\"headline\":\"Abinader resalta los avances en construcci\u00f3n obras de Santiago\",\"datePublished\":\"2026-01-24T22:53:36+00:00\",\"mainEntityOfPage\":{\"@id\":\"https:\\\/\\\/sarmiento24h.com\\\/?p=8211\"},\"wordCount\":374,\"publisher\":{\"@id\":\"https:\\\/\\\/sarmiento24h.com\\\/#organization\"},\"image\":{\"@id\":\"https:\\\/\\\/sarmiento24h.com\\\/?p=8211#primaryimage\"},\"thumbnailUrl\":\"https:\\\/\\\/sarmiento24h.com\\\/wp-content\\\/uploads\\\/2026\\\/01\\\/abinader-resalta-los-avances-en-construccion-obras-de-santiago.jpg\",\"articleSection\":[\"Portada\"],\"inLanguage\":\"es\"},{\"@type\":\"WebPage\",\"@id\":\"https:\\\/\\\/sarmiento24h.com\\\/?p=8211\",\"url\":\"https:\\\/\\\/sarmiento24h.com\\\/?p=8211\",\"name\":\"Abinader resalta los avances en construcci\u00f3n obras de Santiago - Sarmiento24h\",\"isPartOf\":{\"@id\":\"https:\\\/\\\/sarmiento24h.com\\\/#website\"},\"primaryImageOfPage\":{\"@id\":\"https:\\\/\\\/sarmiento24h.com\\\/?p=8211#primaryimage\"},\"image\":{\"@id\":\"https:\\\/\\\/sarmiento24h.com\\\/?p=8211#primaryimage\"},\"thumbnailUrl\":\"https:\\\/\\\/sarmiento24h.com\\\/wp-content\\\/uploads\\\/2026\\\/01\\\/abinader-resalta-los-avances-en-construccion-obras-de-santiago.jpg\",\"datePublished\":\"2026-01-24T22:53:36+00:00\",\"breadcrumb\":{\"@id\":\"https:\\\/\\\/sarmiento24h.com\\\/?p=8211#breadcrumb\"},\"inLanguage\":\"es\",\"potentialAction\":[{\"@type\":\"ReadAction\",\"target\":[\"https:\\\/\\\/sarmiento24h.com\\\/?p=8211\"]}]},{\"@type\":\"ImageObject\",\"inLanguage\":\"es\",\"@id\":\"https:\\\/\\\/sarmiento24h.com\\\/?p=8211#primaryimage\",\"url\":\"https:\\\/\\\/sarmiento24h.com\\\/wp-content\\\/uploads\\\/2026\\\/01\\\/abinader-resalta-los-avances-en-construccion-obras-de-santiago.jpg\",\"contentUrl\":\"https:\\\/\\\/sarmiento24h.com\\\/wp-content\\\/uploads\\\/2026\\\/01\\\/abinader-resalta-los-avances-en-construccion-obras-de-santiago.jpg\",\"width\":300,\"height\":200},{\"@type\":\"BreadcrumbList\",\"@id\":\"https:\\\/\\\/sarmiento24h.com\\\/?p=8211#breadcrumb\",\"itemListElement\":[{\"@type\":\"ListItem\",\"position\":1,\"name\":\"Home\",\"item\":\"https:\\\/\\\/sarmiento24h.com\\\/\"},{\"@type\":\"ListItem\",\"position\":2,\"name\":\"Abinader resalta los avances en construcci\u00f3n obras de Santiago\"}]},{\"@type\":\"WebSite\",\"@id\":\"https:\\\/\\\/sarmiento24h.com\\\/#website\",\"url\":\"https:\\\/\\\/sarmiento24h.com\\\/\",\"name\":\"Sarmiento24h\",\"description\":\"\",\"publisher\":{\"@id\":\"https:\\\/\\\/sarmiento24h.com\\\/#organization\"},\"potentialAction\":[{\"@type\":\"SearchAction\",\"target\":{\"@type\":\"EntryPoint\",\"urlTemplate\":\"https:\\\/\\\/sarmiento24h.com\\\/?s={search_term_string}\"},\"query-input\":{\"@type\":\"PropertyValueSpecification\",\"valueRequired\":true,\"valueName\":\"search_term_string\"}}],\"inLanguage\":\"es\"},{\"@type\":\"Organization\",\"@id\":\"https:\\\/\\\/sarmiento24h.com\\\/#organization\",\"name\":\"Sarmiento24h\",\"url\":\"https:\\\/\\\/sarmiento24h.com\\\/\",\"logo\":{\"@type\":\"ImageObject\",\"inLanguage\":\"es\",\"@id\":\"https:\\\/\\\/sarmiento24h.com\\\/#\\\/schema\\\/logo\\\/image\\\/\",\"url\":\"https:\\\/\\\/sarmiento24h.com\\\/wp-content\\\/uploads\\\/2025\\\/12\\\/AddText_12-16-10.30.52.jpg\",\"contentUrl\":\"https:\\\/\\\/sarmiento24h.com\\\/wp-content\\\/uploads\\\/2025\\\/12\\\/AddText_12-16-10.30.52.jpg\",\"width\":1220,\"height\":324,\"caption\":\"Sarmiento24h\"},\"image\":{\"@id\":\"https:\\\/\\\/sarmiento24h.com\\\/#\\\/schema\\\/logo\\\/image\\\/\"},\"sameAs\":[\"https:\\\/\\\/facebook.com\\\/s24hnoticias\",\"https:\\\/\\\/x.com\\\/sarmiento24h\"]},{\"@type\":\"Person\",\"@id\":\"https:\\\/\\\/sarmiento24h.com\\\/#\\\/schema\\\/person\\\/d653a59725ad629a7e0429af7b939d4d\",\"name\":\"sarmiento24h@gmail.com\",\"image\":{\"@type\":\"ImageObject\",\"inLanguage\":\"es\",\"@id\":\"https:\\\/\\\/sarmiento24h.com\\\/wp-content\\\/litespeed\\\/avatar\\\/d02cbc4e23c747e6659cd45907173c8f.jpg?ver=1777157796\",\"url\":\"https:\\\/\\\/sarmiento24h.com\\\/wp-content\\\/litespeed\\\/avatar\\\/d02cbc4e23c747e6659cd45907173c8f.jpg?ver=1777157796\",\"contentUrl\":\"https:\\\/\\\/sarmiento24h.com\\\/wp-content\\\/litespeed\\\/avatar\\\/d02cbc4e23c747e6659cd45907173c8f.jpg?ver=1777157796\",\"caption\":\"sarmiento24h@gmail.com\"},\"sameAs\":[\"https:\\\/\\\/sarmiento24h.com\"],\"url\":\"https:\\\/\\\/sarmiento24h.com\\\/?author=1\"}]}<\/script>\n<!-- \/ Yoast SEO plugin. -->","yoast_head_json":{"title":"Abinader resalta los avances en construcci\u00f3n obras de Santiago - Sarmiento24h","robots":{"index":"index","follow":"follow","max-snippet":"max-snippet:-1","max-image-preview":"max-image-preview:large","max-video-preview":"max-video-preview:-1"},"canonical":"https:\/\/sarmiento24h.com\/?p=8211","og_locale":"es_ES","og_type":"article","og_title":"Abinader resalta los avances en construcci\u00f3n obras de Santiago - Sarmiento24h","og_description":"SANTIAGO DE LOS CABALLEROS.- El presidente Luis&#46;&#46;&#46;","og_url":"https:\/\/sarmiento24h.com\/?p=8211","og_site_name":"Sarmiento24h","article_publisher":"https:\/\/facebook.com\/s24hnoticias","article_published_time":"2026-01-24T22:53:36+00:00","og_image":[{"width":300,"height":200,"url":"https:\/\/sarmiento24h.com\/wp-content\/uploads\/2026\/01\/abinader-resalta-los-avances-en-construccion-obras-de-santiago.jpg","type":"image\/jpeg"}],"author":"sarmiento24h@gmail.com","twitter_card":"summary_large_image","twitter_creator":"@sarmiento24h","twitter_site":"@sarmiento24h","twitter_misc":{"Escrito por":"sarmiento24h@gmail.com","Tiempo de lectura":"2 minutos"},"schema":{"@context":"https:\/\/schema.org","@graph":[{"@type":"Article","@id":"https:\/\/sarmiento24h.com\/?p=8211#article","isPartOf":{"@id":"https:\/\/sarmiento24h.com\/?p=8211"},"author":{"name":"sarmiento24h@gmail.com","@id":"https:\/\/sarmiento24h.com\/#\/schema\/person\/d653a59725ad629a7e0429af7b939d4d"},"headline":"Abinader resalta los avances en construcci\u00f3n obras de Santiago","datePublished":"2026-01-24T22:53:36+00:00","mainEntityOfPage":{"@id":"https:\/\/sarmiento24h.com\/?p=8211"},"wordCount":374,"publisher":{"@id":"https:\/\/sarmiento24h.com\/#organization"},"image":{"@id":"https:\/\/sarmiento24h.com\/?p=8211#primaryimage"},"thumbnailUrl":"https:\/\/sarmiento24h.com\/wp-content\/uploads\/2026\/01\/abinader-resalta-los-avances-en-construccion-obras-de-santiago.jpg","articleSection":["Portada"],"inLanguage":"es"},{"@type":"WebPage","@id":"https:\/\/sarmiento24h.com\/?p=8211","url":"https:\/\/sarmiento24h.com\/?p=8211","name":"Abinader resalta los avances en construcci\u00f3n obras de Santiago - Sarmiento24h","isPartOf":{"@id":"https:\/\/sarmiento24h.com\/#website"},"primaryImageOfPage":{"@id":"https:\/\/sarmiento24h.com\/?p=8211#primaryimage"},"image":{"@id":"https:\/\/sarmiento24h.com\/?p=8211#primaryimage"},"thumbnailUrl":"https:\/\/sarmiento24h.com\/wp-content\/uploads\/2026\/01\/abinader-resalta-los-avances-en-construccion-obras-de-santiago.jpg","datePublished":"2026-01-24T22:53:36+00:00","breadcrumb":{"@id":"https:\/\/sarmiento24h.com\/?p=8211#breadcrumb"},"inLanguage":"es","potentialAction":[{"@type":"ReadAction","target":["https:\/\/sarmiento24h.com\/?p=8211"]}]},{"@type":"ImageObject","inLanguage":"es","@id":"https:\/\/sarmiento24h.com\/?p=8211#primaryimage","url":"https:\/\/sarmiento24h.com\/wp-content\/uploads\/2026\/01\/abinader-resalta-los-avances-en-construccion-obras-de-santiago.jpg","contentUrl":"https:\/\/sarmiento24h.com\/wp-content\/uploads\/2026\/01\/abinader-resalta-los-avances-en-construccion-obras-de-santiago.jpg","width":300,"height":200},{"@type":"BreadcrumbList","@id":"https:\/\/sarmiento24h.com\/?p=8211#breadcrumb","itemListElement":[{"@type":"ListItem","position":1,"name":"Home","item":"https:\/\/sarmiento24h.com\/"},{"@type":"ListItem","position":2,"name":"Abinader resalta los avances en construcci\u00f3n obras de Santiago"}]},{"@type":"WebSite","@id":"https:\/\/sarmiento24h.com\/#website","url":"https:\/\/sarmiento24h.com\/","name":"Sarmiento24h","description":"","publisher":{"@id":"https:\/\/sarmiento24h.com\/#organization"},"potentialAction":[{"@type":"SearchAction","target":{"@type":"EntryPoint","urlTemplate":"https:\/\/sarmiento24h.com\/?s={search_term_string}"},"query-input":{"@type":"PropertyValueSpecification","valueRequired":true,"valueName":"search_term_string"}}],"inLanguage":"es"},{"@type":"Organization","@id":"https:\/\/sarmiento24h.com\/#organization","name":"Sarmiento24h","url":"https:\/\/sarmiento24h.com\/","logo":{"@type":"ImageObject","inLanguage":"es","@id":"https:\/\/sarmiento24h.com\/#\/schema\/logo\/image\/","url":"https:\/\/sarmiento24h.com\/wp-content\/uploads\/2025\/12\/AddText_12-16-10.30.52.jpg","contentUrl":"https:\/\/sarmiento24h.com\/wp-content\/uploads\/2025\/12\/AddText_12-16-10.30.52.jpg","width":1220,"height":324,"caption":"Sarmiento24h"},"image":{"@id":"https:\/\/sarmiento24h.com\/#\/schema\/logo\/image\/"},"sameAs":["https:\/\/facebook.com\/s24hnoticias","https:\/\/x.com\/sarmiento24h"]},{"@type":"Person","@id":"https:\/\/sarmiento24h.com\/#\/schema\/person\/d653a59725ad629a7e0429af7b939d4d","name":"sarmiento24h@gmail.com","image":{"@type":"ImageObject","inLanguage":"es","@id":"https:\/\/sarmiento24h.com\/wp-content\/litespeed\/avatar\/d02cbc4e23c747e6659cd45907173c8f.jpg?ver=1777157796","url":"https:\/\/sarmiento24h.com\/wp-content\/litespeed\/avatar\/d02cbc4e23c747e6659cd45907173c8f.jpg?ver=1777157796","contentUrl":"https:\/\/sarmiento24h.com\/wp-content\/litespeed\/avatar\/d02cbc4e23c747e6659cd45907173c8f.jpg?ver=1777157796","caption":"sarmiento24h@gmail.com"},"sameAs":["https:\/\/sarmiento24h.com"],"url":"https:\/\/sarmiento24h.com\/?author=1"}]}},"jetpack_publicize_connections":[],"jetpack_featured_media_url":"https:\/\/sarmiento24h.com\/wp-content\/uploads\/2026\/01\/abinader-resalta-los-avances-en-construccion-obras-de-santiago.jpg","jetpack_sharing_enabled":true,"_links":{"self":[{"href":"https:\/\/sarmiento24h.com\/index.php?rest_route=\/wp\/v2\/posts\/8211","targetHints":{"allow":["GET"]}}],"collection":[{"href":"https:\/\/sarmiento24h.com\/index.php?rest_route=\/wp\/v2\/posts"}],"about":[{"href":"https:\/\/sarmiento24h.com\/index.php?rest_route=\/wp\/v2\/types\/post"}],"author":[{"embeddable":true,"href":"https:\/\/sarmiento24h.com\/index.php?rest_route=\/wp\/v2\/users\/1"}],"replies":[{"embeddable":true,"href":"https:\/\/sarmiento24h.com\/index.php?rest_route=%2Fwp%2Fv2%2Fcomments&post=8211"}],"version-history":[{"count":0,"href":"https:\/\/sarmiento24h.com\/index.php?rest_route=\/wp\/v2\/posts\/8211\/revisions"}],"wp:featuredmedia":[{"embeddable":true,"href":"https:\/\/sarmiento24h.com\/index.php?rest_route=\/wp\/v2\/media\/8212"}],"wp:attachment":[{"href":"https:\/\/sarmiento24h.com\/index.php?rest_route=%2Fwp%2Fv2%2Fmedia&parent=8211"}],"wp:term":[{"taxonomy":"category","embeddable":true,"href":"https:\/\/sarmiento24h.com\/index.php?rest_route=%2Fwp%2Fv2%2Fcategories&post=8211"},{"taxonomy":"post_tag","embeddable":true,"href":"https:\/\/sarmiento24h.com\/index.php?rest_route=%2Fwp%2Fv2%2Ftags&post=8211"}],"curies":[{"name":"wp","href":"https:\/\/api.w.org\/{rel}","templated":true}]}}