{"id":8246,"date":"2026-01-25T09:33:51","date_gmt":"2026-01-25T09:33:51","guid":{"rendered":"http:\/\/almomento.net\/?p=1094343"},"modified":"2026-01-25T09:33:51","modified_gmt":"2026-01-25T09:33:51","slug":"presidente-electo-chile-elogia-el-crecimiento-de-rep-dominicana","status":"publish","type":"post","link":"https:\/\/sarmiento24h.com\/?p=8246","title":{"rendered":"Presidente electo Chile elogia el crecimiento de Rep. Dominicana"},"content":{"rendered":"<p><!-- .entry-header --> <\/p>\n<p>Santiago (Rep\u00fablica Dominicana), 24 ene (EFE).- El tema migratorio, la seguridad y el comercio centraron la reuni\u00f3n entre el mandatario Luis Abinader y el presidente electo de Chile, el ultraderechista Jos\u00e9 Antonio Kast, quien lleg\u00f3 este s\u00e1bado a la Rep\u00fablica Dominicana, primera parada de una gira que tambi\u00e9n le llevar\u00e1 a partir del lunes a El Salvador y Panam\u00e1.<\/p>\n<p>Kast y su comitiva, incluida su esposa Mar\u00eda P\u00eda Adriasola, fueron recibidos por Abinader en la residencia presidencial de la provincia de Santiago, a 155 kil\u00f3metros de Santo Domingo.<\/p>\n<p>Ambos conversaron, adem\u00e1s, sobre turismo, infraestructura y salud, de acuerdo con lo expuesto en conferencia de prensa por Kast, que se impuso por m\u00e1s del 58 % en las elecciones de diciembre y suceder\u00e1 al progresista Gabriel Boric el pr\u00f3ximo 11 de marzo,<\/p>\n<p><strong>Alaba medidas Abinader<\/strong><\/p>\n<p>El futuro presidente chileno, quien ha prometido mano dura con la migraci\u00f3n, destac\u00f3 las medidas adoptadas por el Gobierno de Abinader para combatir la migraci\u00f3n irregular, entre ellas el muro o verja perimetral que levanta en la frontera con Hait\u00ed.<\/p>\n<p>\u00abAqu\u00ed m\u00e1s que muro se habla de una reja que tiene un \u00e9xito importante, pero que requiere tambi\u00e9n de la colaboraci\u00f3n internacional porque el drama econ\u00f3mico, social y humano que se vive en Hait\u00ed tiene que movernos a todos\u00bb, se\u00f1al\u00f3, y record\u00f3 que en su pa\u00eds viven unas 200.000 personas de origen haitiano.<\/p>\n<p>Kast defendi\u00f3 su plan denominado Escudo Fronterizo, con claras similitudes a la pol\u00edtica del presidente norteamericano, Donald Trump, llevada a cabo por el Servicio de Control de Inmigraci\u00f3n y Aduanas (ICE).<\/p>\n<p><strong> Pide indocumentados abandonar Chile<\/strong><\/p>\n<p>En ese sentido, volvi\u00f3 a llamar a los indocumentados a abandonar Chile y regresar cuando tengan la documentaci\u00f3n requerida.\u00bbNosotros no tenemos inconvenientes en que las personas vengan a Chile, pero deben entrar por la puerta, nunca por la ventana\u00bb, apunt\u00f3.<\/p>\n<p>Por su lado, Abinader destac\u00f3 el buen estado de las relaciones entre su pa\u00eds y Chile, \u00abque esperamos incrementar a partir de marzo\u00bb, cuando Kast asuma la Presidencia.<\/p>\n<p>\u00abChile es un gran pa\u00eds con el que tenemos muchas relaciones. Estuvimos hablando (con Kast) sobre turismo, exportaciones, seguridad\u00bb, agreg\u00f3 el jefe de Estado dominicano.<\/p>\n<p>Tras el encuentro hoy en Santiago, Abinader confirm\u00f3 que ambos se trasladar\u00e1n ma\u00f1ana a Dajab\u00f3n para observar la construcci\u00f3n del muro que Rep\u00fablica Dominicana levanta a lo largo de su frontera con Hait\u00ed con el objetivo de controlar el tr\u00e1fico de migrantes, drogas y armas, confirm\u00f3.<\/p>\n<p><strong> Destaca crecimiento de RD<\/strong><\/p>\n<p>En unas primeras declaraciones ofrecidas nada m\u00e1s llegar hoy al pa\u00eds, Kast destac\u00f3 \u00abel desarrollo y el crecimiento\u00bb que ha tenido Rep\u00fablica Dominicana, pero tambi\u00e9n su pol\u00edtica migratoria \u00abrelevante\u00bb y \u00abejemplar\u00bb.<\/p>\n<p>Abinader orden\u00f3 en octubre de 2024 una pol\u00edtica de deportaciones masivas de migrantes haitianos en situaci\u00f3n irregular.<\/p>\n<p>Desde entonces se deportan unos 10.000 migrantes haitianos por semana pese a los llamamientos de organismos internacionales para que no se lleven a cabo devoluciones a un pa\u00eds donde en el primer semestre de 2025 m\u00e1s de 4.000 personas murieron a causa de la violencia de las bandas armadas.<\/p>\n<p>Tras culminar su visita a Rep\u00fablica Dominicana, se trasladar\u00e1 e El Salvador, donde se reunir\u00e1 previsiblemente con el presidente de ese pa\u00eds, Nayib Bukele, cuya pol\u00edtica carcelaria y de seguridad ha sido muy alabada por el chileno, aunque a\u00fan se desconocen detalles del encuentro.<\/p>\n<p>Posteriormente, viajar\u00e1 a Panam\u00e1 donde participar\u00e1 del Foro Econ\u00f3mico Internacional Am\u00e9rica Latina y el Caribe 2026, organizado por CAF \u2013 banco de desarrollo y el Gobierno paname\u00f1o. EFE<\/p>\n<p>mf\/gpv<\/p>\n<div class=\"heateor_sss_sharing_container heateor_sss_horizontal_sharing\" data-heateor-sss-href=\"https:\/\/almomento.net\/presidente-electo-chile-elogia-el-crecimiento-de-rep-dominicana\/\" readability=\"7\">\n<p>Comp\u00e1rtelo en tus redes:<\/p>\n<\/div>\n<p> <!-- 468x60 --><br \/>\n<ins class=\"adsbygoogle\" data-ad-client=\"ca-pub-3511341636159665\" data-ad-slot=\"3538255450\"><\/ins> <!-- .entry-content --> <\/p>\n","protected":false},"excerpt":{"rendered":"<p>Santiago (Rep\u00fablica Dominicana), 24 ene (EFE).- El&#46;&#46;&#46;<\/p>\n","protected":false},"author":1,"featured_media":0,"comment_status":"closed","ping_status":"closed","sticky":false,"template":"","format":"standard","meta":{"_jetpack_memberships_contains_paid_content":false,"footnotes":"","jetpack_publicize_message":"","jetpack_publicize_feature_enabled":true,"jetpack_social_post_already_shared":false,"jetpack_social_options":{"image_generator_settings":{"template":"highway","default_image_id":0,"font":"","enabled":false},"version":2}},"categories":[69],"tags":[],"class_list":["post-8246","post","type-post","status-publish","format-standard","hentry","category-portada"],"yoast_head":"<!-- This site is optimized with the Yoast SEO plugin v27.3 - https:\/\/yoast.com\/product\/yoast-seo-wordpress\/ -->\n<title>Presidente electo Chile elogia el crecimiento de Rep. Dominicana - Sarmiento24h<\/title>\n<meta name=\"robots\" content=\"index, follow, max-snippet:-1, max-image-preview:large, max-video-preview:-1\" \/>\n<link rel=\"canonical\" href=\"https:\/\/sarmiento24h.com\/?p=8246\" \/>\n<meta property=\"og:locale\" content=\"es_ES\" \/>\n<meta property=\"og:type\" content=\"article\" \/>\n<meta property=\"og:title\" content=\"Presidente electo Chile elogia el crecimiento de Rep. Dominicana - Sarmiento24h\" \/>\n<meta property=\"og:description\" content=\"Santiago (Rep\u00fablica Dominicana), 24 ene (EFE).- El&#046;&#046;&#046;\" \/>\n<meta property=\"og:url\" content=\"https:\/\/sarmiento24h.com\/?p=8246\" \/>\n<meta property=\"og:site_name\" content=\"Sarmiento24h\" \/>\n<meta property=\"article:publisher\" content=\"https:\/\/facebook.com\/s24hnoticias\" \/>\n<meta property=\"article:published_time\" content=\"2026-01-25T09:33:51+00:00\" \/>\n<meta name=\"author\" content=\"sarmiento24h@gmail.com\" \/>\n<meta name=\"twitter:card\" content=\"summary_large_image\" \/>\n<meta name=\"twitter:creator\" content=\"@sarmiento24h\" \/>\n<meta name=\"twitter:site\" content=\"@sarmiento24h\" \/>\n<meta name=\"twitter:label1\" content=\"Escrito por\" \/>\n\t<meta name=\"twitter:data1\" content=\"sarmiento24h@gmail.com\" \/>\n\t<meta name=\"twitter:label2\" content=\"Tiempo de lectura\" \/>\n\t<meta name=\"twitter:data2\" content=\"3 minutos\" \/>\n<script type=\"application\/ld+json\" class=\"yoast-schema-graph\">{\"@context\":\"https:\\\/\\\/schema.org\",\"@graph\":[{\"@type\":\"Article\",\"@id\":\"https:\\\/\\\/sarmiento24h.com\\\/?p=8246#article\",\"isPartOf\":{\"@id\":\"https:\\\/\\\/sarmiento24h.com\\\/?p=8246\"},\"author\":{\"name\":\"sarmiento24h@gmail.com\",\"@id\":\"https:\\\/\\\/sarmiento24h.com\\\/#\\\/schema\\\/person\\\/d653a59725ad629a7e0429af7b939d4d\"},\"headline\":\"Presidente electo Chile elogia el crecimiento de Rep. Dominicana\",\"datePublished\":\"2026-01-25T09:33:51+00:00\",\"mainEntityOfPage\":{\"@id\":\"https:\\\/\\\/sarmiento24h.com\\\/?p=8246\"},\"wordCount\":626,\"publisher\":{\"@id\":\"https:\\\/\\\/sarmiento24h.com\\\/#organization\"},\"articleSection\":[\"Portada\"],\"inLanguage\":\"es\"},{\"@type\":\"WebPage\",\"@id\":\"https:\\\/\\\/sarmiento24h.com\\\/?p=8246\",\"url\":\"https:\\\/\\\/sarmiento24h.com\\\/?p=8246\",\"name\":\"Presidente electo Chile elogia el crecimiento de Rep. Dominicana - Sarmiento24h\",\"isPartOf\":{\"@id\":\"https:\\\/\\\/sarmiento24h.com\\\/#website\"},\"datePublished\":\"2026-01-25T09:33:51+00:00\",\"breadcrumb\":{\"@id\":\"https:\\\/\\\/sarmiento24h.com\\\/?p=8246#breadcrumb\"},\"inLanguage\":\"es\",\"potentialAction\":[{\"@type\":\"ReadAction\",\"target\":[\"https:\\\/\\\/sarmiento24h.com\\\/?p=8246\"]}]},{\"@type\":\"BreadcrumbList\",\"@id\":\"https:\\\/\\\/sarmiento24h.com\\\/?p=8246#breadcrumb\",\"itemListElement\":[{\"@type\":\"ListItem\",\"position\":1,\"name\":\"Home\",\"item\":\"https:\\\/\\\/sarmiento24h.com\\\/\"},{\"@type\":\"ListItem\",\"position\":2,\"name\":\"Presidente electo Chile elogia el crecimiento de Rep. Dominicana\"}]},{\"@type\":\"WebSite\",\"@id\":\"https:\\\/\\\/sarmiento24h.com\\\/#website\",\"url\":\"https:\\\/\\\/sarmiento24h.com\\\/\",\"name\":\"Sarmiento24h\",\"description\":\"\",\"publisher\":{\"@id\":\"https:\\\/\\\/sarmiento24h.com\\\/#organization\"},\"potentialAction\":[{\"@type\":\"SearchAction\",\"target\":{\"@type\":\"EntryPoint\",\"urlTemplate\":\"https:\\\/\\\/sarmiento24h.com\\\/?s={search_term_string}\"},\"query-input\":{\"@type\":\"PropertyValueSpecification\",\"valueRequired\":true,\"valueName\":\"search_term_string\"}}],\"inLanguage\":\"es\"},{\"@type\":\"Organization\",\"@id\":\"https:\\\/\\\/sarmiento24h.com\\\/#organization\",\"name\":\"Sarmiento24h\",\"url\":\"https:\\\/\\\/sarmiento24h.com\\\/\",\"logo\":{\"@type\":\"ImageObject\",\"inLanguage\":\"es\",\"@id\":\"https:\\\/\\\/sarmiento24h.com\\\/#\\\/schema\\\/logo\\\/image\\\/\",\"url\":\"https:\\\/\\\/sarmiento24h.com\\\/wp-content\\\/uploads\\\/2025\\\/12\\\/AddText_12-16-10.30.52.jpg\",\"contentUrl\":\"https:\\\/\\\/sarmiento24h.com\\\/wp-content\\\/uploads\\\/2025\\\/12\\\/AddText_12-16-10.30.52.jpg\",\"width\":1220,\"height\":324,\"caption\":\"Sarmiento24h\"},\"image\":{\"@id\":\"https:\\\/\\\/sarmiento24h.com\\\/#\\\/schema\\\/logo\\\/image\\\/\"},\"sameAs\":[\"https:\\\/\\\/facebook.com\\\/s24hnoticias\",\"https:\\\/\\\/x.com\\\/sarmiento24h\"]},{\"@type\":\"Person\",\"@id\":\"https:\\\/\\\/sarmiento24h.com\\\/#\\\/schema\\\/person\\\/d653a59725ad629a7e0429af7b939d4d\",\"name\":\"sarmiento24h@gmail.com\",\"image\":{\"@type\":\"ImageObject\",\"inLanguage\":\"es\",\"@id\":\"https:\\\/\\\/sarmiento24h.com\\\/wp-content\\\/litespeed\\\/avatar\\\/d02cbc4e23c747e6659cd45907173c8f.jpg?ver=1777157796\",\"url\":\"https:\\\/\\\/sarmiento24h.com\\\/wp-content\\\/litespeed\\\/avatar\\\/d02cbc4e23c747e6659cd45907173c8f.jpg?ver=1777157796\",\"contentUrl\":\"https:\\\/\\\/sarmiento24h.com\\\/wp-content\\\/litespeed\\\/avatar\\\/d02cbc4e23c747e6659cd45907173c8f.jpg?ver=1777157796\",\"caption\":\"sarmiento24h@gmail.com\"},\"sameAs\":[\"https:\\\/\\\/sarmiento24h.com\"],\"url\":\"https:\\\/\\\/sarmiento24h.com\\\/?author=1\"}]}<\/script>\n<!-- \/ Yoast SEO plugin. -->","yoast_head_json":{"title":"Presidente electo Chile elogia el crecimiento de Rep. Dominicana - Sarmiento24h","robots":{"index":"index","follow":"follow","max-snippet":"max-snippet:-1","max-image-preview":"max-image-preview:large","max-video-preview":"max-video-preview:-1"},"canonical":"https:\/\/sarmiento24h.com\/?p=8246","og_locale":"es_ES","og_type":"article","og_title":"Presidente electo Chile elogia el crecimiento de Rep. Dominicana - Sarmiento24h","og_description":"Santiago (Rep\u00fablica Dominicana), 24 ene (EFE).- El&#46;&#46;&#46;","og_url":"https:\/\/sarmiento24h.com\/?p=8246","og_site_name":"Sarmiento24h","article_publisher":"https:\/\/facebook.com\/s24hnoticias","article_published_time":"2026-01-25T09:33:51+00:00","author":"sarmiento24h@gmail.com","twitter_card":"summary_large_image","twitter_creator":"@sarmiento24h","twitter_site":"@sarmiento24h","twitter_misc":{"Escrito por":"sarmiento24h@gmail.com","Tiempo de lectura":"3 minutos"},"schema":{"@context":"https:\/\/schema.org","@graph":[{"@type":"Article","@id":"https:\/\/sarmiento24h.com\/?p=8246#article","isPartOf":{"@id":"https:\/\/sarmiento24h.com\/?p=8246"},"author":{"name":"sarmiento24h@gmail.com","@id":"https:\/\/sarmiento24h.com\/#\/schema\/person\/d653a59725ad629a7e0429af7b939d4d"},"headline":"Presidente electo Chile elogia el crecimiento de Rep. Dominicana","datePublished":"2026-01-25T09:33:51+00:00","mainEntityOfPage":{"@id":"https:\/\/sarmiento24h.com\/?p=8246"},"wordCount":626,"publisher":{"@id":"https:\/\/sarmiento24h.com\/#organization"},"articleSection":["Portada"],"inLanguage":"es"},{"@type":"WebPage","@id":"https:\/\/sarmiento24h.com\/?p=8246","url":"https:\/\/sarmiento24h.com\/?p=8246","name":"Presidente electo Chile elogia el crecimiento de Rep. Dominicana - Sarmiento24h","isPartOf":{"@id":"https:\/\/sarmiento24h.com\/#website"},"datePublished":"2026-01-25T09:33:51+00:00","breadcrumb":{"@id":"https:\/\/sarmiento24h.com\/?p=8246#breadcrumb"},"inLanguage":"es","potentialAction":[{"@type":"ReadAction","target":["https:\/\/sarmiento24h.com\/?p=8246"]}]},{"@type":"BreadcrumbList","@id":"https:\/\/sarmiento24h.com\/?p=8246#breadcrumb","itemListElement":[{"@type":"ListItem","position":1,"name":"Home","item":"https:\/\/sarmiento24h.com\/"},{"@type":"ListItem","position":2,"name":"Presidente electo Chile elogia el crecimiento de Rep. Dominicana"}]},{"@type":"WebSite","@id":"https:\/\/sarmiento24h.com\/#website","url":"https:\/\/sarmiento24h.com\/","name":"Sarmiento24h","description":"","publisher":{"@id":"https:\/\/sarmiento24h.com\/#organization"},"potentialAction":[{"@type":"SearchAction","target":{"@type":"EntryPoint","urlTemplate":"https:\/\/sarmiento24h.com\/?s={search_term_string}"},"query-input":{"@type":"PropertyValueSpecification","valueRequired":true,"valueName":"search_term_string"}}],"inLanguage":"es"},{"@type":"Organization","@id":"https:\/\/sarmiento24h.com\/#organization","name":"Sarmiento24h","url":"https:\/\/sarmiento24h.com\/","logo":{"@type":"ImageObject","inLanguage":"es","@id":"https:\/\/sarmiento24h.com\/#\/schema\/logo\/image\/","url":"https:\/\/sarmiento24h.com\/wp-content\/uploads\/2025\/12\/AddText_12-16-10.30.52.jpg","contentUrl":"https:\/\/sarmiento24h.com\/wp-content\/uploads\/2025\/12\/AddText_12-16-10.30.52.jpg","width":1220,"height":324,"caption":"Sarmiento24h"},"image":{"@id":"https:\/\/sarmiento24h.com\/#\/schema\/logo\/image\/"},"sameAs":["https:\/\/facebook.com\/s24hnoticias","https:\/\/x.com\/sarmiento24h"]},{"@type":"Person","@id":"https:\/\/sarmiento24h.com\/#\/schema\/person\/d653a59725ad629a7e0429af7b939d4d","name":"sarmiento24h@gmail.com","image":{"@type":"ImageObject","inLanguage":"es","@id":"https:\/\/sarmiento24h.com\/wp-content\/litespeed\/avatar\/d02cbc4e23c747e6659cd45907173c8f.jpg?ver=1777157796","url":"https:\/\/sarmiento24h.com\/wp-content\/litespeed\/avatar\/d02cbc4e23c747e6659cd45907173c8f.jpg?ver=1777157796","contentUrl":"https:\/\/sarmiento24h.com\/wp-content\/litespeed\/avatar\/d02cbc4e23c747e6659cd45907173c8f.jpg?ver=1777157796","caption":"sarmiento24h@gmail.com"},"sameAs":["https:\/\/sarmiento24h.com"],"url":"https:\/\/sarmiento24h.com\/?author=1"}]}},"jetpack_publicize_connections":[],"jetpack_featured_media_url":"","jetpack_sharing_enabled":true,"_links":{"self":[{"href":"https:\/\/sarmiento24h.com\/index.php?rest_route=\/wp\/v2\/posts\/8246","targetHints":{"allow":["GET"]}}],"collection":[{"href":"https:\/\/sarmiento24h.com\/index.php?rest_route=\/wp\/v2\/posts"}],"about":[{"href":"https:\/\/sarmiento24h.com\/index.php?rest_route=\/wp\/v2\/types\/post"}],"author":[{"embeddable":true,"href":"https:\/\/sarmiento24h.com\/index.php?rest_route=\/wp\/v2\/users\/1"}],"replies":[{"embeddable":true,"href":"https:\/\/sarmiento24h.com\/index.php?rest_route=%2Fwp%2Fv2%2Fcomments&post=8246"}],"version-history":[{"count":0,"href":"https:\/\/sarmiento24h.com\/index.php?rest_route=\/wp\/v2\/posts\/8246\/revisions"}],"wp:attachment":[{"href":"https:\/\/sarmiento24h.com\/index.php?rest_route=%2Fwp%2Fv2%2Fmedia&parent=8246"}],"wp:term":[{"taxonomy":"category","embeddable":true,"href":"https:\/\/sarmiento24h.com\/index.php?rest_route=%2Fwp%2Fv2%2Fcategories&post=8246"},{"taxonomy":"post_tag","embeddable":true,"href":"https:\/\/sarmiento24h.com\/index.php?rest_route=%2Fwp%2Fv2%2Ftags&post=8246"}],"curies":[{"name":"wp","href":"https:\/\/api.w.org\/{rel}","templated":true}]}}