{"id":8254,"date":"2026-01-25T11:15:31","date_gmt":"2026-01-25T11:15:31","guid":{"rendered":"http:\/\/almomento.net\/?p=1094368"},"modified":"2026-01-25T11:15:31","modified_gmt":"2026-01-25T11:15:31","slug":"chile-aumentan-a-21-muertos-debido-a-incendios-forestales","status":"publish","type":"post","link":"https:\/\/sarmiento24h.com\/?p=8254","title":{"rendered":"CHILE: Aumentan a 21 muertos debido a incendios forestales"},"content":{"rendered":"<p>SANTIAGO, 25 Ene. (EUROPA PRESS) \u2013&nbsp;El Servicio M\u00e9dico Legal (SML) de Chile ha identificado y entregado este s\u00e1bado los restos mortales de otras cuatro de las 21 personas fallecidas como consecuencia de los incendios forestales que est\u00e1n teniendo lugar en el centro y el sur del pa\u00eds y que han llevado de momento a la detenci\u00f3n de una decena de personas tras calcinar m\u00e1s de 64.000 hect\u00e1reas en la \u00faltima semana.<\/p>\n<p>Con estas cuatro entregas, el total de fallecidos retirados por el SML de Concepci\u00f3n \u2013en colaboraci\u00f3n con las autoridades de Biob\u00edo\u2013 ha ascendido a 14, seg\u00fan ha indicado el propio organismo en un comunicado en el que han se\u00f1alado adem\u00e1s que este s\u00e1bado han concluido tambi\u00e9n \u00ablos trabajos en terreno en el sector La Huasca, Lirqu\u00e9n, sin nuevos hallazgos\u00bb, dando as\u00ed por terminadas las labores en una de las \u00e1reas de b\u00fasqueda m\u00e1s relevantes de los \u00faltimos d\u00edas.<\/p>\n<p>Apenas un par de horas antes, las autoridades regionales hab\u00edan confirmado que ya hab\u00edan sido identificadas las alrededor de 20 v\u00edctimas fatales de los incendios en la regi\u00f3n: once personas naturales de R\u00edos de Chile, ocho pertenecientes a calle Balmaceda y una del sector Punta de Parra.<\/p>\n<p>\u00abProducto de ese trabajo es que hoy hemos podido entregar a la totalidad de los fallecidos del Biob\u00edo, salvo aquel que fue encontrado producto de este operativo de hoy\u00bb, ha explicado la fiscal regional del Biob\u00edo, Marcela Cartagena, en declaraciones desde la poblaci\u00f3n R\u00edos de Chile recogidas por el diario \u2018La Tercera\u2019.<\/p>\n<p>Cartagena ha se\u00f1alado que el proceso de b\u00fasqueda e identificaci\u00f3n ha sido desarrollado de manera conjunta por efectivos del SML, la Polic\u00eda de Investigaciones (PDI) y Carabineros, bajo la direcci\u00f3n del Ministerio P\u00fablico. En total, en los distintos puntos de mando de la regi\u00f3n, han intervenido m\u00e1s de 650 funcionarios policiales, de acuerdo con los datos de la PDI reportados por el mismo medio.<\/p>\n<p>Las cifras ofrecida por la Fiscal\u00eda del Biob\u00edo coinciden con el \u00faltimo balance oficial del Ejecutivo, publicado tras el Comit\u00e9 para la Gesti\u00f3n del Riesgo de Desastres (Cogrid) de este s\u00e1bado, en el que se deba cuenta de 21 personas fallecidas a nivel nacional, adem\u00e1s de 20.568 personas afectadas y 2.707 viviendas destruidas por las llamas que afectan a las regiones de \u00d1uble, Biob\u00edo y La Araucan\u00eda, y en las que se mantiene la alerta roja.<\/p>\n<p>En total, la superficie afectada por el fuego asciende hasta el momento a 64.379 hect\u00e1reas, con al menos trece focos considerados de gran magnitud, es decir, con una afectaci\u00f3n superior a las 200 hect\u00e1reas.<\/p>\n","protected":false},"excerpt":{"rendered":"<p>SANTIAGO, 25 Ene. (EUROPA PRESS) \u2013&nbsp;El Servicio&#46;&#46;&#46;<\/p>\n","protected":false},"author":1,"featured_media":0,"comment_status":"closed","ping_status":"closed","sticky":false,"template":"","format":"standard","meta":{"_jetpack_memberships_contains_paid_content":false,"footnotes":"","jetpack_publicize_message":"","jetpack_publicize_feature_enabled":true,"jetpack_social_post_already_shared":false,"jetpack_social_options":{"image_generator_settings":{"template":"highway","default_image_id":0,"font":"","enabled":false},"version":2}},"categories":[69],"tags":[],"class_list":["post-8254","post","type-post","status-publish","format-standard","hentry","category-portada"],"yoast_head":"<!-- This site is optimized with the Yoast SEO plugin v27.3 - https:\/\/yoast.com\/product\/yoast-seo-wordpress\/ -->\n<title>CHILE: Aumentan a 21 muertos debido a incendios forestales - Sarmiento24h<\/title>\n<meta name=\"robots\" content=\"index, follow, max-snippet:-1, max-image-preview:large, max-video-preview:-1\" \/>\n<link rel=\"canonical\" href=\"https:\/\/sarmiento24h.com\/?p=8254\" \/>\n<meta property=\"og:locale\" content=\"es_ES\" \/>\n<meta property=\"og:type\" content=\"article\" \/>\n<meta property=\"og:title\" content=\"CHILE: Aumentan a 21 muertos debido a incendios forestales - Sarmiento24h\" \/>\n<meta property=\"og:description\" content=\"SANTIAGO, 25 Ene. (EUROPA PRESS) \u2013&nbsp;El Servicio&#046;&#046;&#046;\" \/>\n<meta property=\"og:url\" content=\"https:\/\/sarmiento24h.com\/?p=8254\" \/>\n<meta property=\"og:site_name\" content=\"Sarmiento24h\" \/>\n<meta property=\"article:publisher\" content=\"https:\/\/facebook.com\/s24hnoticias\" \/>\n<meta property=\"article:published_time\" content=\"2026-01-25T11:15:31+00:00\" \/>\n<meta name=\"author\" content=\"sarmiento24h@gmail.com\" \/>\n<meta name=\"twitter:card\" content=\"summary_large_image\" \/>\n<meta name=\"twitter:creator\" content=\"@sarmiento24h\" \/>\n<meta name=\"twitter:site\" content=\"@sarmiento24h\" \/>\n<meta name=\"twitter:label1\" content=\"Escrito por\" \/>\n\t<meta name=\"twitter:data1\" content=\"sarmiento24h@gmail.com\" \/>\n\t<meta name=\"twitter:label2\" content=\"Tiempo de lectura\" \/>\n\t<meta name=\"twitter:data2\" content=\"2 minutos\" \/>\n<script type=\"application\/ld+json\" class=\"yoast-schema-graph\">{\"@context\":\"https:\\\/\\\/schema.org\",\"@graph\":[{\"@type\":\"Article\",\"@id\":\"https:\\\/\\\/sarmiento24h.com\\\/?p=8254#article\",\"isPartOf\":{\"@id\":\"https:\\\/\\\/sarmiento24h.com\\\/?p=8254\"},\"author\":{\"name\":\"sarmiento24h@gmail.com\",\"@id\":\"https:\\\/\\\/sarmiento24h.com\\\/#\\\/schema\\\/person\\\/d653a59725ad629a7e0429af7b939d4d\"},\"headline\":\"CHILE: Aumentan a 21 muertos debido a incendios forestales\",\"datePublished\":\"2026-01-25T11:15:31+00:00\",\"mainEntityOfPage\":{\"@id\":\"https:\\\/\\\/sarmiento24h.com\\\/?p=8254\"},\"wordCount\":466,\"publisher\":{\"@id\":\"https:\\\/\\\/sarmiento24h.com\\\/#organization\"},\"articleSection\":[\"Portada\"],\"inLanguage\":\"es\"},{\"@type\":\"WebPage\",\"@id\":\"https:\\\/\\\/sarmiento24h.com\\\/?p=8254\",\"url\":\"https:\\\/\\\/sarmiento24h.com\\\/?p=8254\",\"name\":\"CHILE: Aumentan a 21 muertos debido a incendios forestales - Sarmiento24h\",\"isPartOf\":{\"@id\":\"https:\\\/\\\/sarmiento24h.com\\\/#website\"},\"datePublished\":\"2026-01-25T11:15:31+00:00\",\"breadcrumb\":{\"@id\":\"https:\\\/\\\/sarmiento24h.com\\\/?p=8254#breadcrumb\"},\"inLanguage\":\"es\",\"potentialAction\":[{\"@type\":\"ReadAction\",\"target\":[\"https:\\\/\\\/sarmiento24h.com\\\/?p=8254\"]}]},{\"@type\":\"BreadcrumbList\",\"@id\":\"https:\\\/\\\/sarmiento24h.com\\\/?p=8254#breadcrumb\",\"itemListElement\":[{\"@type\":\"ListItem\",\"position\":1,\"name\":\"Home\",\"item\":\"https:\\\/\\\/sarmiento24h.com\\\/\"},{\"@type\":\"ListItem\",\"position\":2,\"name\":\"CHILE: Aumentan a 21 muertos debido a incendios forestales\"}]},{\"@type\":\"WebSite\",\"@id\":\"https:\\\/\\\/sarmiento24h.com\\\/#website\",\"url\":\"https:\\\/\\\/sarmiento24h.com\\\/\",\"name\":\"Sarmiento24h\",\"description\":\"\",\"publisher\":{\"@id\":\"https:\\\/\\\/sarmiento24h.com\\\/#organization\"},\"potentialAction\":[{\"@type\":\"SearchAction\",\"target\":{\"@type\":\"EntryPoint\",\"urlTemplate\":\"https:\\\/\\\/sarmiento24h.com\\\/?s={search_term_string}\"},\"query-input\":{\"@type\":\"PropertyValueSpecification\",\"valueRequired\":true,\"valueName\":\"search_term_string\"}}],\"inLanguage\":\"es\"},{\"@type\":\"Organization\",\"@id\":\"https:\\\/\\\/sarmiento24h.com\\\/#organization\",\"name\":\"Sarmiento24h\",\"url\":\"https:\\\/\\\/sarmiento24h.com\\\/\",\"logo\":{\"@type\":\"ImageObject\",\"inLanguage\":\"es\",\"@id\":\"https:\\\/\\\/sarmiento24h.com\\\/#\\\/schema\\\/logo\\\/image\\\/\",\"url\":\"https:\\\/\\\/sarmiento24h.com\\\/wp-content\\\/uploads\\\/2025\\\/12\\\/AddText_12-16-10.30.52.jpg\",\"contentUrl\":\"https:\\\/\\\/sarmiento24h.com\\\/wp-content\\\/uploads\\\/2025\\\/12\\\/AddText_12-16-10.30.52.jpg\",\"width\":1220,\"height\":324,\"caption\":\"Sarmiento24h\"},\"image\":{\"@id\":\"https:\\\/\\\/sarmiento24h.com\\\/#\\\/schema\\\/logo\\\/image\\\/\"},\"sameAs\":[\"https:\\\/\\\/facebook.com\\\/s24hnoticias\",\"https:\\\/\\\/x.com\\\/sarmiento24h\"]},{\"@type\":\"Person\",\"@id\":\"https:\\\/\\\/sarmiento24h.com\\\/#\\\/schema\\\/person\\\/d653a59725ad629a7e0429af7b939d4d\",\"name\":\"sarmiento24h@gmail.com\",\"image\":{\"@type\":\"ImageObject\",\"inLanguage\":\"es\",\"@id\":\"https:\\\/\\\/sarmiento24h.com\\\/wp-content\\\/litespeed\\\/avatar\\\/d02cbc4e23c747e6659cd45907173c8f.jpg?ver=1777157796\",\"url\":\"https:\\\/\\\/sarmiento24h.com\\\/wp-content\\\/litespeed\\\/avatar\\\/d02cbc4e23c747e6659cd45907173c8f.jpg?ver=1777157796\",\"contentUrl\":\"https:\\\/\\\/sarmiento24h.com\\\/wp-content\\\/litespeed\\\/avatar\\\/d02cbc4e23c747e6659cd45907173c8f.jpg?ver=1777157796\",\"caption\":\"sarmiento24h@gmail.com\"},\"sameAs\":[\"https:\\\/\\\/sarmiento24h.com\"],\"url\":\"https:\\\/\\\/sarmiento24h.com\\\/?author=1\"}]}<\/script>\n<!-- \/ Yoast SEO plugin. -->","yoast_head_json":{"title":"CHILE: Aumentan a 21 muertos debido a incendios forestales - Sarmiento24h","robots":{"index":"index","follow":"follow","max-snippet":"max-snippet:-1","max-image-preview":"max-image-preview:large","max-video-preview":"max-video-preview:-1"},"canonical":"https:\/\/sarmiento24h.com\/?p=8254","og_locale":"es_ES","og_type":"article","og_title":"CHILE: Aumentan a 21 muertos debido a incendios forestales - Sarmiento24h","og_description":"SANTIAGO, 25 Ene. (EUROPA PRESS) \u2013&nbsp;El Servicio&#46;&#46;&#46;","og_url":"https:\/\/sarmiento24h.com\/?p=8254","og_site_name":"Sarmiento24h","article_publisher":"https:\/\/facebook.com\/s24hnoticias","article_published_time":"2026-01-25T11:15:31+00:00","author":"sarmiento24h@gmail.com","twitter_card":"summary_large_image","twitter_creator":"@sarmiento24h","twitter_site":"@sarmiento24h","twitter_misc":{"Escrito por":"sarmiento24h@gmail.com","Tiempo de lectura":"2 minutos"},"schema":{"@context":"https:\/\/schema.org","@graph":[{"@type":"Article","@id":"https:\/\/sarmiento24h.com\/?p=8254#article","isPartOf":{"@id":"https:\/\/sarmiento24h.com\/?p=8254"},"author":{"name":"sarmiento24h@gmail.com","@id":"https:\/\/sarmiento24h.com\/#\/schema\/person\/d653a59725ad629a7e0429af7b939d4d"},"headline":"CHILE: Aumentan a 21 muertos debido a incendios forestales","datePublished":"2026-01-25T11:15:31+00:00","mainEntityOfPage":{"@id":"https:\/\/sarmiento24h.com\/?p=8254"},"wordCount":466,"publisher":{"@id":"https:\/\/sarmiento24h.com\/#organization"},"articleSection":["Portada"],"inLanguage":"es"},{"@type":"WebPage","@id":"https:\/\/sarmiento24h.com\/?p=8254","url":"https:\/\/sarmiento24h.com\/?p=8254","name":"CHILE: Aumentan a 21 muertos debido a incendios forestales - Sarmiento24h","isPartOf":{"@id":"https:\/\/sarmiento24h.com\/#website"},"datePublished":"2026-01-25T11:15:31+00:00","breadcrumb":{"@id":"https:\/\/sarmiento24h.com\/?p=8254#breadcrumb"},"inLanguage":"es","potentialAction":[{"@type":"ReadAction","target":["https:\/\/sarmiento24h.com\/?p=8254"]}]},{"@type":"BreadcrumbList","@id":"https:\/\/sarmiento24h.com\/?p=8254#breadcrumb","itemListElement":[{"@type":"ListItem","position":1,"name":"Home","item":"https:\/\/sarmiento24h.com\/"},{"@type":"ListItem","position":2,"name":"CHILE: Aumentan a 21 muertos debido a incendios forestales"}]},{"@type":"WebSite","@id":"https:\/\/sarmiento24h.com\/#website","url":"https:\/\/sarmiento24h.com\/","name":"Sarmiento24h","description":"","publisher":{"@id":"https:\/\/sarmiento24h.com\/#organization"},"potentialAction":[{"@type":"SearchAction","target":{"@type":"EntryPoint","urlTemplate":"https:\/\/sarmiento24h.com\/?s={search_term_string}"},"query-input":{"@type":"PropertyValueSpecification","valueRequired":true,"valueName":"search_term_string"}}],"inLanguage":"es"},{"@type":"Organization","@id":"https:\/\/sarmiento24h.com\/#organization","name":"Sarmiento24h","url":"https:\/\/sarmiento24h.com\/","logo":{"@type":"ImageObject","inLanguage":"es","@id":"https:\/\/sarmiento24h.com\/#\/schema\/logo\/image\/","url":"https:\/\/sarmiento24h.com\/wp-content\/uploads\/2025\/12\/AddText_12-16-10.30.52.jpg","contentUrl":"https:\/\/sarmiento24h.com\/wp-content\/uploads\/2025\/12\/AddText_12-16-10.30.52.jpg","width":1220,"height":324,"caption":"Sarmiento24h"},"image":{"@id":"https:\/\/sarmiento24h.com\/#\/schema\/logo\/image\/"},"sameAs":["https:\/\/facebook.com\/s24hnoticias","https:\/\/x.com\/sarmiento24h"]},{"@type":"Person","@id":"https:\/\/sarmiento24h.com\/#\/schema\/person\/d653a59725ad629a7e0429af7b939d4d","name":"sarmiento24h@gmail.com","image":{"@type":"ImageObject","inLanguage":"es","@id":"https:\/\/sarmiento24h.com\/wp-content\/litespeed\/avatar\/d02cbc4e23c747e6659cd45907173c8f.jpg?ver=1777157796","url":"https:\/\/sarmiento24h.com\/wp-content\/litespeed\/avatar\/d02cbc4e23c747e6659cd45907173c8f.jpg?ver=1777157796","contentUrl":"https:\/\/sarmiento24h.com\/wp-content\/litespeed\/avatar\/d02cbc4e23c747e6659cd45907173c8f.jpg?ver=1777157796","caption":"sarmiento24h@gmail.com"},"sameAs":["https:\/\/sarmiento24h.com"],"url":"https:\/\/sarmiento24h.com\/?author=1"}]}},"jetpack_publicize_connections":[],"jetpack_featured_media_url":"","jetpack_sharing_enabled":true,"_links":{"self":[{"href":"https:\/\/sarmiento24h.com\/index.php?rest_route=\/wp\/v2\/posts\/8254","targetHints":{"allow":["GET"]}}],"collection":[{"href":"https:\/\/sarmiento24h.com\/index.php?rest_route=\/wp\/v2\/posts"}],"about":[{"href":"https:\/\/sarmiento24h.com\/index.php?rest_route=\/wp\/v2\/types\/post"}],"author":[{"embeddable":true,"href":"https:\/\/sarmiento24h.com\/index.php?rest_route=\/wp\/v2\/users\/1"}],"replies":[{"embeddable":true,"href":"https:\/\/sarmiento24h.com\/index.php?rest_route=%2Fwp%2Fv2%2Fcomments&post=8254"}],"version-history":[{"count":0,"href":"https:\/\/sarmiento24h.com\/index.php?rest_route=\/wp\/v2\/posts\/8254\/revisions"}],"wp:attachment":[{"href":"https:\/\/sarmiento24h.com\/index.php?rest_route=%2Fwp%2Fv2%2Fmedia&parent=8254"}],"wp:term":[{"taxonomy":"category","embeddable":true,"href":"https:\/\/sarmiento24h.com\/index.php?rest_route=%2Fwp%2Fv2%2Fcategories&post=8254"},{"taxonomy":"post_tag","embeddable":true,"href":"https:\/\/sarmiento24h.com\/index.php?rest_route=%2Fwp%2Fv2%2Ftags&post=8254"}],"curies":[{"name":"wp","href":"https:\/\/api.w.org\/{rel}","templated":true}]}}