{"id":8411,"date":"2026-01-27T04:14:48","date_gmt":"2026-01-27T04:14:48","guid":{"rendered":"http:\/\/almomento.net\/?p=1094758"},"modified":"2026-01-27T04:14:48","modified_gmt":"2026-01-27T04:14:48","slug":"fundacion-eduardo-leon-jimenes-cumple-30-aniversario","status":"publish","type":"post","link":"https:\/\/sarmiento24h.com\/?p=8411","title":{"rendered":"Fundaci\u00f3n Eduardo Le\u00f3n Jimenes cumple 30 aniversario"},"content":{"rendered":"<p><!-- .entry-header --> <\/p>\n<div class=\"img_center\" readability=\"9\"> <a href=\"https:\/\/almomento.net\/wp-content\/uploads\/2026\/01\/Ito-Bisono-Maria-Amalia-Leon-Carolina-Mejia-y-Roberto-Angel-Salcedo-.jpg\" alt=\"Fundaci\u00f3n Eduardo Le\u00f3n Jimenes cumple 30 aniversario\" title=\"Fundaci\u00f3n Eduardo Le\u00f3n Jimenes cumple 30 aniversario\" data-toggle=\"lightbox\" class=\"thickbox\"><img decoding=\"async\" src=\"https:\/\/almomento.net\/wp-content\/uploads\/2026\/01\/Ito-Bisono-Maria-Amalia-Leon-Carolina-Mejia-y-Roberto-Angel-Salcedo-.jpg\" class=\"attachment-post-thumbnail size-post-thumbnail wp-post-image\" alt=\"imagen\" title=\"Fundaci\u00f3n Eduardo Le\u00f3n Jimenes cumple 30 aniversario\" data-toggle data-title=\"Fundaci\u00f3n Eduardo Le\u00f3n Jimenes cumple 30 aniversario\"><\/a><\/p>\n<p>Ito Bisono\u0301, Mari\u0301a Amalia Leo\u0301n, Carolina Meji\u0301a y Roberto A\u0301ngel Salcedo <\/p>\n<\/p><\/div>\n<p>SANTO DOMINGO. \u2014 La Fundaci\u00f3n Eduardo Le\u00f3n Jimenes conmemor\u00f3 su 30 aniversario con una Eucarist\u00eda oficiada por el Padre Jos\u00e9 Alberto Hidalgo en la Iglesia y Convento de los Dominicos, en la Ciudad Colonial de Santo Domingo.<\/p>\n<p>El acto reuni\u00f3 a miembros de la familia Le\u00f3n, aliados, colaboradores, autoridades, representantes del sector cultural y de los medios de comunicaci\u00f3n, quienes se unieron para celebrar tres d\u00e9cadas de compromiso con la cultura, la educaci\u00f3n, la literatura, la m\u00fasica y el medio ambiente.<\/p>\n<p>Bajo el lema \u201cLas ra\u00edces del porvenir\u201d, Mar\u00eda Amalia Le\u00f3n, presidente de la Fundaci\u00f3n Eduardo Le\u00f3n Jimenes y del Centro Le\u00f3n, ofreci\u00f3 unas palabras en las que destac\u00f3 el esp\u00edritu de gratitud y servicio que dio origen a la instituci\u00f3n, creada en 1995 por siete hermanos inspirados en un legado de servicio heredado de la familia.<\/p>\n<p>\u201cUn servicio que se resume no solo en cifras, sino en acciones y espacios transformadores. La cultura es una forma luminosa de amar y de crear\u201d, expres\u00f3, reafirmando la convicci\u00f3n \u2014inspirada en el pensamiento de Pedro Henr\u00edquez Ure\u00f1a\u2014 de que \u201csolo en la cultura halla el hombre su expresi\u00f3n m\u00e1s alta\u201d. Con esa visi\u00f3n, la Fundaci\u00f3n Le\u00f3n Jimenes renueva su misi\u00f3n de seguir sembrando, junto a la sociedad dominicana, las ra\u00edces de un porvenir m\u00e1s justo, consciente y solidario.<\/p>\n<p>La celebraci\u00f3n, integr\u00f3 la m\u00fasica como expresi\u00f3n viva del legado cultural que promueve la Fundaci\u00f3n a trav\u00e9s de las interpretaciones musicales de Adalgisa Pantale\u00f3n, Nin\u00ed C\u00e1ffaro, Antonia Chabebe, Juan Polanco e Inart y, al finalizar la eucarist\u00eda, los invitados se deleitaron con la representaci\u00f3n del Coro Atempo&nbsp;que, en colaboraci\u00f3n con&nbsp;la Fundaci\u00f3n Sinfon\u00eda,&nbsp;actu\u00f3&nbsp;bajo la direcci\u00f3n de Nadia Nicola.<\/p>\n<p>A continuaci\u00f3n, se ofreci\u00f3 un brindis conmemorativo en Quinta Dominica y se present\u00f3 la exposici\u00f3n \u201cA destiempo\u201d, del Centro Le\u00f3n, reafirmando el di\u00e1logo entre arte contempor\u00e1neo, memoria y reflexi\u00f3n social. Adem\u00e1s, se proyect\u00f3 una producci\u00f3n audiovisual que recoge los proyectos e iniciativas propiciadas por la Fundaci\u00f3n Le\u00f3n Jimenes a lo largo de estas tres d\u00e9cadas de labor.<\/p>\n<p>Tanto la celebraci\u00f3n lit\u00fargica como el posterior brindis reflejaron de manera integral los ejes que definen la labor de la Fundaci\u00f3n Le\u00f3n Jimenes: la cultura, las artes, la literatura, la m\u00fasica y el cuidado del medio ambiente, presentes a trav\u00e9s de elementos simb\u00f3licos, curatoriales y sensoriales como en el caso de los mensajes sonoros de Emisora Ra\u00edces a trav\u00e9s de las alusiones a la gastronom\u00eda presente en durante el acto. La identidad dominicana se manifest\u00f3, adem\u00e1s, en las degustaciones y en los detalles que evocaron las tradiciones y valores del pa\u00eds.<\/p>\n<p>Durante sus tres d\u00e9cadas de labor, la Fundaci\u00f3n Eduardo Le\u00f3n Jimenes, a trav\u00e9s de sus instituciones culturales filiales: el Centro Le\u00f3n y la Emisora Ra\u00edces, ha desarrollado iniciativas que dialogan con p\u00fablicos diversos, promoviendo espacios de reflexi\u00f3n y creaci\u00f3n que fortalecen la identidad nacional.<\/p>\n<p>of-am<\/p>\n<div class=\"heateor_sss_sharing_container heateor_sss_horizontal_sharing\" data-heateor-sss-href=\"https:\/\/almomento.net\/fundacion-eduardo-leon-jimenes-cumple-30-aniversario\/\" readability=\"7\">\n<p>Comp\u00e1rtelo en tus redes:<\/p>\n<\/div>\n<p> <!-- 468x60 --><br \/>\n<ins class=\"adsbygoogle\" data-ad-client=\"ca-pub-3511341636159665\" data-ad-slot=\"3538255450\"><\/ins> <!-- .entry-content --> <\/p>\n","protected":false},"excerpt":{"rendered":"<p>Ito Bisono\u0301, Mari\u0301a Amalia Leo\u0301n, Carolina Meji\u0301a&#46;&#46;&#46;<\/p>\n","protected":false},"author":1,"featured_media":8412,"comment_status":"closed","ping_status":"closed","sticky":false,"template":"","format":"standard","meta":{"_jetpack_memberships_contains_paid_content":false,"footnotes":"","jetpack_publicize_message":"","jetpack_publicize_feature_enabled":true,"jetpack_social_post_already_shared":false,"jetpack_social_options":{"image_generator_settings":{"template":"highway","default_image_id":0,"font":"","enabled":false},"version":2}},"categories":[45],"tags":[],"class_list":["post-8411","post","type-post","status-publish","format-standard","has-post-thumbnail","hentry","category-variedades"],"yoast_head":"<!-- This site is optimized with the Yoast SEO plugin v27.3 - https:\/\/yoast.com\/product\/yoast-seo-wordpress\/ -->\n<title>Fundaci\u00f3n Eduardo Le\u00f3n Jimenes cumple 30 aniversario - Sarmiento24h<\/title>\n<meta name=\"robots\" content=\"index, follow, max-snippet:-1, max-image-preview:large, max-video-preview:-1\" \/>\n<link rel=\"canonical\" href=\"https:\/\/sarmiento24h.com\/?p=8411\" \/>\n<meta property=\"og:locale\" content=\"es_ES\" \/>\n<meta property=\"og:type\" content=\"article\" \/>\n<meta property=\"og:title\" content=\"Fundaci\u00f3n Eduardo Le\u00f3n Jimenes cumple 30 aniversario - Sarmiento24h\" \/>\n<meta property=\"og:description\" content=\"Ito Bisono\u0301, Mari\u0301a Amalia Leo\u0301n, Carolina Meji\u0301a&#046;&#046;&#046;\" \/>\n<meta property=\"og:url\" content=\"https:\/\/sarmiento24h.com\/?p=8411\" \/>\n<meta property=\"og:site_name\" content=\"Sarmiento24h\" \/>\n<meta property=\"article:publisher\" content=\"https:\/\/facebook.com\/s24hnoticias\" \/>\n<meta property=\"article:published_time\" content=\"2026-01-27T04:14:48+00:00\" \/>\n<meta property=\"og:image\" content=\"https:\/\/sarmiento24h.com\/wp-content\/uploads\/2026\/01\/fundacion-eduardo-leon-jimenes-cumple-30-aniversario.jpg\" \/>\n\t<meta property=\"og:image:width\" content=\"790\" \/>\n\t<meta property=\"og:image:height\" content=\"527\" \/>\n\t<meta property=\"og:image:type\" content=\"image\/jpeg\" \/>\n<meta name=\"author\" content=\"sarmiento24h@gmail.com\" \/>\n<meta name=\"twitter:card\" content=\"summary_large_image\" \/>\n<meta name=\"twitter:creator\" content=\"@sarmiento24h\" \/>\n<meta name=\"twitter:site\" content=\"@sarmiento24h\" \/>\n<meta name=\"twitter:label1\" content=\"Escrito por\" \/>\n\t<meta name=\"twitter:data1\" content=\"sarmiento24h@gmail.com\" \/>\n\t<meta name=\"twitter:label2\" content=\"Tiempo de lectura\" \/>\n\t<meta name=\"twitter:data2\" content=\"3 minutos\" \/>\n<script type=\"application\/ld+json\" class=\"yoast-schema-graph\">{\"@context\":\"https:\\\/\\\/schema.org\",\"@graph\":[{\"@type\":\"Article\",\"@id\":\"https:\\\/\\\/sarmiento24h.com\\\/?p=8411#article\",\"isPartOf\":{\"@id\":\"https:\\\/\\\/sarmiento24h.com\\\/?p=8411\"},\"author\":{\"name\":\"sarmiento24h@gmail.com\",\"@id\":\"https:\\\/\\\/sarmiento24h.com\\\/#\\\/schema\\\/person\\\/d653a59725ad629a7e0429af7b939d4d\"},\"headline\":\"Fundaci\u00f3n Eduardo Le\u00f3n Jimenes cumple 30 aniversario\",\"datePublished\":\"2026-01-27T04:14:48+00:00\",\"mainEntityOfPage\":{\"@id\":\"https:\\\/\\\/sarmiento24h.com\\\/?p=8411\"},\"wordCount\":571,\"publisher\":{\"@id\":\"https:\\\/\\\/sarmiento24h.com\\\/#organization\"},\"image\":{\"@id\":\"https:\\\/\\\/sarmiento24h.com\\\/?p=8411#primaryimage\"},\"thumbnailUrl\":\"https:\\\/\\\/sarmiento24h.com\\\/wp-content\\\/uploads\\\/2026\\\/01\\\/fundacion-eduardo-leon-jimenes-cumple-30-aniversario.jpg\",\"articleSection\":[\"Variedades\"],\"inLanguage\":\"es\"},{\"@type\":\"WebPage\",\"@id\":\"https:\\\/\\\/sarmiento24h.com\\\/?p=8411\",\"url\":\"https:\\\/\\\/sarmiento24h.com\\\/?p=8411\",\"name\":\"Fundaci\u00f3n Eduardo Le\u00f3n Jimenes cumple 30 aniversario - Sarmiento24h\",\"isPartOf\":{\"@id\":\"https:\\\/\\\/sarmiento24h.com\\\/#website\"},\"primaryImageOfPage\":{\"@id\":\"https:\\\/\\\/sarmiento24h.com\\\/?p=8411#primaryimage\"},\"image\":{\"@id\":\"https:\\\/\\\/sarmiento24h.com\\\/?p=8411#primaryimage\"},\"thumbnailUrl\":\"https:\\\/\\\/sarmiento24h.com\\\/wp-content\\\/uploads\\\/2026\\\/01\\\/fundacion-eduardo-leon-jimenes-cumple-30-aniversario.jpg\",\"datePublished\":\"2026-01-27T04:14:48+00:00\",\"breadcrumb\":{\"@id\":\"https:\\\/\\\/sarmiento24h.com\\\/?p=8411#breadcrumb\"},\"inLanguage\":\"es\",\"potentialAction\":[{\"@type\":\"ReadAction\",\"target\":[\"https:\\\/\\\/sarmiento24h.com\\\/?p=8411\"]}]},{\"@type\":\"ImageObject\",\"inLanguage\":\"es\",\"@id\":\"https:\\\/\\\/sarmiento24h.com\\\/?p=8411#primaryimage\",\"url\":\"https:\\\/\\\/sarmiento24h.com\\\/wp-content\\\/uploads\\\/2026\\\/01\\\/fundacion-eduardo-leon-jimenes-cumple-30-aniversario.jpg\",\"contentUrl\":\"https:\\\/\\\/sarmiento24h.com\\\/wp-content\\\/uploads\\\/2026\\\/01\\\/fundacion-eduardo-leon-jimenes-cumple-30-aniversario.jpg\",\"width\":790,\"height\":527},{\"@type\":\"BreadcrumbList\",\"@id\":\"https:\\\/\\\/sarmiento24h.com\\\/?p=8411#breadcrumb\",\"itemListElement\":[{\"@type\":\"ListItem\",\"position\":1,\"name\":\"Home\",\"item\":\"https:\\\/\\\/sarmiento24h.com\\\/\"},{\"@type\":\"ListItem\",\"position\":2,\"name\":\"Fundaci\u00f3n Eduardo Le\u00f3n Jimenes cumple 30 aniversario\"}]},{\"@type\":\"WebSite\",\"@id\":\"https:\\\/\\\/sarmiento24h.com\\\/#website\",\"url\":\"https:\\\/\\\/sarmiento24h.com\\\/\",\"name\":\"Sarmiento24h\",\"description\":\"\",\"publisher\":{\"@id\":\"https:\\\/\\\/sarmiento24h.com\\\/#organization\"},\"potentialAction\":[{\"@type\":\"SearchAction\",\"target\":{\"@type\":\"EntryPoint\",\"urlTemplate\":\"https:\\\/\\\/sarmiento24h.com\\\/?s={search_term_string}\"},\"query-input\":{\"@type\":\"PropertyValueSpecification\",\"valueRequired\":true,\"valueName\":\"search_term_string\"}}],\"inLanguage\":\"es\"},{\"@type\":\"Organization\",\"@id\":\"https:\\\/\\\/sarmiento24h.com\\\/#organization\",\"name\":\"Sarmiento24h\",\"url\":\"https:\\\/\\\/sarmiento24h.com\\\/\",\"logo\":{\"@type\":\"ImageObject\",\"inLanguage\":\"es\",\"@id\":\"https:\\\/\\\/sarmiento24h.com\\\/#\\\/schema\\\/logo\\\/image\\\/\",\"url\":\"https:\\\/\\\/sarmiento24h.com\\\/wp-content\\\/uploads\\\/2025\\\/12\\\/AddText_12-16-10.30.52.jpg\",\"contentUrl\":\"https:\\\/\\\/sarmiento24h.com\\\/wp-content\\\/uploads\\\/2025\\\/12\\\/AddText_12-16-10.30.52.jpg\",\"width\":1220,\"height\":324,\"caption\":\"Sarmiento24h\"},\"image\":{\"@id\":\"https:\\\/\\\/sarmiento24h.com\\\/#\\\/schema\\\/logo\\\/image\\\/\"},\"sameAs\":[\"https:\\\/\\\/facebook.com\\\/s24hnoticias\",\"https:\\\/\\\/x.com\\\/sarmiento24h\"]},{\"@type\":\"Person\",\"@id\":\"https:\\\/\\\/sarmiento24h.com\\\/#\\\/schema\\\/person\\\/d653a59725ad629a7e0429af7b939d4d\",\"name\":\"sarmiento24h@gmail.com\",\"image\":{\"@type\":\"ImageObject\",\"inLanguage\":\"es\",\"@id\":\"https:\\\/\\\/sarmiento24h.com\\\/wp-content\\\/litespeed\\\/avatar\\\/d02cbc4e23c747e6659cd45907173c8f.jpg?ver=1777157796\",\"url\":\"https:\\\/\\\/sarmiento24h.com\\\/wp-content\\\/litespeed\\\/avatar\\\/d02cbc4e23c747e6659cd45907173c8f.jpg?ver=1777157796\",\"contentUrl\":\"https:\\\/\\\/sarmiento24h.com\\\/wp-content\\\/litespeed\\\/avatar\\\/d02cbc4e23c747e6659cd45907173c8f.jpg?ver=1777157796\",\"caption\":\"sarmiento24h@gmail.com\"},\"sameAs\":[\"https:\\\/\\\/sarmiento24h.com\"],\"url\":\"https:\\\/\\\/sarmiento24h.com\\\/?author=1\"}]}<\/script>\n<!-- \/ Yoast SEO plugin. -->","yoast_head_json":{"title":"Fundaci\u00f3n Eduardo Le\u00f3n Jimenes cumple 30 aniversario - Sarmiento24h","robots":{"index":"index","follow":"follow","max-snippet":"max-snippet:-1","max-image-preview":"max-image-preview:large","max-video-preview":"max-video-preview:-1"},"canonical":"https:\/\/sarmiento24h.com\/?p=8411","og_locale":"es_ES","og_type":"article","og_title":"Fundaci\u00f3n Eduardo Le\u00f3n Jimenes cumple 30 aniversario - Sarmiento24h","og_description":"Ito Bisono\u0301, Mari\u0301a Amalia Leo\u0301n, Carolina Meji\u0301a&#46;&#46;&#46;","og_url":"https:\/\/sarmiento24h.com\/?p=8411","og_site_name":"Sarmiento24h","article_publisher":"https:\/\/facebook.com\/s24hnoticias","article_published_time":"2026-01-27T04:14:48+00:00","og_image":[{"width":790,"height":527,"url":"https:\/\/sarmiento24h.com\/wp-content\/uploads\/2026\/01\/fundacion-eduardo-leon-jimenes-cumple-30-aniversario.jpg","type":"image\/jpeg"}],"author":"sarmiento24h@gmail.com","twitter_card":"summary_large_image","twitter_creator":"@sarmiento24h","twitter_site":"@sarmiento24h","twitter_misc":{"Escrito por":"sarmiento24h@gmail.com","Tiempo de lectura":"3 minutos"},"schema":{"@context":"https:\/\/schema.org","@graph":[{"@type":"Article","@id":"https:\/\/sarmiento24h.com\/?p=8411#article","isPartOf":{"@id":"https:\/\/sarmiento24h.com\/?p=8411"},"author":{"name":"sarmiento24h@gmail.com","@id":"https:\/\/sarmiento24h.com\/#\/schema\/person\/d653a59725ad629a7e0429af7b939d4d"},"headline":"Fundaci\u00f3n Eduardo Le\u00f3n Jimenes cumple 30 aniversario","datePublished":"2026-01-27T04:14:48+00:00","mainEntityOfPage":{"@id":"https:\/\/sarmiento24h.com\/?p=8411"},"wordCount":571,"publisher":{"@id":"https:\/\/sarmiento24h.com\/#organization"},"image":{"@id":"https:\/\/sarmiento24h.com\/?p=8411#primaryimage"},"thumbnailUrl":"https:\/\/sarmiento24h.com\/wp-content\/uploads\/2026\/01\/fundacion-eduardo-leon-jimenes-cumple-30-aniversario.jpg","articleSection":["Variedades"],"inLanguage":"es"},{"@type":"WebPage","@id":"https:\/\/sarmiento24h.com\/?p=8411","url":"https:\/\/sarmiento24h.com\/?p=8411","name":"Fundaci\u00f3n Eduardo Le\u00f3n Jimenes cumple 30 aniversario - Sarmiento24h","isPartOf":{"@id":"https:\/\/sarmiento24h.com\/#website"},"primaryImageOfPage":{"@id":"https:\/\/sarmiento24h.com\/?p=8411#primaryimage"},"image":{"@id":"https:\/\/sarmiento24h.com\/?p=8411#primaryimage"},"thumbnailUrl":"https:\/\/sarmiento24h.com\/wp-content\/uploads\/2026\/01\/fundacion-eduardo-leon-jimenes-cumple-30-aniversario.jpg","datePublished":"2026-01-27T04:14:48+00:00","breadcrumb":{"@id":"https:\/\/sarmiento24h.com\/?p=8411#breadcrumb"},"inLanguage":"es","potentialAction":[{"@type":"ReadAction","target":["https:\/\/sarmiento24h.com\/?p=8411"]}]},{"@type":"ImageObject","inLanguage":"es","@id":"https:\/\/sarmiento24h.com\/?p=8411#primaryimage","url":"https:\/\/sarmiento24h.com\/wp-content\/uploads\/2026\/01\/fundacion-eduardo-leon-jimenes-cumple-30-aniversario.jpg","contentUrl":"https:\/\/sarmiento24h.com\/wp-content\/uploads\/2026\/01\/fundacion-eduardo-leon-jimenes-cumple-30-aniversario.jpg","width":790,"height":527},{"@type":"BreadcrumbList","@id":"https:\/\/sarmiento24h.com\/?p=8411#breadcrumb","itemListElement":[{"@type":"ListItem","position":1,"name":"Home","item":"https:\/\/sarmiento24h.com\/"},{"@type":"ListItem","position":2,"name":"Fundaci\u00f3n Eduardo Le\u00f3n Jimenes cumple 30 aniversario"}]},{"@type":"WebSite","@id":"https:\/\/sarmiento24h.com\/#website","url":"https:\/\/sarmiento24h.com\/","name":"Sarmiento24h","description":"","publisher":{"@id":"https:\/\/sarmiento24h.com\/#organization"},"potentialAction":[{"@type":"SearchAction","target":{"@type":"EntryPoint","urlTemplate":"https:\/\/sarmiento24h.com\/?s={search_term_string}"},"query-input":{"@type":"PropertyValueSpecification","valueRequired":true,"valueName":"search_term_string"}}],"inLanguage":"es"},{"@type":"Organization","@id":"https:\/\/sarmiento24h.com\/#organization","name":"Sarmiento24h","url":"https:\/\/sarmiento24h.com\/","logo":{"@type":"ImageObject","inLanguage":"es","@id":"https:\/\/sarmiento24h.com\/#\/schema\/logo\/image\/","url":"https:\/\/sarmiento24h.com\/wp-content\/uploads\/2025\/12\/AddText_12-16-10.30.52.jpg","contentUrl":"https:\/\/sarmiento24h.com\/wp-content\/uploads\/2025\/12\/AddText_12-16-10.30.52.jpg","width":1220,"height":324,"caption":"Sarmiento24h"},"image":{"@id":"https:\/\/sarmiento24h.com\/#\/schema\/logo\/image\/"},"sameAs":["https:\/\/facebook.com\/s24hnoticias","https:\/\/x.com\/sarmiento24h"]},{"@type":"Person","@id":"https:\/\/sarmiento24h.com\/#\/schema\/person\/d653a59725ad629a7e0429af7b939d4d","name":"sarmiento24h@gmail.com","image":{"@type":"ImageObject","inLanguage":"es","@id":"https:\/\/sarmiento24h.com\/wp-content\/litespeed\/avatar\/d02cbc4e23c747e6659cd45907173c8f.jpg?ver=1777157796","url":"https:\/\/sarmiento24h.com\/wp-content\/litespeed\/avatar\/d02cbc4e23c747e6659cd45907173c8f.jpg?ver=1777157796","contentUrl":"https:\/\/sarmiento24h.com\/wp-content\/litespeed\/avatar\/d02cbc4e23c747e6659cd45907173c8f.jpg?ver=1777157796","caption":"sarmiento24h@gmail.com"},"sameAs":["https:\/\/sarmiento24h.com"],"url":"https:\/\/sarmiento24h.com\/?author=1"}]}},"jetpack_publicize_connections":[],"jetpack_featured_media_url":"https:\/\/sarmiento24h.com\/wp-content\/uploads\/2026\/01\/fundacion-eduardo-leon-jimenes-cumple-30-aniversario.jpg","jetpack_sharing_enabled":true,"_links":{"self":[{"href":"https:\/\/sarmiento24h.com\/index.php?rest_route=\/wp\/v2\/posts\/8411","targetHints":{"allow":["GET"]}}],"collection":[{"href":"https:\/\/sarmiento24h.com\/index.php?rest_route=\/wp\/v2\/posts"}],"about":[{"href":"https:\/\/sarmiento24h.com\/index.php?rest_route=\/wp\/v2\/types\/post"}],"author":[{"embeddable":true,"href":"https:\/\/sarmiento24h.com\/index.php?rest_route=\/wp\/v2\/users\/1"}],"replies":[{"embeddable":true,"href":"https:\/\/sarmiento24h.com\/index.php?rest_route=%2Fwp%2Fv2%2Fcomments&post=8411"}],"version-history":[{"count":0,"href":"https:\/\/sarmiento24h.com\/index.php?rest_route=\/wp\/v2\/posts\/8411\/revisions"}],"wp:featuredmedia":[{"embeddable":true,"href":"https:\/\/sarmiento24h.com\/index.php?rest_route=\/wp\/v2\/media\/8412"}],"wp:attachment":[{"href":"https:\/\/sarmiento24h.com\/index.php?rest_route=%2Fwp%2Fv2%2Fmedia&parent=8411"}],"wp:term":[{"taxonomy":"category","embeddable":true,"href":"https:\/\/sarmiento24h.com\/index.php?rest_route=%2Fwp%2Fv2%2Fcategories&post=8411"},{"taxonomy":"post_tag","embeddable":true,"href":"https:\/\/sarmiento24h.com\/index.php?rest_route=%2Fwp%2Fv2%2Ftags&post=8411"}],"curies":[{"name":"wp","href":"https:\/\/api.w.org\/{rel}","templated":true}]}}