{"id":8413,"date":"2026-01-27T04:14:49","date_gmt":"2026-01-27T04:14:49","guid":{"rendered":"http:\/\/almomento.net\/?p=1094778"},"modified":"2026-01-27T04:14:49","modified_gmt":"2026-01-27T04:14:49","slug":"conmemoran-en-santiago-213-aniversario-natalicio-de-duarte","status":"publish","type":"post","link":"https:\/\/sarmiento24h.com\/?p=8413","title":{"rendered":"Conmemoran en Santiago 213 aniversario natalicio de Duarte"},"content":{"rendered":"<p><!-- .entry-header --> <\/p>\n<div class=\"img_center\" readability=\"7\"> <a href=\"https:\/\/almomento.net\/wp-content\/uploads\/2026\/01\/auto.png\" alt=\"Conmemoran en Santiago 213 aniversario natalicio de Duarte\" title=\"Conmemoran en Santiago 213 aniversario natalicio de Duarte\" data-toggle=\"lightbox\" class=\"thickbox\"><img decoding=\"async\" src=\"https:\/\/almomento.net\/wp-content\/uploads\/2026\/01\/auto.png\" class=\"attachment-post-thumbnail size-post-thumbnail wp-post-image\" alt=\"imagen\" title=\"Conmemoran en Santiago 213 aniversario natalicio de Duarte\" data-toggle data-title=\"Conmemoran en Santiago 213 aniversario natalicio de Duarte\"><\/a><\/p>\n<p>Autoridades de Santiago durante el acto.<\/p>\n<\/p><\/div>\n<div dir=\"ltr\" readability=\"86\">\n<div readability=\"12\">\n<p>SANTIAGO DE LOS CABALLEROS.- Autoridades <wbr>civiles, militares, policiales y educativas conmemoraron el 213 aniversario del natalicio de Juan Pablo Duarte, mediante diversos actos patrios organizados por la Gobernaci\u00f3n Provincial de Santiago.<\/p>\n<\/div>\n<p>La jornada&nbsp;inici\u00f3&nbsp;a las 8:00 de la&nbsp;ma\u00f1ana&nbsp;con&nbsp;el&nbsp;<wbr>enhestamiento&nbsp;de la Bandera Nacional&nbsp;en&nbsp;la&nbsp;sede&nbsp;de la&nbsp;Gobernaci\u00f3n,&nbsp;donde&nbsp;se&nbsp;<wbr>rindieron&nbsp;honores&nbsp;al Padre de la Patria con la&nbsp;participaci\u00f3n&nbsp;de&nbsp;<wbr>estudiantes,&nbsp;docentes&nbsp;y&nbsp;<wbr>representantes&nbsp;de&nbsp;<wbr>instituciones&nbsp;p\u00fablicas. Las palabras&nbsp;iniciales&nbsp;estuvieron&nbsp;<wbr>a cargo del director regional de&nbsp;Educaci\u00f3n&nbsp;08, Pedro Pablo Marte.<\/p>\n<p>Durante&nbsp;el&nbsp;acto, la&nbsp;directora&nbsp;adjunta&nbsp;de la Regional 08 del&nbsp;Ministerio&nbsp;de&nbsp;Educaci\u00f3n, Denis Molina,&nbsp;destac\u00f3&nbsp;la&nbsp;vigencia&nbsp;<wbr>del pensamiento&nbsp;duartiano&nbsp;y&nbsp;su&nbsp;<wbr>v\u00ednculo&nbsp;con la&nbsp;educaci\u00f3n, al&nbsp;afirmar&nbsp;que&nbsp;\u00abJuan Pablo Duarte&nbsp;no solo&nbsp;so\u00f1\u00f3&nbsp;con&nbsp;una&nbsp;naci\u00f3n&nbsp;<wbr>libre,&nbsp;trabaj\u00f3&nbsp;<wbr>incansablemente&nbsp;para&nbsp;hacerla&nbsp;<wbr>realidad.<\/p>\n<p>Fue un hombre de&nbsp;valores&nbsp;firmes, de&nbsp;principios&nbsp;innegociables,&nbsp;<wbr>que&nbsp;crey\u00f3&nbsp;en&nbsp;la&nbsp;educaci\u00f3n&nbsp;<wbr>como&nbsp;el&nbsp;camino para&nbsp;formar&nbsp;ciudadanos&nbsp;<wbr>conscientes,&nbsp;responsables&nbsp;y&nbsp;<wbr>comprometidos&nbsp;con&nbsp;su&nbsp;pa\u00eds\u00bb.<\/p>\n<p>Molina&nbsp;se\u00f1al\u00f3&nbsp;que&nbsp;el&nbsp;legado&nbsp;<wbr>\u00e9tico&nbsp;y&nbsp;patri\u00f3tico&nbsp;de Duarte&nbsp;contin\u00faa&nbsp;orientando&nbsp;la&nbsp;<wbr>formaci\u00f3n&nbsp;de&nbsp;los&nbsp;estudiantes&nbsp;<wbr>dominicanos&nbsp;y&nbsp;reiter\u00f3&nbsp;el&nbsp;<wbr>compromiso&nbsp;del sistema&nbsp;educativo&nbsp;de fortalecer&nbsp;valores&nbsp;como&nbsp;el&nbsp;<wbr>civismo, la&nbsp;integridad&nbsp;y&nbsp;el&nbsp;amor&nbsp;por&nbsp;la Rep\u00fablica Dominicana.<\/p>\n<p>En ese&nbsp;contexto,&nbsp;exhort\u00f3&nbsp;a&nbsp;los&nbsp;<wbr>j\u00f3venes&nbsp;a&nbsp;asumir&nbsp;su&nbsp;rol&nbsp;en&nbsp;la&nbsp;<wbr>sociedad,&nbsp;expresando&nbsp;que&nbsp;\u00ab<wbr>queridos&nbsp;estudiantes,&nbsp;ustedes&nbsp;<wbr>son&nbsp;el&nbsp;presente&nbsp;y&nbsp;el&nbsp;futuro\u00bb.<\/p>\n<p>El historiador&nbsp;Robert Espinal&nbsp;tuvo&nbsp;a&nbsp;su&nbsp;cargo&nbsp;una&nbsp;de las&nbsp;exposiciones&nbsp;centrales&nbsp;<wbr>del&nbsp;programa,&nbsp;en&nbsp;la&nbsp;que&nbsp;<wbr>resalt\u00f3&nbsp;las&nbsp;facetas&nbsp;docente,&nbsp;<wbr>pol\u00edtica&nbsp;y&nbsp;militar&nbsp;de Juan Pablo Duarte.<\/p>\n<p>Al&nbsp;referirse&nbsp;a&nbsp;su&nbsp;labor&nbsp;<wbr>educativa,&nbsp;explic\u00f3&nbsp;que&nbsp;el&nbsp;<wbr>patricio&nbsp;alfabetiz\u00f3&nbsp;a&nbsp;<wbr>numerosos&nbsp;j\u00f3venes&nbsp;de&nbsp;su&nbsp;\u00e9poca,<wbr>&nbsp;compartiendo&nbsp;sus&nbsp;libros&nbsp;y&nbsp;<wbr>promoviendo&nbsp;el&nbsp;acceso&nbsp;al&nbsp;<wbr>conocimiento,&nbsp;indicando&nbsp;que&nbsp;\u00ab<wbr>Duarte&nbsp;le&nbsp;abri\u00f3&nbsp;el&nbsp;mundo&nbsp;de las&nbsp;letras&nbsp;y del&nbsp;conocimiento&nbsp;a&nbsp;tanta&nbsp;<wbr>gente&nbsp;que&nbsp;gracias&nbsp;a&nbsp;esa&nbsp;labor&nbsp;<wbr>aprendi\u00f3&nbsp;a leer y&nbsp;a&nbsp;escribir\u00bb.<\/p>\n<p>Espinal&nbsp;destac\u00f3&nbsp;adem\u00e1s&nbsp;la dimensi\u00f3n&nbsp;pol\u00edtica&nbsp;del Padre de la Patria,&nbsp;subrayando&nbsp;la&nbsp;<wbr>importancia&nbsp;de la&nbsp;fundaci\u00f3n&nbsp;de la sociedad&nbsp;secreta La&nbsp;Trinitaria&nbsp;como&nbsp;plataforma&nbsp;<wbr>para&nbsp;difundir&nbsp;las ideas&nbsp;independentistas&nbsp;en&nbsp;<wbr>todo&nbsp;el&nbsp;territorio&nbsp;nacional.<\/p>\n<p>En ese&nbsp;sentido,&nbsp;record\u00f3&nbsp;el&nbsp;<wbr>juramento&nbsp;trinitario&nbsp;y&nbsp;el&nbsp;<wbr>proceso&nbsp;que&nbsp;culmin\u00f3&nbsp;con la&nbsp;proclamaci\u00f3n&nbsp;de la&nbsp;independencia&nbsp;nacional&nbsp;el&nbsp;<wbr>27 de&nbsp;febrero&nbsp;de 1844.<\/p>\n<p>Al&nbsp;referirse&nbsp;a la dimensi\u00f3n&nbsp;militar&nbsp;de Duarte,&nbsp;el&nbsp;historiador&nbsp;se\u00f1al\u00f3&nbsp;<wbr>que&nbsp;su&nbsp;formaci\u00f3n&nbsp;durante&nbsp;el&nbsp;<wbr>per\u00edodo&nbsp;de ocupaci\u00f3n&nbsp;haitiana&nbsp;le&nbsp;<wbr>permiti\u00f3&nbsp;adquirir&nbsp;<wbr>conocimientos&nbsp;estrat\u00e9gicos&nbsp;<wbr>que&nbsp;fueron&nbsp;clave&nbsp;en&nbsp;el&nbsp;<wbr>proceso&nbsp;independentista,&nbsp;<wbr>destacando&nbsp;que&nbsp;\u00abJuan Pablo Duarte, con&nbsp;su&nbsp;vida, con&nbsp;su&nbsp;verbo y con&nbsp;su&nbsp;palabra,&nbsp;nos&nbsp;traz\u00f3&nbsp;a&nbsp;<wbr>todos&nbsp;el&nbsp;camino a&nbsp;seguir\u00bb.<\/p>\n<p>Las&nbsp;actividades&nbsp;<wbr>conmemorativas&nbsp;incluyeron&nbsp;un Te&nbsp;Deum&nbsp;en&nbsp;la Catedral Santiago&nbsp;Ap\u00f3stol&nbsp;y la&nbsp;deposici\u00f3n&nbsp;de ofrendas&nbsp;florales&nbsp;en&nbsp;el&nbsp;busto&nbsp;<wbr>de Juan Pablo Duarte,&nbsp;ubicado&nbsp;pr\u00f3ximo&nbsp;al Palacio Municipal.<\/p>\n<div readability=\"14\">\n<p>En&nbsp;estos&nbsp;actos&nbsp;participaron&nbsp;<wbr>el alcalde de Santiago, Ulises Rodr\u00edguez, y la gobernadora provincial, Rosa Santos, junto a representantes de las Fuerzas Armadas, la Polic\u00eda Nacional y la comunidad educativa.<\/p>\n<p>of-am<\/p>\n<\/div>\n<\/div>\n<div class=\"heateor_sss_sharing_container heateor_sss_horizontal_sharing\" data-heateor-sss-href=\"https:\/\/almomento.net\/conmemoran-en-santiago-213-aniversario-natalicio-de-duarte\/\" readability=\"7\">\n<p>Comp\u00e1rtelo en tus redes:<\/p>\n<\/div>\n<p> <!-- 468x60 --><br \/>\n<ins class=\"adsbygoogle\" data-ad-client=\"ca-pub-3511341636159665\" data-ad-slot=\"3538255450\"><\/ins> <!-- .entry-content --> <\/p>\n","protected":false},"excerpt":{"rendered":"<p>Autoridades de Santiago durante el acto. SANTIAGO&#46;&#46;&#46;<\/p>\n","protected":false},"author":1,"featured_media":8414,"comment_status":"closed","ping_status":"closed","sticky":false,"template":"","format":"standard","meta":{"_jetpack_memberships_contains_paid_content":false,"footnotes":"","jetpack_publicize_message":"","jetpack_publicize_feature_enabled":true,"jetpack_social_post_already_shared":false,"jetpack_social_options":{"image_generator_settings":{"template":"highway","default_image_id":0,"font":"","enabled":false},"version":2}},"categories":[45],"tags":[],"class_list":["post-8413","post","type-post","status-publish","format-standard","has-post-thumbnail","hentry","category-variedades"],"yoast_head":"<!-- This site is optimized with the Yoast SEO plugin v27.3 - https:\/\/yoast.com\/product\/yoast-seo-wordpress\/ -->\n<title>Conmemoran en Santiago 213 aniversario natalicio de Duarte - Sarmiento24h<\/title>\n<meta name=\"robots\" content=\"index, follow, max-snippet:-1, max-image-preview:large, max-video-preview:-1\" \/>\n<link rel=\"canonical\" href=\"https:\/\/sarmiento24h.com\/?p=8413\" \/>\n<meta property=\"og:locale\" content=\"es_ES\" \/>\n<meta property=\"og:type\" content=\"article\" \/>\n<meta property=\"og:title\" content=\"Conmemoran en Santiago 213 aniversario natalicio de Duarte - Sarmiento24h\" \/>\n<meta property=\"og:description\" content=\"Autoridades de Santiago durante el acto. SANTIAGO&#046;&#046;&#046;\" \/>\n<meta property=\"og:url\" content=\"https:\/\/sarmiento24h.com\/?p=8413\" \/>\n<meta property=\"og:site_name\" content=\"Sarmiento24h\" \/>\n<meta property=\"article:publisher\" content=\"https:\/\/facebook.com\/s24hnoticias\" \/>\n<meta property=\"article:published_time\" content=\"2026-01-27T04:14:49+00:00\" \/>\n<meta property=\"og:image\" content=\"https:\/\/sarmiento24h.com\/wp-content\/uploads\/2026\/01\/conmemoran-en-santiago-213-aniversario-natalicio-de-duarte.png\" \/>\n\t<meta property=\"og:image:width\" content=\"588\" \/>\n\t<meta property=\"og:image:height\" content=\"330\" \/>\n\t<meta property=\"og:image:type\" content=\"image\/png\" \/>\n<meta name=\"author\" content=\"sarmiento24h@gmail.com\" \/>\n<meta name=\"twitter:card\" content=\"summary_large_image\" \/>\n<meta name=\"twitter:creator\" content=\"@sarmiento24h\" \/>\n<meta name=\"twitter:site\" content=\"@sarmiento24h\" \/>\n<meta name=\"twitter:label1\" content=\"Escrito por\" \/>\n\t<meta name=\"twitter:data1\" content=\"sarmiento24h@gmail.com\" \/>\n\t<meta name=\"twitter:label2\" content=\"Tiempo de lectura\" \/>\n\t<meta name=\"twitter:data2\" content=\"4 minutos\" \/>\n<script type=\"application\/ld+json\" class=\"yoast-schema-graph\">{\"@context\":\"https:\\\/\\\/schema.org\",\"@graph\":[{\"@type\":\"Article\",\"@id\":\"https:\\\/\\\/sarmiento24h.com\\\/?p=8413#article\",\"isPartOf\":{\"@id\":\"https:\\\/\\\/sarmiento24h.com\\\/?p=8413\"},\"author\":{\"name\":\"sarmiento24h@gmail.com\",\"@id\":\"https:\\\/\\\/sarmiento24h.com\\\/#\\\/schema\\\/person\\\/d653a59725ad629a7e0429af7b939d4d\"},\"headline\":\"Conmemoran en Santiago 213 aniversario natalicio de Duarte\",\"datePublished\":\"2026-01-27T04:14:49+00:00\",\"mainEntityOfPage\":{\"@id\":\"https:\\\/\\\/sarmiento24h.com\\\/?p=8413\"},\"wordCount\":852,\"publisher\":{\"@id\":\"https:\\\/\\\/sarmiento24h.com\\\/#organization\"},\"image\":{\"@id\":\"https:\\\/\\\/sarmiento24h.com\\\/?p=8413#primaryimage\"},\"thumbnailUrl\":\"https:\\\/\\\/sarmiento24h.com\\\/wp-content\\\/uploads\\\/2026\\\/01\\\/conmemoran-en-santiago-213-aniversario-natalicio-de-duarte.png\",\"articleSection\":[\"Variedades\"],\"inLanguage\":\"es\"},{\"@type\":\"WebPage\",\"@id\":\"https:\\\/\\\/sarmiento24h.com\\\/?p=8413\",\"url\":\"https:\\\/\\\/sarmiento24h.com\\\/?p=8413\",\"name\":\"Conmemoran en Santiago 213 aniversario natalicio de Duarte - Sarmiento24h\",\"isPartOf\":{\"@id\":\"https:\\\/\\\/sarmiento24h.com\\\/#website\"},\"primaryImageOfPage\":{\"@id\":\"https:\\\/\\\/sarmiento24h.com\\\/?p=8413#primaryimage\"},\"image\":{\"@id\":\"https:\\\/\\\/sarmiento24h.com\\\/?p=8413#primaryimage\"},\"thumbnailUrl\":\"https:\\\/\\\/sarmiento24h.com\\\/wp-content\\\/uploads\\\/2026\\\/01\\\/conmemoran-en-santiago-213-aniversario-natalicio-de-duarte.png\",\"datePublished\":\"2026-01-27T04:14:49+00:00\",\"breadcrumb\":{\"@id\":\"https:\\\/\\\/sarmiento24h.com\\\/?p=8413#breadcrumb\"},\"inLanguage\":\"es\",\"potentialAction\":[{\"@type\":\"ReadAction\",\"target\":[\"https:\\\/\\\/sarmiento24h.com\\\/?p=8413\"]}]},{\"@type\":\"ImageObject\",\"inLanguage\":\"es\",\"@id\":\"https:\\\/\\\/sarmiento24h.com\\\/?p=8413#primaryimage\",\"url\":\"https:\\\/\\\/sarmiento24h.com\\\/wp-content\\\/uploads\\\/2026\\\/01\\\/conmemoran-en-santiago-213-aniversario-natalicio-de-duarte.png\",\"contentUrl\":\"https:\\\/\\\/sarmiento24h.com\\\/wp-content\\\/uploads\\\/2026\\\/01\\\/conmemoran-en-santiago-213-aniversario-natalicio-de-duarte.png\",\"width\":588,\"height\":330},{\"@type\":\"BreadcrumbList\",\"@id\":\"https:\\\/\\\/sarmiento24h.com\\\/?p=8413#breadcrumb\",\"itemListElement\":[{\"@type\":\"ListItem\",\"position\":1,\"name\":\"Home\",\"item\":\"https:\\\/\\\/sarmiento24h.com\\\/\"},{\"@type\":\"ListItem\",\"position\":2,\"name\":\"Conmemoran en Santiago 213 aniversario natalicio de Duarte\"}]},{\"@type\":\"WebSite\",\"@id\":\"https:\\\/\\\/sarmiento24h.com\\\/#website\",\"url\":\"https:\\\/\\\/sarmiento24h.com\\\/\",\"name\":\"Sarmiento24h\",\"description\":\"\",\"publisher\":{\"@id\":\"https:\\\/\\\/sarmiento24h.com\\\/#organization\"},\"potentialAction\":[{\"@type\":\"SearchAction\",\"target\":{\"@type\":\"EntryPoint\",\"urlTemplate\":\"https:\\\/\\\/sarmiento24h.com\\\/?s={search_term_string}\"},\"query-input\":{\"@type\":\"PropertyValueSpecification\",\"valueRequired\":true,\"valueName\":\"search_term_string\"}}],\"inLanguage\":\"es\"},{\"@type\":\"Organization\",\"@id\":\"https:\\\/\\\/sarmiento24h.com\\\/#organization\",\"name\":\"Sarmiento24h\",\"url\":\"https:\\\/\\\/sarmiento24h.com\\\/\",\"logo\":{\"@type\":\"ImageObject\",\"inLanguage\":\"es\",\"@id\":\"https:\\\/\\\/sarmiento24h.com\\\/#\\\/schema\\\/logo\\\/image\\\/\",\"url\":\"https:\\\/\\\/sarmiento24h.com\\\/wp-content\\\/uploads\\\/2025\\\/12\\\/AddText_12-16-10.30.52.jpg\",\"contentUrl\":\"https:\\\/\\\/sarmiento24h.com\\\/wp-content\\\/uploads\\\/2025\\\/12\\\/AddText_12-16-10.30.52.jpg\",\"width\":1220,\"height\":324,\"caption\":\"Sarmiento24h\"},\"image\":{\"@id\":\"https:\\\/\\\/sarmiento24h.com\\\/#\\\/schema\\\/logo\\\/image\\\/\"},\"sameAs\":[\"https:\\\/\\\/facebook.com\\\/s24hnoticias\",\"https:\\\/\\\/x.com\\\/sarmiento24h\"]},{\"@type\":\"Person\",\"@id\":\"https:\\\/\\\/sarmiento24h.com\\\/#\\\/schema\\\/person\\\/d653a59725ad629a7e0429af7b939d4d\",\"name\":\"sarmiento24h@gmail.com\",\"image\":{\"@type\":\"ImageObject\",\"inLanguage\":\"es\",\"@id\":\"https:\\\/\\\/sarmiento24h.com\\\/wp-content\\\/litespeed\\\/avatar\\\/d02cbc4e23c747e6659cd45907173c8f.jpg?ver=1777157796\",\"url\":\"https:\\\/\\\/sarmiento24h.com\\\/wp-content\\\/litespeed\\\/avatar\\\/d02cbc4e23c747e6659cd45907173c8f.jpg?ver=1777157796\",\"contentUrl\":\"https:\\\/\\\/sarmiento24h.com\\\/wp-content\\\/litespeed\\\/avatar\\\/d02cbc4e23c747e6659cd45907173c8f.jpg?ver=1777157796\",\"caption\":\"sarmiento24h@gmail.com\"},\"sameAs\":[\"https:\\\/\\\/sarmiento24h.com\"],\"url\":\"https:\\\/\\\/sarmiento24h.com\\\/?author=1\"}]}<\/script>\n<!-- \/ Yoast SEO plugin. -->","yoast_head_json":{"title":"Conmemoran en Santiago 213 aniversario natalicio de Duarte - Sarmiento24h","robots":{"index":"index","follow":"follow","max-snippet":"max-snippet:-1","max-image-preview":"max-image-preview:large","max-video-preview":"max-video-preview:-1"},"canonical":"https:\/\/sarmiento24h.com\/?p=8413","og_locale":"es_ES","og_type":"article","og_title":"Conmemoran en Santiago 213 aniversario natalicio de Duarte - Sarmiento24h","og_description":"Autoridades de Santiago durante el acto. SANTIAGO&#46;&#46;&#46;","og_url":"https:\/\/sarmiento24h.com\/?p=8413","og_site_name":"Sarmiento24h","article_publisher":"https:\/\/facebook.com\/s24hnoticias","article_published_time":"2026-01-27T04:14:49+00:00","og_image":[{"width":588,"height":330,"url":"https:\/\/sarmiento24h.com\/wp-content\/uploads\/2026\/01\/conmemoran-en-santiago-213-aniversario-natalicio-de-duarte.png","type":"image\/png"}],"author":"sarmiento24h@gmail.com","twitter_card":"summary_large_image","twitter_creator":"@sarmiento24h","twitter_site":"@sarmiento24h","twitter_misc":{"Escrito por":"sarmiento24h@gmail.com","Tiempo de lectura":"4 minutos"},"schema":{"@context":"https:\/\/schema.org","@graph":[{"@type":"Article","@id":"https:\/\/sarmiento24h.com\/?p=8413#article","isPartOf":{"@id":"https:\/\/sarmiento24h.com\/?p=8413"},"author":{"name":"sarmiento24h@gmail.com","@id":"https:\/\/sarmiento24h.com\/#\/schema\/person\/d653a59725ad629a7e0429af7b939d4d"},"headline":"Conmemoran en Santiago 213 aniversario natalicio de Duarte","datePublished":"2026-01-27T04:14:49+00:00","mainEntityOfPage":{"@id":"https:\/\/sarmiento24h.com\/?p=8413"},"wordCount":852,"publisher":{"@id":"https:\/\/sarmiento24h.com\/#organization"},"image":{"@id":"https:\/\/sarmiento24h.com\/?p=8413#primaryimage"},"thumbnailUrl":"https:\/\/sarmiento24h.com\/wp-content\/uploads\/2026\/01\/conmemoran-en-santiago-213-aniversario-natalicio-de-duarte.png","articleSection":["Variedades"],"inLanguage":"es"},{"@type":"WebPage","@id":"https:\/\/sarmiento24h.com\/?p=8413","url":"https:\/\/sarmiento24h.com\/?p=8413","name":"Conmemoran en Santiago 213 aniversario natalicio de Duarte - Sarmiento24h","isPartOf":{"@id":"https:\/\/sarmiento24h.com\/#website"},"primaryImageOfPage":{"@id":"https:\/\/sarmiento24h.com\/?p=8413#primaryimage"},"image":{"@id":"https:\/\/sarmiento24h.com\/?p=8413#primaryimage"},"thumbnailUrl":"https:\/\/sarmiento24h.com\/wp-content\/uploads\/2026\/01\/conmemoran-en-santiago-213-aniversario-natalicio-de-duarte.png","datePublished":"2026-01-27T04:14:49+00:00","breadcrumb":{"@id":"https:\/\/sarmiento24h.com\/?p=8413#breadcrumb"},"inLanguage":"es","potentialAction":[{"@type":"ReadAction","target":["https:\/\/sarmiento24h.com\/?p=8413"]}]},{"@type":"ImageObject","inLanguage":"es","@id":"https:\/\/sarmiento24h.com\/?p=8413#primaryimage","url":"https:\/\/sarmiento24h.com\/wp-content\/uploads\/2026\/01\/conmemoran-en-santiago-213-aniversario-natalicio-de-duarte.png","contentUrl":"https:\/\/sarmiento24h.com\/wp-content\/uploads\/2026\/01\/conmemoran-en-santiago-213-aniversario-natalicio-de-duarte.png","width":588,"height":330},{"@type":"BreadcrumbList","@id":"https:\/\/sarmiento24h.com\/?p=8413#breadcrumb","itemListElement":[{"@type":"ListItem","position":1,"name":"Home","item":"https:\/\/sarmiento24h.com\/"},{"@type":"ListItem","position":2,"name":"Conmemoran en Santiago 213 aniversario natalicio de Duarte"}]},{"@type":"WebSite","@id":"https:\/\/sarmiento24h.com\/#website","url":"https:\/\/sarmiento24h.com\/","name":"Sarmiento24h","description":"","publisher":{"@id":"https:\/\/sarmiento24h.com\/#organization"},"potentialAction":[{"@type":"SearchAction","target":{"@type":"EntryPoint","urlTemplate":"https:\/\/sarmiento24h.com\/?s={search_term_string}"},"query-input":{"@type":"PropertyValueSpecification","valueRequired":true,"valueName":"search_term_string"}}],"inLanguage":"es"},{"@type":"Organization","@id":"https:\/\/sarmiento24h.com\/#organization","name":"Sarmiento24h","url":"https:\/\/sarmiento24h.com\/","logo":{"@type":"ImageObject","inLanguage":"es","@id":"https:\/\/sarmiento24h.com\/#\/schema\/logo\/image\/","url":"https:\/\/sarmiento24h.com\/wp-content\/uploads\/2025\/12\/AddText_12-16-10.30.52.jpg","contentUrl":"https:\/\/sarmiento24h.com\/wp-content\/uploads\/2025\/12\/AddText_12-16-10.30.52.jpg","width":1220,"height":324,"caption":"Sarmiento24h"},"image":{"@id":"https:\/\/sarmiento24h.com\/#\/schema\/logo\/image\/"},"sameAs":["https:\/\/facebook.com\/s24hnoticias","https:\/\/x.com\/sarmiento24h"]},{"@type":"Person","@id":"https:\/\/sarmiento24h.com\/#\/schema\/person\/d653a59725ad629a7e0429af7b939d4d","name":"sarmiento24h@gmail.com","image":{"@type":"ImageObject","inLanguage":"es","@id":"https:\/\/sarmiento24h.com\/wp-content\/litespeed\/avatar\/d02cbc4e23c747e6659cd45907173c8f.jpg?ver=1777157796","url":"https:\/\/sarmiento24h.com\/wp-content\/litespeed\/avatar\/d02cbc4e23c747e6659cd45907173c8f.jpg?ver=1777157796","contentUrl":"https:\/\/sarmiento24h.com\/wp-content\/litespeed\/avatar\/d02cbc4e23c747e6659cd45907173c8f.jpg?ver=1777157796","caption":"sarmiento24h@gmail.com"},"sameAs":["https:\/\/sarmiento24h.com"],"url":"https:\/\/sarmiento24h.com\/?author=1"}]}},"jetpack_publicize_connections":[],"jetpack_featured_media_url":"https:\/\/sarmiento24h.com\/wp-content\/uploads\/2026\/01\/conmemoran-en-santiago-213-aniversario-natalicio-de-duarte.png","jetpack_sharing_enabled":true,"_links":{"self":[{"href":"https:\/\/sarmiento24h.com\/index.php?rest_route=\/wp\/v2\/posts\/8413","targetHints":{"allow":["GET"]}}],"collection":[{"href":"https:\/\/sarmiento24h.com\/index.php?rest_route=\/wp\/v2\/posts"}],"about":[{"href":"https:\/\/sarmiento24h.com\/index.php?rest_route=\/wp\/v2\/types\/post"}],"author":[{"embeddable":true,"href":"https:\/\/sarmiento24h.com\/index.php?rest_route=\/wp\/v2\/users\/1"}],"replies":[{"embeddable":true,"href":"https:\/\/sarmiento24h.com\/index.php?rest_route=%2Fwp%2Fv2%2Fcomments&post=8413"}],"version-history":[{"count":0,"href":"https:\/\/sarmiento24h.com\/index.php?rest_route=\/wp\/v2\/posts\/8413\/revisions"}],"wp:featuredmedia":[{"embeddable":true,"href":"https:\/\/sarmiento24h.com\/index.php?rest_route=\/wp\/v2\/media\/8414"}],"wp:attachment":[{"href":"https:\/\/sarmiento24h.com\/index.php?rest_route=%2Fwp%2Fv2%2Fmedia&parent=8413"}],"wp:term":[{"taxonomy":"category","embeddable":true,"href":"https:\/\/sarmiento24h.com\/index.php?rest_route=%2Fwp%2Fv2%2Fcategories&post=8413"},{"taxonomy":"post_tag","embeddable":true,"href":"https:\/\/sarmiento24h.com\/index.php?rest_route=%2Fwp%2Fv2%2Ftags&post=8413"}],"curies":[{"name":"wp","href":"https:\/\/api.w.org\/{rel}","templated":true}]}}