{"id":8574,"date":"2026-01-28T05:34:40","date_gmt":"2026-01-28T05:34:40","guid":{"rendered":"http:\/\/almomento.net\/?p=1094938"},"modified":"2026-01-28T05:34:40","modified_gmt":"2026-01-28T05:34:40","slug":"rd-presenta-la-exposicion-jardines-de-la-reina-de-cuba","status":"publish","type":"post","link":"https:\/\/sarmiento24h.com\/?p=8574","title":{"rendered":"RD presenta la exposici\u00f3n \u201cJardines de la Reina\u201d de Cuba"},"content":{"rendered":"<p><!-- .entry-header --> <\/p>\n<div class=\"img_center\" readability=\"8\"> <a href=\"https:\/\/almomento.net\/wp-content\/uploads\/2026\/01\/Dalkis-de-Orsini-Daniel-Jimenez-Orsini-y-Milagros-Ortiz-Bosch.jpg\" alt=\"RD presenta la exposici\u00f3n \u201cJardines de la Reina\u201d de Cuba\" title=\"RD presenta la exposici\u00f3n \u201cJardines de la Reina\u201d de Cuba\" data-toggle=\"lightbox\" class=\"thickbox\"><img decoding=\"async\" src=\"https:\/\/almomento.net\/wp-content\/uploads\/2026\/01\/Dalkis-de-Orsini-Daniel-Jimenez-Orsini-y-Milagros-Ortiz-Bosch.jpg\" class=\"attachment-post-thumbnail size-post-thumbnail wp-post-image\" alt=\"imagen\" title=\"RD presenta la exposici\u00f3n \u201cJardines de la Reina\u201d de Cuba\" data-toggle data-title=\"RD presenta la exposici\u00f3n \u201cJardines de la Reina\u201d de Cuba\"><\/a><\/p>\n<p>Dalkis de Orsini, Daniel Jim\u00e9nez Orsini y Milagros Ortiz Bosch..<\/p>\n<\/p><\/div>\n<p><span lang=\"ES-TRAD\">SANTO DOMINGO. \u2013&nbsp;&nbsp;La exposici\u00f3n&nbsp;\u201cJardines de la Reina: refugio de los arquitectos invisibles del mar\u201d<b>,<\/b>&nbsp;del fot\u00f3grafo y camar\u00f3grafo submarino cubano Noel Enrique L\u00f3pez Fern\u00e1ndez, qued\u00f3 inaugurada en el centro comercial Galer\u00eda 360, en esta capital.<\/span><\/p>\n<p><span lang=\"ES-TRAD\">La muestra, abierta al p\u00fablico el mes de febrero pr\u00f3ximo, contempla la&nbsp;magnitud de la vida marina que florece cuando la conservaci\u00f3n es prioridad, y plantea nuevas posibilidades para el desarrollo de un turismo marino sostenible.<\/span><\/p>\n<p><span lang=\"ES-TRAD\">Arte, ciencia y conservaci\u00f3n aparecen en la obra, patrocinada por la Compa\u00f1\u00eda de Luz y Fuerza de las Terrenas.<\/span><\/p>\n<p><span lang=\"ES-TRAD\">Propone un recorrido visual por uno de los ecosistemas marinos mejor conservados del Caribe y destaca la experiencia de Cuba en la gesti\u00f3n sostenible de sus recursos marinos.<\/span><\/p>\n<p><b><span lang=\"ES-TRAD\">RECONOCIDO FOT\u00d3GRAFO CUBANO<\/span><\/b><\/p>\n<p><span lang=\"ES-TRAD\">El reconocido fot\u00f3grafo y camar\u00f3grafo submarino Noel Enrique L\u00f3pez Fern\u00e1ndez, (Camag\u00fcey, Cuba, 1965) es ingeniero. Su vida profesional, de m\u00e1s de 30 a\u00f1os de trayectoria, siempre ha estado ligada al mar.<\/span><\/p>\n<p><span lang=\"ES-TRAD\">L\u00f3pez Fern\u00e1ndez inici\u00f3 su carrera en 1989 en el Centro Internacional de Buceo de Santa Luc\u00eda (Camag\u00fcey) y es jefe del Centro de Buceo de Jardines de la Reina, gestionado por Marlin S.A. y Avalon Outdoor.<\/span><\/p>\n<p><span lang=\"ES-TRAD\">Con m\u00e1s de 12,000 inmersiones y la distinci\u00f3n de Elite Instructor de SSI, colabora con instituciones cient\u00edficas y conservacionistas. Sus fotograf\u00edas son expuestas en Cuba y otros pa\u00edses y ha obtenido varios premios internacionales.<\/span><\/p>\n<p><b><span lang=\"ES-TRAD\">REPLICAR MODELO CUBANO EN DOMINICANA<\/span><\/b><\/p>\n<p><span lang=\"ES-TRAD\">Al recibir a los asistentes a la exposici\u00f3n, Gabriel Orsini destac\u00f3 que las im\u00e1genes documentan la experiencia del archipi\u00e9lago Jardines de la Reina, donde el turismo de buceo genera millones de d\u00f3lares anuales y sostiene numerosos empleos.<\/span><\/p>\n<p><span lang=\"ES-TRAD\">Orsini, presidente de la Compa\u00f1\u00eda de Luz y Fuerza, indic\u00f3 que la exposici\u00f3n invita a reflexionar sobre el potencial de replicar este modelo en Rep\u00fablica Dominicana.<\/span><\/p>\n<p><span lang=\"ES-TRAD\">agl\/of-am<\/span><\/p>\n<div class=\"heateor_sss_sharing_container heateor_sss_horizontal_sharing\" data-heateor-sss-href=\"https:\/\/almomento.net\/rd-presenta-la-exposicion-jardines-de-la-reina-de-cuba\/\" readability=\"7\">\n<p>Comp\u00e1rtelo en tus redes:<\/p>\n<\/div>\n<p> <!-- 468x60 --><br \/>\n<ins class=\"adsbygoogle\" data-ad-client=\"ca-pub-3511341636159665\" data-ad-slot=\"3538255450\"><\/ins> <!-- .entry-content --> <\/p>\n","protected":false},"excerpt":{"rendered":"<p>Dalkis de Orsini, Daniel Jim\u00e9nez Orsini y&#46;&#46;&#46;<\/p>\n","protected":false},"author":1,"featured_media":8575,"comment_status":"closed","ping_status":"closed","sticky":false,"template":"","format":"standard","meta":{"_jetpack_memberships_contains_paid_content":false,"footnotes":"","jetpack_publicize_message":"","jetpack_publicize_feature_enabled":true,"jetpack_social_post_already_shared":false,"jetpack_social_options":{"image_generator_settings":{"template":"highway","default_image_id":0,"font":"","enabled":false},"version":2}},"categories":[45],"tags":[],"class_list":["post-8574","post","type-post","status-publish","format-standard","has-post-thumbnail","hentry","category-variedades"],"yoast_head":"<!-- This site is optimized with the Yoast SEO plugin v27.3 - https:\/\/yoast.com\/product\/yoast-seo-wordpress\/ -->\n<title>RD presenta la exposici\u00f3n \u201cJardines de la Reina\u201d de Cuba - Sarmiento24h<\/title>\n<meta name=\"robots\" content=\"index, follow, max-snippet:-1, max-image-preview:large, max-video-preview:-1\" \/>\n<link rel=\"canonical\" href=\"https:\/\/sarmiento24h.com\/?p=8574\" \/>\n<meta property=\"og:locale\" content=\"es_ES\" \/>\n<meta property=\"og:type\" content=\"article\" \/>\n<meta property=\"og:title\" content=\"RD presenta la exposici\u00f3n \u201cJardines de la Reina\u201d de Cuba - Sarmiento24h\" \/>\n<meta property=\"og:description\" content=\"Dalkis de Orsini, Daniel Jim\u00e9nez Orsini y&#046;&#046;&#046;\" \/>\n<meta property=\"og:url\" content=\"https:\/\/sarmiento24h.com\/?p=8574\" \/>\n<meta property=\"og:site_name\" content=\"Sarmiento24h\" \/>\n<meta property=\"article:publisher\" content=\"https:\/\/facebook.com\/s24hnoticias\" \/>\n<meta property=\"article:published_time\" content=\"2026-01-28T05:34:40+00:00\" \/>\n<meta property=\"og:image\" content=\"https:\/\/sarmiento24h.com\/wp-content\/uploads\/2026\/01\/rd-presenta-la-exposicion-jardines-de-la-reina-de-cuba.jpg\" \/>\n\t<meta property=\"og:image:width\" content=\"894\" \/>\n\t<meta property=\"og:image:height\" content=\"614\" \/>\n\t<meta property=\"og:image:type\" content=\"image\/jpeg\" \/>\n<meta name=\"author\" content=\"sarmiento24h@gmail.com\" \/>\n<meta name=\"twitter:card\" content=\"summary_large_image\" \/>\n<meta name=\"twitter:creator\" content=\"@sarmiento24h\" \/>\n<meta name=\"twitter:site\" content=\"@sarmiento24h\" \/>\n<meta name=\"twitter:label1\" content=\"Escrito por\" \/>\n\t<meta name=\"twitter:data1\" content=\"sarmiento24h@gmail.com\" \/>\n\t<meta name=\"twitter:label2\" content=\"Tiempo de lectura\" \/>\n\t<meta name=\"twitter:data2\" content=\"2 minutos\" \/>\n<script type=\"application\/ld+json\" class=\"yoast-schema-graph\">{\"@context\":\"https:\\\/\\\/schema.org\",\"@graph\":[{\"@type\":\"Article\",\"@id\":\"https:\\\/\\\/sarmiento24h.com\\\/?p=8574#article\",\"isPartOf\":{\"@id\":\"https:\\\/\\\/sarmiento24h.com\\\/?p=8574\"},\"author\":{\"name\":\"sarmiento24h@gmail.com\",\"@id\":\"https:\\\/\\\/sarmiento24h.com\\\/#\\\/schema\\\/person\\\/d653a59725ad629a7e0429af7b939d4d\"},\"headline\":\"RD presenta la exposici\u00f3n \u201cJardines de la Reina\u201d de Cuba\",\"datePublished\":\"2026-01-28T05:34:40+00:00\",\"mainEntityOfPage\":{\"@id\":\"https:\\\/\\\/sarmiento24h.com\\\/?p=8574\"},\"wordCount\":357,\"publisher\":{\"@id\":\"https:\\\/\\\/sarmiento24h.com\\\/#organization\"},\"image\":{\"@id\":\"https:\\\/\\\/sarmiento24h.com\\\/?p=8574#primaryimage\"},\"thumbnailUrl\":\"https:\\\/\\\/sarmiento24h.com\\\/wp-content\\\/uploads\\\/2026\\\/01\\\/rd-presenta-la-exposicion-jardines-de-la-reina-de-cuba.jpg\",\"articleSection\":[\"Variedades\"],\"inLanguage\":\"es\"},{\"@type\":\"WebPage\",\"@id\":\"https:\\\/\\\/sarmiento24h.com\\\/?p=8574\",\"url\":\"https:\\\/\\\/sarmiento24h.com\\\/?p=8574\",\"name\":\"RD presenta la exposici\u00f3n \u201cJardines de la Reina\u201d de Cuba - Sarmiento24h\",\"isPartOf\":{\"@id\":\"https:\\\/\\\/sarmiento24h.com\\\/#website\"},\"primaryImageOfPage\":{\"@id\":\"https:\\\/\\\/sarmiento24h.com\\\/?p=8574#primaryimage\"},\"image\":{\"@id\":\"https:\\\/\\\/sarmiento24h.com\\\/?p=8574#primaryimage\"},\"thumbnailUrl\":\"https:\\\/\\\/sarmiento24h.com\\\/wp-content\\\/uploads\\\/2026\\\/01\\\/rd-presenta-la-exposicion-jardines-de-la-reina-de-cuba.jpg\",\"datePublished\":\"2026-01-28T05:34:40+00:00\",\"breadcrumb\":{\"@id\":\"https:\\\/\\\/sarmiento24h.com\\\/?p=8574#breadcrumb\"},\"inLanguage\":\"es\",\"potentialAction\":[{\"@type\":\"ReadAction\",\"target\":[\"https:\\\/\\\/sarmiento24h.com\\\/?p=8574\"]}]},{\"@type\":\"ImageObject\",\"inLanguage\":\"es\",\"@id\":\"https:\\\/\\\/sarmiento24h.com\\\/?p=8574#primaryimage\",\"url\":\"https:\\\/\\\/sarmiento24h.com\\\/wp-content\\\/uploads\\\/2026\\\/01\\\/rd-presenta-la-exposicion-jardines-de-la-reina-de-cuba.jpg\",\"contentUrl\":\"https:\\\/\\\/sarmiento24h.com\\\/wp-content\\\/uploads\\\/2026\\\/01\\\/rd-presenta-la-exposicion-jardines-de-la-reina-de-cuba.jpg\",\"width\":894,\"height\":614},{\"@type\":\"BreadcrumbList\",\"@id\":\"https:\\\/\\\/sarmiento24h.com\\\/?p=8574#breadcrumb\",\"itemListElement\":[{\"@type\":\"ListItem\",\"position\":1,\"name\":\"Home\",\"item\":\"https:\\\/\\\/sarmiento24h.com\\\/\"},{\"@type\":\"ListItem\",\"position\":2,\"name\":\"RD presenta la exposici\u00f3n \u201cJardines de la Reina\u201d de Cuba\"}]},{\"@type\":\"WebSite\",\"@id\":\"https:\\\/\\\/sarmiento24h.com\\\/#website\",\"url\":\"https:\\\/\\\/sarmiento24h.com\\\/\",\"name\":\"Sarmiento24h\",\"description\":\"\",\"publisher\":{\"@id\":\"https:\\\/\\\/sarmiento24h.com\\\/#organization\"},\"potentialAction\":[{\"@type\":\"SearchAction\",\"target\":{\"@type\":\"EntryPoint\",\"urlTemplate\":\"https:\\\/\\\/sarmiento24h.com\\\/?s={search_term_string}\"},\"query-input\":{\"@type\":\"PropertyValueSpecification\",\"valueRequired\":true,\"valueName\":\"search_term_string\"}}],\"inLanguage\":\"es\"},{\"@type\":\"Organization\",\"@id\":\"https:\\\/\\\/sarmiento24h.com\\\/#organization\",\"name\":\"Sarmiento24h\",\"url\":\"https:\\\/\\\/sarmiento24h.com\\\/\",\"logo\":{\"@type\":\"ImageObject\",\"inLanguage\":\"es\",\"@id\":\"https:\\\/\\\/sarmiento24h.com\\\/#\\\/schema\\\/logo\\\/image\\\/\",\"url\":\"https:\\\/\\\/sarmiento24h.com\\\/wp-content\\\/uploads\\\/2025\\\/12\\\/AddText_12-16-10.30.52.jpg\",\"contentUrl\":\"https:\\\/\\\/sarmiento24h.com\\\/wp-content\\\/uploads\\\/2025\\\/12\\\/AddText_12-16-10.30.52.jpg\",\"width\":1220,\"height\":324,\"caption\":\"Sarmiento24h\"},\"image\":{\"@id\":\"https:\\\/\\\/sarmiento24h.com\\\/#\\\/schema\\\/logo\\\/image\\\/\"},\"sameAs\":[\"https:\\\/\\\/facebook.com\\\/s24hnoticias\",\"https:\\\/\\\/x.com\\\/sarmiento24h\"]},{\"@type\":\"Person\",\"@id\":\"https:\\\/\\\/sarmiento24h.com\\\/#\\\/schema\\\/person\\\/d653a59725ad629a7e0429af7b939d4d\",\"name\":\"sarmiento24h@gmail.com\",\"image\":{\"@type\":\"ImageObject\",\"inLanguage\":\"es\",\"@id\":\"https:\\\/\\\/sarmiento24h.com\\\/wp-content\\\/litespeed\\\/avatar\\\/d02cbc4e23c747e6659cd45907173c8f.jpg?ver=1777157796\",\"url\":\"https:\\\/\\\/sarmiento24h.com\\\/wp-content\\\/litespeed\\\/avatar\\\/d02cbc4e23c747e6659cd45907173c8f.jpg?ver=1777157796\",\"contentUrl\":\"https:\\\/\\\/sarmiento24h.com\\\/wp-content\\\/litespeed\\\/avatar\\\/d02cbc4e23c747e6659cd45907173c8f.jpg?ver=1777157796\",\"caption\":\"sarmiento24h@gmail.com\"},\"sameAs\":[\"https:\\\/\\\/sarmiento24h.com\"],\"url\":\"https:\\\/\\\/sarmiento24h.com\\\/?author=1\"}]}<\/script>\n<!-- \/ Yoast SEO plugin. -->","yoast_head_json":{"title":"RD presenta la exposici\u00f3n \u201cJardines de la Reina\u201d de Cuba - Sarmiento24h","robots":{"index":"index","follow":"follow","max-snippet":"max-snippet:-1","max-image-preview":"max-image-preview:large","max-video-preview":"max-video-preview:-1"},"canonical":"https:\/\/sarmiento24h.com\/?p=8574","og_locale":"es_ES","og_type":"article","og_title":"RD presenta la exposici\u00f3n \u201cJardines de la Reina\u201d de Cuba - Sarmiento24h","og_description":"Dalkis de Orsini, Daniel Jim\u00e9nez Orsini y&#46;&#46;&#46;","og_url":"https:\/\/sarmiento24h.com\/?p=8574","og_site_name":"Sarmiento24h","article_publisher":"https:\/\/facebook.com\/s24hnoticias","article_published_time":"2026-01-28T05:34:40+00:00","og_image":[{"width":894,"height":614,"url":"https:\/\/sarmiento24h.com\/wp-content\/uploads\/2026\/01\/rd-presenta-la-exposicion-jardines-de-la-reina-de-cuba.jpg","type":"image\/jpeg"}],"author":"sarmiento24h@gmail.com","twitter_card":"summary_large_image","twitter_creator":"@sarmiento24h","twitter_site":"@sarmiento24h","twitter_misc":{"Escrito por":"sarmiento24h@gmail.com","Tiempo de lectura":"2 minutos"},"schema":{"@context":"https:\/\/schema.org","@graph":[{"@type":"Article","@id":"https:\/\/sarmiento24h.com\/?p=8574#article","isPartOf":{"@id":"https:\/\/sarmiento24h.com\/?p=8574"},"author":{"name":"sarmiento24h@gmail.com","@id":"https:\/\/sarmiento24h.com\/#\/schema\/person\/d653a59725ad629a7e0429af7b939d4d"},"headline":"RD presenta la exposici\u00f3n \u201cJardines de la Reina\u201d de Cuba","datePublished":"2026-01-28T05:34:40+00:00","mainEntityOfPage":{"@id":"https:\/\/sarmiento24h.com\/?p=8574"},"wordCount":357,"publisher":{"@id":"https:\/\/sarmiento24h.com\/#organization"},"image":{"@id":"https:\/\/sarmiento24h.com\/?p=8574#primaryimage"},"thumbnailUrl":"https:\/\/sarmiento24h.com\/wp-content\/uploads\/2026\/01\/rd-presenta-la-exposicion-jardines-de-la-reina-de-cuba.jpg","articleSection":["Variedades"],"inLanguage":"es"},{"@type":"WebPage","@id":"https:\/\/sarmiento24h.com\/?p=8574","url":"https:\/\/sarmiento24h.com\/?p=8574","name":"RD presenta la exposici\u00f3n \u201cJardines de la Reina\u201d de Cuba - Sarmiento24h","isPartOf":{"@id":"https:\/\/sarmiento24h.com\/#website"},"primaryImageOfPage":{"@id":"https:\/\/sarmiento24h.com\/?p=8574#primaryimage"},"image":{"@id":"https:\/\/sarmiento24h.com\/?p=8574#primaryimage"},"thumbnailUrl":"https:\/\/sarmiento24h.com\/wp-content\/uploads\/2026\/01\/rd-presenta-la-exposicion-jardines-de-la-reina-de-cuba.jpg","datePublished":"2026-01-28T05:34:40+00:00","breadcrumb":{"@id":"https:\/\/sarmiento24h.com\/?p=8574#breadcrumb"},"inLanguage":"es","potentialAction":[{"@type":"ReadAction","target":["https:\/\/sarmiento24h.com\/?p=8574"]}]},{"@type":"ImageObject","inLanguage":"es","@id":"https:\/\/sarmiento24h.com\/?p=8574#primaryimage","url":"https:\/\/sarmiento24h.com\/wp-content\/uploads\/2026\/01\/rd-presenta-la-exposicion-jardines-de-la-reina-de-cuba.jpg","contentUrl":"https:\/\/sarmiento24h.com\/wp-content\/uploads\/2026\/01\/rd-presenta-la-exposicion-jardines-de-la-reina-de-cuba.jpg","width":894,"height":614},{"@type":"BreadcrumbList","@id":"https:\/\/sarmiento24h.com\/?p=8574#breadcrumb","itemListElement":[{"@type":"ListItem","position":1,"name":"Home","item":"https:\/\/sarmiento24h.com\/"},{"@type":"ListItem","position":2,"name":"RD presenta la exposici\u00f3n \u201cJardines de la Reina\u201d de Cuba"}]},{"@type":"WebSite","@id":"https:\/\/sarmiento24h.com\/#website","url":"https:\/\/sarmiento24h.com\/","name":"Sarmiento24h","description":"","publisher":{"@id":"https:\/\/sarmiento24h.com\/#organization"},"potentialAction":[{"@type":"SearchAction","target":{"@type":"EntryPoint","urlTemplate":"https:\/\/sarmiento24h.com\/?s={search_term_string}"},"query-input":{"@type":"PropertyValueSpecification","valueRequired":true,"valueName":"search_term_string"}}],"inLanguage":"es"},{"@type":"Organization","@id":"https:\/\/sarmiento24h.com\/#organization","name":"Sarmiento24h","url":"https:\/\/sarmiento24h.com\/","logo":{"@type":"ImageObject","inLanguage":"es","@id":"https:\/\/sarmiento24h.com\/#\/schema\/logo\/image\/","url":"https:\/\/sarmiento24h.com\/wp-content\/uploads\/2025\/12\/AddText_12-16-10.30.52.jpg","contentUrl":"https:\/\/sarmiento24h.com\/wp-content\/uploads\/2025\/12\/AddText_12-16-10.30.52.jpg","width":1220,"height":324,"caption":"Sarmiento24h"},"image":{"@id":"https:\/\/sarmiento24h.com\/#\/schema\/logo\/image\/"},"sameAs":["https:\/\/facebook.com\/s24hnoticias","https:\/\/x.com\/sarmiento24h"]},{"@type":"Person","@id":"https:\/\/sarmiento24h.com\/#\/schema\/person\/d653a59725ad629a7e0429af7b939d4d","name":"sarmiento24h@gmail.com","image":{"@type":"ImageObject","inLanguage":"es","@id":"https:\/\/sarmiento24h.com\/wp-content\/litespeed\/avatar\/d02cbc4e23c747e6659cd45907173c8f.jpg?ver=1777157796","url":"https:\/\/sarmiento24h.com\/wp-content\/litespeed\/avatar\/d02cbc4e23c747e6659cd45907173c8f.jpg?ver=1777157796","contentUrl":"https:\/\/sarmiento24h.com\/wp-content\/litespeed\/avatar\/d02cbc4e23c747e6659cd45907173c8f.jpg?ver=1777157796","caption":"sarmiento24h@gmail.com"},"sameAs":["https:\/\/sarmiento24h.com"],"url":"https:\/\/sarmiento24h.com\/?author=1"}]}},"jetpack_publicize_connections":[],"jetpack_featured_media_url":"https:\/\/sarmiento24h.com\/wp-content\/uploads\/2026\/01\/rd-presenta-la-exposicion-jardines-de-la-reina-de-cuba.jpg","jetpack_sharing_enabled":true,"_links":{"self":[{"href":"https:\/\/sarmiento24h.com\/index.php?rest_route=\/wp\/v2\/posts\/8574","targetHints":{"allow":["GET"]}}],"collection":[{"href":"https:\/\/sarmiento24h.com\/index.php?rest_route=\/wp\/v2\/posts"}],"about":[{"href":"https:\/\/sarmiento24h.com\/index.php?rest_route=\/wp\/v2\/types\/post"}],"author":[{"embeddable":true,"href":"https:\/\/sarmiento24h.com\/index.php?rest_route=\/wp\/v2\/users\/1"}],"replies":[{"embeddable":true,"href":"https:\/\/sarmiento24h.com\/index.php?rest_route=%2Fwp%2Fv2%2Fcomments&post=8574"}],"version-history":[{"count":0,"href":"https:\/\/sarmiento24h.com\/index.php?rest_route=\/wp\/v2\/posts\/8574\/revisions"}],"wp:featuredmedia":[{"embeddable":true,"href":"https:\/\/sarmiento24h.com\/index.php?rest_route=\/wp\/v2\/media\/8575"}],"wp:attachment":[{"href":"https:\/\/sarmiento24h.com\/index.php?rest_route=%2Fwp%2Fv2%2Fmedia&parent=8574"}],"wp:term":[{"taxonomy":"category","embeddable":true,"href":"https:\/\/sarmiento24h.com\/index.php?rest_route=%2Fwp%2Fv2%2Fcategories&post=8574"},{"taxonomy":"post_tag","embeddable":true,"href":"https:\/\/sarmiento24h.com\/index.php?rest_route=%2Fwp%2Fv2%2Ftags&post=8574"}],"curies":[{"name":"wp","href":"https:\/\/api.w.org\/{rel}","templated":true}]}}